{"id":5740,"date":"2021-08-16T07:15:03","date_gmt":"2021-08-16T05:15:03","guid":{"rendered":"http:\/\/variances.eu\/?p=5740"},"modified":"2021-08-16T07:41:32","modified_gmt":"2021-08-16T05:41:32","slug":"portrait-de-marie-briere-1998-responsable-du-centre-de-recherche-aux-investisseurs-damundi-et-chercheuse-engagee","status":"publish","type":"post","link":"https:\/\/variances.eu\/?p=5740","title":{"rendered":"Portrait de Marie Bri\u00e8re (1998) &#8211; Responsable du Centre de Recherche aux Investisseurs d\u2019Amundi  et chercheuse engag\u00e9e\u2026"},"content":{"rendered":"<p><em>Vive, passionn\u00e9e, engag\u00e9e. Marie Bri\u00e8re, Head of Investor Research Center d\u2019Amundi, a grandi aupr\u00e8s d\u2019un p\u00e8re psychologue et d\u2019une m\u00e8re au foyer. L\u2019humain, les sciences sociales et de nombreuses pratiques artistiques (violoncelle, piano, \u00e9criture, sculpture\u2026.) d\u00e9finissent alors son univers. Apr\u00e8s un bac scientifique obtenu avec mention\u00a0tr\u00e8s bien au lyc\u00e9e\u00a0Montesquieu du Mans, et bien qu\u2019admise \u00e0 Louis-le-Grand en classe pr\u00e9paratoire, elle choisit le Prytan\u00e9e militaire de La Fl\u00e8che, en internat, pour y pr\u00e9parer les grandes \u00e9coles. Ce sera l\u2019ENSAE qui aura finalement sa pr\u00e9f\u00e9rence, par l\u2019offre d\u2019enseignements m\u00ealant sciences exactes, sciences sociales et \u00e9conomie. <\/em><\/p>\n<p><em>\u00a0\u00ab\u00a0J\u2019ai toujours aim\u00e9, et j\u2019aime encore, apprendre, comprendre, lire, \u00e9tudier, remettre en question, me laisser surprendre\u00a0\u00bb nous d\u00e9clare Marie, dans un grand sourire accompagnant un d\u00e9bit verbal fr\u00f4lant les 300 mots-minutes\u00a0! <\/em><\/p>\n<p><strong>\u00a0<\/strong><strong>Marie, peux-tu nous rappeler bri\u00e8vement ton parcours, notamment tes choix \u00e0 la sortie de l\u2019Ensae ?<\/strong><\/p>\n<p>Apr\u00e8s l\u2019ENSAE, j\u2019ai souhait\u00e9 me lancer dans une th\u00e8se, et j\u2019ai choisi la formule CIFRE afin de combiner ce projet de recherche avec une insertion dans une entreprise. Passionn\u00e9e par le fonctionnement des march\u00e9s financiers, je voulais \u00eatre sur le terrain pour l\u2019\u00e9tudier et j\u2019ai choisi de rejoindre l\u2019\u00e9quipe de trading pour compte propre de BNP Paribas. Enthousiasm\u00e9e par les travaux d\u2019Andr\u00e9 Orl\u00e9an que je venais de d\u00e9couvrir, je lui ai demand\u00e9 de diriger ma th\u00e8se que j\u2019ai consacr\u00e9e \u00e0 l\u2019analyse de la formation des \u00ab\u00a0repr\u00e9sentations collectives\u00a0\u00bb sur les march\u00e9s de taux. Mon id\u00e9e \u00e9tait d\u2019utiliser des techniques quantitatives pour mettre en \u00e9vidence l\u2019impact sur les cours de la communication des banques centrales, ou l\u2019\u00e9volution de la r\u00e9action des march\u00e9s aux annonces macro\u00e9conomiques en fonction des mod\u00e8les \u00e9conomiques dominants, etc\u2026<\/p>\n<p>Apr\u00e8s la th\u00e8se, j\u2019ai d\u00e9cid\u00e9 de m\u2019orienter vers le m\u00e9tier de la gestion d\u2019actifs, plus adapt\u00e9 \u00e0 mon souhait de m\u2019impliquer dans des r\u00e9flexions de long terme, et j\u2019ai rejoint l\u2019\u00e9quipe de Strat\u00e9gie de CLAM, devenue CAAM puis Amundi suite \u00e0 des fusions successives. Responsable de la strat\u00e9gie taux, change et volatilit\u00e9, j\u2019ai commenc\u00e9 en parall\u00e8le \u00e0 \u00e9crire des papiers de recherche pour approfondir des sujets d\u2019investissement \u00e0 long terme : comment concevoir une allocation d\u2019actifs strat\u00e9gique pour un investisseur institutionnel, comment d\u00e9finir une politique de couverture de certains grands risques, par exemple l\u2019inflation ? Ceci m\u2019a conduite \u00e0 proposer \u00e0 Amundi de me confier en 2010 la responsabilit\u00e9 d\u2019un centre de recherche aux investisseurs institutionnels au sein de l\u2019entreprise.<\/p>\n<p><strong>Tu parviens \u00e0 concilier un travail op\u00e9rationnel dans une grande soci\u00e9t\u00e9 du secteur financier et des responsabilit\u00e9s de recherche et d\u2019enseignement ? <\/strong><\/p>\n<p>J\u2019ai constamment voulu maintenir cette cohabitation entre les travaux de recherche et leurs applications concr\u00e8tes, et ma fonction actuelle au sein d\u2019Amundi me permet d\u2019enseigner en parall\u00e8le \u00e0 l\u2019Universit\u00e9 Paris Dauphine, et d\u2019\u00eatre associ\u00e9e comme chercheuse \u00e0 l\u2019Universit\u00e9 Libre de Bruxelles. Ceci donne un ancrage acad\u00e9mique \u00e0 mes travaux de recherche et aux articles que je publie dans des revues acad\u00e9miques ou professionnelles comme par exemple le <em>Journal of Banking and Finance<\/em>, le <em>Financial Analyst Journal<\/em>, etc. Ces travaux sont souvent conduits en collaboration avec des chercheurs (par exemple de l\u2019Universit\u00e9 de Boston, Columbia, Tilburg, TSE, etc.) ou \u00e9tudiant.e.s en th\u00e8se dont j\u2019encadre les travaux. Ils sont \u00e9galement publi\u00e9s sous forme de \u00ab\u00a0<em>working papers\u00a0<\/em>\u00bb sur le site de recherche d\u2019Amundi, et je les pr\u00e9sente r\u00e9guli\u00e8rement lors de conf\u00e9rences acad\u00e9miques ou professionnelles, aupr\u00e8s d\u2019organisations internationales comme le FMI ou la Banque Mondiale, la Commission Europ\u00e9enne, et bien s\u00fbr \u00e0 nos clients institutionnels, dont les commentaires constituent un clair enrichissement et me permettent de donner une dimension appliqu\u00e9e aux probl\u00e8mes \u00e9tudi\u00e9s.<\/p>\n<p>Il m\u2019arrive \u00e9galement d\u2019\u00eatre sollicit\u00e9e par les d\u00e9cideurs publics &#8211; commission des finances de l\u2019Assembl\u00e9e nationale, Conseil d\u2019Orientation des Retraites &#8211; car les travaux que je m\u00e8ne ont souvent une interaction avec les politiques publiques et la r\u00e9gulation, et je pense que cette d\u00e9marche combinant approche scientifique et connaissance des implications op\u00e9rationnelles, les int\u00e9resse.<\/p>\n<p>Enfin, je participe activement \u00e0 plusieurs instances qui cherchent \u00e0 d\u00e9velopper les interactions entre chercheurs, professionnels et d\u00e9cideurs publics. Je suis par exemple membre du comit\u00e9 scientifique de l\u2019<em>European Capital Market Institute<\/em> du <em>Center for Economic Policy Studies<\/em> (ECMI-CEPS), think-tank bruxellois tr\u00e8s actif sur les sujets li\u00e9s au d\u00e9veloppement des march\u00e9s de capitaux en Europe, \u00e9galement membre du board et du conseil scientifique de l\u2019Observatoire de l\u2019Epargne Europ\u00e9enne, qui finance des travaux de recherche passionnants sur les questions d\u2019\u00e9pargne et d\u2019investissement des m\u00e9nages. A l\u2019Institut Louis Bachelier, je suis membre du directoire scientifique et je pr\u00e9side le comit\u00e9 scientifique du \u00ab\u00a0<em>Financial Risks International Forum\u00a0<\/em>\u00bb, une conf\u00e9rence annuelle qui r\u00e9unit chaque ann\u00e9e plus de 300 participants, acad\u00e9miques et professionnels.<a href=\"#_ftn1\" name=\"_ftnref1\">[1]<\/a> Cette ann\u00e9e, nous l\u2019organisons sur le th\u00e8me des fintechs et celui du Covid.<\/p>\n<p><strong>Peux-tu justement nous donner des exemples de sujets sur lesquels tu travailles ? <\/strong><\/p>\n<p>J\u2019ai \u00e9voqu\u00e9 le sujet de la couverture des risques d\u2019inflation, en fonction des r\u00e9gimes macro\u00e9conomiques, sujet important pour les fonds de pension. Je me suis aussi int\u00e9ress\u00e9e au cas des investisseurs souverains (fonds souverains, banques centrales, etc.), et dans le cadre d\u2019une collaboration avec Zvi Bodie, Professeur \u00e0 Boston University, nous avons \u00e9tudi\u00e9 la couverture des grands risques auxquels fait face un Etat en fonction de ses engagements implicites. Ces travaux<a href=\"#_ftn2\" name=\"_ftnref2\">[2]<\/a>, qui ont \u00e9t\u00e9 r\u00e9compens\u00e9s par l\u2019attribution du prix Harry Markowitz en 2015 et ont \u00e9t\u00e9 pr\u00e9sent\u00e9s dans diverses instances de la Banque mondiale ou du FMI, nous ont conduits \u00e0 estimer le bilan d\u2019un Etat, un peu \u00e0 l\u2019image de celui d\u2019une entreprise, \u00e0 partir du mod\u00e8le de Merton, et \u00e0 d\u00e9terminer l\u2019allocation optimale en fonction de param\u00e8tres macro\u00e9conomiques. L\u2019application de ce cadre d\u2019analyse au cas de pays dont les revenus sont tr\u00e8s d\u00e9pendants des prix d\u2019une mati\u00e8re premi\u00e8re a suscit\u00e9 l\u2019int\u00e9r\u00eat de plusieurs fonds souverains, notamment norv\u00e9gien et chilien, avec lesquels j\u2019ai pu discuter des implications concr\u00e8tes de ce travail.<\/p>\n<p>Je me suis \u00e9galement pench\u00e9e ces derni\u00e8res ann\u00e9es sur les fonds de pension, \u00e0 travers notamment l\u2019impact de la d\u00e9mographie ou de la r\u00e9gulation sur leurs choix d\u2019allocation d\u2019actifs. Ces derni\u00e8res ann\u00e9es ont \u00e9t\u00e9 marqu\u00e9es par un mouvement d\u2019individualisation des syst\u00e8mes de retraite et une \u00e9volution depuis des r\u00e9gimes de retraite \u00e0 prestations d\u00e9finies vers des r\u00e9gimes \u00e0 cotisations d\u00e9finies. Ceci conduit \u00e0 faire porter les risques (long\u00e9vit\u00e9 ou march\u00e9) sur les individus, qui doivent d\u00e9finir eux-m\u00eames leur allocation d\u2019actifs. Cette individualisation a des avantages, car elle permet de personnaliser les choix et de construire des allocations correspondant parfaitement aux caract\u00e9ristiques des individus concern\u00e9s. Mais est-on s\u00fbr dans ce cas de correctement mesurer leur aversion au risque ou leurs pr\u00e9f\u00e9rences inter-temporelles? Ces sujets de retraite soul\u00e8vent \u00e9galement des questions relatives \u00e0 l\u2019\u00e9quit\u00e9 dans les transferts de richesse inter-g\u00e9n\u00e9rationnels, et les choix sont souvent \u00e9minemment politiques.<\/p>\n<p>Aujourd\u2019hui, je m\u2019int\u00e9resse \u00e0 de nouveaux champs d\u2019investigation qui concernent le comportement d\u2019investissement des particuliers. J\u2019\u00e9tudie par exemple l\u2019impact de l\u2019utilisation des robo-advisors. Avec Milo Bianchi, professeur \u00e0 l\u2019Universit\u00e9 de Toulouse, nous avons montr\u00e9 que les individus sont pr\u00eats \u00e0 prendre davantage de risques lorsqu\u2019ils s\u2019appuient sur un robot, et que l\u2019introduction de ce type d\u2019outils favorise l\u2019inclusion financi\u00e8re.<a href=\"#_ftn3\" name=\"_ftnref3\">[3]<\/a> Je me suis \u00e9galement pench\u00e9e plus g\u00e9n\u00e9ralement sur les questions d\u2019interaction humain-machine (par exemple dans le cadre de tests de v\u00e9hicules automatis\u00e9s), afin de mieux comprendre comment param\u00e9trer les algorithmes pour que s\u2019\u00e9tablisse un lien de confiance entre les \u00eatres humains et les robots, un sujet passionnant\u00a0!<\/p>\n<p><strong>Tu t\u2019int\u00e9resses \u00e9galement au sujet de l\u2019investissement responsable en mati\u00e8re environnementale et sociale. L\u2019engouement actuel du monde financier pour ces th\u00e8mes est-il sinc\u00e8re ou rel\u00e8ve-t-il de la cosm\u00e9tique ? <\/strong><\/p>\n<p>Les investisseurs institutionnels et les g\u00e9rants d\u2019actifs tels qu\u2019Amundi sont tr\u00e8s engag\u00e9s sur ces sujets, et ces acteurs ont un r\u00f4le important \u00e0 jouer dans la r\u00e9orientation des flux de financement vers les \u00e9nergies renouvelables et plus g\u00e9n\u00e9ralement vers une \u00e9conomie plus responsable. Leur influence se manifeste \u00e9galement \u00e0 travers l\u2019exercice de leurs droits de vote dans les assembl\u00e9es g\u00e9n\u00e9rales des entreprises dans lesquelles ces acteurs investissent. Une influence qui peut d\u2019ailleurs s\u2019exercer en amont de l\u2019Assembl\u00e9e g\u00e9n\u00e9rale, \u00e0 travers ce que l\u2019on appelle une politique d\u2019engagement qui permet de discuter avec l\u2019entreprise concern\u00e9e de ce qu\u2019elle devrait faire pour mener une politique plus verte ou plus sociale. Lorsque l\u2019on est un gros investisseur, on peut ainsi avoir un impact important, mais on assume \u00e9galement une lourde responsabilit\u00e9.<\/p>\n<p>Par ailleurs, il y a aujourd\u2019hui une r\u00e9elle demande de produits d\u2019investissement verts par les particuliers. Dans un r\u00e9cent article<a href=\"#_ftn4\" name=\"_ftnref4\">[4]<\/a>, nous avons analys\u00e9 l\u2019impact de l\u2019introduction de fonds actions \u00ab\u00a0solidaires\u00a0\u00bb sur les choix de placement de plus de 900\u00a0000 salari\u00e9s dans le cadre de leur \u00e9pargne salariale. Nous montrons que l\u2019introduction de cette offre, contrairement aux fonds actions traditionnels, a conduit les employ\u00e9s \u00e0 placer significativement plus en actions, un r\u00e9sultat que nous expliquons par le fait que l\u2019offre de placements responsables rend les march\u00e9s boursiers plus attractifs pour certaines cat\u00e9gories d\u2019investisseurs qui, pour des raisons culturelles ou sociales, n\u2019auraient pas investi. Ce r\u00e9sultat pourrait s\u2019av\u00e9rer tr\u00e8s encourageant pour la participation des particuliers au march\u00e9 actions, g\u00e9n\u00e9ralement tr\u00e8s faible dans la plupart des pays europ\u00e9ens.<\/p>\n<p>Cette r\u00e9orientation g\u00e9n\u00e9rale des placements est facilit\u00e9e par le fait qu\u2019\u00eatre \u00ab\u00a0vert\u00a0\u00bb n\u2019a pas nui \u00e0 la performance financi\u00e8re, au contraire m\u00eame si l\u2019on en juge par les r\u00e9sultats observ\u00e9s depuis 10 ans. La question qui se pose est toutefois de d\u00e9terminer si cette performance favorable des entreprises \u00ab\u00a0vertes\u00a0\u00bb s\u2019explique par l\u2019incorporation d\u2019informations \u00ab\u00a0fondamentales\u00a0\u00bb sur les risques environnementaux, ou simplement par les flux de \u00ab\u00a0verdissement\u00a0\u00bb de portefeuilles des investisseurs. Les travaux que je m\u00e8ne actuellement avec Stefano Ramelli<a href=\"#_ftn5\" name=\"_ftnref5\">[5]<\/a>, chercheur \u00e0 l\u2019Universit\u00e9 de Zurich, semblent indiquer que les deux explications sont \u00e0 l\u2019\u0153uvre, dans des proportions \u00e9quivalentes. A l\u2019\u00e9quilibre cependant, une fois achev\u00e9 le grand mouvement de r\u00e9allocation des portefeuilles vers les th\u00e8mes environnementaux, les entreprises les plus polluantes et donc les plus sujettes aux risques environnementaux, devraient offrir une rentabilit\u00e9 attendue plus \u00e9lev\u00e9e, si l\u2019on en croit la th\u00e9orie financi\u00e8re standard.<\/p>\n<p><strong>Le monde scientifique, et particuli\u00e8rement celui de la finance, est tr\u00e8s majoritairement masculin. Comment imagines-tu que cela puisse \u00e9voluer\u00a0?<\/strong><\/p>\n<p>Personnellement, je n\u2019avais pas vraiment ressenti de discrimination envers les filles avant d\u2019int\u00e9grer la classe pr\u00e9paratoire aux \u00e9coles scientifiques du Prytan\u00e9e de La Fl\u00e8che. L\u00e0, j\u2019ai d\u00e9couvert que dans une classe dans laquelle moins de 10 % des \u00e9l\u00e8ves \u00e9taient des filles, leur vie \u00e9tait forc\u00e9ment en butte \u00e0 de nombreux comportements et st\u00e9r\u00e9otypes auxquels elles \u00e9taient quotidiennement confront\u00e9es.<\/p>\n<p>Aujourd\u2019hui, dans le monde professionnel qui est le mien, j\u2019observe que si les femmes sont plus nombreuses en gestion d\u2019actifs qu\u2019en trading, elles restent n\u00e9anmoins minoritaires en finance en g\u00e9n\u00e9ral et sont plus naturellement engag\u00e9es sur des sujets soci\u00e9taux comme le financement des retraites ou la sant\u00e9 par exemple. Et il est incontestable que les voix des femmes dans le monde financier sont souvent moins \u00e9cout\u00e9es, moins appel\u00e9es \u00e0 t\u00e9moigner comme expertes\u2026 Chaque femme qui \u00ab\u00a0prend\u00a0\u00bb la parole, doit avoir conscience qu\u2019elle doit effectivement \u00ab\u00a0la prendre\u00a0\u00bb parce qu\u2019elle ne lui sera pas offerte comme elle le serait \u00e0 un homme.<\/p>\n<p>Pour lutter contre cet \u00e9tat de fait dommageable pour les femmes mais aussi pour les entreprises, j\u2019essaie d\u2019encourager \u00e0 titre personnel une solidarit\u00e9 active envers les femmes, et je suis favorable \u00e0 la mise en place d\u2019actions concr\u00e8tes favorisant leur pr\u00e9sence au sein des comit\u00e9s op\u00e9rationnels ou des comit\u00e9s scientifiques. Je dirais que la prise de conscience d\u2019une telle n\u00e9cessit\u00e9 progresse chez les femmes mais aussi chez de plus en plus d\u2019hommes. Un exemple tr\u00e8s simple que j\u2019applique et qui, par petites touches, permettra de r\u00e9duire le d\u00e9s\u00e9quilibre actuel en faveur des hommes : pour toute mobilit\u00e9, ou tout recrutement, se demander s\u2019il existe une femme r\u00e9pondant au poste. Et, si en premi\u00e8re id\u00e9e un homme appara\u00eet, se demander si en cherchant un peu plus, il n\u2019existerait pas une femme qui ferait aussi bien.<\/p>\n<p><strong>Et pour terminer, quelques mots sur tes projets ?<\/strong><\/p>\n<p>A titre professionnel mais aussi comme citoyenne engag\u00e9e, je suis tr\u00e8s consciente que nous sommes une g\u00e9n\u00e9ration charni\u00e8re, dont les choix peuvent lourdement impacter les g\u00e9n\u00e9rations futures, qui affronteront un monde de tr\u00e8s grandes incertitudes fondamentales. Il me semble important, et c\u2019est ce que je m\u2019efforce de faire \u00e0 travers mes travaux, d\u2019\u00e9clairer ces choix futurs dans lesquels la finance a un r\u00f4le important \u00e0 jouer par sa capacit\u00e9 \u00e0 g\u00e9rer les risques &#8211; \u00e0 condition de savoir les \u00e9valuer, ce qui n\u2019est pas toujours simple, on le voit dans le cas du changement climatique ou de la pand\u00e9mie actuelle &#8211; et \u00e0 guider les flux de financement.<\/p>\n<p>Enfin, \u00e0 titre plus personnel, j\u2019ai 45 ans, une famille, une petite fille de 9 ans et un m\u00e9tier qui me passionne, mes journ\u00e9es sont donc bien remplies\u00a0! Mais je serais ravie d\u2019avoir un peu plus de temps pour retrouver le chemin de la cr\u00e9ation artistique. Et pourquoi pas renouer avec les soir\u00e9es qu\u2019il y a quelques ann\u00e9es je passais \u00e0 sculpter\u00a0!<\/p>\n<p style=\"text-align: right;\"><em><span class=\"il\">Propos<\/span>\u00a0<span class=\"il\">recueillis<\/span> par Catherine Grandcoing et Eric Taz\u00e9-Bernard<\/em><\/p>\n<p>&nbsp;<\/p>\n<p><em>Cet article a \u00e9t\u00e9 initialement publi\u00e9 le 1er mars 2021.<\/em><\/p>\n<hr \/>\n<p><em><a href=\"#_ftnref1\" name=\"_ftn1\">[1]<\/a> <span style=\"text-decoration: underline;\"><span style=\"color: #0000ff;\"><a style=\"color: #0000ff; text-decoration: underline;\" href=\"https:\/\/www.risks-forum.org\/\">https:\/\/www.risks-forum.org\/<\/a><\/span><\/span><\/em><\/p>\n<p><em><a href=\"#_ftnref2\" name=\"_ftn2\">[2]<\/a> Bodie Z. and M. Bri\u00e8re, \u201cSovereign Wealth and Risk Management: a Framework for Optimal Asset Allocation of Sovereign Wealth\u00a0\u00bb,\u00a0Journal of Investment Management, 2014.<\/em><\/p>\n<p><em><a href=\"#_ftnref3\" name=\"_ftn3\">[3]<\/a> Bianchi M. and M. Bri\u00e8re, \u00ab\u00a0Robo Advising for Small Investors\u00a0\u00bb, SSRN Working Paper N\u00b03751620, 2021.\u00a0<\/em><\/p>\n<p><em><a href=\"#_ftnref4\" name=\"_ftn4\"><sup>[4]<\/sup><\/a> Bri\u00e8re, M., and S. Ramelli, 2021, \u201cResponsible Investing and Stock Allocation\u201d, Amundi Working Paper.<\/em><\/p>\n<p><em><a href=\"#_ftnref5\" name=\"_ftn5\">[5]<\/a> Bri\u00e8re, M., and S. Ramelli, 2021, \u201cGreen Sentiment\u201d, \u00e0 para\u00eetre.<\/em><\/p>\n","protected":false},"excerpt":{"rendered":"<p>Vive, passionn\u00e9e, engag\u00e9e. Marie Bri\u00e8re, Head of Investor Research Center d\u2019Amundi, a grandi aupr\u00e8s d\u2019un p\u00e8re psychologue et d\u2019une m\u00e8re au foyer. L\u2019humain, les sciences sociales et de nombreuses pratiques artistiques (violoncelle, piano, \u00e9criture, sculpture\u2026.) d\u00e9finissent alors son univers. Apr\u00e8s un bac scientifique obtenu avec mention\u00a0tr\u00e8s bien au lyc\u00e9e\u00a0Montesquieu du Mans, et bien qu\u2019admise \u00e0 [&hellip;]<\/p>\n","protected":false},"author":164,"featured_media":5741,"comment_status":"open","ping_status":"open","sticky":false,"template":"","format":"standard","meta":{"_et_pb_use_builder":"","_et_pb_old_content":"","_et_gb_content_width":"","_exactmetrics_skip_tracking":false,"_exactmetrics_sitenote_active":false,"_exactmetrics_sitenote_note":"","_exactmetrics_sitenote_category":0,"footnotes":""},"categories":[26],"tags":[],"class_list":["post-5740","post","type-post","status-publish","format-standard","has-post-thumbnail","hentry","category-portraits","et-has-post-format-content","et_post_format-et-post-format-standard"],"_links":{"self":[{"href":"https:\/\/variances.eu\/index.php?rest_route=\/wp\/v2\/posts\/5740","targetHints":{"allow":["GET"]}}],"collection":[{"href":"https:\/\/variances.eu\/index.php?rest_route=\/wp\/v2\/posts"}],"about":[{"href":"https:\/\/variances.eu\/index.php?rest_route=\/wp\/v2\/types\/post"}],"author":[{"embeddable":true,"href":"https:\/\/variances.eu\/index.php?rest_route=\/wp\/v2\/users\/164"}],"replies":[{"embeddable":true,"href":"https:\/\/variances.eu\/index.php?rest_route=%2Fwp%2Fv2%2Fcomments&post=5740"}],"version-history":[{"count":0,"href":"https:\/\/variances.eu\/index.php?rest_route=\/wp\/v2\/posts\/5740\/revisions"}],"wp:featuredmedia":[{"embeddable":true,"href":"https:\/\/variances.eu\/index.php?rest_route=\/wp\/v2\/media\/5741"}],"wp:attachment":[{"href":"https:\/\/variances.eu\/index.php?rest_route=%2Fwp%2Fv2%2Fmedia&parent=5740"}],"wp:term":[{"taxonomy":"category","embeddable":true,"href":"https:\/\/variances.eu\/index.php?rest_route=%2Fwp%2Fv2%2Fcategories&post=5740"},{"taxonomy":"post_tag","embeddable":true,"href":"https:\/\/variances.eu\/index.php?rest_route=%2Fwp%2Fv2%2Ftags&post=5740"}],"curies":[{"name":"wp","href":"https:\/\/api.w.org\/{rel}","templated":true}]}}