{"id":5551,"date":"2021-01-04T07:25:24","date_gmt":"2021-01-04T05:25:24","guid":{"rendered":"http:\/\/variances.eu\/?p=5551"},"modified":"2021-01-04T08:48:51","modified_gmt":"2021-01-04T06:48:51","slug":"oublier-2020-vive-2021","status":"publish","type":"post","link":"https:\/\/variances.eu\/?p=5551","title":{"rendered":"Oublier 2020 ? Vive 2021 !"},"content":{"rendered":"<p>Ch\u00e8res lectrices, chers lecteurs,<\/p>\n<p>Les v\u0153ux que nous vous adressons pour l\u2019ann\u00e9e qui s\u2019ouvre, comme c\u2019est la tradition, ont une signification particuli\u00e8re apr\u00e8s l\u2019<em>annus horribilis<\/em> que nous venons de conna\u00eetre. Nous vous souhaitons donc de retrouver l\u2019\u00e9nergie, l\u2019enthousiasme et la joie de vivre qui ont pu manquer depuis l\u2019\u00e9clatement de la pand\u00e9mie qui a affect\u00e9 la vie de chacune et chacun d\u2019entre nous. Nous comptons de notre c\u00f4t\u00e9 vous accompagner, comme nous l\u2019avons fait au cours des douze derniers mois, en vous proposant des articles destin\u00e9s \u00e0 \u00e9clairer, faire r\u00e9fl\u00e9chir et susciter les d\u00e9bats d\u2019id\u00e9es. Nous sommes d\u2019ailleurs heureux de constater que variances.eu a \u00e9t\u00e9 une source croissante d\u2019information pour vous, particuli\u00e8rement dans les phases de confinement, et avons d\u00e9pass\u00e9 en 2020 le seuil des 10 000 visiteuses et visiteurs \u00a0par mois, en progression constante au cours des derni\u00e8res ann\u00e9es.<\/p>\n<p>Parmi les th\u00e8mes qui ont suscit\u00e9 le plus d\u2019int\u00e9r\u00eat en 2020, celui de la Covid figure en bonne position. Nous avons bien s\u00fbr eu l\u2019occasion de l\u2019aborder r\u00e9guli\u00e8rement, sous les angles\u00a0:<\/p>\n<p>&#8211; de l\u2019\u00e9pid\u00e9miologie (voir \u00e0 ce sujet les articles de Hugues Lagrange, notamment \u00ab <span style=\"text-decoration: underline;\"><span style=\"color: #0000ff; text-decoration: underline;\"><a style=\"color: #0000ff; text-decoration: underline;\" href=\"http:\/\/variances.eu\/?p=5425\">Covid 19 : contaminations et d\u00e9c\u00e8s au miroir de l\u2019ethnicit\u00e9<\/a><\/span><\/span> &#8211; <span style=\"text-decoration: underline;\"><span style=\"color: #0000ff; text-decoration: underline;\"><a style=\"color: #0000ff; text-decoration: underline;\" href=\"http:\/\/variances.eu\/?p=5425\">1\u00e8re partie<\/a><\/span><\/span> \/ <span style=\"text-decoration: underline;\"><span style=\"color: #0000ff; text-decoration: underline;\"><a style=\"color: #0000ff; text-decoration: underline;\" href=\"http:\/\/variances.eu\/?p=5440\">2\u00e8me partie<\/a><\/span><\/span> \u00bb),<\/p>\n<p>&#8211; de ses impacts \u00e9conomiques (voir Thanh-Long Huynh et Nicolas Salez sur l\u2019 \u00ab\u00a0<span style=\"text-decoration: underline;\"><span style=\"color: #0000ff; text-decoration: underline;\"><a style=\"color: #0000ff; text-decoration: underline;\" href=\"http:\/\/variances.eu\/?p=4900\">Impact du Covid-19 sur l\u2019\u00e9conomie fran\u00e7aise \u00e0 partir des donn\u00e9es alternatives en temps r\u00e9el<\/a><\/span><\/span> \u00bb ou Henri Sterdyniak dans \u00ab\u00a0<span style=\"text-decoration: underline;\"><span style=\"color: #0000ff; text-decoration: underline;\"><a style=\"color: #0000ff; text-decoration: underline;\" href=\"http:\/\/variances.eu\/?p=5066\">Les dettes publiques au temps du coronavirus<\/a><\/span><\/span> \u00bb),<\/p>\n<p>&#8211; ou des \u00e9volutions soci\u00e9tales qu\u2019elle renforce (voir G\u00e9rard Bouvier pour \u00ab\u00a0<span style=\"text-decoration: underline;\"><span style=\"color: #0000ff; text-decoration: underline;\"><a style=\"color: #0000ff; text-decoration: underline;\" href=\"http:\/\/variances.eu\/?p=5394\">A l\u2019heure du deuxi\u00e8me confinement, que sait-on des cons\u00e9quences du premier\u00a0?<\/a><\/span><\/span> \u00bb).<\/p>\n<p>Le \u00ab\u00a0big data\u00a0\u00bb et plus g\u00e9n\u00e9ralement les nouvelles technologies, leur potentiel d\u2019utilisation et leurs cons\u00e9quences sur nos soci\u00e9t\u00e9s, nous offrent \u00e9galement des sujets d\u2019articles r\u00e9currents. D\u00e8s le d\u00e9but de l\u2019ann\u00e9e, Nicolas Curien nous a ainsi propos\u00e9 une analyse historique et philosophique dans \u00ab\u00a0<span style=\"text-decoration: underline;\"><span style=\"color: #0000ff; text-decoration: underline;\"><a style=\"color: #0000ff; text-decoration: underline;\" href=\"http:\/\/variances.eu\/?p=4643\">Une br\u00e8ve histoire d\u2019Internet\u00a0: d\u2019utopies en dystopies<\/a><\/span><\/span> \u00bb. Citons encore \u00a0l\u2019article de S\u00e9bastien Soriano sur \u00ab\u00a0<span style=\"text-decoration: underline;\"><span style=\"color: #0000ff; text-decoration: underline;\"><a style=\"color: #0000ff; text-decoration: underline;\" href=\"http:\/\/variances.eu\/?p=5183\">Une r\u00e9gulation par \u00ab\u00a0la data\u00a0\u00bb au b\u00e9n\u00e9fice de la soci\u00e9t\u00e9<\/a><\/span><\/span> \u00bb ou celui d\u2019Yves Caseau sur \u00ab\u00a0<span style=\"text-decoration: underline;\"><span style=\"color: #0000ff; text-decoration: underline;\"><a style=\"color: #0000ff; text-decoration: underline;\" href=\"http:\/\/variances.eu\/?p=5273\">Comment cultiver l\u2019intelligence artificielle dans l\u2019entreprise\u00a0?<\/a><\/span><\/span> \u00bb. Quant au \u00ab\u00a0machine learning\u00a0\u00bb, il ne devrait plus avoir de secrets pour vous gr\u00e2ce \u00e0 Guillaume Simon et son \u00ab <span style=\"text-decoration: underline;\"><span style=\"color: #0000ff; text-decoration: underline;\"><a style=\"color: #0000ff; text-decoration: underline;\" href=\"http:\/\/variances.eu\/?p=5212\">Machine Learning\u00a0 \u2013 Guide de survie pour statisticiens curieux<\/a><\/span><\/span> \u00bb.<\/p>\n<p>L\u2019\u00e9conomie constitue elle aussi un terrain d\u2019analyse privil\u00e9gi\u00e9 pour variances.eu. Il peut s\u2019agir de la mesure des ph\u00e9nom\u00e8nes et indicateurs \u00e9conomiques, comme nous l\u2019avons d\u00e9j\u00e0 mentionn\u00e9 plus haut dans le cadre des r\u00e9flexions sur la crise actuelle, mais aussi d\u2019\u00e9clairages sectoriels (voir par exemple \u00ab\u00a0<span style=\"text-decoration: underline;\"><span style=\"color: #0000ff; text-decoration: underline;\"><a style=\"color: #0000ff; text-decoration: underline;\" href=\"http:\/\/variances.eu\/?p=5255\">L\u2019\u00e9conomie des transports, une discipline \u00e0 part<\/a><\/span><\/span> \u00bb par Emile Quinet ou la contribution de Fran\u00e7ois L\u00e9v\u00eaque sur <span style=\"text-decoration: underline;\"><span style=\"color: #0000ff; text-decoration: underline;\"><a style=\"color: #0000ff; text-decoration: underline;\" href=\"http:\/\/variances.eu\/?p=5140\">l\u2019\u00e9conomie des sites de rencontres<\/a><\/span><\/span>). Ajoutons des angles d\u2019analyse parfois surprenants, en mentionnant l\u2019article \u00ab\u00a0<span style=\"text-decoration: underline;\"><span style=\"color: #0000ff; text-decoration: underline;\"><a style=\"color: #0000ff; text-decoration: underline;\" href=\"http:\/\/variances.eu\/?p=4896\">Des catholiques contre la science \u00e9conomique<\/a><\/span><\/span> \u00bb de Fran\u00e7ois Etner.<\/p>\n<p>Les r\u00e9flexions sur la finance n\u2019ont pas manqu\u00e9 non plus, tant en mati\u00e8re de taux d\u2019int\u00e9r\u00eat (\u00ab\u00a0<span style=\"text-decoration: underline;\"><span style=\"color: #0000ff; text-decoration: underline;\"><a style=\"color: #0000ff; text-decoration: underline;\" href=\"http:\/\/variances.eu\/?p=4651\">Taux n\u00e9gatifs\u00a0: vers un r\u00e9veil douloureux<\/a><\/span><\/span> \u00bb par Sylvie de Laguiche), de coop\u00e9ration fiscale internationale ( \u00ab\u00a0<span style=\"text-decoration: underline; color: #0000ff;\"><a style=\"color: #0000ff; text-decoration: underline;\" href=\"http:\/\/variances.eu\/?p=4859\">Les d\u00e9fis et succ\u00e8s de la coop\u00e9ration fiscale internationale \u00e0 l\u2019aune d\u2019une nouvelle crise \u00e9conomique<\/a><\/span> \u00bb par Pascal Saint-Amans) ou d\u2019importance croissante de la finance responsable (voir par exemple \u00ab\u00a0<span style=\"text-decoration: underline;\"><span style=\"color: #0000ff; text-decoration: underline;\"><a style=\"color: #0000ff; text-decoration: underline;\" href=\"http:\/\/variances.eu\/?p=5508\">Social bonds: financing the recovery and long-term inclusive growth<\/a><\/span><\/span> \u00bb par Elodie Laugel et Isabelle Vic-Philippe).<\/p>\n<p>Nous n\u2019avons pas manqu\u00e9 non plus de commenter des ouvrages r\u00e9cemment publi\u00e9s (voir par exemple\u00a0le compte-rendu par Alain Minczeles de <span style=\"text-decoration: underline;\"><span style=\"color: #0000ff; text-decoration: underline;\"><a style=\"color: #0000ff; text-decoration: underline;\" href=\"http:\/\/variances.eu\/?p=5029\">\u00ab\u00a0Capital et Id\u00e9ologie\u00a0\u00bb de Thomas Piketty<\/a><\/span><\/span>, et \u00a0l\u2019entretien avec C\u00e9line Antonin sur <span style=\"text-decoration: underline;\"><span style=\"color: #0000ff; text-decoration: underline;\"><a style=\"color: #0000ff; text-decoration: underline;\" href=\"http:\/\/variances.eu\/?p=5414\">\u00ab\u00a0Le pouvoir de la destruction cr\u00e9atrice\u00a0\u00bb<\/a><\/span><\/span>) ou bien de plus anciens pouvant avoir une r\u00e9sonance actuelle (voir\u00a0la relation par Eric Taz\u00e9-Bernard de <span style=\"text-decoration: underline;\"><span style=\"color: #0000ff; text-decoration: underline;\"><a style=\"color: #0000ff; text-decoration: underline;\" href=\"http:\/\/variances.eu\/?p=5297\">l\u2019 \u00ab\u00a0Essai politique sur le Royaume de la Nouvelle Espagne\u00a0\u00bb de Humboldt<\/a><\/span><\/span>). Nous avons aussi dress\u00e9 les portraits de personnalit\u00e9s marquantes, comme celui de <span style=\"text-decoration: underline;\"><span style=\"color: #0000ff; text-decoration: underline;\"><a style=\"color: #0000ff; text-decoration: underline;\" href=\"http:\/\/variances.eu\/?p=5059\">Laure Debos<\/a><\/span><\/span> par Catherine Grandcoing ou celui de <span style=\"text-decoration: underline;\"><span style=\"color: #0000ff; text-decoration: underline;\"><a style=\"color: #0000ff; text-decoration: underline;\" href=\"http:\/\/variances.eu\/?p=5224\">Jo\u00ebl Toujas-Bernat\u00e9<\/a><\/span><\/span> par Fran\u00e7ois Lequiller.<\/p>\n<p>Toute mise en en exergue de certains articles dans ce retour sur l\u2019ann\u00e9e \u00e9coul\u00e9e est forc\u00e9ment tr\u00e8s subjective. Son objectif est d\u2019illustrer la vari\u00e9t\u00e9 des sujets abord\u00e9s et de vous donner l\u2019envie de parcourir notre site pour y trouver des sources de r\u00e9flexion utiles.<\/p>\n<p>Covid, nouvelles technologies, climat, engagement, r\u00e9gulation (et bien d\u2019autres)\u00a0 seront de nouveau au menu de variances.eu au cours de l\u2019ann\u00e9e \u00e0 venir. Et pour vous mettre en app\u00e9tit, ne manquez pas les publications d\u00e9capantes que nous vous proposerons ces prochains jours de Nicolas Curien ou de Fran\u00e7ois Etner, ni celle de Marie-H\u00e9l\u00e8ne Duprat, qui nous avait d\u00e9j\u00e0 fourni un excellent article d\u00e9but 2020 sur les in\u00e9galit\u00e9s, sans oublier le portrait de Yannick Carriou, Directeur g\u00e9n\u00e9ral de M\u00e9diam\u00e9trie\u2026 Et si vous n\u2019avez pas encore entendu parler des <em>deep fakes<\/em>, vous saurez bient\u00f4t de quoi il s\u2019agit gr\u00e2ce \u00e0 Emilie Rannou\u00a0!<\/p>\n<p>Nous comptons bien sur votre fid\u00e9lit\u00e9 en 2021. N\u2019h\u00e9sitez pas \u00e0 faire conna\u00eetre variances.eu autour de vous et \u00e0 nous proposer des articles, que nous nous engageons \u00e0 lire avec le plus grand soin et \u00e0 publier d\u00e8s lors que nous leur trouvons un int\u00e9r\u00eat pour nos lectrices et lecteurs.<\/p>\n<p>Nous vous renouvelons nos meilleurs v\u0153ux pour 2021, en compagnie bien s\u00fbr de variances.eu\u00a0!<\/p>\n<p>&nbsp;<\/p>\n<p>Pour le comit\u00e9 \u00e9ditorial<\/p>\n<p>Eric Taz\u00e9-Bernard, responsable de la publication<\/p>\n","protected":false},"excerpt":{"rendered":"<p>Ch\u00e8res lectrices, chers lecteurs, Les v\u0153ux que nous vous adressons pour l\u2019ann\u00e9e qui s\u2019ouvre, comme c\u2019est la tradition, ont une signification particuli\u00e8re apr\u00e8s l\u2019annus horribilis que nous venons de conna\u00eetre. Nous vous souhaitons donc de retrouver l\u2019\u00e9nergie, l\u2019enthousiasme et la joie de vivre qui ont pu manquer depuis l\u2019\u00e9clatement de la pand\u00e9mie qui a affect\u00e9 [&hellip;]<\/p>\n","protected":false},"author":9,"featured_media":5554,"comment_status":"open","ping_status":"open","sticky":false,"template":"","format":"standard","meta":{"_et_pb_use_builder":"","_et_pb_old_content":"","_et_gb_content_width":"","_exactmetrics_skip_tracking":false,"_exactmetrics_sitenote_active":false,"_exactmetrics_sitenote_note":"","_exactmetrics_sitenote_category":0,"footnotes":""},"categories":[135],"tags":[],"class_list":["post-5551","post","type-post","status-publish","format-standard","has-post-thumbnail","hentry","category-tribune","et-has-post-format-content","et_post_format-et-post-format-standard"],"_links":{"self":[{"href":"https:\/\/variances.eu\/index.php?rest_route=\/wp\/v2\/posts\/5551","targetHints":{"allow":["GET"]}}],"collection":[{"href":"https:\/\/variances.eu\/index.php?rest_route=\/wp\/v2\/posts"}],"about":[{"href":"https:\/\/variances.eu\/index.php?rest_route=\/wp\/v2\/types\/post"}],"author":[{"embeddable":true,"href":"https:\/\/variances.eu\/index.php?rest_route=\/wp\/v2\/users\/9"}],"replies":[{"embeddable":true,"href":"https:\/\/variances.eu\/index.php?rest_route=%2Fwp%2Fv2%2Fcomments&post=5551"}],"version-history":[{"count":0,"href":"https:\/\/variances.eu\/index.php?rest_route=\/wp\/v2\/posts\/5551\/revisions"}],"wp:featuredmedia":[{"embeddable":true,"href":"https:\/\/variances.eu\/index.php?rest_route=\/wp\/v2\/media\/5554"}],"wp:attachment":[{"href":"https:\/\/variances.eu\/index.php?rest_route=%2Fwp%2Fv2%2Fmedia&parent=5551"}],"wp:term":[{"taxonomy":"category","embeddable":true,"href":"https:\/\/variances.eu\/index.php?rest_route=%2Fwp%2Fv2%2Fcategories&post=5551"},{"taxonomy":"post_tag","embeddable":true,"href":"https:\/\/variances.eu\/index.php?rest_route=%2Fwp%2Fv2%2Ftags&post=5551"}],"curies":[{"name":"wp","href":"https:\/\/api.w.org\/{rel}","templated":true}]}}