{"id":5531,"date":"2020-12-18T07:25:36","date_gmt":"2020-12-18T05:25:36","guid":{"rendered":"http:\/\/variances.eu\/?p=5531"},"modified":"2022-04-01T12:56:20","modified_gmt":"2022-04-01T10:56:20","slug":"pourquoi-fait-on-plus-denfants-dans-le-nord-de-leurope-que-dans-le-sud","status":"publish","type":"post","link":"https:\/\/variances.eu\/?p=5531","title":{"rendered":"Pourquoi fait-on plus d\u2019enfants dans le\u00a0nord de\u00a0l\u2019Europe que dans le\u00a0sud\u00a0?"},"content":{"rendered":"<p class=\"legacy\">Cet article\u00a0 de <span style=\"text-decoration: underline;\"><span style=\"color: #0000ff;\"><a style=\"color: #0000ff; text-decoration: underline;\" href=\"https:\/\/theconversation.com\/profiles\/gilles-pison-388789\">Gilles Pison<\/a><\/span><\/span> (<span style=\"text-decoration: underline;\"><span style=\"color: #0000ff;\"><em><a style=\"color: #0000ff; text-decoration: underline;\" href=\"https:\/\/theconversation.com\/institutions\/museum-national-dhistoire-naturelle-mnhn-2191\">Mus\u00e9um national d\u2019histoire naturelle (MNHN)<\/a><\/em><\/span><\/span> est republi\u00e9 \u00e0 partir de <span style=\"text-decoration: underline; color: #0000ff;\"><a style=\"color: #0000ff; text-decoration: underline;\" href=\"https:\/\/theconversation.com\">The Conversation<\/a><\/span> sous licence Creative Commons. Lire l\u2019<span style=\"text-decoration: underline; color: #0000ff;\"><a style=\"color: #0000ff; text-decoration: underline;\" href=\"https:\/\/theconversation.com\/pourquoi-fait-on-plus-denfants-dans-le-nord-de-leurope-que-dans-le-sud-150044\">article original<\/a><\/span>.<\/p>\n<hr \/>\n<p>&nbsp;<\/p>\n<figure>\n<p><div style=\"width: 764px\" class=\"wp-caption aligncenter\"><img loading=\"lazy\" decoding=\"async\" src=\"https:\/\/images.theconversation.com\/files\/369339\/original\/file-20201113-19-b4rg4n.jpg?ixlib=rb-1.1.0&amp;rect=18%2C27%2C5988%2C3980&amp;q=45&amp;auto=format&amp;w=754&amp;fit=clip\" alt=\"\" width=\"754\" height=\"501\" \/><p class=\"wp-caption-text\">La f\u00e9condit\u00e9 est en g\u00e9n\u00e9ral \u00e9lev\u00e9e en Europe du Nord et faible en Europe du Sud.Emma Bauso\/Pexels<\/p><\/div><\/figure>\n<p>En <span style=\"text-decoration: underline;\"><span style=\"color: #0000ff;\"><a style=\"color: #0000ff; text-decoration: underline;\" href=\"https:\/\/ec.europa.eu\/eurostat\/fr\/data\/database\">Europe<\/a><\/span><\/span>, les femmes mettent au monde 1,6\u00a0enfant en moyenne chacune.<\/p>\n<p>Cette moyenne cache cependant de grandes variations d\u2019un pays \u00e0 l\u2019autre. Les Espagnoles, qui ont 1,26\u00a0enfant en moyenne, font partie des Europ\u00e9ennes les moins f\u00e9condes, et les Fran\u00e7aises, avec 1,84\u00a0enfant, sont \u00e0 l\u2019oppos\u00e9 en t\u00eate du <span style=\"text-decoration: underline; color: #0000ff;\"><a style=\"color: #0000ff; text-decoration: underline;\" href=\"https:\/\/www.cairn.info\/revue-population-et-societes-2020-3-page-1.htm\">classement<\/a><\/span>.<\/p>\n<p>Comment la f\u00e9condit\u00e9 varie-t-elle en Europe\u00a0? \u00c0 quoi tiennent les diff\u00e9rences d\u2019un pays \u00e0 l\u2019autre\u00a0?<\/p>\n<h3>Forte f\u00e9condit\u00e9 en Europe du Nord, faible au Sud<\/h3>\n<p>La <span style=\"text-decoration: underline; color: #0000ff;\"><a style=\"color: #0000ff; text-decoration: underline;\" href=\"https:\/\/www.cairn.info\/revue-population-et-societes-2020-3-page-1.htm\">f\u00e9condit\u00e9<\/a> <\/span>est en g\u00e9n\u00e9ral \u00e9lev\u00e9e en Europe du Nord et faible en Europe du Sud (figure 1). Ce contraste nord-sud \u00e9tait d\u00e9j\u00e0 pr\u00e9sent il y a deux \u00e0 trois d\u00e9cennies (figure 2), il semble donc peu li\u00e9 \u00e0 la conjoncture mais plut\u00f4t \u00e0 des facteurs de fond. L\u2019un des premiers est la politique familiale. Tous les <span style=\"text-decoration: underline; color: #0000ff;\"><a style=\"color: #0000ff; text-decoration: underline;\" href=\"https:\/\/www.ined.fr\/fichier\/s_rubrique\/19116\/448.fr.pdf\">pays<\/a> <\/span>d\u2019Europe en ont une, visant \u00e0 aider les familles ayant des enfants au moyen d\u2019allocations, de cong\u00e9s accord\u00e9s aux parents apr\u00e8s une naissance, et de services de garde d\u2019enfants en bas-\u00e2ge, pour leur permettre de travailler, notamment les m\u00e8res.<\/p>\n<figure class=\"align-center \">\n<p><div style=\"width: 610px\" class=\"wp-caption aligncenter\"><img loading=\"lazy\" decoding=\"async\" src=\"https:\/\/images.theconversation.com\/files\/369261\/original\/file-20201113-13-1jpvuiy.jpg?ixlib=rb-1.1.0&amp;q=45&amp;auto=format&amp;w=754&amp;fit=clip\" sizes=\"(min-width: 1466px) 754px, (max-width: 599px) 100vw, (min-width: 600px) 600px, 237px\" srcset=\"https:\/\/images.theconversation.com\/files\/369261\/original\/file-20201113-13-1jpvuiy.jpg?ixlib=rb-1.1.0&amp;q=45&amp;auto=format&amp;w=600&amp;h=445&amp;fit=crop&amp;dpr=1 600w, https:\/\/images.theconversation.com\/files\/369261\/original\/file-20201113-13-1jpvuiy.jpg?ixlib=rb-1.1.0&amp;q=30&amp;auto=format&amp;w=600&amp;h=445&amp;fit=crop&amp;dpr=2 1200w, https:\/\/images.theconversation.com\/files\/369261\/original\/file-20201113-13-1jpvuiy.jpg?ixlib=rb-1.1.0&amp;q=15&amp;auto=format&amp;w=600&amp;h=445&amp;fit=crop&amp;dpr=3 1800w, https:\/\/images.theconversation.com\/files\/369261\/original\/file-20201113-13-1jpvuiy.jpg?ixlib=rb-1.1.0&amp;q=45&amp;auto=format&amp;w=754&amp;h=559&amp;fit=crop&amp;dpr=1 754w, https:\/\/images.theconversation.com\/files\/369261\/original\/file-20201113-13-1jpvuiy.jpg?ixlib=rb-1.1.0&amp;q=30&amp;auto=format&amp;w=754&amp;h=559&amp;fit=crop&amp;dpr=2 1508w, https:\/\/images.theconversation.com\/files\/369261\/original\/file-20201113-13-1jpvuiy.jpg?ixlib=rb-1.1.0&amp;q=15&amp;auto=format&amp;w=754&amp;h=559&amp;fit=crop&amp;dpr=3 2262w\" alt=\"\" width=\"600\" height=\"445\" \/><p class=\"wp-caption-text\">Figure 1\u00a0: Carte des variations de l\u2019indicateur conjoncturel de f\u00e9condit\u00e9 en Europe (2018).figure reprise de G. Pison, 2020 &#8212; \u00ab\u00a0France\u00a0: la f\u00e9condit\u00e9 la plus \u00e9lev\u00e9e d\u2019Europe\u00a0\u00bb, Population et Soci\u00e9t\u00e9s, n\u00b0 575, \u00e9tablie \u00e0 partir des donn\u00e9es d\u2019Eurostat, Author provided : https:\/\/www.cairn.info\/revue-population-et-societes-2020-3-page-1.htm<\/p><\/div><figcaption><\/figcaption><\/figure>\n<figure class=\"align-center \">\n<p><div style=\"width: 610px\" class=\"wp-caption aligncenter\"><img loading=\"lazy\" decoding=\"async\" src=\"https:\/\/images.theconversation.com\/files\/369262\/original\/file-20201113-13-cw9g7w.jpg?ixlib=rb-1.1.0&amp;q=45&amp;auto=format&amp;w=754&amp;fit=clip\" sizes=\"(min-width: 1466px) 754px, (max-width: 599px) 100vw, (min-width: 600px) 600px, 237px\" srcset=\"https:\/\/images.theconversation.com\/files\/369262\/original\/file-20201113-13-cw9g7w.jpg?ixlib=rb-1.1.0&amp;q=45&amp;auto=format&amp;w=600&amp;h=1267&amp;fit=crop&amp;dpr=1 600w, https:\/\/images.theconversation.com\/files\/369262\/original\/file-20201113-13-cw9g7w.jpg?ixlib=rb-1.1.0&amp;q=30&amp;auto=format&amp;w=600&amp;h=1267&amp;fit=crop&amp;dpr=2 1200w, https:\/\/images.theconversation.com\/files\/369262\/original\/file-20201113-13-cw9g7w.jpg?ixlib=rb-1.1.0&amp;q=15&amp;auto=format&amp;w=600&amp;h=1267&amp;fit=crop&amp;dpr=3 1800w, https:\/\/images.theconversation.com\/files\/369262\/original\/file-20201113-13-cw9g7w.jpg?ixlib=rb-1.1.0&amp;q=45&amp;auto=format&amp;w=754&amp;h=1593&amp;fit=crop&amp;dpr=1 754w, https:\/\/images.theconversation.com\/files\/369262\/original\/file-20201113-13-cw9g7w.jpg?ixlib=rb-1.1.0&amp;q=30&amp;auto=format&amp;w=754&amp;h=1593&amp;fit=crop&amp;dpr=2 1508w, https:\/\/images.theconversation.com\/files\/369262\/original\/file-20201113-13-cw9g7w.jpg?ixlib=rb-1.1.0&amp;q=15&amp;auto=format&amp;w=754&amp;h=1593&amp;fit=crop&amp;dpr=3 2262w\" alt=\"\" width=\"600\" height=\"1267\" \/><p class=\"wp-caption-text\">Figure 2. Indicateur conjoncturel de f\u00e9condit\u00e9 des 28\u00a0pays de l\u2019Union europ\u00e9enne en 2000 et 2018.figure reprise de Gilles Pison, 2020 &#8212; \u00ab\u00a0France\u00a0: la f\u00e9condit\u00e9 la plus \u00e9lev\u00e9e d\u2019Europe\u00a0\u00bb, Population et Soci\u00e9t\u00e9s, n\u00b0 575, 4 p, Author provided : https:\/\/www.cairn.info\/revue-population-et-societes-2020-3-page-1.htm<\/p><\/div><figcaption><\/figcaption><\/figure>\n<p>L\u2019investissement en <span style=\"text-decoration: underline;\"><span style=\"color: #0000ff;\"><a style=\"color: #0000ff; text-decoration: underline;\" href=\"http:\/\/www.oecd.org\/fr\/els\/famille\/basededonnees.htm#politiques\">prestations et financements<\/a><\/span><\/span> divers varie cependant selon les pays, repr\u00e9sentant autour de 1,5\u00a0% du PIB au total dans les pays du sud de l\u2019Europe en 2015, et plus de deux fois plus, autour de 3,5\u00a0%, dans ceux du Nord.<\/p>\n<p>Les <span style=\"text-decoration: underline; color: #0000ff;\"><a style=\"color: #0000ff; text-decoration: underline;\" href=\"https:\/\/www.ined.fr\/fichier\/s_rubrique\/19116\/448.fr.pdf\">d\u00e9penses<\/a> <\/span>associ\u00e9es aux cong\u00e9s parentaux sont en particulier nettement plus importantes dans les pays du nord. Pas tellement en raison de la dur\u00e9e des cong\u00e9s, qui peuvent \u00eatre longs dans les pays du sud, mais du fait de leur r\u00e9mun\u00e9ration, nettement plus faible au sud qu\u2019au nord. L\u2019offre de <span style=\"text-decoration: underline; color: #0000ff;\"><a style=\"color: #0000ff; text-decoration: underline;\" href=\"https:\/\/hal.archives-ouvertes.fr\/file\/index\/docid\/657603\/filename\/LuciThevenon_INEDWP174.pdf\">garde d\u2019enfants<\/a><\/span> est \u00e9galement beaucoup plus d\u00e9velopp\u00e9e au Nord, et la proportion d\u2019enfants en bas-\u00e2ge pris en charge par des services d\u2019accueil formels, c\u2019est-\u00e0-dire autrement que par la famille ou les proches, est nettement plus importante.<\/p>\n<h3>Les pays nordiques seraient-ils natalistes\u00a0?<\/h3>\n<p>Le soutien important apport\u00e9 aux familles par les pays du Nord signifie-t-il que ceux-ci soient natalistes\u00a0? La politique familiale dans leur cas n\u2019a pas pour objectif d\u2019augmenter le nombre de naissances, mais plut\u00f4t de <span style=\"text-decoration: underline; color: #0000ff;\"><a style=\"color: #0000ff; text-decoration: underline;\" href=\"https:\/\/www.cairn.info\/revue-population-et-societes-2014-6-page-1.htm\">permettre<\/a> <\/span>aux parents de pouvoir concilier le travail et la famille.<\/p>\n<figure><iframe loading=\"lazy\" src=\"https:\/\/www.youtube.com\/embed\/BhqMRsAcJyI?wmode=transparent&amp;start=0\" width=\"440\" height=\"260\" frameborder=\"0\" allowfullscreen=\"allowfullscreen\"><\/iframe><figcaption><em><em><span class=\"caption\">La situation des femmes en Su\u00e8de.<\/span><\/em><\/em>\u00a0<\/figcaption><\/figure>\n<p>Ces pays cherchent en particulier \u00e0 favoriser le travail des femmes. Les taux d\u2019activit\u00e9 des femmes ont beau y \u00eatre les plus \u00e9lev\u00e9s d\u2019Europe, voire du monde, ils restent inf\u00e9rieurs \u00e0 ceux des hommes. Et la politique de l\u2019\u00c9tat vise \u00e0 r\u00e9duire ces \u00e9carts et \u00e0 arriver \u00e0 terme \u00e0 l\u2019\u00e9galit\u00e9 entre hommes et femmes sur le march\u00e9 du travail.<\/p>\n<p>Pour que les femmes aient plus d\u2019enfants, l\u2019id\u00e9e \u00e9tait r\u00e9pandue il y a encore quelques d\u00e9cennies qu\u2019il fallait qu\u2019elles retournent \u00e0 la maison. Or c\u2019est dans les pays o\u00f9 les femmes travaillent le plus qu\u2019elles ont le plus d\u2019enfants. Les taux d\u2019activit\u00e9 f\u00e9minine sont ainsi les plus \u00e9lev\u00e9s au nord de l\u2019Europe et les plus faibles au sud, et c\u2019est au nord que les femmes ont le plus d\u2019enfants, et non l\u2019inverse.<\/p>\n<h3>Les in\u00e9galit\u00e9s entre hommes et femmes\u00a0: moins marqu\u00e9es au nord qu\u2019au sud<\/h3>\n<p>De fa\u00e7on plus g\u00e9n\u00e9rale, ce qui importe est le statut des femmes par rapport aux hommes. Il est plus d\u00e9favorable au sud qu\u2019au nord de l\u2019Europe\u00a0: les in\u00e9galit\u00e9s entre hommes et femmes y sont plus marqu\u00e9es, au travail, et aussi dans la sph\u00e8re priv\u00e9e. <span style=\"text-decoration: underline; color: #0000ff;\"><a style=\"color: #0000ff; text-decoration: underline;\" href=\"https:\/\/hal.archives-ouvertes.fr\/file\/index\/docid\/657603\/filename\/LuciThevenon_INEDWP174.pdf\">Les t\u00e2ches<\/a><\/span> au sein du couple y sont par exemple moins bien partag\u00e9es.<\/p>\n<p>En l\u2019absence de mode de garde tout au long de la journ\u00e9e, l\u2019exercice d\u2019un emploi par les deux parents est impossible, et un des parents doit s\u2019arr\u00eater de travailler. Les hommes n\u2019envisagent pas de s\u2019occuper de leur nouveau-n\u00e9 au-del\u00e0 de quelques jours, et les <span style=\"text-decoration: underline;\"><span style=\"color: #0000ff;\"><a style=\"color: #0000ff; text-decoration: underline;\" href=\"https:\/\/wol.iza.org\/articles\/female-labor-force-participation-and-development\/long\">femmes<\/a><\/span><\/span> ne souhaitent pas d\u2019une vie de m\u00e8re au foyer comme leurs m\u00e8res ou leurs grand-m\u00e8res\u00a0; de plus les couples ont besoin de conserver deux revenus pour maintenir leur niveau de vie.<\/p>\n<figure><iframe loading=\"lazy\" src=\"https:\/\/www.youtube.com\/embed\/WGhfFEFUfZ8?wmode=transparent&amp;start=0\" width=\"440\" height=\"260\" frameborder=\"0\" allowfullscreen=\"allowfullscreen\"><\/iframe><figcaption><em><em><span class=\"caption\">\u00c9galit\u00e9 hommes-femmes au travail, le mod\u00e8le norv\u00e9gien.<\/span><\/em><\/em>\u00a0<\/figcaption><\/figure>\n<p>C\u2019est vrai en Europe comme dans de nombreux pays ailleurs dans le monde. Les couples repoussent donc \u00e0 plus tard l\u2019arriv\u00e9e d\u2019un enfant s\u2019il ne leur est pas possible de concilier travail et famille. \u00c0 force de la reporter, une partie des couples finissent par renoncer \u00e0 la naissance d\u00e9sir\u00e9e.<\/p>\n<p>Les politiques familiales des pays du nord de l\u2019Europe n\u2019ont pas pour objectif de soutenir la f\u00e9condit\u00e9 comme nous l\u2019avons d\u00e9j\u00e0 mentionn\u00e9. Leur f\u00e9condit\u00e9 relativement \u00e9lev\u00e9e est plut\u00f4t l\u2019une des cons\u00e9quences indirectes, non forc\u00e9ment souhait\u00e9e initialement, de politiques visant \u00e0 promouvoir <span style=\"text-decoration: underline; color: #0000ff;\"><a style=\"color: #0000ff; text-decoration: underline;\" href=\"https:\/\/onlinelibrary.wiley.com\/doi\/pdf\/10.1111\/j.1728-4457.2008.00246.x\">l\u2019\u00e9galit\u00e9<\/a> <\/span>entre les femmes et les hommes.<\/p>\n<h3>En France, une politique familiale ancienne, h\u00e9riti\u00e8re du\u00a0natalisme historique du pays<\/h3>\n<p>Au sein du gradient nord-sud de la f\u00e9condit\u00e9, la France d\u00e9tonne\u00a0: quoique situ\u00e9e au Centre-Ouest de l\u2019Europe, elle a la f\u00e9condit\u00e9 la plus \u00e9lev\u00e9e de la r\u00e9gion et se rattache aux pays du nord de ce point de vue (voir carte plus haut). Autre ressemblance avec eux, sa <span style=\"text-decoration: underline; color: #0000ff;\"><a style=\"color: #0000ff; text-decoration: underline;\" href=\"http:\/\/www.oecd.org\/fr\/els\/famille\/basededonnees.htm#politiques\">politique<\/a> <\/span>familiale repr\u00e9sente 3,7\u00a0% du PIB du pays en 2015, soit un taux relativement \u00e9lev\u00e9 comme dans les pays du Nord.<\/p>\n<p>La politique familiale fran\u00e7aise est l\u2019h\u00e9riti\u00e8re des politiques natalistes mises en place il y a plus d\u2019un si\u00e8cle pour tenter d\u2019enrayer les <span style=\"text-decoration: underline; color: #0000ff;\"><a style=\"color: #0000ff; text-decoration: underline;\" href=\"https:\/\/www.cairn.info\/revue-d-histoire-moderne-et-contemporaine-2005-2-page-228.htm\">tendances d\u00e9mographiques<\/a><\/span> de l\u2019\u00e9poque jug\u00e9es n\u00e9fastes. La population a en effet augment\u00e9 moins rapidement que celle des pays voisins au cours du XIX<sup>e<\/sup> si\u00e8cle et du d\u00e9but du XX<sup>e<\/sup>, elle a m\u00eame diminu\u00e9 avec les pertes militaires de la Premi\u00e8re Guerre mondiale. Il en a r\u00e9sult\u00e9 des mesures natalistes au sortir de la guerre, comme l\u2019interdiction de <span style=\"text-decoration: underline; color: #0000ff;\"><a style=\"color: #0000ff; text-decoration: underline;\" href=\"https:\/\/www.ined.fr\/fr\/publications\/editions\/etudes-enquetes-historiques\/gouverner-les-moeurs\/\">l\u2019avortement<\/a><\/span> et la limitation de la contraception, l\u2019information \u00e0 son propos \u00e9tant en particulier d\u00e9fendue.<\/p>\n<p>La politique familiale mise en place au sortir de la Deuxi\u00e8me Guerre mondiale s\u2019est d\u00e9lest\u00e9e progressivement des mesures les plus natalistes, avec notamment la lib\u00e9ration de la contraception et de l\u2019avortement dans les ann\u00e9es\u00a01960 et 1970.<\/p>\n<figure><iframe loading=\"lazy\" src=\"https:\/\/www.youtube.com\/embed\/LgDrHX9LmF8?wmode=transparent&amp;start=0\" width=\"440\" height=\"260\" frameborder=\"0\" allowfullscreen=\"allowfullscreen\"><\/iframe><figcaption><em><em><span class=\"caption\">Simone Veil pr\u00e9sente la loi IVG \u00e0 l\u2019Assembl\u00e9e Nationale | Archive INA.<\/span><\/em><\/em>\u00a0<\/figcaption><\/figure>\n<p>R\u00e9guli\u00e8rement adapt\u00e9e depuis, la politique familiale a cherch\u00e9 depuis quelques d\u00e9cennies \u00e0 promouvoir l\u2019activit\u00e9 des femmes et la <span style=\"text-decoration: underline; color: #0000ff;\"><a style=\"color: #0000ff; text-decoration: underline;\" href=\"https:\/\/www.ined.fr\/fichier\/s_rubrique\/19116\/448.fr.pdf\">conciliation<\/a> <\/span>entre l\u2019emploi et la famille comme dans les pays du Nord. Elle est aussi devenue pour l\u2019\u00c9tat un instrument de lutte contre la pauvret\u00e9, avec la cr\u00e9ation d\u2019aides cibl\u00e9es en direction des familles les plus d\u00e9favoris\u00e9es, notamment les familles monoparentales, se rapprochant de ce point de vue des politiques familiales des <span style=\"text-decoration: underline;\"><span style=\"color: #0000ff;\"><a style=\"color: #0000ff; text-decoration: underline;\" href=\"https:\/\/www.ined.fr\/fichier\/s_rubrique\/19116\/448.fr.pdf\">pays anglo-saxons<\/a><\/span><\/span> (Royaume-Uni, Irlande).<\/p>\n<p>Faut-il attribuer \u00e0 la politique familiale de la France sa premi\u00e8re place en Europe en mati\u00e8re de f\u00e9condit\u00e9\u00a0? Il y a sans doute un lien entre les deux, mais sans qu\u2019il soit possible de quantifier l\u2019effet pr\u00e9cis de chaque dispositif particulier, tant la politique familiale fran\u00e7aise est complexe, avec un ensemble de <span style=\"text-decoration: underline; color: #0000ff;\"><a style=\"color: #0000ff; text-decoration: underline;\" href=\"https:\/\/www.cairn.info\/journal-informations-sociales-2014-3-page-50.htm\">mesures diverses<\/a><\/span> aux objectifs vari\u00e9s interagissant les unes avec les autres.<\/p>\n<figure><iframe loading=\"lazy\" src=\"https:\/\/www.youtube.com\/embed\/NzeBpRipBWs?wmode=transparent&amp;start=0\" width=\"440\" height=\"260\" frameborder=\"0\" allowfullscreen=\"allowfullscreen\"><\/iframe><figcaption><em><em><span class=\"caption\">Natalit\u00e9\u00a0: la France toujours championne\u00a0?<\/span><\/em><\/em>\u00a0<\/figcaption><\/figure>\n<p>L\u2019influence de la politique familiale fran\u00e7aise est sans doute la plus visible quand survient une crise, car elle peut alors jouer un r\u00f4le d\u2019amortisseur.<\/p>\n<h3>La crise financi\u00e8re de 2007-2008 et la baisse de\u00a0f\u00e9condit\u00e9 qui a\u00a0suivi<\/h3>\n<p>La f\u00e9condit\u00e9 est rest\u00e9e relativement \u00e9lev\u00e9e dans les pays du nord de l\u2019Europe tout au long des trois derni\u00e8res d\u00e9cennies, mais l\u2019indicateur de f\u00e9condit\u00e9 a cependant fluctu\u00e9. Il \u00e9tait \u00e0 la hausse au d\u00e9but des ann\u00e9es\u00a02000, la tendance s\u2019inversant ensuite et <span style=\"text-decoration: underline; color: #0000ff;\"><a style=\"color: #0000ff; text-decoration: underline;\" href=\"https:\/\/www.ined.fr\/fichier\/s_rubrique\/19122\/454.fr.pdf\">l\u2019indicateur<\/a> <\/span>diminuant fortement apr\u00e8s 2008 (figure 3). Ce renversement est li\u00e9 \u00e0 la crise financi\u00e8re de 2007-2008.<\/p>\n<figure class=\"align-center \">\n<p><div style=\"width: 610px\" class=\"wp-caption aligncenter\"><img loading=\"lazy\" decoding=\"async\" src=\"https:\/\/images.theconversation.com\/files\/369264\/original\/file-20201113-23-1wtvl2v.jpg?ixlib=rb-1.1.0&amp;q=45&amp;auto=format&amp;w=754&amp;fit=clip\" sizes=\"(min-width: 1466px) 754px, (max-width: 599px) 100vw, (min-width: 600px) 600px, 237px\" srcset=\"https:\/\/images.theconversation.com\/files\/369264\/original\/file-20201113-23-1wtvl2v.jpg?ixlib=rb-1.1.0&amp;q=45&amp;auto=format&amp;w=600&amp;h=1135&amp;fit=crop&amp;dpr=1 600w, https:\/\/images.theconversation.com\/files\/369264\/original\/file-20201113-23-1wtvl2v.jpg?ixlib=rb-1.1.0&amp;q=30&amp;auto=format&amp;w=600&amp;h=1135&amp;fit=crop&amp;dpr=2 1200w, https:\/\/images.theconversation.com\/files\/369264\/original\/file-20201113-23-1wtvl2v.jpg?ixlib=rb-1.1.0&amp;q=15&amp;auto=format&amp;w=600&amp;h=1135&amp;fit=crop&amp;dpr=3 1800w, https:\/\/images.theconversation.com\/files\/369264\/original\/file-20201113-23-1wtvl2v.jpg?ixlib=rb-1.1.0&amp;q=45&amp;auto=format&amp;w=754&amp;h=1427&amp;fit=crop&amp;dpr=1 754w, https:\/\/images.theconversation.com\/files\/369264\/original\/file-20201113-23-1wtvl2v.jpg?ixlib=rb-1.1.0&amp;q=30&amp;auto=format&amp;w=754&amp;h=1427&amp;fit=crop&amp;dpr=2 1508w, https:\/\/images.theconversation.com\/files\/369264\/original\/file-20201113-23-1wtvl2v.jpg?ixlib=rb-1.1.0&amp;q=15&amp;auto=format&amp;w=754&amp;h=1427&amp;fit=crop&amp;dpr=3 2262w\" alt=\"\" width=\"600\" height=\"1135\" \/><p class=\"wp-caption-text\">Figure 3. \u00c9volution de l\u2019indicateur conjoncturel de f\u00e9condit\u00e9 depuis 2000\u00a0dans une s\u00e9lection de pays europ\u00e9ens et aux \u00c9tats-Unis.figure adapt\u00e9e de Gilles Pison, 2020 &#8212; \u00ab\u00a0France\u00a0: la f\u00e9condit\u00e9 la plus \u00e9lev\u00e9e d\u2019Europe\u00a0\u00bb, Population et Soci\u00e9t\u00e9s, n\u00b0 575, 4 p, Author provided : https:\/\/www.cairn.info\/revue-population-et-societes-2020-3-page-1.htm<\/p><\/div><figcaption><\/figcaption><\/figure>\n<p>La r\u00e9cession \u00e9conomique et la mont\u00e9e du ch\u00f4mage que la crise a entra\u00een\u00e9es ont en effet rendu le futur plus incertain. Une partie des couples ont report\u00e9 leur projet de f\u00e9condit\u00e9 en attendant des jours meilleurs.<\/p>\n<p>La France n\u2019a pas \u00e9t\u00e9 \u00e9pargn\u00e9e par ce retournement, mais la baisse y a \u00e9t\u00e9 plus modeste qu\u2019ailleurs. Aux \u00c9tats-Unis, l\u2019indicateur de f\u00e9condit\u00e9 atteignait 2,12\u00a0enfants par femme au d\u00e9but de la crise, en 2007, et il a recul\u00e9 \u00e0 1,73\u00a0enfant en 2018 (soit une baisse de 23\u00a0%) (figure 3). En Norv\u00e8ge, il a recul\u00e9 de 1,96 en 2008 \u00e0 1,56 en 2018 (une baisse de 26\u00a0%). La France, sans faire exception, a connu une <span style=\"text-decoration: underline;\"><span style=\"color: #0000ff; text-decoration: underline;\"><a style=\"color: #0000ff; text-decoration: underline;\" href=\"https:\/\/www.ined.fr\/fichier\/s_rubrique\/19122\/454.fr.pdf\">baisse<\/a> <\/span><\/span>bien plus modeste (moins 8\u00a0% entre 2008 et 2018). Et les fluctuations de l\u2019indicateur y ont \u00e9t\u00e9 moins heurt\u00e9es (figure 3). Sans doute un r\u00e9sultat des politiques sociales et familiales qui ont amorti le choc de la crise et les effets du ch\u00f4mage.<\/p>\n<p>La crise sanitaire li\u00e9e au Covid-19 sera l\u2019occasion de v\u00e9rifier \u00e0 nouveau ce r\u00f4le d\u2019amortisseur. Lors du confinement du printemps 2020, certains ont pens\u00e9 qu\u2019il y aurait un baby-boom neuf mois apr\u00e8s, l\u2019un des arguments \u00e9tant que les ventes de tests de grossesse avaient alors augment\u00e9 en France. Or les demandes d\u2019interruptions volontaires de grossesse (IVG) ont elles-aussi augment\u00e9, signe d\u2019une hausse des grossesses non d\u00e9sir\u00e9es li\u00e9e \u00e0 des difficult\u00e9s d\u2019acc\u00e8s \u00e0 la contraception pendant le confinement. L\u2019\u00e9pid\u00e9mie de Covid-19 et la crise \u00e9conomique qui en r\u00e9sulte pourraient entrainer plut\u00f4t une baisse des naissances et de l\u2019indicateur conjoncturel de f\u00e9condit\u00e9. Si c\u2019est le cas, la baisse sera-t-elle uniforme en Europe, ou plus prononc\u00e9e dans les pays ayant d\u00e9j\u00e0 la f\u00e9condit\u00e9 la plus basse\u00a0? R\u00e9ponse dans quelques mois, lorsque les enfants con\u00e7us pendant la crise seront n\u00e9s.<\/p>\n<hr \/>\n<p><em>Ce texte est adapt\u00e9 d\u2019un article publi\u00e9 par l\u2019auteur dans Population et Soci\u00e9t\u00e9s n\u00b0 575, <span style=\"text-decoration: underline;\"><span style=\"color: #0000ff;\"><a style=\"color: #0000ff; text-decoration: underline;\" href=\"https:\/\/www.cairn.info\/revue-population-et-societes-2020-3-page-1.htm\">\u00ab\u00a0France\u00a0: la f\u00e9condit\u00e9 la plus \u00e9lev\u00e9e d\u2019Europe\u00a0\u00bb<\/a><\/span><\/span>.<\/em><\/p>\n<p><a href=\"https:\/\/theconversation.com\/profiles\/gilles-pison-388789\"><span style=\"text-decoration: underline; color: #0000ff;\">Gilles Pison<\/span><\/a>, Anthropologue et d\u00e9mographe, professeur au Mus\u00e9um national d&rsquo;histoire naturelle et chercheur associ\u00e9 \u00e0 l&rsquo;INED, <span style=\"text-decoration: underline; color: #0000ff;\"><em><a style=\"color: #0000ff; text-decoration: underline;\" href=\"https:\/\/theconversation.com\/institutions\/museum-national-dhistoire-naturelle-mnhn-2191\">Mus\u00e9um national d\u2019histoire naturelle (MNHN)<\/a><\/em><\/span><\/p>\n<p>Cet article est republi\u00e9 \u00e0 partir de <span style=\"text-decoration: underline; color: #0000ff;\"><a style=\"color: #0000ff; text-decoration: underline;\" href=\"https:\/\/theconversation.com\">The Conversation<\/a><\/span> sous licence Creative Commons. Lire l\u2019<span style=\"text-decoration: underline; color: #0000ff;\"><a style=\"color: #0000ff; text-decoration: underline;\" href=\"https:\/\/theconversation.com\/pourquoi-fait-on-plus-denfants-dans-le-nord-de-leurope-que-dans-le-sud-150044\">article original<\/a><\/span>.<\/p>\n<p><!-- Ci-dessous se trouve le compteur de pages de The Conversation. Veuillez ne pas l'enlever. --><img loading=\"lazy\" decoding=\"async\" style=\"border: none !important; box-shadow: none !important; margin: 0 !important; max-height: 1px !important; max-width: 1px !important; min-height: 1px !important; min-width: 1px !important; opacity: 0 !important; outline: none !important; padding: 0 !important; text-shadow: none !important;\" src=\"https:\/\/counter.theconversation.com\/content\/150044\/count.gif?distributor=republish-lightbox-basic\" alt=\"The Conversation\" width=\"1\" height=\"1\" \/><!-- Fin du code. Si vous ne voyez aucun code ci-dessus, veuillez obtenir un nouveau code dans l'onglet \u00ab Avanc\u00e9 \u00bb apr\u00e8s avoir cliqu\u00e9 sur le bouton \u00ab Republier \u00bb. Le compteur de pages ne collecte aucune donn\u00e9e personnelle. Plus d'informations : http:\/\/theconversation.com\/republishing-guidelines --><\/p>\n<p><img loading=\"lazy\" decoding=\"async\" src=\"https:\/\/counter.theconversation.com\/content\/150044\/count.gif?distributor=republish-lightbox-advanced\" alt=\"The Conversation\" width=\"1\" height=\"1\" style=\"border: none !important; box-shadow: none !important; margin: 0 !important; max-height: 1px !important; max-width: 1px !important; min-height: 1px !important; min-width: 1px !important; opacity: 0 !important; outline: none !important; padding: 0 !important\" \/><\/p>\n<p><iframe loading=\"lazy\" src=\"https:\/\/counter.theconversation.com\/content\/150044\/count.gif?distributor=republish-lightbox-advanced\" width=\"1\" height=\"1\"><\/iframe><\/p>\n","protected":false},"excerpt":{"rendered":"<p>Cet article\u00a0 de Gilles Pison (Mus\u00e9um national d\u2019histoire naturelle (MNHN) est republi\u00e9 \u00e0 partir de The Conversation sous licence Creative Commons. Lire l\u2019article original. &nbsp; En Europe, les femmes mettent au monde 1,6\u00a0enfant en moyenne chacune. Cette moyenne cache cependant de grandes variations d\u2019un pays \u00e0 l\u2019autre. Les Espagnoles, qui ont 1,26\u00a0enfant en moyenne, font [&hellip;]<\/p>\n","protected":false},"author":337,"featured_media":5537,"comment_status":"open","ping_status":"open","sticky":false,"template":"","format":"standard","meta":{"_et_pb_use_builder":"","_et_pb_old_content":"","_et_gb_content_width":"","_exactmetrics_skip_tracking":false,"_exactmetrics_sitenote_active":false,"_exactmetrics_sitenote_note":"","_exactmetrics_sitenote_category":0,"footnotes":""},"categories":[236],"tags":[],"class_list":["post-5531","post","type-post","status-publish","format-standard","has-post-thumbnail","hentry","category-demographie-societe","et-has-post-format-content","et_post_format-et-post-format-standard"],"_links":{"self":[{"href":"https:\/\/variances.eu\/index.php?rest_route=\/wp\/v2\/posts\/5531","targetHints":{"allow":["GET"]}}],"collection":[{"href":"https:\/\/variances.eu\/index.php?rest_route=\/wp\/v2\/posts"}],"about":[{"href":"https:\/\/variances.eu\/index.php?rest_route=\/wp\/v2\/types\/post"}],"author":[{"embeddable":true,"href":"https:\/\/variances.eu\/index.php?rest_route=\/wp\/v2\/users\/337"}],"replies":[{"embeddable":true,"href":"https:\/\/variances.eu\/index.php?rest_route=%2Fwp%2Fv2%2Fcomments&post=5531"}],"version-history":[{"count":0,"href":"https:\/\/variances.eu\/index.php?rest_route=\/wp\/v2\/posts\/5531\/revisions"}],"wp:featuredmedia":[{"embeddable":true,"href":"https:\/\/variances.eu\/index.php?rest_route=\/wp\/v2\/media\/5537"}],"wp:attachment":[{"href":"https:\/\/variances.eu\/index.php?rest_route=%2Fwp%2Fv2%2Fmedia&parent=5531"}],"wp:term":[{"taxonomy":"category","embeddable":true,"href":"https:\/\/variances.eu\/index.php?rest_route=%2Fwp%2Fv2%2Fcategories&post=5531"},{"taxonomy":"post_tag","embeddable":true,"href":"https:\/\/variances.eu\/index.php?rest_route=%2Fwp%2Fv2%2Ftags&post=5531"}],"curies":[{"name":"wp","href":"https:\/\/api.w.org\/{rel}","templated":true}]}}