{"id":5440,"date":"2020-11-23T07:25:23","date_gmt":"2020-11-23T05:25:23","guid":{"rendered":"http:\/\/variances.eu\/?p=5440"},"modified":"2020-11-23T08:50:22","modified_gmt":"2020-11-23T06:50:22","slug":"covid-19-contaminations-et-deces-au-miroir-de-lethnicite-2","status":"publish","type":"post","link":"https:\/\/variances.eu\/?p=5440","title":{"rendered":"Covid 19 : contaminations et d\u00e9c\u00e8s au miroir de l\u2019ethnicit\u00e9 (2)"},"content":{"rendered":"<p>[et_pb_section transparent_background=\u00a0\u00bboff\u00a0\u00bb allow_player_pause=\u00a0\u00bboff\u00a0\u00bb inner_shadow=\u00a0\u00bboff\u00a0\u00bb parallax=\u00a0\u00bboff\u00a0\u00bb parallax_method=\u00a0\u00bbon\u00a0\u00bb custom_padding=\u00a0\u00bb0px|0px|0px|0px\u00a0\u00bb make_fullwidth=\u00a0\u00bboff\u00a0\u00bb use_custom_width=\u00a0\u00bboff\u00a0\u00bb width_unit=\u00a0\u00bboff\u00a0\u00bb custom_width_px=\u00a0\u00bb1080px\u00a0\u00bb custom_width_percent=\u00a0\u00bb80%\u00a0\u00bb make_equal=\u00a0\u00bboff\u00a0\u00bb use_custom_gutter=\u00a0\u00bboff\u00a0\u00bb fullwidth=\u00a0\u00bboff\u00a0\u00bb specialty=\u00a0\u00bboff\u00a0\u00bb admin_label=\u00a0\u00bbsection\u00a0\u00bb disabled=\u00a0\u00bboff\u00a0\u00bb][et_pb_row make_fullwidth=\u00a0\u00bboff\u00a0\u00bb use_custom_width=\u00a0\u00bboff\u00a0\u00bb width_unit=\u00a0\u00bboff\u00a0\u00bb custom_width_px=\u00a0\u00bb1080px\u00a0\u00bb custom_width_percent=\u00a0\u00bb80%\u00a0\u00bb use_custom_gutter=\u00a0\u00bboff\u00a0\u00bb gutter_width=\u00a0\u00bb3&Prime; custom_padding=\u00a0\u00bb1px|0px|0px|0px\u00a0\u00bb allow_player_pause=\u00a0\u00bboff\u00a0\u00bb parallax=\u00a0\u00bboff\u00a0\u00bb parallax_method=\u00a0\u00bbon\u00a0\u00bb make_equal=\u00a0\u00bboff\u00a0\u00bb parallax_1=\u00a0\u00bboff\u00a0\u00bb parallax_method_1=\u00a0\u00bbon\u00a0\u00bb parallax_2=\u00a0\u00bboff\u00a0\u00bb parallax_method_2=\u00a0\u00bbon\u00a0\u00bb parallax_3=\u00a0\u00bboff\u00a0\u00bb parallax_method_3=\u00a0\u00bbon\u00a0\u00bb parallax_4=\u00a0\u00bboff\u00a0\u00bb parallax_method_4=\u00a0\u00bbon\u00a0\u00bb admin_label=\u00a0\u00bbrow\u00a0\u00bb disabled=\u00a0\u00bboff\u00a0\u00bb][et_pb_column type=\u00a0\u00bb4_4&Prime; disabled=\u00a0\u00bboff\u00a0\u00bb parallax=\u00a0\u00bboff\u00a0\u00bb parallax_method=\u00a0\u00bbon\u00a0\u00bb][et_pb_text background_layout=\u00a0\u00bblight\u00a0\u00bb text_orientation=\u00a0\u00bbleft\u00a0\u00bb admin_label=\u00a0\u00bbTexte\u00a0\u00bb use_border_color=\u00a0\u00bboff\u00a0\u00bb border_style=\u00a0\u00bbsolid\u00a0\u00bb disabled=\u00a0\u00bboff\u00a0\u00bb]<\/p>\n<p>Une plus forte contamination et une plus forte mortalit&eacute; due au Covid-19 ont &eacute;t&eacute; constat&eacute;es parmi les minorit&eacute;s ethniques autochtones, comme les Noirs, ou issues de migrations du Sud dans plusieurs pays occidentaux. En France, partant de ce constat, plusieurs analyses ont mis en &eacute;vidence une pr&eacute;pond&eacute;rance de facteurs sociaux plut&ocirc;t qu&rsquo;ethniques dans ces surcroits de contaminations <a href=\"#_ftn1\" name=\"_ftnref1\">[1]<\/a>. Ce second article, appuy&eacute; sur des travaux fran&ccedil;ais r&eacute;cents, entend prolonger le d&eacute;bat sur les facteurs explicatifs des contaminations et des d&eacute;c&egrave;s dus au Covid19, en incluant la dimension ethnique. En effet, s&rsquo;il n&rsquo;y pas de r&eacute;f&eacute;rentiel ethnique en usage dans les statistiques fran&ccedil;aises, cela ne veut pas dire que l&rsquo;on ignore tout des diff&eacute;rences qui renvoient &agrave; la notion d&rsquo;ethnicit&eacute; telle qu&rsquo;elle est cat&eacute;goris&eacute;e au Royaume-Uni ou aux &Eacute;tats-Unis. Ainsi, en d&eacute;pit des r&eacute;ticences fran&ccedil;aises &agrave; utiliser des cat&eacute;gories ethniques, la statistique publique propose des donn&eacute;es sur le pays de naissance et plusieurs enqu&ecirc;tes sur fonds publics ont collect&eacute; des &eacute;l&eacute;ments d&rsquo;information sur l&rsquo;ethnicit&eacute;.<\/p>\n<h3><strong>Le Covid-19 affecte-t-il certains groupes d&rsquo;origine plus que d&rsquo;autres&nbsp;?<\/strong><\/h3>\n<p>Y a-t-il, en France, une diff&eacute;rence dans les taux de contamination entre les groupes, notamment autochtone, noirs et maghr&eacute;bins&nbsp;? Warszawski et alii. (2020) viennent de publier de premiers r&eacute;sultats de l&rsquo;enqu&ecirc;te Epicov. Cette &eacute;tude d&eacute;termine les pr&eacute;valences au Covid-19, en contr&ocirc;lant diverses caract&eacute;ristiques sociod&eacute;mographiques, mais aussi les consommations d&rsquo;alcool et le lieu de naissance de la personne ou de ses parents.<\/p>\n<p>L&rsquo;&eacute;tude montre que la s&eacute;ropr&eacute;valence pour le Covid-19 enregistr&eacute;e en juin 2020 s&rsquo;&eacute;l&egrave;ve &agrave; 4,5 % parmi les personnes de 15 ans et plus <a href=\"#_ftn2\" name=\"_ftnref2\">[2]<\/a>. La s&eacute;ropr&eacute;valence est, selon les autrices et auteurs, fortement affect&eacute;e par la densit&eacute; urbaine, le nombre de personnes dans le logement ainsi que la petitesse relative du logement par rapport &agrave; la taille de la famille. Les taux de s&eacute;ropositivit&eacute; s&rsquo;&eacute;l&egrave;vent avec l&rsquo;&acirc;ge jusque vers 50 ans et d&eacute;clinent au-del&agrave;. Si les taux de contaminations sont plus faibles au-del&agrave; de 50 ans, les personnes &acirc;g&eacute;es de plus de 65 ans sont beaucoup plus susceptibles de d&eacute;c&eacute;der de la maladie. Rester actif, notamment si l&rsquo;on ne peut recourir au t&eacute;l&eacute;travail, cohabiter avec une personne malade, ont &eacute;t&eacute; identifi&eacute;s comme facteurs corr&eacute;l&eacute;s &agrave; la s&eacute;ropr&eacute;valence. Compar&eacute;s au groupe majoritaire en France, seuls les immigr&eacute;s n&eacute;s hors d&rsquo;Europe pr&eacute;sentent un risque intrins&egrave;que de contamination plus fort, non significatif toutefois quand on contr&ocirc;le les facteurs sociod&eacute;mographiques et le niveau de vie. Warszawski et alii &eacute;crivent que &laquo;&nbsp;la diff&eacute;rence de pr&eacute;valence d&rsquo;anticorps entre les personnes immigr&eacute;es et non immigr&eacute;es dispara&icirc;t compl&egrave;tement lorsqu&rsquo;on prend en compte les conditions de vie socio-&eacute;conomiques et d&rsquo;habitat&nbsp;&raquo;, ce qui confirme les hypoth&egrave;ses sugg&eacute;r&eacute;es pr&eacute;c&eacute;demment par Bajos et alii (2020)&nbsp;sur l&rsquo;importance des facteurs socio-&eacute;conomiques. Ainsi, la recherche cit&eacute;e affirme qu&rsquo;en France l&rsquo;ethnicit&eacute; s&rsquo;efface derri&egrave;re les d&eacute;terminations sociales et qu&rsquo;il n&rsquo;y a pas d&rsquo;effet ind&eacute;pendant de l&rsquo;origine ethnoculturelle sur les taux de contamination mais seulement des effets m&eacute;diatis&eacute;s par les facteurs sociaux. Cependant, le r&ocirc;le des pathologies sous-jacentes n&rsquo;a pas &eacute;t&eacute; abord&eacute; dans ces premi&egrave;res publications <a href=\"#_ftn3\" name=\"_ftnref3\">[3]<\/a>.<\/p>\n<p>En revanche, Papon et Robert-Bob&eacute;e, observant aussi une surmortalit&eacute; des personnes d&rsquo;origines &eacute;trang&egrave;res en France, notamment parce qu&rsquo;elle se manifeste &agrave; des &acirc;ges inf&eacute;rieurs <a href=\"#_ftn4\" name=\"_ftnref4\">[4]<\/a>, soulignent que le surcro&icirc;t de d&eacute;c&egrave;s des immigr&eacute;s r&eacute;sulte d&rsquo;une conjonction de facteurs d&eacute;favorables qui leur est sp&eacute;cifique.<\/p>\n<h3><strong>De fortes diff&eacute;rences de l&eacute;talit&eacute; suivant le lieu de naissance<\/strong><\/h3>\n<p>L&rsquo;absence dans notre pays de protocoles ais&eacute;ment accessibles permettant d&rsquo;apparier des donn&eacute;es g&eacute;n&eacute;tiques, de sant&eacute; et des caract&eacute;ristiques socio-culturelles rend difficile l&rsquo;analyse de la variance individuelle des d&eacute;c&egrave;s. Cependant, dans un souci de transparence, l&rsquo;Insee a mis en ligne d&egrave;s le mois de juin les fichiers d&rsquo;&eacute;tat-civil mentionnant le lieu de naissance des personnes d&eacute;c&eacute;d&eacute;es <a href=\"#_ftn5\" name=\"_ftnref5\">[5]<\/a>. Le ratio des d&eacute;c&egrave;s du printemps 2020 par rapport &agrave; ceux de la m&ecirc;me p&eacute;riode au cours des ann&eacute;es 2017-2019, calcul&eacute; par d&eacute;partement, sexe et classe d&rsquo;&acirc;ge, peut alors &ecirc;tre mis en regard du contexte d&eacute;mographique, social et m&eacute;dical local.<\/p>\n<p>Les fichiers d&rsquo;&eacute;tat-civil distinguent les personnes n&eacute;es en France m&eacute;tropolitaine, dans les d&eacute;partements d&rsquo;outre-mer et les pays &eacute;trangers. On a retenu de grands groupes&nbsp;d&rsquo;origine : l&rsquo;Europe, l&rsquo;Afrique du Nord, l&rsquo;Afrique noire et les Antilles, et l&rsquo;Asie. Au printemps 2020, pr&egrave;s de quatre d&eacute;c&egrave;s sur cinq concernent des personnes n&eacute;es en France m&eacute;tropolitaine. Plusieurs groupes de personnes d&rsquo;origine &eacute;trang&egrave;re ont connu une surmortalit&eacute; importante : les personnes n&eacute;es en Afrique noire, dans les d&eacute;partements fran&ccedil;ais d&rsquo;outre-mer et &agrave; Ha&iuml;ti et, dans une moindre mesure, au Maghreb. Il n&rsquo;y a pas de surmortalit&eacute; des migrants n&eacute;s dans les pays europ&eacute;ens. Certes, la proportion de personnes n&eacute;es en Afrique ou dans les Antilles ne correspond pas &agrave; la proportion de Noirs dans les jeunes g&eacute;n&eacute;rations actuelles, mais ce n&rsquo;est pas un biais majeur ici, car parmi les personnes d&rsquo;ascendance africaine noire n&eacute;es dans les ann&eacute;es 1950-60, plus de 80 % sont n&eacute;es en Afrique. Or la Covid-19 est surtout mortelle pour les personnes &acirc;g&eacute;es. Si le nombre total des immigr&eacute;s n&eacute;s au sud, morts du coronavirus para&icirc;t modeste, les ratios immigr&eacute;s d&rsquo;Afrique\/m&eacute;tropolitains ne sont pas si diff&eacute;rents du ratio am&eacute;ricain Noirs\/Blancs.&nbsp;<\/p>\n<h2 style=\"text-align: center;\"><\/h2>\n<p>[\/et_pb_text][\/et_pb_column][\/et_pb_row][et_pb_row make_fullwidth=\u00a0\u00bboff\u00a0\u00bb use_custom_width=\u00a0\u00bboff\u00a0\u00bb width_unit=\u00a0\u00bboff\u00a0\u00bb custom_width_px=\u00a0\u00bb1080px\u00a0\u00bb custom_width_percent=\u00a0\u00bb80%\u00a0\u00bb use_custom_gutter=\u00a0\u00bboff\u00a0\u00bb gutter_width=\u00a0\u00bb3&Prime; custom_padding=\u00a0\u00bb13px|0px|2px|0px\u00a0\u00bb allow_player_pause=\u00a0\u00bboff\u00a0\u00bb parallax=\u00a0\u00bboff\u00a0\u00bb parallax_method=\u00a0\u00bbon\u00a0\u00bb make_equal=\u00a0\u00bboff\u00a0\u00bb parallax_1=\u00a0\u00bboff\u00a0\u00bb parallax_method_1=\u00a0\u00bbon\u00a0\u00bb parallax_2=\u00a0\u00bboff\u00a0\u00bb parallax_method_2=\u00a0\u00bbon\u00a0\u00bb parallax_3=\u00a0\u00bboff\u00a0\u00bb parallax_method_3=\u00a0\u00bbon\u00a0\u00bb parallax_4=\u00a0\u00bboff\u00a0\u00bb parallax_method_4=\u00a0\u00bbon\u00a0\u00bb disabled=\u00a0\u00bboff\u00a0\u00bb][et_pb_column type=\u00a0\u00bb4_4&Prime; disabled=\u00a0\u00bboff\u00a0\u00bb parallax=\u00a0\u00bboff\u00a0\u00bb parallax_method=\u00a0\u00bbon\u00a0\u00bb][et_pb_text background_layout=\u00a0\u00bblight\u00a0\u00bb text_orientation=\u00a0\u00bbleft\u00a0\u00bb background_color=\u00a0\u00bbrgba(234,234,234,0.83)\u00a0\u00bb use_border_color=\u00a0\u00bboff\u00a0\u00bb border_style=\u00a0\u00bbsolid\u00a0\u00bb disabled=\u00a0\u00bboff\u00a0\u00bb]<\/p>\n<h5 style=\"text-align: center;\">\u00a0 \u00a0<\/h5>\n<h5 style=\"text-align: center;\">France : Exc\u00e8s de d\u00e9c\u00e8s 2020 vs 2017-19 parmi les personnes n\u00e9es en France m\u00e9tropolitaine<\/h5>\n<h5 style=\"text-align: center;\">et n\u00e9es en\u00a0Afrique noire, au Maghreb, dans les Antilles et la R\u00e9union (mars \u00e0 septembre)<\/h5>\n<p><img loading=\"lazy\" decoding=\"async\" class=\"wp-image-5445 aligncenter size-full\" src=\"wp-content\/uploads\/2020\/11\/IM1.png\" alt=\"\" width=\"983\" height=\"626\" srcset=\"https:\/\/variances.eu\/wp-content\/uploads\/2020\/11\/IM1.png 983w, https:\/\/variances.eu\/wp-content\/uploads\/2020\/11\/IM1-300x191.png 300w, https:\/\/variances.eu\/wp-content\/uploads\/2020\/11\/IM1-600x382.png 600w\" sizes=\"(max-width: 983px) 100vw, 983px\" \/><\/p>\n<p>Source : exploitation des donn\u00e9es d\u2019\u00e9tat-civil fournies par l\u2019Insee. L\u2019Afrique inclut le Maghreb, les Dom\/Tom et les personnes n\u00e9es \u00e0 Ha\u00efti. Les pics de mortalit\u00e9 dans le groupe majoritaire des 25 juin et 15 ao\u00fbt ne semblent pas li\u00e9es au Covid19, mais correspondent aux p\u00e9riodes caniculaires de l\u2019\u00e9t\u00e9 2020.<\/p>\n<p>[\/et_pb_text][\/et_pb_column][\/et_pb_row][et_pb_row make_fullwidth=\u00a0\u00bboff\u00a0\u00bb use_custom_width=\u00a0\u00bboff\u00a0\u00bb width_unit=\u00a0\u00bboff\u00a0\u00bb custom_width_px=\u00a0\u00bb1080px\u00a0\u00bb custom_width_percent=\u00a0\u00bb80%\u00a0\u00bb use_custom_gutter=\u00a0\u00bboff\u00a0\u00bb gutter_width=\u00a0\u00bb3&Prime; custom_padding=\u00a0\u00bb11px|0px|0px|0px\u00a0\u00bb allow_player_pause=\u00a0\u00bboff\u00a0\u00bb parallax=\u00a0\u00bboff\u00a0\u00bb parallax_method=\u00a0\u00bbon\u00a0\u00bb make_equal=\u00a0\u00bboff\u00a0\u00bb parallax_1=\u00a0\u00bboff\u00a0\u00bb parallax_method_1=\u00a0\u00bbon\u00a0\u00bb parallax_2=\u00a0\u00bboff\u00a0\u00bb parallax_method_2=\u00a0\u00bbon\u00a0\u00bb parallax_3=\u00a0\u00bboff\u00a0\u00bb parallax_method_3=\u00a0\u00bbon\u00a0\u00bb parallax_4=\u00a0\u00bboff\u00a0\u00bb parallax_method_4=\u00a0\u00bbon\u00a0\u00bb admin_label=\u00a0\u00bbrow\u00a0\u00bb disabled=\u00a0\u00bboff\u00a0\u00bb][et_pb_column type=\u00a0\u00bb4_4&Prime; disabled=\u00a0\u00bboff\u00a0\u00bb parallax=\u00a0\u00bboff\u00a0\u00bb parallax_method=\u00a0\u00bbon\u00a0\u00bb][et_pb_text background_layout=\u00a0\u00bblight\u00a0\u00bb text_orientation=\u00a0\u00bbleft\u00a0\u00bb admin_label=\u00a0\u00bbTexte\u00a0\u00bb use_border_color=\u00a0\u00bboff\u00a0\u00bb border_style=\u00a0\u00bbsolid\u00a0\u00bb disabled=\u00a0\u00bboff\u00a0\u00bb]<\/p>\n<p>Le graphique ci-dessus sugg\u00e8re au premier regard que la surmortalit\u00e9 des minorit\u00e9s au printemps fut plus att\u00e9nu\u00e9e que celle du groupe majoritaire, mais ce n\u2019est pas toujours le cas. Consid\u00e9rons non pas la diff\u00e9rence entre les nombres de d\u00e9c\u00e8s du printemps 2020 et ceux des ann\u00e9es pr\u00e9c\u00e9dentes mais les ratios obtenus en divisant le nombre de d\u00e9c\u00e8s en 2020 par celui des ann\u00e9es pr\u00e9c\u00e9dentes. Certes, ces ratios de d\u00e9c\u00e8s en France selon le pays de naissance n&rsquo;ont pas la m\u00eame signification qu\u2019aux \u00c9tats-Unis car les Afro-Am\u00e9ricains ne sont pas des migrants. De plus, les effectifs concern\u00e9s diff\u00e8rent : les Afro-Am\u00e9ricains repr\u00e9sentent 12,5 % de la population am\u00e9ricaine alors que les personnes n\u00e9es en Afrique noire et r\u00e9sidant en France m\u00e9tropolitaine repr\u00e9sentent environ 1,8 % dans ces g\u00e9n\u00e9rations.<\/p>\n<p>[\/et_pb_text][\/et_pb_column][\/et_pb_row][et_pb_row make_fullwidth=\u00a0\u00bboff\u00a0\u00bb use_custom_width=\u00a0\u00bboff\u00a0\u00bb width_unit=\u00a0\u00bboff\u00a0\u00bb custom_width_px=\u00a0\u00bb1080px\u00a0\u00bb custom_width_percent=\u00a0\u00bb80%\u00a0\u00bb use_custom_gutter=\u00a0\u00bboff\u00a0\u00bb gutter_width=\u00a0\u00bb3&Prime; custom_padding=\u00a0\u00bb8px|0px|0px|0px\u00a0\u00bb allow_player_pause=\u00a0\u00bboff\u00a0\u00bb parallax=\u00a0\u00bboff\u00a0\u00bb parallax_method=\u00a0\u00bbon\u00a0\u00bb make_equal=\u00a0\u00bboff\u00a0\u00bb parallax_1=\u00a0\u00bboff\u00a0\u00bb parallax_method_1=\u00a0\u00bbon\u00a0\u00bb parallax_2=\u00a0\u00bboff\u00a0\u00bb parallax_method_2=\u00a0\u00bbon\u00a0\u00bb parallax_3=\u00a0\u00bboff\u00a0\u00bb parallax_method_3=\u00a0\u00bbon\u00a0\u00bb parallax_4=\u00a0\u00bboff\u00a0\u00bb parallax_method_4=\u00a0\u00bbon\u00a0\u00bb disabled=\u00a0\u00bboff\u00a0\u00bb][et_pb_column type=\u00a0\u00bb4_4&Prime; disabled=\u00a0\u00bboff\u00a0\u00bb parallax=\u00a0\u00bboff\u00a0\u00bb parallax_method=\u00a0\u00bbon\u00a0\u00bb][et_pb_text background_layout=\u00a0\u00bblight\u00a0\u00bb text_orientation=\u00a0\u00bbleft\u00a0\u00bb background_color=\u00a0\u00bbrgba(232,232,232,0.82)\u00a0\u00bb use_border_color=\u00a0\u00bboff\u00a0\u00bb border_style=\u00a0\u00bbsolid\u00a0\u00bb disabled=\u00a0\u00bboff\u00a0\u00bb]<\/p>\n<p>\u00a0<\/p>\n<h5 style=\"text-align: center;\">France : d\u00e9c\u00e8s 2020, ratios 2020\/2017-19 du 1<sup>er<\/sup> mars au 11 mai, selon le lieu de naissance<\/h5>\n<p><img loading=\"lazy\" decoding=\"async\" class=\"wp-image-5446 aligncenter size-full\" src=\"wp-content\/uploads\/2020\/11\/IM2.png\" alt=\"\" width=\"985\" height=\"404\" srcset=\"https:\/\/variances.eu\/wp-content\/uploads\/2020\/11\/IM2.png 985w, https:\/\/variances.eu\/wp-content\/uploads\/2020\/11\/IM2-300x123.png 300w, https:\/\/variances.eu\/wp-content\/uploads\/2020\/11\/IM2-600x246.png 600w\" sizes=\"(max-width: 985px) 100vw, 985px\" \/><\/p>\n<p>Sources :\u00a0 \u00c9tat-civil. Afrique noire\/Dom inclut Antilles, Guadeloupe, R\u00e9union et Ha\u00efti. On n\u2019a pas pr\u00e9sent\u00e9 dans le tableau les d\u00e9c\u00e8s des personnes d\u2019origine oc\u00e9anique, asiatique ou am\u00e9ricaine. Parmi les personnes n\u00e9es avant 1960, la part d\u2019immigr\u00e9s n\u00e9s hors d\u2019Europe ou d\u2019Afrique ou des Dom \u00e9tait tr\u00e8s faible.<\/p>\n<p>Note de lecture\u00a0: Ligne 1\u00a0: nombre de d\u00e9c\u00e8s par lieu de naissance\u00a0; Lignes 2-3-4,\u00a0: il y a eu 1,23 fois plus de d\u00e9c\u00e8s (+ 23%) en 2020 (1<sup>er<\/sup> mars \u2013 11 mai)) en France, comparativement \u00e0 la moyenne 2017-2019.<\/p>\n<p>Ligne 5\u00a0: Les personnes n\u00e9s au Maghreb ont connu une surmortalit\u00e9 de + 25\u00a0% (1,25 = 1,50 \/ 1,22), comparativement aux personnes n\u00e9es en m\u00e9tropole. A titre de comparaison (pour la ligne 5 du tableau <em>supra<\/em>) :<\/p>\n<h5 style=\"text-align: center;\">\u00c9tats-Unis\u00a0: risques relatifs de d\u00e9c\u00e8s selon l\u2019ethnicit\u00e9 (mars &#8211; avril 2020)<\/h5>\n<p><img loading=\"lazy\" decoding=\"async\" class=\"wp-image-5447 aligncenter size-full\" src=\"wp-content\/uploads\/2020\/11\/IM3.png\" alt=\"\" width=\"1011\" height=\"131\" srcset=\"https:\/\/variances.eu\/wp-content\/uploads\/2020\/11\/IM3.png 1011w, https:\/\/variances.eu\/wp-content\/uploads\/2020\/11\/IM3-300x39.png 300w, https:\/\/variances.eu\/wp-content\/uploads\/2020\/11\/IM3-600x78.png 600w\" sizes=\"(max-width: 1011px) 100vw, 1011px\" \/><\/p>\n<p>Source\u00a0<em>:<\/em> APM Research Lab, Color of Coronavirus. <a href=\"https:\/\/www.apmresearchlab.org\/Covid\/deaths-by-race\">https:\/\/www.apmresearchlab.org\/Covid\/deaths-by-race<\/a>. Le risque est calcul\u00e9 comme le ratio des d\u00e9c\u00e8s pour 100\u00a0000 entre groupes ethniques, au 24 juin 2020.\u00a0 Les cat\u00e9gorisations ethniques sont celles en usage aux Etats-Unis.<\/p>\n<p>[\/et_pb_text][\/et_pb_column][\/et_pb_row][et_pb_row make_fullwidth=\u00a0\u00bboff\u00a0\u00bb use_custom_width=\u00a0\u00bboff\u00a0\u00bb width_unit=\u00a0\u00bboff\u00a0\u00bb custom_width_px=\u00a0\u00bb1080px\u00a0\u00bb custom_width_percent=\u00a0\u00bb80%\u00a0\u00bb use_custom_gutter=\u00a0\u00bboff\u00a0\u00bb gutter_width=\u00a0\u00bb3&Prime; custom_padding=\u00a0\u00bb16px|0px|0px|0px\u00a0\u00bb allow_player_pause=\u00a0\u00bboff\u00a0\u00bb parallax=\u00a0\u00bboff\u00a0\u00bb parallax_method=\u00a0\u00bbon\u00a0\u00bb make_equal=\u00a0\u00bboff\u00a0\u00bb parallax_1=\u00a0\u00bboff\u00a0\u00bb parallax_method_1=\u00a0\u00bbon\u00a0\u00bb parallax_2=\u00a0\u00bboff\u00a0\u00bb parallax_method_2=\u00a0\u00bbon\u00a0\u00bb parallax_3=\u00a0\u00bboff\u00a0\u00bb parallax_method_3=\u00a0\u00bbon\u00a0\u00bb parallax_4=\u00a0\u00bboff\u00a0\u00bb parallax_method_4=\u00a0\u00bbon\u00a0\u00bb admin_label=\u00a0\u00bbrow\u00a0\u00bb disabled=\u00a0\u00bboff\u00a0\u00bb][et_pb_column type=\u00a0\u00bb4_4&Prime; disabled=\u00a0\u00bboff\u00a0\u00bb parallax=\u00a0\u00bboff\u00a0\u00bb parallax_method=\u00a0\u00bbon\u00a0\u00bb][et_pb_text background_layout=\u00a0\u00bblight\u00a0\u00bb text_orientation=\u00a0\u00bbleft\u00a0\u00bb admin_label=\u00a0\u00bbTexte\u00a0\u00bb use_border_color=\u00a0\u00bboff\u00a0\u00bb border_style=\u00a0\u00bbsolid\u00a0\u00bb disabled=\u00a0\u00bboff\u00a0\u00bb]<\/p>\n<p>Bien que d&rsquo;importance limit&eacute;e, la population issue des migrations africaines noires en France a p&acirc;ti du Covid19 proportionnellement plus que la population autochtone, ou que les migrants originaires du Maghreb -voir tableaux ci-dessus. &nbsp;Les diff&eacute;rences de risque de d&eacute;c&egrave;s entre les groupes ethniques d&eacute;pendent bien s&ucirc;r des taux de s&eacute;ropositivit&eacute; (Warsawski et alii montrent que la s&eacute;ropr&eacute;valence <em>brute <\/em>est deux fois plus &eacute;lev&eacute;e pour les immigr&eacute;s des pays non europ&eacute;ens). Mais la probabilit&eacute; de d&eacute;c&egrave;s sachant qu&rsquo;on est s&eacute;ropositif varie aussi fortement en fonction de l&rsquo;&eacute;tat de sant&eacute;, du sexe et surtout de l&rsquo;&acirc;ge <a href=\"#_ftn6\" name=\"_ftnref6\">[6]<\/a>. Faute de conna&icirc;tre les taux de s&eacute;ropositivit&eacute; d&eacute;partementaux de fa&ccedil;on pr&eacute;cise, le nombre des tests ayant beaucoup vari&eacute; d&rsquo;un lieu &agrave; l&rsquo;autre, on peut cependant envisager de rendre compte de la mortalit&eacute; en fonction des caract&eacute;ristiques d&rsquo;ensemble de la population dans chaque d&eacute;partement.<\/p>\n<h3><strong>Interactions sociales, ethnicit&eacute; et pathologies sous-jacentes<\/strong><\/h3>\n<p>L&rsquo;analyse propos&eacute;e ici sur des donn&eacute;es d&eacute;partementales et non individuelles, ce qui repr&eacute;sente une limitation du point de vue &eacute;tiologique <a href=\"#_ftn7\" name=\"_ftnref7\">[7]<\/a>, identifie des facteurs affectant le risque de d&eacute;c&egrave;s d&ucirc; &agrave; la Covid19 au printemps 2020. L&rsquo;unit&eacute; d&rsquo;observation &laquo;&nbsp;d&eacute;partement&nbsp;&raquo; fonctionne comme un espace de comparaison impliquant l&rsquo;examen d&rsquo;une centaine de situations locales.<\/p>\n<p>Le risque de mortalit&eacute; dans un d&eacute;partement d&eacute;pend d&rsquo;abord de l&rsquo;environnement externe partag&eacute;&nbsp;: les facteurs d&eacute;mographiques (la densit&eacute; humaine du d&eacute;partement), &eacute;conomiques (la disparit&eacute; des revenus), sociaux (la taille moyenne des m&eacute;nages et le surpeuplement). Elle prend &eacute;galement en compte, via les b&eacute;n&eacute;ficiaires d&rsquo;affections de longue dur&eacute;e (ALD) et les recours &agrave; l&rsquo;hospitalisation de courte dur&eacute;e <a href=\"#_ftn8\" name=\"_ftnref8\">[8]<\/a>, des indicateurs des caract&eacute;ristiques individuelles des r&eacute;sidents &ndash; structure d&rsquo;&acirc;ge, pr&eacute;valence des pathologies connues pour faciliter la p&eacute;n&eacute;tration du virus ou stimuler des r&eacute;ponses inflammatoires et enfin, puisque tel est le sujet, poids des minorit&eacute;s.<\/p>\n<p>Les conditions de vie d&rsquo;abord. La densit&eacute; d&eacute;partementale de la population, mesur&eacute;e en nombre de personnes par kilom&egrave;tre carr&eacute;, s&rsquo;av&egrave;re &ecirc;tre un d&eacute;terminant stable du surcro&icirc;t de victimes. Le surpeuplement a &eacute;t&eacute; invoqu&eacute; comme facteur de contamination des seniors lorsque les mesures de confinement n&rsquo;&eacute;taient pas en place ou suivies de fa&ccedil;on l&acirc;che&nbsp;: &nbsp;l&rsquo;analyse d&eacute;partementale ne lui donne pas un r&ocirc;le significatif. En revanche, les d&eacute;partements o&ugrave; les personnes qui vivent dans des &laquo;&nbsp;m&eacute;nages complexes&nbsp;&raquo; <a href=\"#_ftn9\" name=\"_ftnref9\">[9]<\/a> sont relativement nombreuses, ont connu des taux de mortalit&eacute; &eacute;lev&eacute;s.<\/p>\n<p>L&rsquo;hypoth&egrave;se du r&ocirc;le de facteurs sociaux (faiblesse relative des revenus, importance de la tranche d&rsquo;&acirc;ge 40-55 ans pour laquelle il y a n&eacute;cessit&eacute; de se d&eacute;placer et peu de t&eacute;l&eacute;travail) n&rsquo;est nullement infirm&eacute;e ici, mais les intervalles de confiance sont assez larges.<\/p>\n<p>Parmi les pathologies, la proportion des diab&eacute;tiques pris en charge pour affection de longue dur&eacute;e est corr&eacute;l&eacute;e &agrave; une mortalit&eacute; beaucoup plus &eacute;lev&eacute;e. C&rsquo;est le facteur sant&eacute; le plus net. La proportion de prises en charge pour la tuberculose n&rsquo;est pas tr&egrave;s significative.<\/p>\n<p>En contr&ocirc;lant ces facteurs sociaux et sanitaires, la contribution &agrave; la variance d&eacute;partementale des d&eacute;c&egrave;s de la proportion des immigr&eacute;s du Maghreb s&rsquo;efface <a href=\"#_ftn10\">[10]<\/a>, mais celle des personnes n&eacute;es en Afrique noire garde un nette significativit&eacute;. Faute de donn&eacute;es individuelles repr&eacute;sentatives mentionnant &agrave; la fois le lieu de naissance et les pathologies sous-jacentes, on ne peut dire si cet effet dispara&icirc;trait comme dans les &eacute;tudes am&eacute;ricaines ou resterait marqu&eacute; comme dans les britanniques. Cela n&rsquo;a que tr&egrave;s peu transparu dans le d&eacute;bat public o&ugrave; s&rsquo;affirme une interpr&eacute;tation des diff&eacute;rences de contamination qui &eacute;carte l&rsquo;importance de l&rsquo;ethnicit&eacute; comme telle.<\/p>\n<h2 style=\"text-align: center;\"><\/h2>\n<p>[\/et_pb_text][\/et_pb_column][\/et_pb_row][et_pb_row make_fullwidth=\u00a0\u00bboff\u00a0\u00bb use_custom_width=\u00a0\u00bboff\u00a0\u00bb width_unit=\u00a0\u00bboff\u00a0\u00bb custom_width_px=\u00a0\u00bb1080px\u00a0\u00bb custom_width_percent=\u00a0\u00bb80%\u00a0\u00bb use_custom_gutter=\u00a0\u00bboff\u00a0\u00bb gutter_width=\u00a0\u00bb3&Prime; custom_padding=\u00a0\u00bb0px|0px|0px|0px\u00a0\u00bb allow_player_pause=\u00a0\u00bboff\u00a0\u00bb parallax=\u00a0\u00bboff\u00a0\u00bb parallax_method=\u00a0\u00bbon\u00a0\u00bb make_equal=\u00a0\u00bboff\u00a0\u00bb parallax_1=\u00a0\u00bboff\u00a0\u00bb parallax_method_1=\u00a0\u00bbon\u00a0\u00bb parallax_2=\u00a0\u00bboff\u00a0\u00bb parallax_method_2=\u00a0\u00bbon\u00a0\u00bb parallax_3=\u00a0\u00bboff\u00a0\u00bb parallax_method_3=\u00a0\u00bbon\u00a0\u00bb parallax_4=\u00a0\u00bboff\u00a0\u00bb parallax_method_4=\u00a0\u00bbon\u00a0\u00bb disabled=\u00a0\u00bboff\u00a0\u00bb][et_pb_column type=\u00a0\u00bb4_4&Prime; disabled=\u00a0\u00bboff\u00a0\u00bb parallax=\u00a0\u00bboff\u00a0\u00bb parallax_method=\u00a0\u00bbon\u00a0\u00bb][et_pb_text background_layout=\u00a0\u00bblight\u00a0\u00bb text_orientation=\u00a0\u00bbleft\u00a0\u00bb background_color=\u00a0\u00bbrgba(239,239,239,0.87)\u00a0\u00bb use_border_color=\u00a0\u00bboff\u00a0\u00bb border_style=\u00a0\u00bbsolid\u00a0\u00bb disabled=\u00a0\u00bboff\u00a0\u00bb]<\/p>\n<h5 style=\"text-align: center;\"><\/h5>\n<h5 style=\"text-align: center;\">Coefficients de r\u00e9gression (carr\u00e9s) et leur intervalle de confiance (barre noire) indiquant l&rsquo;influence de chaque variable sur le taux de d\u00e9c\u00e8s du covid 19<\/h5>\n<p><img loading=\"lazy\" decoding=\"async\" class=\"wp-image-5448 aligncenter size-full\" src=\"wp-content\/uploads\/2020\/11\/IM4.png\" alt=\"\" width=\"890\" height=\"711\" srcset=\"https:\/\/variances.eu\/wp-content\/uploads\/2020\/11\/IM4.png 890w, https:\/\/variances.eu\/wp-content\/uploads\/2020\/11\/IM4-300x240.png 300w, https:\/\/variances.eu\/wp-content\/uploads\/2020\/11\/IM4-600x479.png 600w\" sizes=\"(max-width: 890px) 100vw, 890px\" \/>Lecture\u00a0: Les effets des variables retenues sont repr\u00e9sent\u00e9s par les carr\u00e9s, ils sont positifs pour ces variables, les barres verticales indiquent l\u2019incertitude. Ainsi, les coefficients associ\u00e9s au diab\u00e8te de type 2 et \u00e0 la densit\u00e9 de population sont particuli\u00e8rement significatifs. Les proportions de personnes n\u00e9es en Afrique\/Dom, indic\u00e9es 1, 2 et 5, ont aussi une nette significativit\u00e9 malgr\u00e9 la r\u00e9duction relative de l\u2019effet de l\u2019ethnicit\u00e9 noire lorsqu\u2019on contr\u00f4le le contexte sanitaire et social (voir tableau annexe).<\/p>\n<p>[\/et_pb_text][\/et_pb_column][\/et_pb_row][et_pb_row make_fullwidth=\u00a0\u00bboff\u00a0\u00bb use_custom_width=\u00a0\u00bboff\u00a0\u00bb width_unit=\u00a0\u00bboff\u00a0\u00bb custom_width_px=\u00a0\u00bb1080px\u00a0\u00bb custom_width_percent=\u00a0\u00bb80%\u00a0\u00bb use_custom_gutter=\u00a0\u00bboff\u00a0\u00bb gutter_width=\u00a0\u00bb3&Prime; custom_padding=\u00a0\u00bb18px|0px|0px|0px\u00a0\u00bb allow_player_pause=\u00a0\u00bboff\u00a0\u00bb parallax=\u00a0\u00bboff\u00a0\u00bb parallax_method=\u00a0\u00bbon\u00a0\u00bb make_equal=\u00a0\u00bboff\u00a0\u00bb parallax_1=\u00a0\u00bboff\u00a0\u00bb parallax_method_1=\u00a0\u00bbon\u00a0\u00bb parallax_2=\u00a0\u00bboff\u00a0\u00bb parallax_method_2=\u00a0\u00bbon\u00a0\u00bb parallax_3=\u00a0\u00bboff\u00a0\u00bb parallax_method_3=\u00a0\u00bbon\u00a0\u00bb parallax_4=\u00a0\u00bboff\u00a0\u00bb parallax_method_4=\u00a0\u00bbon\u00a0\u00bb admin_label=\u00a0\u00bbrow\u00a0\u00bb disabled=\u00a0\u00bboff\u00a0\u00bb][et_pb_column type=\u00a0\u00bb4_4&Prime; disabled=\u00a0\u00bboff\u00a0\u00bb parallax=\u00a0\u00bboff\u00a0\u00bb parallax_method=\u00a0\u00bbon\u00a0\u00bb][et_pb_text background_layout=\u00a0\u00bblight\u00a0\u00bb text_orientation=\u00a0\u00bbleft\u00a0\u00bb admin_label=\u00a0\u00bbTexte\u00a0\u00bb use_border_color=\u00a0\u00bboff\u00a0\u00bb border_style=\u00a0\u00bbsolid\u00a0\u00bb disabled=\u00a0\u00bboff\u00a0\u00bb]<\/p>\n<p>La persistance d\u2019un effet cod\u00e9 par le lieu de naissance des individus, \u201cproxy\u201d de l\u2019origine culturelle rend, nous semble-t-il, pertinente l\u2019incorporation de marqueurs objectifs de l\u2019ethnicit\u00e9 dans les recherches de sant\u00e9 publique. Telle qu\u2019elle est saisie au Royaume-Uni, l\u2019ethnicit\u00e9 ajoute au lieu de naissance des individus celui de leurs parents et \u00e9ventuellement de leurs grands-parents. La prise en compte de deux degr\u00e9s d\u2019ascendance plut\u00f4t que le seul lieu de naissance des individus permet de construire des ensembles qui, sans \u00eatre strictement d\u00e9pourvus d\u2019ambivalence, sont utiles tant que les m\u00e9tissages restent marginaux. En effet, \u00e0 l\u2019instar de l\u2019\u00e2ge et du sexe, l\u2019ethnicit\u00e9 est alors aussi un marqueur synth\u00e9tique de variations g\u00e9n\u00e9tiques et de diff\u00e9rences du m\u00e9tabolisme. Bien \u00e9videmment si l\u2019on poss\u00e8de des donn\u00e9es pr\u00e9cises, par exemple les caract\u00e9ristiques de la fonction glom\u00e9rulaire des reins ou la pr\u00e9sence d\u2019un all\u00e8le sp\u00e9cifique de la prot\u00e9ine ACE2 facilitant l\u2019entr\u00e9e du virus, on peut se passer de la connaissance de ces caract\u00e9ristiques globales que sont l\u2019\u00e2ge ou l\u2019ethnicit\u00e9 <a href=\"#_ftn10\" name=\"_ftnref10\">[11]<\/a>.\u00a0 Il ne s\u2019agit pas de soutenir qu\u2019il y a un fait de nature indiquant que les Bangladeshis sont destin\u00e9s \u00e0 succomber au coronavirus alors que les Anglais d\u2019Angleterre, de parents eux-m\u00eames n\u00e9s en Angleterre seront \u00e9pargn\u00e9s.<\/p>\n<p>Nous soutenons que ces caract\u00e9ristiques \u2013 sexe, \u00e2ge, ethnicit\u00e9 \u2013 ont des dimensions biologiques, g\u00e9n\u00e9tiques et que, tant que les groupes d\u00e9finis par le genre et l\u2019ethnicit\u00e9 renvoient \u00e0 ces attributs distinctifs, leur prise en compte fait sens. Le sexe &#8211; g\u00e9n\u00e9tique, endocrinologique, ph\u00e9notypique &#8211; permet de distinguer les hommes et des femmes dans 99,9% des cas, quel que soit le genre revendiqu\u00e9. Un petit ensemble de facteurs g\u00e9n\u00e9tiques permet aussi de distinguer les Noirs des Blancs dans 99,9 % des cas <a href=\"#_ftn11\" name=\"_ftnref11\">[12]<\/a>.\u00a0 D\u00e8s lors, sans chercher \u00e0 r\u00e9ifier ces cat\u00e9gories, nous pensons que du point de vue d\u2019une politique de sant\u00e9 publique attentive, prendre en compte des susceptibilit\u00e9s et des fragilit\u00e9s variables n\u2019engage pas plus \u00e0 stigmatiser qu\u2019il n\u2019engage \u00e0 prot\u00e9ger. Cela est affaire d\u2019orientation morale et politique.<\/p>\n<p>Le courant dominant dans la sociologie fran\u00e7aise relie l\u2019ethnicit\u00e9 quasi exclusivement aux in\u00e9galit\u00e9s et aux discriminations. Nous pensons qu\u2019il n\u00e9glige les pr\u00e9dispositions g\u00e9n\u00e9tiques, les effets sur le m\u00e9tabolisme de l\u2019installation dans l\u2019h\u00e9misph\u00e8re nord des migrants du Sud, ainsi que les comportements d\u2019exposition ou de pr\u00e9caution, qui tous contribuent \u00e0 expliquer une susceptibilit\u00e9 et une gravit\u00e9 (soins intensifs, d\u00e9c\u00e8s) variables selon les groupes.<\/p>\n<p>[\/et_pb_text][\/et_pb_column][\/et_pb_row][et_pb_row make_fullwidth=\u00a0\u00bboff\u00a0\u00bb use_custom_width=\u00a0\u00bboff\u00a0\u00bb width_unit=\u00a0\u00bboff\u00a0\u00bb custom_width_px=\u00a0\u00bb1080px\u00a0\u00bb custom_width_percent=\u00a0\u00bb80%\u00a0\u00bb use_custom_gutter=\u00a0\u00bboff\u00a0\u00bb gutter_width=\u00a0\u00bb3&Prime; custom_padding=\u00a0\u00bb18.9531px|0px|0px|0px\u00a0\u00bb allow_player_pause=\u00a0\u00bboff\u00a0\u00bb parallax=\u00a0\u00bboff\u00a0\u00bb parallax_method=\u00a0\u00bbon\u00a0\u00bb make_equal=\u00a0\u00bboff\u00a0\u00bb parallax_1=\u00a0\u00bboff\u00a0\u00bb parallax_method_1=\u00a0\u00bbon\u00a0\u00bb parallax_2=\u00a0\u00bboff\u00a0\u00bb parallax_method_2=\u00a0\u00bbon\u00a0\u00bb parallax_3=\u00a0\u00bboff\u00a0\u00bb parallax_method_3=\u00a0\u00bbon\u00a0\u00bb parallax_4=\u00a0\u00bboff\u00a0\u00bb parallax_method_4=\u00a0\u00bbon\u00a0\u00bb disabled=\u00a0\u00bboff\u00a0\u00bb][et_pb_column type=\u00a0\u00bb4_4&Prime; disabled=\u00a0\u00bboff\u00a0\u00bb parallax=\u00a0\u00bboff\u00a0\u00bb parallax_method=\u00a0\u00bbon\u00a0\u00bb][et_pb_text background_layout=\u00a0\u00bblight\u00a0\u00bb text_orientation=\u00a0\u00bbleft\u00a0\u00bb background_color=\u00a0\u00bbrgba(229,229,229,0.81)\u00a0\u00bb use_border_color=\u00a0\u00bboff\u00a0\u00bb border_style=\u00a0\u00bbsolid\u00a0\u00bb disabled=\u00a0\u00bboff\u00a0\u00bb]<\/p>\n<h5 style=\"text-align: center;\"><\/h5>\n<h5 style=\"text-align: center;\">Contributions d\u00e9partementales au surcro\u00eet de mortalit\u00e9 due \u00e0 la Covid-19,<\/h5>\n<h5 style=\"text-align: center;\">printemps 2020<\/h5>\n<p><img loading=\"lazy\" decoding=\"async\" class=\"wp-image-5450 aligncenter size-full\" src=\"wp-content\/uploads\/2020\/11\/IM5bis.jpg\" alt=\"\" width=\"750\" height=\"958\" srcset=\"https:\/\/variances.eu\/wp-content\/uploads\/2020\/11\/IM5bis.jpg 750w, https:\/\/variances.eu\/wp-content\/uploads\/2020\/11\/IM5bis-235x300.jpg 235w, https:\/\/variances.eu\/wp-content\/uploads\/2020\/11\/IM5bis-600x766.jpg 600w\" sizes=\"(max-width: 750px) 100vw, 750px\" \/><\/p>\n<p style=\"text-align: center;\">Source\u00a0: Unit\u00e9s d\u2019observations ratios de d\u00e9c\u00e8s par sexe et d\u00e9partement pour la p\u00e9riode du 1<sup>er<\/sup> mars au 11 mai (fin du confinement), compil\u00e9s par l\u2019auteur. Note\u00a0: *** p<0,001\u00a0; **p<0,01\u00a0; * p<0,05.<\/p>\n<p>[\/et_pb_text][\/et_pb_column][\/et_pb_row][et_pb_row make_fullwidth=\u00a0\u00bboff\u00a0\u00bb use_custom_width=\u00a0\u00bboff\u00a0\u00bb width_unit=\u00a0\u00bboff\u00a0\u00bb custom_width_px=\u00a0\u00bb1080px\u00a0\u00bb custom_width_percent=\u00a0\u00bb80%\u00a0\u00bb use_custom_gutter=\u00a0\u00bboff\u00a0\u00bb gutter_width=\u00a0\u00bb3&Prime; custom_padding=\u00a0\u00bb3px|0px|18.9531px|0px\u00a0\u00bb allow_player_pause=\u00a0\u00bboff\u00a0\u00bb parallax=\u00a0\u00bboff\u00a0\u00bb parallax_method=\u00a0\u00bbon\u00a0\u00bb make_equal=\u00a0\u00bboff\u00a0\u00bb parallax_1=\u00a0\u00bboff\u00a0\u00bb parallax_method_1=\u00a0\u00bbon\u00a0\u00bb parallax_2=\u00a0\u00bboff\u00a0\u00bb parallax_method_2=\u00a0\u00bbon\u00a0\u00bb parallax_3=\u00a0\u00bboff\u00a0\u00bb parallax_method_3=\u00a0\u00bbon\u00a0\u00bb parallax_4=\u00a0\u00bboff\u00a0\u00bb parallax_method_4=\u00a0\u00bbon\u00a0\u00bb admin_label=\u00a0\u00bbrow\u00a0\u00bb disabled=\u00a0\u00bboff\u00a0\u00bb][et_pb_column type=\u00a0\u00bb4_4&Prime; disabled=\u00a0\u00bboff\u00a0\u00bb parallax=\u00a0\u00bboff\u00a0\u00bb parallax_method=\u00a0\u00bbon\u00a0\u00bb][et_pb_text background_layout=\u00a0\u00bblight\u00a0\u00bb text_orientation=\u00a0\u00bbleft\u00a0\u00bb admin_label=\u00a0\u00bbTexte\u00a0\u00bb use_border_color=\u00a0\u00bboff\u00a0\u00bb border_style=\u00a0\u00bbsolid\u00a0\u00bb disabled=\u00a0\u00bboff\u00a0\u00bb]<\/p>\n<p><em>&nbsp;&nbsp;<\/em><\/p>\n<p><em>Mots-cl&eacute;s : COVID &#8211; ethnicit&eacute; &#8211; minorit&eacute;s &#8211; densit&eacute; urbaine &#8211; surpeuplement<\/em><\/p>\n<hr \/>\n<p><a href=\"#_ftnref1\" name=\"_ftn1\">[1]<\/a> Variances en a rendu compte dans une note de lecture (<span style=\"text-decoration: underline;\"><span style=\"color: #0000ff;\"><a style=\"color: #0000ff; text-decoration: underline;\" href=\"?p=5218\">http:\/\/variances.eu\/?p=5218<\/a><\/span><\/span>)&nbsp; introduisant deux articles. Le premier, de Sylvain Papon, Isabelle Robert-Bob&eacute;e ; &laquo;&nbsp;Une hausse des d&eacute;c&egrave;s deux fois plus forte pour les personnes n&eacute;es &agrave; l&rsquo;&eacute;tranger que pour celles n&eacute;es en France en mars-avril 2020&nbsp;&raquo;, collection de l&rsquo;Insee &laquo;&nbsp;Insee Focus&nbsp;&raquo;, num&eacute;ro 198 du 07\/07\/2020&nbsp;; URL : <span style=\"text-decoration: underline;\"><span style=\"color: #0000ff;\"><a style=\"color: #0000ff; text-decoration: underline;\" href=\"https:\/\/www.insee.fr\/fr\/statistiques\/4627049\">https:\/\/www.insee.fr\/fr\/statistiques\/4627049<\/a><\/span><\/span> . Le second, de Sol&egrave;ne Brun et Patrick Simon ; &laquo; L&rsquo;invisibilit&eacute; des minorit&eacute;s dans les chiffres du Coronavirus : le d&eacute;tour par la Seine-Saint-Denis &raquo;, in&nbsp; Sol&egrave;ne Brun et Patrick Simon (dir.), Dossier &laquo; In&eacute;galit&eacute;s ethno-raciales et pand&eacute;mie de coronavirus &raquo;, <em>De facto<\/em> [En ligne], 19 | Mai 2020, mis en ligne le 15 mai 2020. URL : <span style=\"text-decoration: underline;\"><span style=\"color: #0000ff;\"><a style=\"color: #0000ff; text-decoration: underline;\" href=\"http:\/\/icmigrations.fr\/2020\/05\/15\/defacto-019-05\/\">http:\/\/icmigrations.fr\/2020\/05\/15\/defacto-019-05\/<\/a><\/span><\/span><\/p>\n<p><a href=\"#_ftnref2\" name=\"_ftn2\">[2]<\/a> Un chiffre tr&egrave;s voisin de celui-ci a &eacute;t&eacute; trouv&eacute; par Poll&aacute;n et coll&egrave;gues pour l&rsquo;Espagne&nbsp;; voir Poll&aacute;n M, P&eacute;rez-G&oacute;mez B, Pastor-Barriuso R, et al. Prevalence of SARS-CoV-2 in Spain (ENE-COVID): A nationwide, population-based seroepidemiological study. <em>Lancet <\/em>2020- July 6. <span style=\"text-decoration: underline;\"><a href=\"https:\/\/doi.org\/10.1016\/ S0140-6736(20)31483-5\">https:\/\/doi.org\/10.1016\/ S0140-6736(20)31483-5.<\/a><\/span><\/p>\n<p><a href=\"#_ftnref3\" name=\"_ftn3\">[3]<\/a>&nbsp; Les &eacute;tudes de Warsawski et alii et de Bajos et alii font l&rsquo;objet d&rsquo;une note de lecture &ndash; pr&eacute;sentation, parue dans Variances (<span style=\"text-decoration: underline;\"><span style=\"color: #0000ff;\"><a style=\"color: #0000ff; text-decoration: underline;\" href=\"?p=5394\">http:\/\/variances.eu\/?p=5394<\/a><\/span><\/span> ).<\/p>\n<p><a href=\"#_ftnref4\" name=\"_ftn4\">[4]<\/a> L&rsquo;effet n&rsquo;est pas &eacute;norme, du fait que la mortalit&eacute; due au Covid-19 concerne les personnes &acirc;g&eacute;es ou tr&egrave;s &acirc;g&eacute;es.<\/p>\n<p><a href=\"#_ftnref5\" name=\"_ftn5\">[5]<\/a>&nbsp; L&rsquo;Insee a par ailleurs fourni des indicateurs de la configuration des m&eacute;nages et de suroccupation des logements.<\/p>\n<p><a href=\"#_ftnref6\" name=\"_ftn6\">[6]<\/a> Le taux de l&eacute;talit&eacute;, sachant qu&rsquo;on est s&eacute;ropositif est beaucoup plus affect&eacute; par l&rsquo;&acirc;ge que par tous les autres facteurs&nbsp;: les plus de75 ans ont un risque 15 % de d&eacute;c&eacute;der contre moins de 0,3 % en dessous de 40 ans (soit facilement un rapport de 1 &agrave; 50).<\/p>\n<p><a href=\"#_ftnref7\" name=\"_ftn7\">[7]<\/a> Pour les raisons qu&rsquo;on a &eacute;voqu&eacute;es de risque &laquo;&nbsp;d&rsquo;erreur &eacute;cologique&nbsp;&raquo;.<\/p>\n<p><a href=\"#_ftnref8\" name=\"_ftn8\">[8]<\/a> La DREES fournit les taux de recours aux &eacute;tablissements de soin de courte dur&eacute;e, dits MCO.<\/p>\n<p><a href=\"#_ftnref9\" name=\"_ftn9\">[9]<\/a> Terminologie de l&rsquo;Insee d&eacute;signant des m&eacute;nages comprenant plus de deux g&eacute;n&eacute;rations. Le nombre de personnes vivant sous le m&ecirc;me toit traduit la densit&eacute; des interactions entre g&eacute;n&eacute;rations dans la m&ecirc;me famille et peut &ecirc;tre un multiplicateur des contaminations venues du dehors.<\/p>\n<p><a href=\"#_ftnref10\" name=\"_ftn9\">[10]<\/a>&nbsp;La population n&eacute;e au Maghreb comporte, dans ces tranches d&rsquo;&acirc;ge, une fraction importante de personnes d&rsquo;ascendance m&eacute;tropolitaine, par cons&eacute;quent la naissance au Maghreb d&eacute;finit un groupe h&eacute;t&eacute;rog&egrave;ne que nous ne consid&eacute;rons pas dans l&rsquo;analyse des facteurs de surcro&icirc;t de la mortalit&eacute;.<\/p>\n<p><a href=\"#_ftnref10\" name=\"_ftn10\">[11]<\/a> Voir Alain R. Thierry.&nbsp; Host\/genetic factors associated with COVID-19 call for precision medicine, <em>Precision Clinical Medicine<\/em>, 3(3), 2020, 228&ndash;234&nbsp;; doi: 10.1093\/pcmedi\/pbaa026&nbsp;; &nbsp;Christian A. Devaux, Jean-Marc Rolain , Didier Raoult&nbsp; (2020) ACE2 receptor polymorphism: Susceptibility to SARS-CoV-2, hypertension, multi-organ failure, and COVID-19 disease outcome. <em>Journal of Microbiology, Immunology and Infection <\/em>53, 425-435.<\/p>\n<p><a href=\"#_ftnref11\" name=\"_ftn11\">[12]<\/a> Voir l&rsquo;article de A.W.F. Edwards (2003) Human genetic diversity: Lewontin&rsquo;s fallacy, BioEssays 25:798&ndash;801, montrant que la probabilit&eacute; d&rsquo;une attribution d&rsquo;origine ethnique erron&eacute;e, tr&egrave;s fr&eacute;quente lorsqu&rsquo;on consid&egrave;re un seul variant g&eacute;n&eacute;tique, peut &ecirc;tre faite sur la base d&rsquo;une pluralit&eacute; de g&egrave;nes.<\/p>\n<p>[\/et_pb_text][\/et_pb_column][\/et_pb_row][\/et_pb_section]<\/p>\n","protected":false},"excerpt":{"rendered":"<p>Une plus forte contamination et une plus forte mortalit&eacute; due au Covid-19 ont &eacute;t&eacute; constat&eacute;es parmi les minorit&eacute;s ethniques autochtones, comme les Noirs, ou issues de migrations du Sud dans plusieurs pays occidentaux. En France, partant de ce constat, plusieurs analyses ont mis en &eacute;vidence une pr&eacute;pond&eacute;rance de facteurs sociaux plut&ocirc;t qu&rsquo;ethniques dans ces surcroits [&hellip;]<\/p>\n","protected":false},"author":259,"featured_media":5452,"comment_status":"open","ping_status":"open","sticky":false,"template":"","format":"standard","meta":{"_et_pb_use_builder":"on","_et_pb_old_content":"<p>Une plus forte contamination et une plus forte mortalit\u00e9 due au Covid-19 ont \u00e9t\u00e9 constat\u00e9es parmi les minorit\u00e9s ethniques autochtones, comme les Noirs, ou issues de migrations du Sud dans plusieurs pays occidentaux. En France, partant de ce constat, plusieurs analyses ont mis en \u00e9vidence une pr\u00e9pond\u00e9rance de facteurs sociaux plut\u00f4t qu\u2019ethniques dans ces surcroits de contaminations <a href=\"#_ftn1\" name=\"_ftnref1\">[1]<\/a>. Ce second article, appuy\u00e9 sur des travaux fran\u00e7ais r\u00e9cents, entend prolonger le d\u00e9bat sur les facteurs explicatifs des contaminations et des d\u00e9c\u00e8s dus au Covid19, en incluant la dimension ethnique. En effet, s\u2019il n\u2019y pas de r\u00e9f\u00e9rentiel ethnique en usage dans les statistiques fran\u00e7aises, cela ne veut pas dire que l\u2019on ignore tout des diff\u00e9rences qui renvoient \u00e0 la notion d\u2019ethnicit\u00e9 telle qu\u2019elle est cat\u00e9goris\u00e9e au Royaume-Uni ou aux \u00c9tats-Unis. Ainsi, en d\u00e9pit des r\u00e9ticences fran\u00e7aises \u00e0 utiliser des cat\u00e9gories ethniques, la statistique publique propose des donn\u00e9es sur le pays de naissance et plusieurs enqu\u00eates sur fonds publics ont collect\u00e9 des \u00e9l\u00e9ments d\u2019information sur l\u2019ethnicit\u00e9.<\/p><h3><strong>Le Covid-19 affecte-t-il certains groupes d\u2019origine plus que d\u2019autres\u00a0?<\/strong><\/h3><p>Y a-t-il, en France, une diff\u00e9rence dans les taux de contamination entre les groupes, notamment autochtone, noirs et maghr\u00e9bins\u00a0? Warszawski et alii. (2020) viennent de publier de premiers r\u00e9sultats de l\u2019enqu\u00eate Epicov. Cette \u00e9tude d\u00e9termine les pr\u00e9valences au Covid-19, en contr\u00f4lant diverses caract\u00e9ristiques sociod\u00e9mographiques, mais aussi les consommations d\u2019alcool et le lieu de naissance de la personne ou de ses parents.<\/p><p>L\u2019\u00e9tude montre que la s\u00e9ropr\u00e9valence pour le Covid-19 enregistr\u00e9e en juin 2020 s\u2019\u00e9l\u00e8ve \u00e0 4,5 % parmi les personnes de 15 ans et plus <a href=\"#_ftn2\" name=\"_ftnref2\">[2]<\/a>. La s\u00e9ropr\u00e9valence est, selon les autrices et auteurs, fortement affect\u00e9e par la densit\u00e9 urbaine, le nombre de personnes dans le logement ainsi que la petitesse relative du logement par rapport \u00e0 la taille de la famille. Les taux de s\u00e9ropositivit\u00e9 s\u2019\u00e9l\u00e8vent avec l\u2019\u00e2ge jusque vers 50 ans et d\u00e9clinent au-del\u00e0. Si les taux de contaminations sont plus faibles au-del\u00e0 de 50 ans, les personnes \u00e2g\u00e9es de plus de 65 ans sont beaucoup plus susceptibles de d\u00e9c\u00e9der de la maladie. Rester actif, notamment si l\u2019on ne peut recourir au t\u00e9l\u00e9travail, cohabiter avec une personne malade, ont \u00e9t\u00e9 identifi\u00e9s comme facteurs corr\u00e9l\u00e9s \u00e0 la s\u00e9ropr\u00e9valence. Compar\u00e9s au groupe majoritaire en France, seuls les immigr\u00e9s n\u00e9s hors d\u2019Europe pr\u00e9sentent un risque intrins\u00e8que de contamination plus fort, non significatif toutefois quand on contr\u00f4le les facteurs sociod\u00e9mographiques et le niveau de vie. Warszawski et alii \u00e9crivent que \u00ab\u00a0la diff\u00e9rence de pr\u00e9valence d\u2019anticorps entre les personnes immigr\u00e9es et non immigr\u00e9es dispara\u00eet compl\u00e8tement lorsqu\u2019on prend en compte les conditions de vie socio-\u00e9conomiques et d\u2019habitat\u00a0\u00bb, ce qui confirme les hypoth\u00e8ses sugg\u00e9r\u00e9es pr\u00e9c\u00e9demment par Bajos et alii (2020)\u00a0sur l\u2019importance des facteurs socio-\u00e9conomiques. Ainsi, la recherche cit\u00e9e affirme qu\u2019en France l\u2019ethnicit\u00e9 s\u2019efface derri\u00e8re les d\u00e9terminations sociales et qu\u2019il n\u2019y a pas d\u2019effet ind\u00e9pendant de l\u2019origine ethnoculturelle sur les taux de contamination mais seulement des effets m\u00e9diatis\u00e9s par les facteurs sociaux. Cependant, le r\u00f4le des pathologies sous-jacentes n\u2019a pas \u00e9t\u00e9 abord\u00e9 dans ces premi\u00e8res publications <a href=\"#_ftn3\" name=\"_ftnref3\">[3]<\/a>.<\/p><p>En revanche, Papon et Robert-Bob\u00e9e, observant aussi une surmortalit\u00e9 des personnes d\u2019origines \u00e9trang\u00e8res en France, notamment parce qu\u2019elle se manifeste \u00e0 des \u00e2ges inf\u00e9rieurs <a href=\"#_ftn4\" name=\"_ftnref4\">[4]<\/a>, soulignent que le surcro\u00eet de d\u00e9c\u00e8s des immigr\u00e9s r\u00e9sulte d\u2019une conjonction de facteurs d\u00e9favorables qui leur est sp\u00e9cifique.<\/p><h3><strong>De fortes diff\u00e9rences de l\u00e9talit\u00e9 suivant le lieu de naissance<\/strong><\/h3><p>L\u2019absence dans notre pays de protocoles ais\u00e9ment accessibles permettant d\u2019apparier des donn\u00e9es g\u00e9n\u00e9tiques, de sant\u00e9 et des caract\u00e9ristiques socio-culturelles rend difficile l\u2019analyse de la variance individuelle des d\u00e9c\u00e8s. Cependant, dans un souci de transparence, l\u2019Insee a mis en ligne d\u00e8s le mois de juin les fichiers d\u2019\u00e9tat-civil mentionnant le lieu de naissance des personnes d\u00e9c\u00e9d\u00e9es <a href=\"#_ftn5\" name=\"_ftnref5\">[5]<\/a>. Le ratio des d\u00e9c\u00e8s du printemps 2020 par rapport \u00e0 ceux de la m\u00eame p\u00e9riode au cours des ann\u00e9es 2017-2019, calcul\u00e9 par d\u00e9partement, sexe et classe d\u2019\u00e2ge, peut alors \u00eatre mis en regard du contexte d\u00e9mographique, social et m\u00e9dical local.<\/p><p>Les fichiers d\u2019\u00e9tat-civil distinguent les personnes n\u00e9es en France m\u00e9tropolitaine, dans les d\u00e9partements d'outre-mer et les pays \u00e9trangers. On a retenu de grands groupes\u00a0d\u2019origine : l'Europe, l'Afrique du Nord, l\u2019Afrique noire et les Antilles, et l'Asie. Au printemps 2020, pr\u00e8s de quatre d\u00e9c\u00e8s sur cinq concernent des personnes n\u00e9es en France m\u00e9tropolitaine. Plusieurs groupes de personnes d'origine \u00e9trang\u00e8re ont connu une surmortalit\u00e9 importante : les personnes n\u00e9es en Afrique noire, dans les d\u00e9partements fran\u00e7ais d'outre-mer et \u00e0 Ha\u00efti et, dans une moindre mesure, au Maghreb. Il n'y a pas de surmortalit\u00e9 des migrants n\u00e9s dans les pays europ\u00e9ens. Certes, la proportion de personnes n\u00e9es en Afrique ou dans les Antilles ne correspond pas \u00e0 la proportion de Noirs dans les jeunes g\u00e9n\u00e9rations actuelles, mais ce n'est pas un biais majeur ici, car parmi les personnes d'ascendance africaine n\u00e9es dans les ann\u00e9es 1950-60, plus de 80 % sont n\u00e9es en Afrique. Or la Covid-19 est surtout mortelle pour les personnes \u00e2g\u00e9es. Si le nombre total des immigr\u00e9s n\u00e9s au sud, morts du coronavirus para\u00eet modeste, les ratios immigr\u00e9s d\u2019Afrique\/m\u00e9tropolitains ne sont pas si diff\u00e9rents du ratio am\u00e9ricain Noirs\/Blancs.<\/p><h2 style=\"text-align: center;\">1ER graphique<\/h2><p>France : Exc\u00e8s de d\u00e9c\u00e8s 2020 vs 2017-19 parmi les personnes n\u00e9es en France m\u00e9tropolitaine et n\u00e9es en<\/p><p>Afrique noire, au Maghreb, dans les Antilles et la R\u00e9union (mars \u00e0 septembre)<\/p><p>\u00a0<\/p><p>Source : exploitation des donn\u00e9es d\u2019\u00e9tat-civil fournies par l\u2019Insee. L\u2019Afrique inclut le Maghreb, les Dom\/Tom et les personnes n\u00e9es \u00e0 Ha\u00efti. Les pics de mortalit\u00e9 dans le groupe majoritaire des 25 juin et 15 ao\u00fbt ne semblent pas li\u00e9es au Covid19, mais correspondent aux p\u00e9riodes caniculaires de l\u2019\u00e9t\u00e9 2020.<\/p><p>\u00a0<\/p><p>Le graphique ci-dessus sugg\u00e8re au premier regard que la surmortalit\u00e9 des minorit\u00e9s au printemps fut plus att\u00e9nu\u00e9e que celle du groupe majoritaire, mais ce n\u2019est pas le cas. Consid\u00e9rons non pas la diff\u00e9rence entre les nombres de d\u00e9c\u00e8s du printemps 2020 et ceux des ann\u00e9es pr\u00e9c\u00e9dentes mais les ratios obtenus en divisant le nombre de d\u00e9c\u00e8s en 2020 par celui des ann\u00e9es pr\u00e9c\u00e9dentes. Certes, ces ratios de d\u00e9c\u00e8s en France selon le pays de naissance n'ont pas la m\u00eame signification qu\u2019aux \u00c9tats-Unis car les Afro-Am\u00e9ricains ne sont pas des migrants. De plus, les effectifs concern\u00e9s diff\u00e8rent : les Afro-Am\u00e9ricains repr\u00e9sentent 12,5 % de la population am\u00e9ricaine alors que les personnes n\u00e9es en Afrique et r\u00e9sidant en France m\u00e9tropolitaine repr\u00e9sentent environ 1,8 % dans ces g\u00e9n\u00e9rations.<\/p><h2 style=\"text-align: center;\">2e graphique<\/h2><p>France : d\u00e9c\u00e8s 2020, ratios 2020\/2017-19 du 1<sup>er<\/sup> mars au 11 mai, selon le lieu de naissance<\/p><p>\u00a0<\/p><p>Sources :\u00a0 \u00c9tat-civil. Afrique noire\/Dom inclut Antilles, Guadeloupe, R\u00e9union et Ha\u00efti. On n\u2019a pas pr\u00e9sent\u00e9 dans le tableau les d\u00e9c\u00e8s des personnes d\u2019origine oc\u00e9anique, asiatique ou am\u00e9ricaine. Parmi les personnes n\u00e9es avant 1960, la part d\u2019immigr\u00e9s n\u00e9s hors d\u2019Europe ou d\u2019Afrique ou des Dom \u00e9tait tr\u00e8s faible.<\/p><p>Note de lecture\u00a0: Ligne 1\u00a0: nombre de d\u00e9c\u00e8s par lieu de naissance\u00a0; Lignes 2-3-4,\u00a0: il y a eu 1,23 fois plus de d\u00e9c\u00e8s (+ 23%) en 2020 (1<sup>er<\/sup> mars \u2013 11 mai)) en France, comparativement \u00e0 la moyenne 2017-2019.<\/p><p>Ligne 5\u00a0: Les personnes n\u00e9s au Maghreb ont connu une surmortalit\u00e9 de + 25\u00a0% (1,25 = 1,50 \/ 1,22), comparativement aux personnes n\u00e9es en m\u00e9tropole. A titre de comparaison (pour la ligne 5 du tableau <em>supra<\/em>) :<\/p><h2 style=\"text-align: center;\">3e graphique<\/h2><p>\u00c9tats-Unis\u00a0: risques relatifs de d\u00e9c\u00e8s selon l\u2019ethnicit\u00e9 (mars - avril 2020)<\/p><p>Source<em>:<\/em> APM Research Lab, Color of Coronavirus. <a href=\"https:\/\/www.apmresearchlab.org\/Covid\/deaths-by-race\">https:\/\/www.apmresearchlab.org\/Covid\/deaths-by-race<\/a>. Le risque est calcul\u00e9 comme le ratio des d\u00e9c\u00e8s pour 100\u00a0000 entre groupes ethniques, au 24 juin 2020.\u00a0 Les cat\u00e9gorisations ethniques sont celles en usage aux Etats-Unis.<\/p><p>Bien que d\u2019importance limit\u00e9e, la population issue des migrations africaines en France a p\u00e2ti du Covid19 proportionnellement plus que la population autochtone, ou que les migrants originaires du Maghreb -voir tableaux ci-dessus. \u00a0Les diff\u00e9rences de risque de d\u00e9c\u00e8s entre les groupes ethniques d\u00e9pendent bien s\u00fbr des taux de s\u00e9ropositivit\u00e9 (Warsawski et alii montrent que la s\u00e9ropr\u00e9valence <em>brute <\/em>est deux fois plus \u00e9lev\u00e9e pour les immigr\u00e9s des pays non europ\u00e9ens). Mais la probabilit\u00e9 de d\u00e9c\u00e8s sachant qu\u2019on est s\u00e9ropositif varie aussi fortement en fonction de l\u2019\u00e9tat de sant\u00e9, du sexe et surtout de l\u2019\u00e2ge <a href=\"#_ftn6\" name=\"_ftnref6\">[6]<\/a>. Faute de conna\u00eetre les taux de s\u00e9ropositivit\u00e9 d\u00e9partementaux de fa\u00e7on pr\u00e9cise, le nombre des tests ayant beaucoup vari\u00e9 d\u2019un lieu \u00e0 l\u2019autre, on peut envisager de rendre compte de la mortalit\u00e9 en fonction des caract\u00e9ristiques d\u2019ensemble de la population dans chaque d\u00e9partement.<\/p><p><strong>Interactions sociales, ethnicit\u00e9 et pathologies sous-jacentes<\/strong><\/p><p>L\u2019analyse propos\u00e9e ici sur des donn\u00e9es d\u00e9partementales et non individuelles, ce qui repr\u00e9sente une limitation du point de vue \u00e9tiologique <a href=\"#_ftn7\" name=\"_ftnref7\">[7]<\/a>, identifie des facteurs affectant le risque de d\u00e9c\u00e8s d\u00fb \u00e0 la Covid19 au printemps 2020. L\u2019unit\u00e9 d\u2019observation \u00ab\u00a0d\u00e9partement\u00a0\u00bb fonctionne comme un espace de comparaison impliquant l\u2019examen d\u2019une centaine de situations locales.<\/p><p>Le risque de mortalit\u00e9 dans un d\u00e9partement d\u00e9pend d\u2019abord de l'environnement externe partag\u00e9\u00a0: les facteurs d\u00e9mographiques (la densit\u00e9 humaine du d\u00e9partement), \u00e9conomiques (la disparit\u00e9 des revenus), sociaux (la taille moyenne des m\u00e9nages et le surpeuplement). Elle prend \u00e9galement en compte, via les b\u00e9n\u00e9ficiaires d\u2019affections de longue dur\u00e9e (ALD) et les recours \u00e0 l\u2019hospitalisation de courte dur\u00e9e <a href=\"#_ftn8\" name=\"_ftnref8\">[8]<\/a>, des indicateurs des caract\u00e9ristiques individuelles des r\u00e9sidents \u2013 structure d\u2019\u00e2ge, pr\u00e9valence des pathologies connues pour faciliter la p\u00e9n\u00e9tration du virus ou stimuler des r\u00e9ponses inflammatoires et enfin, puisque tel est le sujet, poids des minorit\u00e9s.<\/p><p>Les conditions de vie d\u2019abord. La densit\u00e9 d\u00e9partementale de la population, mesur\u00e9e en nombre de personnes par kilom\u00e8tre carr\u00e9, s\u2019av\u00e8re \u00eatre un d\u00e9terminant stable du surcro\u00eet de victimes. Le surpeuplement a \u00e9t\u00e9 invoqu\u00e9 comme facteur de contamination des seniors lorsque les mesures de confinement n'\u00e9taient pas en place ou suivies de fa\u00e7on l\u00e2che\u00a0: \u00a0l\u2019analyse d\u00e9partementale ne lui donne pas un r\u00f4le significatif. En revanche, les d\u00e9partements o\u00f9 les personnes qui vivent dans des \u00ab\u00a0m\u00e9nages complexes\u00a0\u00bb <a href=\"#_ftn9\" name=\"_ftnref9\">[9]<\/a> sont relativement nombreuses, ont connu des taux de mortalit\u00e9 \u00e9lev\u00e9s.<\/p><p>L\u2019hypoth\u00e8se du r\u00f4le de facteurs sociaux (faiblesse relative des revenus, importance de la tranche d\u2019\u00e2ge 40-55 ans pour laquelle il y a n\u00e9cessit\u00e9 de se d\u00e9placer et peu de t\u00e9l\u00e9travail) n\u2019est nullement infirm\u00e9e ici, mais les intervalles de confiance sont assez larges.<\/p><p>Parmi les pathologies, la proportion des diab\u00e9tiques pris en charge pour affection de longue dur\u00e9e est corr\u00e9l\u00e9e \u00e0 une mortalit\u00e9 beaucoup plus \u00e9lev\u00e9e. C\u2019est le facteur sant\u00e9 le plus net. La proportion de prises en charge pour la tuberculose n\u2019est pas tr\u00e8s significative.<\/p><p>En contr\u00f4lant ces facteurs sociaux et sanitaires, la contribution \u00e0 la variance d\u00e9partementale des d\u00e9c\u00e8s de la proportion des immigr\u00e9s du Maghreb s\u2019efface, mais celle des personnes n\u00e9es en Afrique noire garde un nette significativit\u00e9. Faute de donn\u00e9es individuelles repr\u00e9sentatives mentionnant \u00e0 la fois le lieu de naissance et les pathologies sous-jacentes, on ne peut dire si cet effet dispara\u00eetrait comme dans les \u00e9tudes am\u00e9ricaines ou resterait marqu\u00e9 comme dans les britanniques. Cela n\u2019a que tr\u00e8s peu transparu dans le d\u00e9bat public o\u00f9 s\u2019affirme une interpr\u00e9tation des diff\u00e9rences de contamination qui \u00e9carte l\u2019importance de l\u2019ethnicit\u00e9 comme telle.<\/p><h2 style=\"text-align: center;\">4e graphique<\/h2><p>Coefficients de r\u00e9gression (carr\u00e9s) et leur intervalle de confiance (barre noire) indiquant l'influence de chaque variable sur le taux de d\u00e9c\u00e8s du covid 19<\/p><p>Lecture\u00a0: Les effets des variables retenues sont repr\u00e9sent\u00e9s par les carr\u00e9s, ils sont positifs pour ces variables, les barres verticales indiquent l\u2019incertitude. Ainsi, les coefficients associ\u00e9s au diab\u00e8te de type 2 et \u00e0 la densit\u00e9 de population sont particuli\u00e8rement significatifs. Les proportions de personnes n\u00e9es en Afrique\/Dom, indic\u00e9es 1, 2 et 5, ont aussi une nette significatvit\u00e9 malgr\u00e9 la r\u00e9duction relative de l\u2019effet de l\u2019ethnicit\u00e9 noire lorsqu\u2019on contr\u00f4le le contexte sanitaire et social (voir tableau annexe).<\/p><p>\u00a0<\/p><p>La persistance d\u2019un effet cod\u00e9 par le lieu de naissance des individus, \u201cproxy\u201d de l\u2019origine culturelle rend, nous semble-t-il, pertinente l\u2019incorporation de marqueurs objectifs de l\u2019ethnicit\u00e9 dans les recherches de sant\u00e9 publique. Telle qu\u2019elle est saisie au Royaume-Uni, l\u2019ethnicit\u00e9 ajoute au lieu de naissance des individus celui de leurs parents et \u00e9ventuellement de leurs grands-parents. La prise en compte de deux degr\u00e9s d\u2019ascendance plut\u00f4t que le seul lieu de naissance des individus permet de construire des ensembles qui, sans \u00eatre strictement d\u00e9pourvus d\u2019ambivalence, sont utiles tant que les m\u00e9tissages restent marginaux. En effet, \u00e0 l\u2019instar de l\u2019\u00e2ge et du sexe, l\u2019ethnicit\u00e9 est alors aussi un marqueur synth\u00e9tique de variations g\u00e9n\u00e9tiques et de diff\u00e9rences du m\u00e9tabolisme. Bien \u00e9videmment si l\u2019on poss\u00e8de des donn\u00e9es pr\u00e9cises, par exemple les caract\u00e9ristiques de la fonction glom\u00e9rulaire des reins ou la pr\u00e9sence d\u2019un all\u00e8le sp\u00e9cifique de la prot\u00e9ine ACE2 facilitant l\u2019entr\u00e9e du virus, on peut se passer de la connaissance de ces caract\u00e9ristiques globales que sont l\u2019\u00e2ge ou l\u2019ethnicit\u00e9 <a href=\"#_ftn10\" name=\"_ftnref10\">[10]<\/a>.\u00a0 Il ne s\u2019agit pas de soutenir qu\u2019il y a un fait de nature indiquant que les Bangladeshis sont destin\u00e9s \u00e0 succomber au coronavirus alors que les Anglais d\u2019Angleterre, de parents eux-m\u00eames n\u00e9s en Angleterre seront \u00e9pargn\u00e9s.<\/p><p>Nous soutenons que ces caract\u00e9ristiques \u2013 sexe, \u00e2ge, ethnicit\u00e9 \u2013 ont des dimensions biologiques, g\u00e9n\u00e9tiques et que, tant que les groupes d\u00e9finis par le genre et l\u2019ethnicit\u00e9 renvoient \u00e0 ces attributs distinctifs, leur prise en compte fait sens. Le sexe - g\u00e9n\u00e9tique, endocrinologique, ph\u00e9notypique - permet de distinguer les hommes et des femmes dans 99,9% des cas, quel que soit le genre revendiqu\u00e9. Un petit ensemble de facteurs g\u00e9n\u00e9tiques permet aussi de distinguer les Noirs des Blancs dans 99,9 % des cas <a href=\"#_ftn11\" name=\"_ftnref11\">[11]<\/a>.\u00a0 D\u00e8s lors, sans chercher \u00e0 r\u00e9ifier ces cat\u00e9gories, nous pensons que du point de vue d\u2019une politique de sant\u00e9 publique attentive, prendre en compte des susceptibilit\u00e9s et des fragilit\u00e9s variables n\u2019engage pas plus \u00e0 stigmatiser qu\u2019il n\u2019engage \u00e0 prot\u00e9ger. Cela est affaire d\u2019orientation morale et politique.<\/p><p>Le courant dominant dans la sociologie fran\u00e7aise relie l\u2019ethnicit\u00e9 quasi exclusivement aux in\u00e9galit\u00e9s et aux discriminations. Nous pensons qu\u2019il n\u00e9glige les pr\u00e9dispositions g\u00e9n\u00e9tiques, les effets sur le m\u00e9tabolisme de l\u2019installation dans l\u2019h\u00e9misph\u00e8re nord des migrants du Sud, ainsi que les comportements d\u2019exposition ou de pr\u00e9caution, qui tous contribuent \u00e0 expliquer une susceptibilit\u00e9 et une gravit\u00e9 (soins intensifs, d\u00e9c\u00e8s) variables selon les groupes.<\/p><h2 style=\"text-align: center;\">5e graphique<\/h2><p>Contributions d\u00e9partementales au surcro\u00eet de mortalit\u00e9 due \u00e0 la Covid-19, printemps 2020<\/p><p>Source\u00a0: Unit\u00e9s d\u2019observations ratios de d\u00e9c\u00e8s par sexe et d\u00e9partement pour la p\u00e9riode du 1<sup>er<\/sup> mars au 11 mai (fin du confinement), compil\u00e9s par l\u2019auteur. Note\u00a0: *** p<0,001\u00a0; **p<0,01\u00a0; * p<0,05.<\/p><p><strong>\u00a0<\/strong><\/p><p><em>Mots-cl\u00e9s : COVID - ethnicit\u00e9 - minorit\u00e9s - densit\u00e9 urbaine - surpeuplement<\/em><\/p><hr \/><p><a href=\"#_ftnref1\" name=\"_ftn1\">[1]<\/a> Variances en a rendu compte dans une note de lecture (<a href=\"http:\/\/variances.eu\/?p=5218\">http:\/\/variances.eu\/?p=5218<\/a>)\u00a0 introduisant deux articles. Le premier, de Sylvain Papon, Isabelle Robert-Bob\u00e9e ; \u00ab\u00a0Une hausse des d\u00e9c\u00e8s deux fois plus forte pour les personnes n\u00e9es \u00e0 l\u2019\u00e9tranger que pour celles n\u00e9es en France en mars-avril 2020\u00a0\u00bb, collection de l\u2019Insee \u00ab\u00a0Insee Focus\u00a0\u00bb, num\u00e9ro 198 du 07\/07\/2020\u00a0; URL : <a href=\"https:\/\/www.insee.fr\/fr\/statistiques\/4627049\">https:\/\/www.insee.fr\/fr\/statistiques\/4627049<\/a> . Le second, de Sol\u00e8ne Brun et Patrick Simon ; \u00ab L\u2019invisibilit\u00e9 des minorit\u00e9s dans les chiffres du Coronavirus : le d\u00e9tour par la Seine-Saint-Denis \u00bb, in\u00a0 Sol\u00e8ne Brun et Patrick Simon (dir.), Dossier \u00ab In\u00e9galit\u00e9s ethno-raciales et pand\u00e9mie de coronavirus \u00bb, <em>De facto<\/em> [En ligne], 19 | Mai 2020, mis en ligne le 15 mai 2020. URL : <a href=\"http:\/\/icmigrations.fr\/2020\/05\/15\/defacto-019-05\/\">http:\/\/icmigrations.fr\/2020\/05\/15\/defacto-019-05\/<\/a><\/p><p><a href=\"#_ftnref2\" name=\"_ftn2\">[2]<\/a> Un chiffre tr\u00e8s voisin de celui-ci a \u00e9t\u00e9 trouv\u00e9 par Poll\u00e1n et coll\u00e8gues pour l\u2019Espagne\u00a0; voir Poll\u00e1n M, P\u00e9rez-G\u00f3mez B, Pastor-Barriuso R, et al. Prevalence of SARS-CoV-2 in Spain (ENE-COVID): A nationwide, population-based seroepidemiological study. <em>Lancet <\/em>2020- July 6. https:\/\/doi.org\/10.1016\/ S0140-6736(20)31483-5.<\/p><p><a href=\"#_ftnref3\" name=\"_ftn3\">[3]<\/a>\u00a0 Les \u00e9tudes de Warsawski et alii et de Bajos et alii font l\u2019objet d\u2019une note de lecture \u2013 pr\u00e9sentation, parue dans Variances (<a href=\"http:\/\/variances.eu\/?p=5394\">http:\/\/variances.eu\/?p=5394<\/a> ).<\/p><p><a href=\"#_ftnref4\" name=\"_ftn4\">[4]<\/a> L\u2019effet n\u2019est pas \u00e9norme, du fait que la mortalit\u00e9 due au Covid-19 concerne les personnes \u00e2g\u00e9es ou tr\u00e8s \u00e2g\u00e9es.<\/p><p><a href=\"#_ftnref5\" name=\"_ftn5\">[5]<\/a>\u00a0 L\u2019Insee a par ailleurs fourni des indicateurs de la configuration des m\u00e9nages et de suroccupation des logements.<\/p><p><a href=\"#_ftnref6\" name=\"_ftn6\">[6]<\/a> Le taux de l\u00e9talit\u00e9, sachant qu\u2019on est s\u00e9ropositif est beaucoup plus affect\u00e9 par l\u2019\u00e2ge que par tous les autres facteurs\u00a0: les plus de75 ans ont un risque 15 % de d\u00e9c\u00e9der contre moins de 0,3 % en dessous de 40 ans (soit facilement un rapport de 1 \u00e0 50).<\/p><p><a href=\"#_ftnref7\" name=\"_ftn7\">[7]<\/a> Pour les raisons qu\u2019on a \u00e9voqu\u00e9es de risque \u00ab\u00a0d\u2019erreur \u00e9cologique\u00a0\u00bb.<\/p><p><a href=\"#_ftnref8\" name=\"_ftn8\">[8]<\/a> La DREES fournit les taux de recours aux \u00e9tablissements de soin de courte dur\u00e9e, dits MCO.<\/p><p><a href=\"#_ftnref9\" name=\"_ftn9\">[9]<\/a> Terminologie de l\u2019Insee d\u00e9signant des m\u00e9nages comprenant plus de deux g\u00e9n\u00e9rations. Le nombre de personnes vivant sous le m\u00eame toit traduit la densit\u00e9 des interactions entre g\u00e9n\u00e9rations dans la m\u00eame famille et peut \u00eatre un multiplicateur des contaminations venues du dehors.<\/p><p><a href=\"#_ftnref10\" name=\"_ftn10\">[10]<\/a> Voir Alain R. Thierry.\u00a0 Host\/genetic factors associated with COVID-19 call for precision medicine, <em>Precision Clinical Medicine<\/em>, 3(3), 2020, 228\u2013234\u00a0; doi: 10.1093\/pcmedi\/pbaa026\u00a0; \u00a0Christian A. Devaux, Jean-Marc Rolain , Didier Raoult\u00a0 (2020) ACE2 receptor polymorphism: Susceptibility to SARS-CoV-2, hypertension, multi-organ failure, and COVID-19 disease outcome. <em>Journal of Microbiology, Immunology and Infection <\/em>53, 425-435.<\/p><p><a href=\"#_ftnref11\" name=\"_ftn11\">[11]<\/a> Voir l\u2019article de A.W.F. Edwards (2003) Human genetic diversity: Lewontin\u2019s fallacy, BioEssays 25:798\u2013801, montrant que la probabilit\u00e9 d'une attribution d\u2019origine ethnique erron\u00e9e, tr\u00e8s fr\u00e9quente lorsqu\u2019on consid\u00e8re un seul variant g\u00e9n\u00e9tique, peut \u00eatre faite sur la base d\u2019une pluralit\u00e9 de g\u00e8nes.<\/p>","_et_gb_content_width":"","_exactmetrics_skip_tracking":false,"_exactmetrics_sitenote_active":false,"_exactmetrics_sitenote_note":"","_exactmetrics_sitenote_category":0,"footnotes":""},"categories":[214],"tags":[],"class_list":["post-5440","post","type-post","status-publish","format-standard","has-post-thumbnail","hentry","category-coronavirus","et-has-post-format-content","et_post_format-et-post-format-standard"],"_links":{"self":[{"href":"https:\/\/variances.eu\/index.php?rest_route=\/wp\/v2\/posts\/5440","targetHints":{"allow":["GET"]}}],"collection":[{"href":"https:\/\/variances.eu\/index.php?rest_route=\/wp\/v2\/posts"}],"about":[{"href":"https:\/\/variances.eu\/index.php?rest_route=\/wp\/v2\/types\/post"}],"author":[{"embeddable":true,"href":"https:\/\/variances.eu\/index.php?rest_route=\/wp\/v2\/users\/259"}],"replies":[{"embeddable":true,"href":"https:\/\/variances.eu\/index.php?rest_route=%2Fwp%2Fv2%2Fcomments&post=5440"}],"version-history":[{"count":0,"href":"https:\/\/variances.eu\/index.php?rest_route=\/wp\/v2\/posts\/5440\/revisions"}],"wp:featuredmedia":[{"embeddable":true,"href":"https:\/\/variances.eu\/index.php?rest_route=\/wp\/v2\/media\/5452"}],"wp:attachment":[{"href":"https:\/\/variances.eu\/index.php?rest_route=%2Fwp%2Fv2%2Fmedia&parent=5440"}],"wp:term":[{"taxonomy":"category","embeddable":true,"href":"https:\/\/variances.eu\/index.php?rest_route=%2Fwp%2Fv2%2Fcategories&post=5440"},{"taxonomy":"post_tag","embeddable":true,"href":"https:\/\/variances.eu\/index.php?rest_route=%2Fwp%2Fv2%2Ftags&post=5440"}],"curies":[{"name":"wp","href":"https:\/\/api.w.org\/{rel}","templated":true}]}}