{"id":5425,"date":"2020-11-19T07:30:10","date_gmt":"2020-11-19T05:30:10","guid":{"rendered":"http:\/\/variances.eu\/?p=5425"},"modified":"2020-11-19T08:54:43","modified_gmt":"2020-11-19T06:54:43","slug":"covid-19-contaminations-et-deces-au-miroir-de-lethnicite-1","status":"publish","type":"post","link":"https:\/\/variances.eu\/?p=5425","title":{"rendered":"Covid-19 : contaminations et d\u00e9c\u00e8s au miroir de l\u2019ethnicit\u00e9 (1)"},"content":{"rendered":"<p>[et_pb_section transparent_background=\u00a0\u00bboff\u00a0\u00bb allow_player_pause=\u00a0\u00bboff\u00a0\u00bb inner_shadow=\u00a0\u00bboff\u00a0\u00bb parallax=\u00a0\u00bboff\u00a0\u00bb parallax_method=\u00a0\u00bbon\u00a0\u00bb custom_padding=\u00a0\u00bb0px|0px|0px|0px\u00a0\u00bb make_fullwidth=\u00a0\u00bboff\u00a0\u00bb use_custom_width=\u00a0\u00bboff\u00a0\u00bb width_unit=\u00a0\u00bboff\u00a0\u00bb custom_width_px=\u00a0\u00bb1080px\u00a0\u00bb custom_width_percent=\u00a0\u00bb80%\u00a0\u00bb make_equal=\u00a0\u00bboff\u00a0\u00bb use_custom_gutter=\u00a0\u00bboff\u00a0\u00bb fullwidth=\u00a0\u00bboff\u00a0\u00bb specialty=\u00a0\u00bboff\u00a0\u00bb admin_label=\u00a0\u00bbsection\u00a0\u00bb disabled=\u00a0\u00bboff\u00a0\u00bb][et_pb_row make_fullwidth=\u00a0\u00bboff\u00a0\u00bb use_custom_width=\u00a0\u00bboff\u00a0\u00bb width_unit=\u00a0\u00bboff\u00a0\u00bb custom_width_px=\u00a0\u00bb1080px\u00a0\u00bb custom_width_percent=\u00a0\u00bb80%\u00a0\u00bb use_custom_gutter=\u00a0\u00bboff\u00a0\u00bb gutter_width=\u00a0\u00bb3&Prime; custom_padding=\u00a0\u00bb0px|0px|0px|0px\u00a0\u00bb allow_player_pause=\u00a0\u00bboff\u00a0\u00bb parallax=\u00a0\u00bboff\u00a0\u00bb parallax_method=\u00a0\u00bbon\u00a0\u00bb make_equal=\u00a0\u00bboff\u00a0\u00bb parallax_1=\u00a0\u00bboff\u00a0\u00bb parallax_method_1=\u00a0\u00bbon\u00a0\u00bb parallax_2=\u00a0\u00bboff\u00a0\u00bb parallax_method_2=\u00a0\u00bbon\u00a0\u00bb parallax_3=\u00a0\u00bboff\u00a0\u00bb parallax_method_3=\u00a0\u00bbon\u00a0\u00bb parallax_4=\u00a0\u00bboff\u00a0\u00bb parallax_method_4=\u00a0\u00bbon\u00a0\u00bb admin_label=\u00a0\u00bbrow\u00a0\u00bb disabled=\u00a0\u00bboff\u00a0\u00bb][et_pb_column type=\u00a0\u00bb4_4&Prime; disabled=\u00a0\u00bboff\u00a0\u00bb parallax=\u00a0\u00bboff\u00a0\u00bb parallax_method=\u00a0\u00bbon\u00a0\u00bb][et_pb_text background_layout=\u00a0\u00bblight\u00a0\u00bb text_orientation=\u00a0\u00bbleft\u00a0\u00bb admin_label=\u00a0\u00bbTexte\u00a0\u00bb use_border_color=\u00a0\u00bboff\u00a0\u00bb border_style=\u00a0\u00bbsolid\u00a0\u00bb disabled=\u00a0\u00bboff\u00a0\u00bb]<\/p>\n<p>Une surmortalit&eacute; due au Covid-19 a pu &ecirc;tre constat&eacute;e parmi certaines minorit&eacute;s ethniques ou allochtones, dans diff&eacute;rents pays. En France, plusieurs &eacute;tudes ont mis en &eacute;vidence une pr&eacute;pond&eacute;rance de facteurs sociaux plut&ocirc;t qu&rsquo;ethniques&nbsp;<a href=\"#_ftn1\" name=\"_ftnref1\">[1]<\/a>. Le pr&eacute;sent article donne un aper&ccedil;u de quelques travaux publi&eacute;s aux &Eacute;tats-Unis et au Royaume-Uni, o&ugrave; des r&eacute;f&eacute;rentiels ethniques sont d&rsquo;usage courant. Un second article, &agrave; para&icirc;tre, abordera ce sujet dans le contexte fran&ccedil;ais &agrave; partir de travaux qui ont pris en compte cette dimension en d&eacute;pit des r&eacute;ticences que nous avons &agrave; l&rsquo;&eacute;gard des statistiques ethniques.<\/p>\n<h3><strong>Le Covid-19 affecte-t-il certaines ethnies plus que d&rsquo;autres&nbsp;: &eacute;vidences anglo-saxonnes<\/strong><\/h3>\n<p>Tandis qu&rsquo;une deuxi&egrave;me vague de contamination monte brutalement sous nos yeux, nous souhaitons revenir sur les sources d&rsquo;une tension sociale qui s&rsquo;est manifest&eacute;e durant la premi&egrave;re vague du Covid 19 de l&rsquo;autre c&ocirc;t&eacute; de l&rsquo;Atlantique. La question de la surmortalit&eacute; chez les membres des minorit&eacute;s y a surgi comme une question de justice sociale majeure, alors qu&rsquo;en France, en Allemagne, en Italie et en Espagne, ce d&eacute;bat n&rsquo;a pas vraiment &eacute;merg&eacute;&nbsp;<a href=\"#_ftn2\" name=\"_ftnref2\">[2]<\/a>. Apr&egrave;s la mort de George Floyd, de nombreux articles parus dans les revues m&eacute;dicales ont mis en question l&rsquo;&eacute;quit&eacute; du traitement des membres des minorit&eacute;s. Les arguments ont &eacute;t&eacute; avanc&eacute;s avec circonspection au Royaume-Uni o&ugrave; les autorit&eacute;s m&eacute;dicales consid&egrave;rent toutefois que l&rsquo;identification des groupes &agrave; haut risque est une priorit&eacute;, ils ont pris un tour plus virulent aux &Eacute;tats-Unis. Dans la tourmente suscit&eacute;e par l&rsquo;irruption de la pand&eacute;mie, la disproportion observ&eacute;e des taux de d&eacute;c&egrave;s au sein des groupes minoritaires a &eacute;t&eacute; associ&eacute;e &agrave; l&rsquo;absence d&rsquo;un syst&egrave;me de soins accessible &agrave; tous et au d&eacute;ficit de la prise en charge des minorit&eacute;s. On a invoqu&eacute; outre-Atlantique l&rsquo;id&eacute;e d&rsquo;un racisme syst&eacute;mique, c&rsquo;est-&agrave;-dire d&rsquo;un effet non pas contingent ni r&eacute;siduel mais g&eacute;n&eacute;ral, inscrit dans le fonctionnement des institutions et dans les comportements. Cette qualification donn&eacute;e au vu des premi&egrave;res estimations de la mortalit&eacute; a co&iuml;ncid&eacute; avec la publication &laquo;&nbsp;d&rsquo;opinions&nbsp;&raquo; liant le tribut pay&eacute; au racisme. En un raccourci saisissant, l&rsquo;usage du syntagme racisme syst&eacute;mique traduit un malaise qui m&eacute;rite attention sous le double registre de l&rsquo;objectivation des situations et de l&rsquo;interpr&eacute;tation de la diffusion de l&rsquo;&eacute;pid&eacute;mie. Aux &Eacute;tats-Unis, la &laquo;&nbsp;race&nbsp;&raquo; est une construction omnipr&eacute;sente, constamment modifi&eacute;e, surinvestie &eacute;motionnellement. Des &eacute;v&egrave;nements r&eacute;cents en France, familiarisant nos concitoyens avec ces constructions (mouvement &laquo;&nbsp;Black Lives Matter &raquo;, visibilit&eacute; du comit&eacute; &laquo;&nbsp;Justice pour Adama&nbsp;&raquo;, par exemple), ont raviv&eacute; ces d&eacute;bats&nbsp;<a href=\"#_ftn3\" name=\"_ftnref3\">[3]<\/a>. C&rsquo;est conscient du caract&egrave;re pol&eacute;mique de cette construction, beaucoup moins accept&eacute;e en France, naviguant entre les &eacute;cueils contraires de l&rsquo;impr&eacute;cision et d&rsquo;objectivations n&eacute;cessairement r&eacute;ductrices, que l&rsquo;on peut tenter de r&eacute;sumer les arguments.<\/p>\n<h3><strong>Contaminations et identification d&rsquo;effets ethniques<\/strong><\/h3>\n<p>La susceptibilit&eacute; au sens m&eacute;dical d&eacute;signe une pr&eacute;disposition&nbsp;: elle recouvre la pr&eacute;valence des atteintes tandis que la gravit&eacute; traduit le besoin de soins intensifs et l&rsquo;importance des d&eacute;c&egrave;s.<\/p>\n<p>Aux &Eacute;tats-Unis, d&egrave;s le mois d&rsquo;avril, tant des &eacute;tudes locales que des &eacute;tudes appuy&eacute;es sur des donn&eacute;es repr&eacute;sentatives montrent que la part des emplois de service, le taux de pauvret&eacute;, mais aussi la proportion d&rsquo;adultes ayant des pathologies graves, diab&egrave;te, maladies cardiovasculaires, d&eacute;pression immunitaire influent sur les taux de contamination. Ainsi, une &eacute;tude originale a envisag&eacute; la susceptibilit&eacute; au coronavirus et la gravit&eacute; des contaminations en prenant en compte les effets conjoints de la couleur de peau et de la temp&eacute;rature &agrave; l&rsquo;&eacute;chelle des comt&eacute;s&nbsp;<a href=\"#_ftn4\" name=\"_ftnref4\">[4]<\/a>. Les auteurs ont isol&eacute; la mesure de ces effets en contr&ocirc;lant simultan&eacute;ment la densit&eacute; de l&rsquo;habitat, le surpeuplement des logements, la mobilit&eacute; durant l&rsquo;&eacute;pisode &eacute;pid&eacute;mique, le taux de pauvret&eacute;, la proportion d&rsquo;assur&eacute;s sociaux, l&rsquo;existence de pathologies sous-jacentes (notamment respiratoires) m&eacute;dicalement suivies et l&rsquo;activit&eacute; physique. La proportion de Noirs dans le comt&eacute; est associ&eacute;e &agrave; un surcro&icirc;t de contaminations (pas des d&eacute;c&egrave;s), mais la hausse de la temp&eacute;rature, r&eacute;duisant la dur&eacute;e de vie du virus en suspension dans l&rsquo;air, entra&icirc;ne aussi une r&eacute;duction des taux de contamination&nbsp;<a href=\"#_ftn5\" name=\"_ftnref5\">[5]<\/a>.<\/p>\n<p>Du point de vue du processus de contamination, la signification des variables indicatrices des pathologies pr&eacute;valentes et du pourcentage de Noirs dans les comt&eacute;s est toutefois ambigu&euml;. Il importe de souligner que ce ne sont pas les individus qui sont les unit&eacute;s d&rsquo;observation mais les comt&eacute;s. Comment savoir alors si ce sont plus souvent les&nbsp;Noirs, les diab&eacute;tiques, etc., qui sont contamin&eacute;s dans les zones o&ugrave; ils sont relativement plus nombreux&nbsp;? L&rsquo;&eacute;tude ne porte, par d&eacute;finition, que sur la variance entre zones g&eacute;ographiques, soit une faible part de la variance totale des contaminations. Le pourcentage de Noirs peut &ecirc;tre l&rsquo;indice d&rsquo;un facteur non mesur&eacute; qui, lui, a un r&ocirc;le causal dans les pathologies d&eacute;velopp&eacute;es&nbsp;<a href=\"#_ftn6\" name=\"_ftnref6\">[6]<\/a>. Il reste que les effets agr&eacute;g&eacute;s de la taille des m&eacute;nages, de la densit&eacute;, ainsi que de la pr&eacute;valence des principales pathologies associ&eacute;es aux maladies respiratoires n&rsquo;an&eacute;antissent pas l&rsquo;effet statistique du pourcentage de Noirs. Cela conduit les auteurs &agrave; &eacute;crire &laquo;&nbsp;que nombre des m&eacute;canismes propos&eacute;s pour expliquer les risques plus &eacute;lev&eacute;s du Covid-19, tels que le contexte socio-&eacute;conomique et l&rsquo;acc&egrave;s aux soins sont insuffisants pour expliquer dans toute son ampleur cette disparit&eacute; ethnique en mati&egrave;re de sant&eacute;.&nbsp;&raquo;<\/p>\n<h3><strong>Tenir compte de biais de tests&nbsp;: les effets ethniques subsistent<\/strong><\/h3>\n<p>La covid 19 peut &ecirc;tre grave ou au contraire b&eacute;nigne, de ce fait l&rsquo;identification des &laquo;&nbsp;malades&nbsp;&raquo; d&eacute;pend fortement de la fa&ccedil;on de les tester. Une &eacute;tude r&eacute;alis&eacute;e par <em>Michigan Medicine, <\/em>une institution d&eacute;di&eacute;e &agrave; la recherche<em>, <\/em>a r&eacute;pondu en partie aux objections concernant la diffusion in&eacute;gale des tests. L&rsquo;int&eacute;r&ecirc;t de cette &eacute;tude est la construction de groupes de contr&ocirc;le. Les patients test&eacute;s ont &eacute;t&eacute; compar&eacute;s &agrave; deux groupes qui n&rsquo;avaient pas &eacute;t&eacute; test&eacute;s pour leur r&eacute;ponse &agrave; un test identifiant leur exposition au Covid-19, t&eacute;moins non appari&eacute;s s&eacute;lectionn&eacute;s au hasard et t&eacute;moins appari&eacute;s par la composition &ndash; race, &acirc;ge et sexe&nbsp;<a href=\"#_ftn7\" name=\"_ftnref7\">[7]<\/a>.&nbsp; Les analyses (ainsi contr&ocirc;l&eacute;es) montrent, avec des rapports de s&eacute;ropr&eacute;valence de l&rsquo;ordre de 7 entre Noirs et Blancs non hispaniques que l&rsquo;effet des diff&eacute;rences ethniques est majeur aux &Eacute;tats-Unis. Si la plupart des recherches mettent en avant la plus forte atteinte des Noirs, une &eacute;tude men&eacute;e au printemps &agrave; Baltimore souligne que les &laquo;&nbsp;Latinos&nbsp;&raquo; ont les taux les plus &eacute;lev&eacute;s, notamment en raison de leur implication dans le b&acirc;timent et les activit&eacute;s de service&nbsp;<a href=\"#_ftn8\" name=\"_ftnref8\">[8]<\/a>.<\/p>\n<p>Au Royaume-Uni, une revue syst&eacute;matique des &eacute;tudes incluant les donn&eacute;es de la litt&eacute;rature grise et des articles avant examen, conclut que Noirs et immigr&eacute;s d&rsquo;Asie du Sud ont un risque accru de contracter l&rsquo;infection&nbsp;<a href=\"#_ftn9\" name=\"_ftnref9\">[9]<\/a>. Niedzwiedz et al. (2020)&nbsp;<a href=\"#_ftn10\" name=\"_ftnref10\">[10]<\/a> notent que les membres des minorit&eacute;s noires et asiatiques sont plus susceptibles d&rsquo;&ecirc;tre s&eacute;ropositifs &ndash; les migrants d&rsquo;origine pakistanaise &eacute;tant les plus &agrave; risque au sein du groupe d&rsquo;Asie du Sud. Ces groupes ethniques sont &eacute;galement plus susceptibles d&rsquo;&ecirc;tre hospitalis&eacute;s que les Britanniques blancs. Il y a une att&eacute;nuation de l&rsquo;effet ethnique lorsque l&rsquo;on tient compte des variables socio-&eacute;conomiques &ndash; la vie dans des quartiers pauvres et l&rsquo;absence de qualification &eacute;tant syst&eacute;matiquement associ&eacute;es &agrave; un risque plus &eacute;lev&eacute; d&rsquo;infection&nbsp;<a href=\"#_ftn11\" name=\"_ftnref11\">[11]<\/a>. Le contr&ocirc;le en sus des risques de sant&eacute; et du comportement n&rsquo;entra&icirc;ne que peu de changements, et la contribution de l&rsquo;ethnicit&eacute; reste significative.<\/p>\n<p>&nbsp;<\/p>\n<p>[\/et_pb_text][\/et_pb_column][\/et_pb_row][et_pb_row make_fullwidth=\u00a0\u00bboff\u00a0\u00bb use_custom_width=\u00a0\u00bboff\u00a0\u00bb width_unit=\u00a0\u00bboff\u00a0\u00bb custom_width_px=\u00a0\u00bb1080px\u00a0\u00bb custom_width_percent=\u00a0\u00bb80%\u00a0\u00bb use_custom_gutter=\u00a0\u00bboff\u00a0\u00bb gutter_width=\u00a0\u00bb3&Prime; custom_padding=\u00a0\u00bb0px|0px|8px|0px\u00a0\u00bb allow_player_pause=\u00a0\u00bboff\u00a0\u00bb parallax=\u00a0\u00bboff\u00a0\u00bb parallax_method=\u00a0\u00bbon\u00a0\u00bb make_equal=\u00a0\u00bboff\u00a0\u00bb parallax_1=\u00a0\u00bboff\u00a0\u00bb parallax_method_1=\u00a0\u00bbon\u00a0\u00bb parallax_2=\u00a0\u00bboff\u00a0\u00bb parallax_method_2=\u00a0\u00bbon\u00a0\u00bb parallax_3=\u00a0\u00bboff\u00a0\u00bb parallax_method_3=\u00a0\u00bbon\u00a0\u00bb parallax_4=\u00a0\u00bboff\u00a0\u00bb parallax_method_4=\u00a0\u00bbon\u00a0\u00bb disabled=\u00a0\u00bboff\u00a0\u00bb][et_pb_column type=\u00a0\u00bb4_4&Prime; disabled=\u00a0\u00bboff\u00a0\u00bb parallax=\u00a0\u00bboff\u00a0\u00bb parallax_method=\u00a0\u00bbon\u00a0\u00bb][et_pb_text background_layout=\u00a0\u00bblight\u00a0\u00bb text_orientation=\u00a0\u00bbleft\u00a0\u00bb background_color=\u00a0\u00bbrgba(239,239,239,0.82)\u00a0\u00bb use_border_color=\u00a0\u00bboff\u00a0\u00bb border_style=\u00a0\u00bbsolid\u00a0\u00bb disabled=\u00a0\u00bboff\u00a0\u00bb]<\/p>\n<p>&nbsp;<\/p>\n<h5 style=\"text-align: center;\">Rapports de chances\u00a0\u00bb associant l\u2019ethnicit\u00e9 \u00e0 la contamination par le Covid-19<\/h5>\n<p><img loading=\"lazy\" decoding=\"async\" class=\"wp-image-5426 aligncenter size-full\" src=\"wp-content\/uploads\/2020\/11\/Image1.png\" alt=\"\" width=\"725\" height=\"375\" srcset=\"https:\/\/variances.eu\/wp-content\/uploads\/2020\/11\/Image1.png 725w, https:\/\/variances.eu\/wp-content\/uploads\/2020\/11\/Image1-300x155.png 300w, https:\/\/variances.eu\/wp-content\/uploads\/2020\/11\/Image1-600x310.png 600w\" sizes=\"(max-width: 725px) 100vw, 725px\" \/><\/p>\n<p>Note de lecture : On a repr\u00e9sent\u00e9 pour trois cat\u00e9gories de personnes, le \u00ab rapport de chance d\u2019\u00eatre expos\u00e9 au Sars-cov2 \u00bb, relativement \u00e0 la population de r\u00e9f\u00e9rence, soit les \u00ab White British \u00bb, dans deux mod\u00e8les (A et B). Le premier prend en compte peu de contr\u00f4les (\u00e2ge et sexe) : il agr\u00e8ge divers effets dont \u00ab l\u2019ethnie \u00bb, mais il est potentiellement plus pr\u00e9cis. Ainsi l\u2019intervalle de confiance de ce rapport de chance est[1,21 \u2013 1,83] pour les \u00ab Blacks \u00bb, mod\u00e8le A, leur risque d\u2019\u00eatre contamin\u00e9s est donc significativement plus fr\u00e9quent que pour les \u00ab White British \u00bb.<\/p>\n<p>Le mod\u00e8le B prend en compte beaucoup plus de facteurs potentiellement explicatifs, soit l\u2019\u00e2ge et le sexe, mais aussi des facteurs sociaux &#8211; urbanisation, taille des m\u00e9nages, \u00e9ducation, score de d\u00e9nuement, emploi, type d\u2019activit\u00e9, et des facteurs de sant\u00e9 &#8211; pathologies de longue dur\u00e9e, incluant des comportements &#8211; tabagisme, consommation d\u2019alcool et masse corporelle. Ce mod\u00e8le isole mieux l\u2019effet propre de l\u2019ethnie (les rapports de chances se rapprochent donc de 1), mais il est moins pr\u00e9cis. Ainsi, pour les \u00ab Blacks \u00bb, le rapport de chance n\u2019est plus que de 1,36, tout juste significatif au seuil de 5 % puisque l\u2019intervalle de confiance est de [1,03 ; 1,79]<\/p>\n<p>Source : calculs de l\u2019auteur, adapt\u00e9 de Niedzwiedz, Cl. &amp; alii, 2020.<\/p>\n<p>[\/et_pb_text][\/et_pb_column][\/et_pb_row][et_pb_row make_fullwidth=\u00a0\u00bboff\u00a0\u00bb use_custom_width=\u00a0\u00bboff\u00a0\u00bb width_unit=\u00a0\u00bboff\u00a0\u00bb custom_width_px=\u00a0\u00bb1080px\u00a0\u00bb custom_width_percent=\u00a0\u00bb80%\u00a0\u00bb use_custom_gutter=\u00a0\u00bboff\u00a0\u00bb gutter_width=\u00a0\u00bb3&Prime; custom_padding=\u00a0\u00bb1px|0px|18.9531px|0px\u00a0\u00bb allow_player_pause=\u00a0\u00bboff\u00a0\u00bb parallax=\u00a0\u00bboff\u00a0\u00bb parallax_method=\u00a0\u00bbon\u00a0\u00bb make_equal=\u00a0\u00bboff\u00a0\u00bb parallax_1=\u00a0\u00bboff\u00a0\u00bb parallax_method_1=\u00a0\u00bbon\u00a0\u00bb parallax_2=\u00a0\u00bboff\u00a0\u00bb parallax_method_2=\u00a0\u00bbon\u00a0\u00bb parallax_3=\u00a0\u00bboff\u00a0\u00bb parallax_method_3=\u00a0\u00bbon\u00a0\u00bb parallax_4=\u00a0\u00bboff\u00a0\u00bb parallax_method_4=\u00a0\u00bbon\u00a0\u00bb disabled=\u00a0\u00bboff\u00a0\u00bb][et_pb_column type=\u00a0\u00bb4_4&Prime; disabled=\u00a0\u00bboff\u00a0\u00bb parallax=\u00a0\u00bboff\u00a0\u00bb parallax_method=\u00a0\u00bbon\u00a0\u00bb][et_pb_text background_layout=\u00a0\u00bblight\u00a0\u00bb text_orientation=\u00a0\u00bbleft\u00a0\u00bb use_border_color=\u00a0\u00bboff\u00a0\u00bb border_style=\u00a0\u00bbsolid\u00a0\u00bb disabled=\u00a0\u00bboff\u00a0\u00bb]<\/p>\n<p>D&rsquo;apr&egrave;s Niedzwiedz et alii, les diff&eacute;rences ethniques restent marqu&eacute;es s&rsquo;agissant des risques de contamination&nbsp;<a href=\"?p=5425&amp;et_fb=1#_ftn12\" name=\"_ftnref12\">[12]<\/a>. L&rsquo;&eacute;tude montre aussi que la fr&eacute;quence des contaminations par le Covid-19 est plus forte pour les membres des minorit&eacute;s install&eacute;es au Royaume-Uni depuis plusieurs g&eacute;n&eacute;rations que parmi les migrants. Ce qui peut &ecirc;tre interpr&eacute;t&eacute; de diverses fa&ccedil;ons&nbsp;: une moindre r&eacute;sistance des&nbsp;<em>descendants<\/em>&nbsp;de migrants dans les pays du nord, une d&eacute;t&eacute;rioration de leur sant&eacute; d&eacute;rivant des conditions de vie et de logement (cohabitation de plusieurs g&eacute;n&eacute;rations), et possiblement d&rsquo;une moindre hygi&egrave;ne de vie dans les secondes g&eacute;n&eacute;rations (boissons sucr&eacute;es, absence d&rsquo;exercice physique)&nbsp;<a href=\"?p=5425&amp;et_fb=1#_ftn13\" name=\"_ftnref13\">[13]<\/a>. Ainsi, la dur&eacute;e de s&eacute;jour, au lieu d&rsquo;am&eacute;liorer la situation de certains groupes de migrants, la d&eacute;t&eacute;riorerait. Ces analyses conduisent &agrave; enregistrer &agrave; travers l&rsquo;ethnicit&eacute; un effet du parcours migratoire, ce qui ne fait pas de l&rsquo;ethnicit&eacute; une donn&eacute;e purement biologique mais la composante d&rsquo;une interaction entre des dispositions h&eacute;rit&eacute;es et un contexte de vie.<\/p>\n<p>Enfin, Raisi-Estabragh et al. (2020) obtiennent des r&eacute;sultats similaires&nbsp;<a href=\"?p=5425&amp;et_fb=1#_ftn14\" name=\"_ftnref14\">[14]<\/a>. Dans leurs mod&egrave;les incluant l&rsquo;&acirc;ge et le sexe, la probabilit&eacute; de s&eacute;ropositivit&eacute; est affect&eacute;e par le score de d&eacute;nuement mat&eacute;riel, mais le r&ocirc;le de l&rsquo;appartenance ethnique reste fort. Si l&rsquo;ethnicit&eacute; fonctionne comme un marqueur physiologique&nbsp;&ndash; les Noirs et Asiatiques ont dans les pays du nord un profil cardio-m&eacute;tabolique moins adapt&eacute;, un niveau d&rsquo;assimilation de la vitamine D inf&eacute;rieur aux autochtones &ndash; selon l&rsquo;&eacute;tude, ces d&eacute;ficits relatifs ne rendent pourtant pas compte de la susceptibilit&eacute; au Covid-19 dans ces groupes. De la m&ecirc;me fa&ccedil;on, si une adiposit&eacute; importante est corr&eacute;l&eacute;e avec un niveau inf&eacute;rieur d&rsquo;assimilation de la vitamine D, les auteurs n&rsquo;ont trouv&eacute; aucune association ind&eacute;pendante entre vitamine D et s&eacute;ropositivit&eacute;, ce qu&rsquo;ils expliquent en disant que l&rsquo;ob&eacute;sit&eacute; et l&rsquo;appartenance ethnique masquent le d&eacute;ficit de synth&egrave;se de la vitamine D.<\/p>\n<p>En r&eacute;sum&eacute;, s&rsquo;agissant des contaminations, pour les chercheurs am&eacute;ricains et plus encore pour leurs homologues britanniques, l&rsquo;ethnicit&eacute; joue un r&ocirc;le sur les contaminations irr&eacute;ductible au contexte social et &agrave; l&rsquo;existence de pathologies communes pr&eacute;existantes&nbsp;<a href=\"?p=5425&amp;et_fb=1#_ftn15\" name=\"_ftnref15\">[15]<\/a>&nbsp;.<\/p>\n<h3><strong>Ethnicit&eacute; et l&eacute;talit&eacute;<\/strong><\/h3>\n<p>Qu&rsquo;en est-il de l&rsquo;issue des contaminations&nbsp;? L&rsquo;analyse des hospitalisations et d&eacute;c&egrave;s montre que ces risques sont, &agrave; l&rsquo;instar des contaminations, variables selon les groupes ethniques.<\/p>\n<p>Aux &Eacute;tats-Unis, selon l&rsquo;APM Research Lab, le taux de mortalit&eacute; des Noirs est plus de deux fois sup&eacute;rieur &agrave; celui des Blancs, tandis que le taux de mortalit&eacute; relatif des Hispaniques est peu diff&eacute;rent. Pourquoi&nbsp;? Au terme d&rsquo;une &eacute;tude sur les hospitalisations &agrave; Detroit au printemps, Suleyman et al. 2020 &eacute;crivent que &laquo;&nbsp;la race ne fut pas associ&eacute;e &agrave; l&rsquo;admission en soins intensifs&nbsp;&raquo;. Le fait d&rsquo;&ecirc;tre Noir n&rsquo;a pas d&rsquo;effet sur le taux des recours aux soins intensifs une fois prises en compte, outre l&rsquo;&acirc;ge et le sexe, les pathologies r&eacute;nales, l&rsquo;ob&eacute;sit&eacute; et le diab&egrave;te&nbsp;<a href=\"?p=5425&amp;et_fb=1#_ftn16\" name=\"_ftnref16\">[16]<\/a>.&nbsp; C&rsquo;est, selon eux, en raison de la forte pr&eacute;valence de l&rsquo;ob&eacute;sit&eacute; et des maladies r&eacute;nales que les recours &agrave; l&rsquo;hyperventilation m&eacute;canique ont &eacute;t&eacute; accrus parmi les patients noirs. En effet, &ecirc;tre un homme de plus de 60 ans avec un indice de masse corporelle sup&eacute;rieur &agrave; 40 et des pathologies r&eacute;nales a &eacute;t&eacute; pr&eacute;dictif de la transition vers des soins intensifs et du risque de d&eacute;c&egrave;s au printemps.&nbsp; Ici l&rsquo;effet de l&rsquo;ethnicit&eacute; est donc m&eacute;diatis&eacute; par les pathologies.<\/p>\n<p>Toujours aux &Eacute;tats-Unis, Gu et al. (2020) montrent aussi qu&rsquo;une fois contr&ocirc;l&eacute;es les pathologies sous-jacentes, les Afro-Am&eacute;ricains n&rsquo;ont pas eu un risque de d&eacute;c&egrave;s plus &eacute;lev&eacute;. Ils rel&egrave;vent cependant, dans les analyses men&eacute;es au sein de chaque groupe, que les pathologies r&eacute;nales n&rsquo;&eacute;l&egrave;vent significativement les risques que pour les Noirs, ce qui indique une interaction entre ethnicit&eacute; et pathologies, qui est importante dans une perspective de pr&eacute;vention.<\/p>\n<p>[\/et_pb_text][\/et_pb_column][\/et_pb_row][et_pb_row make_fullwidth=\u00a0\u00bboff\u00a0\u00bb use_custom_width=\u00a0\u00bboff\u00a0\u00bb width_unit=\u00a0\u00bboff\u00a0\u00bb custom_width_px=\u00a0\u00bb1080px\u00a0\u00bb custom_width_percent=\u00a0\u00bb80%\u00a0\u00bb use_custom_gutter=\u00a0\u00bboff\u00a0\u00bb gutter_width=\u00a0\u00bb3&Prime; custom_padding=\u00a0\u00bb2px|0px|0px|0px\u00a0\u00bb allow_player_pause=\u00a0\u00bboff\u00a0\u00bb parallax=\u00a0\u00bboff\u00a0\u00bb parallax_method=\u00a0\u00bbon\u00a0\u00bb make_equal=\u00a0\u00bboff\u00a0\u00bb parallax_1=\u00a0\u00bboff\u00a0\u00bb parallax_method_1=\u00a0\u00bbon\u00a0\u00bb parallax_2=\u00a0\u00bboff\u00a0\u00bb parallax_method_2=\u00a0\u00bbon\u00a0\u00bb parallax_3=\u00a0\u00bboff\u00a0\u00bb parallax_method_3=\u00a0\u00bbon\u00a0\u00bb parallax_4=\u00a0\u00bboff\u00a0\u00bb parallax_method_4=\u00a0\u00bbon\u00a0\u00bb disabled=\u00a0\u00bboff\u00a0\u00bb][et_pb_column type=\u00a0\u00bb4_4&Prime; disabled=\u00a0\u00bboff\u00a0\u00bb parallax=\u00a0\u00bboff\u00a0\u00bb parallax_method=\u00a0\u00bbon\u00a0\u00bb][et_pb_text background_layout=\u00a0\u00bblight\u00a0\u00bb text_orientation=\u00a0\u00bbleft\u00a0\u00bb background_color=\u00a0\u00bbrgba(229,229,229,0.84)\u00a0\u00bb use_border_color=\u00a0\u00bboff\u00a0\u00bb border_style=\u00a0\u00bbsolid\u00a0\u00bb disabled=\u00a0\u00bboff\u00a0\u00bb]<\/p>\n<h5 style=\"text-align: center;\"><\/h5>\n<h5 style=\"text-align: center;\">R\u00e9gression logistique\u00a0: Odds-ratio des d\u00e9c\u00e8s parmi les patients diagnostiqu\u00e9s positifs.<\/h5>\n<p><img loading=\"lazy\" decoding=\"async\" class=\"wp-image-5432 aligncenter size-full\" src=\"wp-content\/uploads\/2020\/11\/Image2.png\" alt=\"\" width=\"981\" height=\"409\" srcset=\"https:\/\/variances.eu\/wp-content\/uploads\/2020\/11\/Image2.png 981w, https:\/\/variances.eu\/wp-content\/uploads\/2020\/11\/Image2-300x125.png 300w, https:\/\/variances.eu\/wp-content\/uploads\/2020\/11\/Image2-600x250.png 600w\" sizes=\"(max-width: 981px) 100vw, 981px\" \/><\/p>\n<p>Source : adapt\u00e9 de Gu &amp; al. 2020. Le mod\u00e8le contr\u00f4le de plus l\u2019\u00e2ge, le statut socio-\u00e9conomique, le niveau de d\u00e9nuement du quartier et la consommation de tabac et d\u2019alcool, qui n\u2019ont pas d\u2019effet significatif.<\/p>\n<p>[\/et_pb_text][\/et_pb_column][\/et_pb_row][et_pb_row make_fullwidth=\u00a0\u00bboff\u00a0\u00bb use_custom_width=\u00a0\u00bboff\u00a0\u00bb width_unit=\u00a0\u00bboff\u00a0\u00bb custom_width_px=\u00a0\u00bb1080px\u00a0\u00bb custom_width_percent=\u00a0\u00bb80%\u00a0\u00bb use_custom_gutter=\u00a0\u00bboff\u00a0\u00bb gutter_width=\u00a0\u00bb3&Prime; custom_padding=\u00a0\u00bb2px|0px|0px|0px\u00a0\u00bb allow_player_pause=\u00a0\u00bboff\u00a0\u00bb parallax=\u00a0\u00bboff\u00a0\u00bb parallax_method=\u00a0\u00bbon\u00a0\u00bb make_equal=\u00a0\u00bboff\u00a0\u00bb parallax_1=\u00a0\u00bboff\u00a0\u00bb parallax_method_1=\u00a0\u00bbon\u00a0\u00bb parallax_2=\u00a0\u00bboff\u00a0\u00bb parallax_method_2=\u00a0\u00bbon\u00a0\u00bb parallax_3=\u00a0\u00bboff\u00a0\u00bb parallax_method_3=\u00a0\u00bbon\u00a0\u00bb parallax_4=\u00a0\u00bboff\u00a0\u00bb parallax_method_4=\u00a0\u00bbon\u00a0\u00bb disabled=\u00a0\u00bboff\u00a0\u00bb][et_pb_column type=\u00a0\u00bb4_4&Prime; disabled=\u00a0\u00bboff\u00a0\u00bb parallax=\u00a0\u00bboff\u00a0\u00bb parallax_method=\u00a0\u00bbon\u00a0\u00bb][et_pb_text background_layout=\u00a0\u00bblight\u00a0\u00bb text_orientation=\u00a0\u00bbleft\u00a0\u00bb use_border_color=\u00a0\u00bboff\u00a0\u00bb border_style=\u00a0\u00bbsolid\u00a0\u00bb disabled=\u00a0\u00bboff\u00a0\u00bb]<\/p>\n<h3><strong>&nbsp;&nbsp;<\/strong><\/h3>\n<h3><strong>Des effets ethniques &laquo;&nbsp;irr&eacute;ductibles&nbsp;&raquo; au Royaume-Uni<\/strong><\/h3>\n<p>C&rsquo;est paradoxalement au Royaume-Uni, o&ugrave; les d&eacute;bats reliant l&rsquo;ethnicit&eacute; et la l&eacute;talit&eacute; du Covid ont eu moins d&rsquo;ampleur, que l&rsquo;on souligne l&rsquo;irr&eacute;ductibilit&eacute; des effets de l&rsquo;ethnicit&eacute;&nbsp;<a href=\"?p=5425&amp;et_fb=1#_ftn17\" name=\"_ftnref17\">[17]<\/a>. Au Royaume-Uni, sur la base du protocole ISARIC, Harrison et alii (2020) montrent que les Asiatiques et les Noirs (Cara&iuml;bes et Afrique noire) sont deux fois plus expos&eacute;s au risque de d&eacute;c&egrave;s&nbsp;<a href=\"?p=5425&amp;et_fb=1#_ftn18\" name=\"_ftnref18\">[18]<\/a>. L&rsquo;&eacute;tude indique que la mortalit&eacute; est plus fr&eacute;quente parmi les Blancs que parmi les minorit&eacute;s ethniques lorsqu&rsquo;on ignore les diff&eacute;rences d&rsquo;&acirc;ge et de sexe entre les groupes.&nbsp; Cet effet brut dispara&icirc;t voire s&rsquo;inverse apr&egrave;s la prise en compte des effets d&rsquo;&acirc;ges (les minorit&eacute;s comportent une proportion moindre de personnes &acirc;g&eacute;es, premi&egrave;re explication de la diff&eacute;rence constat&eacute;e). L&rsquo;ajustement des risques, effectu&eacute; dans un second temps, par la prise en compte des pathologies au long cours t&eacute;moigne de l&rsquo;effet des diff&eacute;rences de sant&eacute; au m&ecirc;me &acirc;ge. Les hospitalis&eacute;s des minorit&eacute;s ethniques s&rsquo;av&egrave;rent &ecirc;tre plus jeunes que les Blancs (dix ans en moyenne), ce qui implique que leur &eacute;tat de sant&eacute; s&rsquo;est d&eacute;grad&eacute; plus t&ocirc;t ou plus rapidement. Il n&rsquo;est donc pas surprenant qu&rsquo;une fois inclus l&rsquo;effet de ces maladies, les &eacute;carts de taux de mortalit&eacute; s&rsquo;att&eacute;nuent ou disparaissent. Cela est vrai pour tous les groupes &agrave; l&rsquo;exception des Bangladeshis et des Pakistanais (South Asian, graphique ci-dessous), pour lesquels un effet ethnicit&eacute; sur le risque de d&eacute;c&egrave;s reste significatif.<\/p>\n<p>[\/et_pb_text][\/et_pb_column][\/et_pb_row][et_pb_row make_fullwidth=\u00a0\u00bboff\u00a0\u00bb use_custom_width=\u00a0\u00bboff\u00a0\u00bb width_unit=\u00a0\u00bboff\u00a0\u00bb custom_width_px=\u00a0\u00bb1080px\u00a0\u00bb custom_width_percent=\u00a0\u00bb80%\u00a0\u00bb use_custom_gutter=\u00a0\u00bboff\u00a0\u00bb gutter_width=\u00a0\u00bb3&Prime; custom_padding=\u00a0\u00bb18.9531px|0px|2px|0px\u00a0\u00bb allow_player_pause=\u00a0\u00bboff\u00a0\u00bb parallax=\u00a0\u00bboff\u00a0\u00bb parallax_method=\u00a0\u00bbon\u00a0\u00bb make_equal=\u00a0\u00bboff\u00a0\u00bb parallax_1=\u00a0\u00bboff\u00a0\u00bb parallax_method_1=\u00a0\u00bbon\u00a0\u00bb parallax_2=\u00a0\u00bboff\u00a0\u00bb parallax_method_2=\u00a0\u00bbon\u00a0\u00bb parallax_3=\u00a0\u00bboff\u00a0\u00bb parallax_method_3=\u00a0\u00bbon\u00a0\u00bb parallax_4=\u00a0\u00bboff\u00a0\u00bb parallax_method_4=\u00a0\u00bbon\u00a0\u00bb disabled=\u00a0\u00bboff\u00a0\u00bb][et_pb_column type=\u00a0\u00bb4_4&Prime; disabled=\u00a0\u00bboff\u00a0\u00bb parallax=\u00a0\u00bboff\u00a0\u00bb parallax_method=\u00a0\u00bbon\u00a0\u00bb][et_pb_text background_layout=\u00a0\u00bblight\u00a0\u00bb text_orientation=\u00a0\u00bbleft\u00a0\u00bb background_color=\u00a0\u00bbrgba(226,226,226,0.85)\u00a0\u00bb use_border_color=\u00a0\u00bboff\u00a0\u00bb border_style=\u00a0\u00bbsolid\u00a0\u00bb disabled=\u00a0\u00bboff\u00a0\u00bb]<\/p>\n<p>&nbsp;<\/p>\n<h5 style=\"text-align: center;\">Royaume-Uni&nbsp;: risques de d&eacute;c&egrave;s des s&eacute;ropositifs estim&eacute;s par mod&egrave;les de Cox<\/h5>\n<p><img loading=\"lazy\" decoding=\"async\" class=\"wp-image-5433 aligncenter size-full\" src=\"wp-content\/uploads\/2020\/11\/Image3.png\" alt=\"\" width=\"829\" height=\"440\" srcset=\"https:\/\/variances.eu\/wp-content\/uploads\/2020\/11\/Image3.png 829w, https:\/\/variances.eu\/wp-content\/uploads\/2020\/11\/Image3-300x159.png 300w, https:\/\/variances.eu\/wp-content\/uploads\/2020\/11\/Image3-600x318.png 600w\" sizes=\"(max-width: 829px) 100vw, 829px\" \/><\/p>\n<p>Note de lecture&nbsp;: Les pathologies et l&rsquo;ob&eacute;sit&eacute; ont toutes un effet significatif sur le risque de d&eacute;c&egrave;s &eacute;tant &agrave; droite de la verticale en pointill&eacute;s&nbsp;; le seuil de d&eacute;nuement ne l&rsquo;est pas et seules les personnes d&rsquo;Asie du sud ont un risque de d&eacute;c&egrave;s significativement plus &eacute;lev&eacute; que les Blancs.<\/p>\n<p>Source&nbsp;: adapt&eacute; d&rsquo;Harrison &amp; al. 2020.<\/p>\n<p>[\/et_pb_text][\/et_pb_column][\/et_pb_row][et_pb_row make_fullwidth=\u00a0\u00bboff\u00a0\u00bb use_custom_width=\u00a0\u00bboff\u00a0\u00bb width_unit=\u00a0\u00bboff\u00a0\u00bb custom_width_px=\u00a0\u00bb1080px\u00a0\u00bb custom_width_percent=\u00a0\u00bb80%\u00a0\u00bb use_custom_gutter=\u00a0\u00bboff\u00a0\u00bb gutter_width=\u00a0\u00bb3&Prime; allow_player_pause=\u00a0\u00bboff\u00a0\u00bb parallax=\u00a0\u00bboff\u00a0\u00bb parallax_method=\u00a0\u00bbon\u00a0\u00bb make_equal=\u00a0\u00bboff\u00a0\u00bb parallax_1=\u00a0\u00bboff\u00a0\u00bb parallax_method_1=\u00a0\u00bbon\u00a0\u00bb parallax_2=\u00a0\u00bboff\u00a0\u00bb parallax_method_2=\u00a0\u00bbon\u00a0\u00bb parallax_3=\u00a0\u00bboff\u00a0\u00bb parallax_method_3=\u00a0\u00bbon\u00a0\u00bb parallax_4=\u00a0\u00bboff\u00a0\u00bb parallax_method_4=\u00a0\u00bbon\u00a0\u00bb disabled=\u00a0\u00bboff\u00a0\u00bb][et_pb_column type=\u00a0\u00bb4_4&Prime; disabled=\u00a0\u00bboff\u00a0\u00bb parallax=\u00a0\u00bboff\u00a0\u00bb parallax_method=\u00a0\u00bbon\u00a0\u00bb][et_pb_text background_layout=\u00a0\u00bblight\u00a0\u00bb text_orientation=\u00a0\u00bbleft\u00a0\u00bb use_border_color=\u00a0\u00bboff\u00a0\u00bb border_style=\u00a0\u00bbsolid\u00a0\u00bb disabled=\u00a0\u00bboff\u00a0\u00bb]<\/p>\n<h3><strong>Des constats d&rsquo;effets ethniques qui se compl&egrave;tent<\/strong><\/h3>\n<p>D&rsquo;un c&ocirc;t&eacute;, les recherches am&eacute;ricaines laissent penser que les pathologies sous-jacentes m&eacute;diatisent l&rsquo;effet de l&rsquo;ethnicit&eacute; sur le recours aux soins intensifs et sur le risque de d&eacute;c&egrave;s. De l&rsquo;autre, les &eacute;tudes statistiques anglaises rep&egrave;rent des effets intrins&egrave;ques de l&rsquo;ethnicit&eacute; point&eacute;s par les recherches cliniques (montrant que l&rsquo;ethnicit&eacute; affecte la susceptibilit&eacute; au virus via des facteurs g&eacute;n&eacute;tiques qui facilitent ou entravent la p&eacute;n&eacute;tration du virus dans les cellules du syst&egrave;me respiratoire). Elles indiquent aussi que les d&eacute;savantages des immigr&eacute;s d&rsquo;Asie et d&rsquo;Afrique associ&eacute;s &agrave; l&rsquo;ethnicit&eacute; d&eacute;rivent de l&rsquo;interaction avec le contexte&nbsp;: la vie des migrants dans les pays plus froids de l&rsquo;h&eacute;misph&egrave;re nord.<\/p>\n<p>Ces analyses invitent &agrave; d&eacute;passer un d&eacute;bat biais&eacute; par l&rsquo;acceptation d&rsquo;une norme implicite&nbsp;stipulant que la gravit&eacute; est la m&ecirc;me pour tous. Il y a une fragilit&eacute; contextuelle des migrants dont ni les pathologies sous-jacentes connues ni les conditions de vie souvent plus difficiles d&eacute;finies par les variables de revenu, de lieu de vie et de forme d&rsquo;occupation des logements ne rendent compl&egrave;tement compte.<\/p>\n<p>&nbsp;<\/p>\n<p><em>Pr&eacute;cision grammaticale&nbsp;: nous avons d&eacute;cid&eacute; d&rsquo;&eacute;crire &laquo;&nbsp;la Covid&nbsp;&raquo; lorsque nous nous r&eacute;f&eacute;rons &agrave;&nbsp;la maladie, et &laquo;&nbsp;le Covid&nbsp;&raquo; dans le cas du&nbsp;virus (s&eacute;ropr&eacute;valence, &#8230;)<\/em><\/p>\n<p><em>Mots-cl&eacute;s : COVID&nbsp;&#8211; ethnicit&eacute;&nbsp;&#8211; minorit&eacute;s&nbsp;&#8211; densit&eacute; urbaine&nbsp;&#8211; surpeuplement<\/em><\/p>\n<p><em><\/em><\/p>\n<hr \/>\n<p>&nbsp;<a href=\"?p=5425&amp;et_fb=1#_ftnref1\" name=\"_ftn1\">[1]<\/a>&nbsp;&nbsp;&nbsp;&nbsp; Variances en a rendu compte dans une note de lecture (<span style=\"text-decoration: underline;\"><span style=\"color: #0000ff;\"><a style=\"color: #0000ff; text-decoration: underline;\" href=\"?p=5218\">http:\/\/variances.eu\/?p=5218<\/a><\/span><\/span>)&nbsp; introduisant deux articles. Le premier, de Sylvain Papon, Isabelle Robert-Bob&eacute;e ; &laquo;&nbsp;Une hausse des d&eacute;c&egrave;s deux fois plus forte pour les personnes n&eacute;es &agrave; l&rsquo;&eacute;tranger que pour celles n&eacute;es en France en mars-avril 2020&nbsp;&raquo;, collection de l&rsquo;Insee &laquo;&nbsp;Insee Focus&nbsp;&raquo;, num&eacute;ro 198 du 07\/07\/2020&nbsp;; URL :&nbsp;<span style=\"text-decoration: underline;\"><span style=\"color: #0000ff;\"><a style=\"color: #0000ff; text-decoration: underline;\" href=\"https:\/\/www.insee.fr\/fr\/statistiques\/4627049\">https:\/\/www.insee.fr\/fr\/statistiques\/4627049<\/a><\/span><\/span>&nbsp;. Le second, de Sol&egrave;ne Brun et Patrick Simon ; &laquo; L&rsquo;invisibilit&eacute; des minorit&eacute;s dans les chiffres du Coronavirus : le d&eacute;tour par la Seine-Saint-Denis &raquo;, in : Sol&egrave;ne Brun et Patrick Simon (dir.), Dossier &laquo; In&eacute;galit&eacute;s ethno-raciales et pand&eacute;mie de coronavirus &raquo;,&nbsp;<em>De facto<\/em>&nbsp;[En ligne], 19 | Mai 2020, mis en ligne le 15 mai 2020. URL :&nbsp;<span style=\"text-decoration: underline;\"><span style=\"color: #0000ff;\"><a style=\"color: #0000ff; text-decoration: underline;\" href=\"http:\/\/icmigrations.fr\/2020\/05\/15\/defacto-019-05\/\">http:\/\/icmigrations.fr\/2020\/05\/15\/defacto-019-05\/<\/a><\/span><\/span><\/p>\n<p><a href=\"?p=5425&amp;et_fb=1#_ftnref2\" name=\"_ftn2\">[2]<\/a>&nbsp;&nbsp;&nbsp;&nbsp; &nbsp; &laquo;&nbsp;Justice pour Adama&nbsp;&raquo; n&rsquo;a pas invoqu&eacute; une in&eacute;galit&eacute; devant l&rsquo;&eacute;pid&eacute;mie de covid-19.<\/p>\n<p><a href=\"?p=5425&amp;et_fb=1#_ftnref3\" name=\"_ftn3\">[3]<\/a>&nbsp;&nbsp;&nbsp;&nbsp; Cf. la d&eacute;claration de Sibeth Ndiaye, alors porte-parole du gouvernement le 13 juin 2020, en faveur de statistiques ethniques. Voir aussi Brun et Simon, cit&eacute;&nbsp;<em>supra<\/em>.<\/p>\n<p><a href=\"?p=5425&amp;et_fb=1#_ftnref4\" name=\"_ftn4\">[4]<\/a>&nbsp; Li, Adam Y. &amp; alii, Multivariate Analysis of Black Race and Environmental Temperature on COVID-19 in the US,&nbsp; submitted to&nbsp;<em>Am J. Med Sci 2020(&#8211; )&nbsp; :1&ndash;9.<\/em><\/p>\n<p><a href=\"?p=5425&amp;et_fb=1#_ftnref5\" name=\"_ftn5\">[5]<\/a>&nbsp;&nbsp;On doit souligner que la susceptibilit&eacute; observ&eacute;e d&eacute;pend du nombre de tests effectu&eacute;s dans les comt&eacute;s. Par ailleurs, si les temp&eacute;ratures plus &eacute;lev&eacute;es jouent effectivement un r&ocirc;le dans l&rsquo;att&eacute;nuation de la propagation des maladies, il est raisonnable de s&rsquo;attendre &agrave; une tendance saisonni&egrave;re potentielle ailleurs dans le monde. Avec la baisse des temp&eacute;ratures, nous observons une r&eacute;surgence de l&rsquo;incidence des cas de Covid-19.<\/p>\n<p><a href=\"?p=5425&amp;et_fb=1#_ftnref6\" name=\"_ftn6\">[6]<\/a>&nbsp;C&rsquo;est le probl&egrave;me classique de l&rsquo;existence d&rsquo;un effet agr&eacute;gatif ou &laquo;&nbsp;erreur &eacute;cologique&nbsp;&raquo; que d&rsquo;ailleurs les auteurs reconnaissent, voir Li&nbsp;&amp; al. 2020.<\/p>\n<p><a href=\"?p=5425&amp;et_fb=1#_ftnref7\" name=\"_ftn7\">[7]<\/a>&nbsp;Gu &amp; al. 2020.<\/p>\n<p><a href=\"?p=5425&amp;et_fb=1#_ftnref8\" name=\"_ftn8\">[8]<\/a>&nbsp; Martinez D.&nbsp; &amp; ali, 2020. SARS-CoV-2 Positivity Rate for Latinos in the Baltimore&ndash;Washington, DC Region.&nbsp;<em>JAMA<\/em>, Volume 324, Number 4, doi :10.1001\/jama.2020.11370<\/p>\n<p><a href=\"?p=5425&amp;et_fb=1#_ftnref9\" name=\"_ftn9\">[9]<\/a>&nbsp;L&rsquo;immigration d&rsquo;Inde, du Bengladesh et du Pakistan est importante au Royaume-Uni, voir Pan &amp; al 2020. The impact of ethnicity on clinical outcomes in COVID-19 : A systematic review.&nbsp;<em>Elsevier Clinical Medicine<\/em>&nbsp;23 100404.<\/p>\n<p><a href=\"?p=5425&amp;et_fb=1#_ftnref10\" name=\"_ftn10\">[10]<\/a>&nbsp;Niedzwiedz, Cl. &amp; alii, 2020. Ethnic and socioeconomic differences in SARS-CoV-2 infection: prospective cohort study using UK Biobank.&nbsp;<em>BMC Medicine<\/em>&nbsp;18, 160.<\/p>\n<p><a href=\"?p=5425&amp;et_fb=1#_ftnref11\" name=\"_ftn11\">[11]<\/a>&nbsp;Les analyses de&nbsp;<em>l&rsquo;Office National of Statistics&nbsp;<\/em>&ndash; l&rsquo;Insee britannique &ndash; montrent &eacute;galement que les &eacute;l&eacute;ments du contexte de vie et le d&eacute;nuement relatif n&rsquo;annulent pas les disparit&eacute;s de s&eacute;ropositivit&eacute; associ&eacute;e &agrave; l&rsquo;ethnicit&eacute;.<\/p>\n<p><a href=\"?p=5425&amp;et_fb=1#_ftnref12\" name=\"_ftn12\">[12]<\/a>&nbsp;Et non le besoin de soins intensifs ou du risque de d&eacute;c&egrave;s.<\/p>\n<p><a href=\"?p=5425&amp;et_fb=1#_ftnref13\" name=\"_ftn13\">[13]<\/a>&nbsp;Une alimentation trop riche en carbohydrates peut aggraver des fragilit&eacute;s pas toujours rep&eacute;r&eacute;es m&eacute;dicalement parmi les descendants de migrants, fragilit&eacute;s que les migrants ne manifestent pas autant.<\/p>\n<p><a href=\"?p=5425&amp;et_fb=1#_ftnref14\" name=\"_ftn14\">[14]<\/a>&nbsp;Raisi-Estabragh, Z. . &amp; alii. 2020. Greater risk of severe COVID-19 in Black, Asian and Minority Ethnic populations is not explained by cardiometabolic, socioeconomic or behavioural factors, or by 25OH-vitamin D status: study of 1326 cases from the UK Biobank.&nbsp;<em>Journal of Public Health<\/em>, 1&ndash;10, doi:10.1093\/pubmed\/fdaa095.<\/p>\n<p><a href=\"?p=5425&amp;et_fb=1#_ftnref15\" name=\"_ftn15\">[15]<\/a>&nbsp;Du moins telles qu&rsquo;elles ont &eacute;t&eacute; mesur&eacute;es&nbsp;&ndash; une des fragilit&eacute;s de l&rsquo;&eacute;tude est la prise en compte subjective des pathologies sous-jacentes.<\/p>\n<p><a href=\"?p=5425&amp;et_fb=1#_ftnref16\" name=\"_ftn16\">[16]<\/a>&nbsp; Suleyman &amp; al. 2020. Clinical Characteristics and Morbidity Associated With Coronavirus Disease 2019 in a Series of Patients in Metropolitan Detroit,&nbsp;<em>JAMA Network Open.&nbsp;<\/em>2020;3(6): e2012270. doi:10.1001\/jamanetworkopen.2020.12270<\/p>\n<p><a href=\"?p=5425&amp;et_fb=1#_ftnref17\" name=\"_ftn17\">[17]<\/a>&nbsp;L&rsquo;analyse publi&eacute;e par l&rsquo;Office national de statistique indique que les taux de survie parmi les cas confirm&eacute;s de COVID-19 montre qu&rsquo;en tenant compte du sexe, de l&rsquo;&acirc;ge, de la r&eacute;gion et du type de quartier les originaires du Bangladesh ont un risque de d&eacute;c&egrave;s environ deux fois plus &eacute;lev&eacute; que les Blancs, voir Epi-Cell : Disparities in the risk and outcomes of COVID-19, June 2020, PHE publications, p. 36.<\/p>\n<p><a href=\"?p=5425&amp;et_fb=1#_ftnref18\" name=\"_ftn18\">[18]<\/a>&nbsp;En standardisant les distributions d&rsquo;&acirc;ge, voir Harrison &amp; alii, 2020. Ethnicity and outcomes from COVID-19: the ISARIC CCP-UK prospective observational cohort study of hospitalized patients.&nbsp;<em>The Lancet<\/em>-D-20-12331&nbsp;; voir&nbsp;<span style=\"text-decoration: underline;\"><span style=\"color: #0000ff;\"><a style=\"color: #0000ff; text-decoration: underline;\" href=\"https:\/\/isaric.tghn.org\/\">https:\/\/isaric.tghn.org\/<\/a><\/span><\/span>&nbsp;pour une pr&eacute;sentation de ce consortium.<\/p>\n<p>[\/et_pb_text][\/et_pb_column][\/et_pb_row][\/et_pb_section]<\/p>\n","protected":false},"excerpt":{"rendered":"<p>Une surmortalit&eacute; due au Covid-19 a pu &ecirc;tre constat&eacute;e parmi certaines minorit&eacute;s ethniques ou allochtones, dans diff&eacute;rents pays. En France, plusieurs &eacute;tudes ont mis en &eacute;vidence une pr&eacute;pond&eacute;rance de facteurs sociaux plut&ocirc;t qu&rsquo;ethniques&nbsp;[1]. Le pr&eacute;sent article donne un aper&ccedil;u de quelques travaux publi&eacute;s aux &Eacute;tats-Unis et au Royaume-Uni, o&ugrave; des r&eacute;f&eacute;rentiels ethniques sont d&rsquo;usage courant. [&hellip;]<\/p>\n","protected":false},"author":259,"featured_media":5436,"comment_status":"open","ping_status":"open","sticky":false,"template":"","format":"standard","meta":{"_et_pb_use_builder":"on","_et_pb_old_content":"<p>Une surmortalit\u00e9 due au Covid-19 a pu \u00eatre constat\u00e9e parmi certaines minorit\u00e9s ethniques ou allochtones, dans diff\u00e9rents pays. En France, plusieurs \u00e9tudes ont mis en \u00e9vidence une pr\u00e9pond\u00e9rance de facteurs sociaux plut\u00f4t qu\u2019ethniques<a href=\"#_ftn1\" name=\"_ftnref1\">[1]<\/a>. Le pr\u00e9sent article donne un aper\u00e7u de quelques travaux publi\u00e9s aux \u00c9tats-Unis et au Royaume-Uni, o\u00f9 des r\u00e9f\u00e9rentiels ethniques sont d\u2019usage courant. Un second article, \u00e0 para\u00eetre, abordera ce sujet dans le contexte fran\u00e7ais \u00e0 partir de travaux qui ont pris en compte cette dimension en d\u00e9pit des r\u00e9ticences que nous avons \u00e0 l\u2019\u00e9gard des statistiques ethniques.<\/p><h3><strong>Le Covid-19 affecte-t-il certaines ethnies plus que d\u2019autres\u00a0: \u00e9vidences anglo-saxonnes<\/strong><\/h3><p>Tandis qu\u2019une deuxi\u00e8me vague de contamination monte brutalement sous nos yeux, nous souhaitons revenir sur les sources d\u2019une tension sociale qui s\u2019est manifest\u00e9e durant la premi\u00e8re vague du Covid 19 de l\u2019autre c\u00f4t\u00e9 de l\u2019Atlantique. La question de la surmortalit\u00e9 chez les membres des minorit\u00e9s y a surgi comme une question de justice sociale majeure, alors qu\u2019en France, en Allemagne, en Italie et en Espagne, ce d\u00e9bat n'a pas vraiment \u00e9merg\u00e9<a href=\"#_ftn2\" name=\"_ftnref2\">[2]<\/a>. Apr\u00e8s la mort de George Floyd, de nombreux articles parus dans les revues m\u00e9dicales ont mis en question l'\u00e9quit\u00e9 du traitement des membres des minorit\u00e9s. Les arguments ont \u00e9t\u00e9 avanc\u00e9s avec circonspection au Royaume-Uni o\u00f9 les autorit\u00e9s m\u00e9dicales consid\u00e8rent toutefois que l'identification des groupes \u00e0 haut risque est une priorit\u00e9, ils ont pris un tour plus virulent aux \u00c9tats-Unis. Dans la tourmente suscit\u00e9e par l\u2019irruption de la pand\u00e9mie, la disproportion observ\u00e9e des taux de d\u00e9c\u00e8s au sein des groupes minoritaires a \u00e9t\u00e9 associ\u00e9e \u00e0 l'absence d\u2019un syst\u00e8me de soins accessible \u00e0 tous et au d\u00e9ficit de la prise en charge des minorit\u00e9s. On a invoqu\u00e9 outre-Atlantique l\u2019id\u00e9e d\u2019un racisme syst\u00e9mique, c\u2019est-\u00e0-dire d\u2019un effet non pas contingent ni r\u00e9siduel mais g\u00e9n\u00e9ral, inscrit dans le fonctionnement des institutions et dans les comportements. Cette qualification donn\u00e9e au vu des premi\u00e8res estimations de la mortalit\u00e9 a co\u00efncid\u00e9 avec la publication \u00ab\u00a0d\u2019opinions\u00a0\u00bb liant le tribut pay\u00e9 au racisme. En un raccourci saisissant, l\u2019usage du syntagme racisme syst\u00e9mique traduit un malaise qui m\u00e9rite attention sous le double registre de l\u2019objectivation des situations et de l\u2019interpr\u00e9tation de la diffusion de l\u2019\u00e9pid\u00e9mie. Aux \u00c9tats-Unis, la \u00ab\u00a0race\u00a0\u00bb est une construction omnipr\u00e9sente, constamment modifi\u00e9e, surinvestie \u00e9motionnellement. Des \u00e9v\u00e8nements r\u00e9cents en France, familiarisant nos concitoyens avec ces constructions (mouvement \u00ab\u00a0Black Lives Matter \u00bb, visibilit\u00e9 du comit\u00e9 \u00ab\u00a0Justice pour Adama\u00a0\u00bb, par exemple), ont raviv\u00e9 ces d\u00e9bats<a href=\"#_ftn3\" name=\"_ftnref3\">[3]<\/a>. C\u2019est conscient du caract\u00e8re pol\u00e9mique de cette construction, beaucoup moins accept\u00e9e en France, naviguant entre les \u00e9cueils contraires de l\u2019impr\u00e9cision et d\u2019objectivations n\u00e9cessairement r\u00e9ductrices, que l\u2019on peut tenter de r\u00e9sumer les arguments.<\/p><h3><strong>Contaminations et identification d\u2019effets ethniques<\/strong><\/h3><p>La susceptibilit\u00e9 au sens m\u00e9dical d\u00e9signe une pr\u00e9disposition\u00a0: elle recouvre la pr\u00e9valence des atteintes tandis que la gravit\u00e9 traduit le besoin de soins intensifs et l\u2019importance des d\u00e9c\u00e8s.<\/p><p>Aux \u00c9tats-Unis, d\u00e8s le mois d\u2019avril, tant des \u00e9tudes locales que des \u00e9tudes appuy\u00e9es sur des donn\u00e9es repr\u00e9sentatives montrent que la part des emplois de service, le taux de pauvret\u00e9, mais aussi la proportion d\u2019adultes ayant des pathologies graves, diab\u00e8te, maladies cardiovasculaires, d\u00e9pression immunitaire influent sur les taux de contamination. Ainsi, une \u00e9tude originale a envisag\u00e9 la susceptibilit\u00e9 au coronavirus et la gravit\u00e9 des contaminations en prenant en compte les effets conjoints de la couleur de peau et de la temp\u00e9rature \u00e0 l\u2019\u00e9chelle des comt\u00e9s<a href=\"#_ftn4\" name=\"_ftnref4\">[4]<\/a>. Les auteurs ont isol\u00e9 la mesure de ces effets en contr\u00f4lant simultan\u00e9ment la densit\u00e9 de l\u2019habitat, le surpeuplement des logements, la mobilit\u00e9 durant l\u2019\u00e9pisode \u00e9pid\u00e9mique, le taux de pauvret\u00e9, la proportion d\u2019assur\u00e9s sociaux, l\u2019existence de pathologies sous-jacentes (notamment respiratoires) m\u00e9dicalement suivies et l\u2019activit\u00e9 physique. La proportion de Noirs dans le comt\u00e9 est associ\u00e9e \u00e0 un surcro\u00eet de contaminations (pas des d\u00e9c\u00e8s), mais la hausse de la temp\u00e9rature, r\u00e9duisant la dur\u00e9e de vie du virus en suspension dans l\u2019air, entra\u00eene aussi une r\u00e9duction des taux de contamination<a href=\"#_ftn5\" name=\"_ftnref5\">[5]<\/a>.<\/p><p>Du point de vue du processus de contamination, la signification des variables indicatrices des pathologies pr\u00e9valentes et du pourcentage de Noirs dans les comt\u00e9s est toutefois ambigu\u00eb. Il importe de souligner que ce ne sont pas les individus qui sont les unit\u00e9s d\u2019observation mais les comt\u00e9s. Comment savoir alors si ce sont plus souvent les\u00a0Noirs, les diab\u00e9tiques, etc., qui sont contamin\u00e9s dans les zones o\u00f9 ils sont relativement plus nombreux\u00a0? L\u2019\u00e9tude ne porte, par d\u00e9finition, que sur la variance entre zones g\u00e9ographiques, soit une faible part de la variance totale des contaminations. Le pourcentage de Noirs peut \u00eatre l\u2019indice d\u2019un facteur non mesur\u00e9 qui, lui, a un r\u00f4le causal dans les pathologies d\u00e9velopp\u00e9es<a href=\"#_ftn6\" name=\"_ftnref6\">[6]<\/a>. Il reste que les effets agr\u00e9g\u00e9s de la taille des m\u00e9nages, de la densit\u00e9, ainsi que de la pr\u00e9valence des principales pathologies associ\u00e9es aux maladies respiratoires n\u2019an\u00e9antissent pas l\u2019effet statistique du pourcentage de Noirs. Cela conduit les auteurs \u00e0 \u00e9crire \u00ab\u00a0que nombre des m\u00e9canismes propos\u00e9s pour expliquer les risques plus \u00e9lev\u00e9s du Covid-19, tels que le contexte socio-\u00e9conomique et l\u2019acc\u00e8s aux soins sont insuffisants pour expliquer dans toute son ampleur cette disparit\u00e9 ethnique en mati\u00e8re de sant\u00e9.\u00a0\u00bb<\/p><h3><strong>Tenir compte de biais de tests\u00a0: les effets ethniques subsistent<\/strong><\/h3><p>La covid 19 peut \u00eatre grave ou au contraire b\u00e9nigne, de ce fait l\u2019identification des \u00ab\u00a0malades\u00a0\u00bb d\u00e9pend fortement de la fa\u00e7on de les tester. Une \u00e9tude r\u00e9alis\u00e9e par <em>Michigan Medicine, <\/em>une institution d\u00e9di\u00e9e \u00e0 la recherche<em>, <\/em>a r\u00e9pondu en partie aux objections concernant la diffusion in\u00e9gale des tests. L\u2019int\u00e9r\u00eat de cette \u00e9tude est la construction de groupes de contr\u00f4le. Les patients test\u00e9s ont \u00e9t\u00e9 compar\u00e9s \u00e0 deux groupes qui n\u2019avaient pas \u00e9t\u00e9 test\u00e9s pour leur r\u00e9ponse \u00e0 un test identifiant leur exposition au Covid-19, t\u00e9moins non appari\u00e9s s\u00e9lectionn\u00e9s au hasard et t\u00e9moins appari\u00e9s par la composition \u2013 race, \u00e2ge et sexe<a href=\"#_ftn7\" name=\"_ftnref7\">[7]<\/a>.\u00a0 Les analyses (ainsi contr\u00f4l\u00e9es) montrent, avec des rapports de s\u00e9ropr\u00e9valence de l\u2019ordre de 7 entre Noirs et Blancs non hispaniques que l\u2019effet des diff\u00e9rences ethniques est majeur aux \u00c9tats-Unis. Si la plupart des recherches mettent en avant la plus forte atteinte des Noirs, une \u00e9tude men\u00e9e au printemps \u00e0 Baltimore souligne que les \u00ab\u00a0Latinos\u00a0\u00bb ont les taux les plus \u00e9lev\u00e9s, notamment en raison de leur implication dans le b\u00e2timent et les activit\u00e9s de service<a href=\"#_ftn8\" name=\"_ftnref8\">[8]<\/a>.<\/p><p>Au Royaume-Uni, une revue syst\u00e9matique des \u00e9tudes incluant les donn\u00e9es de la litt\u00e9rature grise et des articles avant examen, conclut que Noirs et immigr\u00e9s d\u2019Asie du Sud ont un risque accru de contracter l\u2019infection<a href=\"#_ftn9\" name=\"_ftnref9\">[9]<\/a>. Niedzwiedz et al. (2020)<a href=\"#_ftn10\" name=\"_ftnref10\">[10]<\/a> notent que les membres des minorit\u00e9s noires et asiatiques sont plus susceptibles d'\u00eatre s\u00e9ropositifs \u2013 les migrants d\u2019origine pakistanaise \u00e9tant les plus \u00e0 risque au sein du groupe d\u2019Asie du Sud. Ces groupes ethniques sont \u00e9galement plus susceptibles d'\u00eatre hospitalis\u00e9s que les Britanniques blancs. Il y a une att\u00e9nuation de l\u2019effet ethnique lorsque l'on tient compte des variables socio-\u00e9conomiques \u2013 la vie dans des quartiers pauvres et l'absence de qualification \u00e9tant syst\u00e9matiquement associ\u00e9es \u00e0 un risque plus \u00e9lev\u00e9 d'infection<a href=\"#_ftn11\" name=\"_ftnref11\">[11]<\/a>. Le contr\u00f4le en sus des risques de sant\u00e9 et du comportement n\u2019entra\u00eene que peu de changements, et la contribution de l\u2019ethnicit\u00e9 reste significative.<\/p><p>Rapports de chances\u00a0\u00bb associant l\u2019ethnicit\u00e9 \u00e0 la contamination par le Covid-19<\/p>[caption id=\"attachment_5426\" align=\"aligncenter\" width=\"725\"]<img class=\"size-full wp-image-5426\" src=\"http:\/\/variances.eu\/wp-content\/uploads\/2020\/11\/Image1.png\" alt=\"\" width=\"725\" height=\"375\" \/> Note de lecture : On a repr\u00e9sent\u00e9 pour trois cat\u00e9gories de personnes, le \u00ab rapport de chance d\u2019\u00eatre expos\u00e9 au Sars-cov2 \u00bb, relativement \u00e0 la population de r\u00e9f\u00e9rence, soit les \u00ab White British \u00bb, dans deux mod\u00e8les (A et B). Le premier prend en compte peu de contr\u00f4les (\u00e2ge et sexe) : il agr\u00e8ge divers effets dont \u00ab l\u2019ethnie \u00bb, mais il est potentiellement plus pr\u00e9cis. Ainsi l\u2019intervalle de confiance de ce rapport de chance est[1,21 \u2013 1,83] pour les \u00ab Blacks \u00bb, mod\u00e8le A, leur risque d\u2019\u00eatre contamin\u00e9s est donc significativement plus fr\u00e9quent que pour les \u00ab White British \u00bb.Le mod\u00e8le B prend en compte beaucoup plus de facteurs potentiellement explicatifs, soit l\u2019\u00e2ge et le sexe, mais aussi des facteurs sociaux - urbanisation, taille des m\u00e9nages, \u00e9ducation, score de d\u00e9nuement, emploi, type d\u2019activit\u00e9, et des facteurs de sant\u00e9 - pathologies de longue dur\u00e9e, incluant des comportements - tabagisme, consommation d\u2019alcool et masse corporelle. Ce mod\u00e8le isole mieux l\u2019effet propre de l\u2019ethnie (les rapports de chances se rapprochent donc de 1), mais il est moins pr\u00e9cis. Ainsi, pour les \u00ab Blacks \u00bb, le rapport de chance n\u2019est plus que de 1,36, tout juste significatif au seuil de 5 % puisque l\u2019intervalle de confiance est de [1,03 ; 1,79]Source : calculs de l\u2019auteur, adapt\u00e9 de Niedzwiedz, Cl. & alii, 2020[\/caption]<p>\u00a0<\/p><p>\u00a0<\/p><p>\u00a0<\/p><p>\u00a0<\/p><p>\u00a0<\/p><p>\u00a0<\/p><p>\u00a0<\/p><p>\u00a0<\/p><p>\u00a0<\/p><p>\u00a0<\/p><p>\u00a0<\/p><p>\u00a0<\/p><p>\u00a0<\/p><p>\u00a0<\/p><p>\u00a0<\/p><p>Note de lecture\u00a0: On a repr\u00e9sent\u00e9 pour trois cat\u00e9gories de personnes, le \u00ab\u00a0rapport de chance d\u2019\u00eatre expos\u00e9 au Sars-cov2\u00a0\u00bb, relativement \u00e0 la population de r\u00e9f\u00e9rence, soit les \u00ab\u00a0White British\u00a0\u00bb, dans deux mod\u00e8les (A et B). Le premier prend en compte peu de contr\u00f4les (\u00e2ge et sexe)\u00a0: il agr\u00e8ge divers effets dont \u00ab\u00a0l\u2019ethnie\u00a0\u00bb, mais il est potentiellement plus pr\u00e9cis. Ainsi l\u2019intervalle de confiance de ce rapport de chance est<\/p><p>[1,21 \u2013 1,83] pour les \u00ab\u00a0Blacks\u00a0\u00bb, mod\u00e8le A, leur risque d\u2019\u00eatre contamin\u00e9s est donc significativement plus fr\u00e9quent que pour les \u00ab\u00a0White British\u00a0\u00bb.<\/p><p>Le mod\u00e8le B prend en compte beaucoup plus de facteurs potentiellement explicatifs, soit l\u2019\u00e2ge et le sexe, mais aussi des facteurs sociaux - urbanisation, taille des m\u00e9nages, \u00e9ducation, score de d\u00e9nuement, emploi, type d\u2019activit\u00e9, et des facteurs de sant\u00e9 - pathologies de longue dur\u00e9e, incluant des comportements - tabagisme, consommation d\u2019alcool et masse corporelle. Ce mod\u00e8le isole mieux l\u2019effet propre de l\u2019ethnie (les rapports de chances se rapprochent donc de 1), mais il est moins pr\u00e9cis. Ainsi, pour les \u00ab\u00a0Blacks\u00a0\u00bb, le rapport de chance n\u2019est plus que de 1,36, tout juste significatif au seuil de 5\u00a0% puisque l\u2019intervalle de confiance est de [1,03\u00a0; 1,79]<\/p><p>Source : calculs de l\u2019auteur, adapt\u00e9 de Niedzwiedz, Cl. & alii, 2020.<\/p><p>\u00a0<\/p><p>D\u2019apr\u00e8s Niedzwiedz et alii, les diff\u00e9rences ethniques restent marqu\u00e9es s\u2019agissant des risques de contamination<a href=\"#_ftn12\" name=\"_ftnref12\">[12]<\/a>. L\u2019\u00e9tude montre aussi que la fr\u00e9quence des contaminations par le Covid-19 est plus forte pour les membres des minorit\u00e9s install\u00e9es au Royaume-Uni depuis plusieurs g\u00e9n\u00e9rations que parmi les migrants. Ce qui peut \u00eatre interpr\u00e9t\u00e9 de diverses fa\u00e7ons\u00a0: une moindre r\u00e9sistance des <em>descendants<\/em> de migrants dans les pays du nord, une d\u00e9t\u00e9rioration de leur sant\u00e9 d\u00e9rivant des conditions de vie et de logement (cohabitation de plusieurs g\u00e9n\u00e9rations), et possiblement d\u2019une moindre hygi\u00e8ne de vie dans les secondes g\u00e9n\u00e9rations (boissons sucr\u00e9es, absence d\u2019exercice physique) <a href=\"#_ftn13\" name=\"_ftnref13\">[13]<\/a>. Ainsi, la dur\u00e9e de s\u00e9jour, au lieu d\u2019am\u00e9liorer la situation de certains groupes de migrants, la d\u00e9t\u00e9riorerait. Ces analyses conduisent \u00e0 enregistrer \u00e0 travers l\u2019ethnicit\u00e9 un effet du parcours migratoire, ce qui ne fait pas de l\u2019ethnicit\u00e9 une donn\u00e9e purement biologique mais la composante d\u2019une interaction entre des dispositions h\u00e9rit\u00e9es et un contexte de vie.<\/p><p>\u00a0<\/p><p>Enfin, Raisi-Estabragh et al. (2020) obtiennent des r\u00e9sultats similaires<a href=\"#_ftn14\" name=\"_ftnref14\">[14]<\/a>. Dans leurs mod\u00e8les incluant l'\u00e2ge et le sexe, la probabilit\u00e9 de s\u00e9ropositivit\u00e9 est affect\u00e9e par le score de d\u00e9nuement mat\u00e9riel, mais le r\u00f4le de l\u2019appartenance ethnique reste fort. Si l\u2019ethnicit\u00e9 fonctionne comme un marqueur physiologique\u00a0\u2013 les Noirs et Asiatiques ont dans les pays du nord un profil cardio-m\u00e9tabolique moins adapt\u00e9, un niveau d\u2019assimilation de la vitamine D inf\u00e9rieur aux autochtones \u2013 selon l\u2019\u00e9tude, ces d\u00e9ficits relatifs ne rendent pourtant pas compte de la susceptibilit\u00e9 au Covid-19 dans ces groupes. De la m\u00eame fa\u00e7on, si une adiposit\u00e9 importante est corr\u00e9l\u00e9e avec un niveau inf\u00e9rieur d\u2019assimilation de la vitamine D, les auteurs n\u2019ont trouv\u00e9 aucune association ind\u00e9pendante entre vitamine D et s\u00e9ropositivit\u00e9, ce qu\u2019ils expliquent en disant que l'ob\u00e9sit\u00e9 et l'appartenance ethnique masquent le d\u00e9ficit de synth\u00e8se de la vitamine D.<\/p><p>\u00a0<\/p><p>En r\u00e9sum\u00e9, s\u2019agissant des contaminations, pour les chercheurs am\u00e9ricains et plus encore pour leurs homologues britanniques, l\u2019ethnicit\u00e9 joue un r\u00f4le sur les contaminations irr\u00e9ductible au contexte social et \u00e0 l\u2019existence de pathologies communes pr\u00e9existantes<a href=\"#_ftn15\" name=\"_ftnref15\">[15]<\/a> .<\/p><p>\u00a0<\/p><h2><strong>Ethnicit\u00e9 et l\u00e9talit\u00e9<\/strong><\/h2><p>\u00a0<\/p><p>Qu\u2019en est-il de l\u2019issue des contaminations\u00a0? L\u2019analyse des hospitalisations et d\u00e9c\u00e8s montre que ces risques sont, \u00e0 l\u2019instar des contaminations, variables selon les groupes ethniques.<\/p><p>Aux \u00c9tats-Unis, selon l'APM Research Lab, le taux de mortalit\u00e9 des Noirs est plus de deux fois sup\u00e9rieur \u00e0 celui des Blancs, tandis que le taux de mortalit\u00e9 relatif des Hispaniques est peu diff\u00e9rent. Pourquoi\u00a0? Au terme d\u2019une \u00e9tude sur les hospitalisations \u00e0 Detroit au printemps, Suleyman et al. 2020 \u00e9crivent que \u00ab\u00a0la race ne fut pas associ\u00e9e \u00e0 l'admission en soins intensifs\u00a0\u00bb. Le fait d\u2019\u00eatre Noir n\u2019a pas d\u2019effet sur le taux des recours aux soins intensifs une fois prises en compte, outre l\u2019\u00e2ge et le sexe, les pathologies r\u00e9nales l\u2019ob\u00e9sit\u00e9 et le diab\u00e8te<a href=\"#_ftn16\" name=\"_ftnref16\">[16]<\/a>.\u00a0 C\u2019est, selon eux, en raison de la forte pr\u00e9valence de l\u2019ob\u00e9sit\u00e9 et des maladies r\u00e9nales que les recours \u00e0 l\u2019hyperventilation m\u00e9canique ont \u00e9t\u00e9 accrus parmi les patients noirs. En effet, \u00eatre un homme de plus de 60 ans avec un indice de masse corporelle sup\u00e9rieur \u00e0 40 et des pathologies r\u00e9nales a \u00e9t\u00e9 pr\u00e9dictif de la transition vers des soins intensifs et du risque de d\u00e9c\u00e8s au printemps.\u00a0 Ici l\u2019effet de l\u2019ethnicit\u00e9 est donc m\u00e9diatis\u00e9 par les pathologies.<\/p><p><em>\u00a0<\/em><\/p><p>Toujours aux \u00c9tats-Unis, Gu et al. (2020) montrent aussi qu\u2019une fois contr\u00f4l\u00e9es les pathologies sous-jacentes, les Afro-Am\u00e9ricains n\u2019ont pas eu un risque de d\u00e9c\u00e8s plus \u00e9lev\u00e9. Ils rel\u00e8vent cependant, dans les analyses men\u00e9es au sein de chaque groupe, que les pathologies r\u00e9nales n\u2019\u00e9l\u00e8vent significativement les risques que pour les Noirs, ce qui indique une interaction entre ethnicit\u00e9 et pathologies, qui est importante dans une perspective de pr\u00e9vention.<\/p><p><em>\u00a0<\/em><\/p><p>R\u00e9gression logistique\u00a0: Odds-ratio des d\u00e9c\u00e8s parmi les patients diagnostiqu\u00e9s positifs.<\/p><p>\u00a0<\/p><p>\u00a0<\/p><p>Source : adapt\u00e9 de Gu & al. 2020. Le mod\u00e8le contr\u00f4le de plus l\u2019\u00e2ge, le statut socio-\u00e9conomique, le niveau de d\u00e9nuement du quartier et la consommation de tabac et d\u2019alcool, qui n\u2019ont pas d\u2019effet significatif.<\/p><p>\u00a0<\/p><p><strong>Des effets ethniques \u00ab\u00a0irr\u00e9ductibles\u00a0\u00bb au Royaume-Uni<\/strong><\/p><p>\u00a0<\/p><p>C\u2019est paradoxalement au Royaume-Uni, o\u00f9 les d\u00e9bats reliant l\u2019ethnicit\u00e9 et la l\u00e9talit\u00e9 du Covid ont eu moins d\u2019ampleur, que l\u2019on souligne l\u2019irr\u00e9ductibilit\u00e9 des effets de l\u2019ethnicit\u00e9<a href=\"#_ftn17\" name=\"_ftnref17\">[17]<\/a>. Au Royaume-Uni, sur la base du protocole ISARIC, Harrison et alii (2020) montrent que les Asiatiques et les Noirs (Cara\u00efbes et Afrique noire) sont deux fois plus expos\u00e9s au risque de d\u00e9c\u00e8s<a href=\"#_ftn18\" name=\"_ftnref18\">[18]<\/a>. L\u2019\u00e9tude indique que la mortalit\u00e9 est plus fr\u00e9quente parmi les Blancs que parmi les minorit\u00e9s ethniques lorsqu\u2019on ignore les diff\u00e9rences d'\u00e2ge et de sexe entre les groupes.\u00a0 Cet effet brut dispara\u00eet voire s\u2019inverse apr\u00e8s la prise en compte des effets d\u2019\u00e2ges (les minorit\u00e9s comportent une proportion moindre de personnes \u00e2g\u00e9es, premi\u00e8re explication Cet effet brut dispara\u00eet voire s\u2019inverse apr\u00e8s la prise en compte des effets d\u2019\u00e2ges (les minorit\u00e9s comportent une proportion moindre de personnes \u00e2g\u00e9es, premi\u00e8re explication de la diff\u00e9rence constat\u00e9e). L\u2019ajustement des risques, effectu\u00e9 dans un second temps, par la prise en compte des pathologies au long cours t\u00e9moigne de l\u2019effet des diff\u00e9rences de sant\u00e9 au m\u00eame \u00e2ge. Les hospitalis\u00e9s des minorit\u00e9s ethniques s\u2019av\u00e8rent \u00eatre plus jeunes que les Blancs (dix ans en moyenne), ce qui implique que leur \u00e9tat de sant\u00e9 s'est d\u00e9grad\u00e9 plus t\u00f4t ou plus rapidement. Il n\u2019est donc pas surprenant qu\u2019une fois inclus l\u2019effet de ces maladies, les \u00e9carts de taux de mortalit\u00e9 s\u2019att\u00e9nuent ou disparaissent. Cela est vrai pour tous les groupes \u00e0 l'exception des Bangladeshis et des Pakistanais (South Asian, graphique ci-dessous), pour lesquels un effet ethnicit\u00e9 sur le risque de d\u00e9c\u00e8s reste significatif.<\/p><p>\u00a0<\/p><p>\u00a0<\/p><p>\u00a0<\/p><p>\u00a0<\/p><p>Royaume-Uni\u00a0: risques de d\u00e9c\u00e8s des s\u00e9ropositifs estim\u00e9s par mod\u00e8les de Cox<\/p><p>\u00a0<\/p><p>\u00a0<\/p><p>\u00a0<\/p><p>Note de lecture\u00a0: Les pathologies et l\u2019ob\u00e9sit\u00e9 ont toutes un effet significatif sur le risque de d\u00e9c\u00e8s \u00e9tant \u00e0 droite de la verticale en pointill\u00e9s\u00a0; le seuil de d\u00e9nuement ne l\u2019est pas et seul les personnes d\u2019Asie du sud ont un risque de d\u00e9c\u00e8s significativement plus \u00e9lev\u00e9 que les Blancs.<\/p><p>Source\u00a0: adapt\u00e9 d\u2019Harrison & al. 2020.<\/p><p>\u00a0<\/p><p><strong>Des constats d\u2019effets ethniques qui se compl\u00e8tent<\/strong><\/p><p>\u00a0<\/p><p>D\u2019un c\u00f4t\u00e9, les recherches am\u00e9ricaines laissent penser que les pathologies sous-jacentes m\u00e9diatisent l\u2019effet de l\u2019ethnicit\u00e9 sur le recours aux soins intensifs et sur le risque de d\u00e9c\u00e8s. De l\u2019autre, les \u00e9tudes statistiques anglaises rep\u00e8rent des effets intrins\u00e8ques de l\u2019ethnicit\u00e9 point\u00e9s par les recherches cliniques (montrant que l'ethnicit\u00e9 affecte la susceptibilit\u00e9 au virus via des facteurs g\u00e9n\u00e9tiques qui facilitent ou entravent la p\u00e9n\u00e9tration du virus dans les cellules du syst\u00e8me respiratoire). Elles indiquent aussi que les d\u00e9savantages des immigr\u00e9s d\u2019Asie et d\u2019Afrique associ\u00e9s \u00e0 l\u2019ethnicit\u00e9 d\u00e9rivent de l\u2019interaction avec le contexte\u00a0: la vie des migrants dans les pays plus froids de l\u2019h\u00e9misph\u00e8re nord.<\/p><p>Ces analyses invitent \u00e0 d\u00e9passer un d\u00e9bat biais\u00e9 par l\u2019acceptation d\u2019une norme implicite\u00a0stipulant que la gravit\u00e9 est la m\u00eame pour tous. Il y a une fragilit\u00e9 contextuelle des migrants dont ni les pathologies sous-jacentes connues ni les conditions de vie souvent plus difficiles d\u00e9finies par les variables de revenu, de lieu de vie et de forme d\u2019occupation des logements ne rendent compl\u00e8tement compte.<\/p><p>\u00a0<\/p><p>\u00a0<\/p><p><a href=\"#_ftnref1\" name=\"_ftn1\">[1]<\/a>\u00a0\u00a0\u00a0\u00a0 Variances en a rendu compte dans une note de lecture (<a href=\"http:\/\/variances.eu\/?p=5218\">http:\/\/variances.eu\/?p=5218<\/a>)\u00a0 introduisant deux articles. Le premier, de Sylvain Papon, Isabelle Robert-Bob\u00e9e ; \u00ab\u00a0Une hausse des d\u00e9c\u00e8s deux fois plus forte pour les personnes n\u00e9es \u00e0 l\u2019\u00e9tranger que pour celles n\u00e9es en France en mars-avril 2020\u00a0\u00bb, collection de l\u2019Insee \u00ab\u00a0Insee Focus\u00a0\u00bb, num\u00e9ro 198 du 07\/07\/2020\u00a0; URL : <a href=\"https:\/\/www.insee.fr\/fr\/statistiques\/4627049\">https:\/\/www.insee.fr\/fr\/statistiques\/4627049<\/a> . Le second, de Sol\u00e8ne Brun et Patrick Simon ; \u00ab L\u2019invisibilit\u00e9 des minorit\u00e9s dans les chiffres du Coronavirus : le d\u00e9tour par la Seine-Saint-Denis \u00bb, in : Sol\u00e8ne Brun et Patrick Simon (dir.), Dossier \u00ab In\u00e9galit\u00e9s ethno-raciales et pand\u00e9mie de coronavirus \u00bb, <em>De facto<\/em> [En ligne], 19 | Mai 2020, mis en ligne le 15 mai 2020. URL : <a href=\"http:\/\/icmigrations.fr\/2020\/05\/15\/defacto-019-05\/\">http:\/\/icmigrations.fr\/2020\/05\/15\/defacto-019-05\/<\/a><\/p><p><a href=\"#_ftnref2\" name=\"_ftn2\">[2]<\/a>\u00a0\u00a0\u00a0\u00a0 \u00a0 \u00ab\u00a0Justice pour Adama\u00a0\u00bb n\u2019a pas invoqu\u00e9 une in\u00e9galit\u00e9 devant l\u2019\u00e9pid\u00e9mie de covid-19.<\/p><p><a href=\"#_ftnref3\" name=\"_ftn3\">[3]<\/a>\u00a0\u00a0\u00a0\u00a0 Cf. la d\u00e9claration de Sibeth Ndiaye, alors porte-parole du gouvernement le 13 juin 2020, en faveur de statistiques ethniques. Voir aussi Brun et Simon, cit\u00e9 <em>supra<\/em>.<\/p><p><a href=\"#_ftnref4\" name=\"_ftn4\">[4]<\/a>\u00a0 Li, Adam Y. & alii, Multivariate Analysis of Black Race and Environmental Temperature on COVID-19 in the US,\u00a0 submitted to <em>Am J. Med Sci 2020(-- )\u00a0 :1\u20139. <\/em><\/p><p><a href=\"#_ftnref5\" name=\"_ftn5\">[5]<\/a> \u00a0On doit souligner que la susceptibilit\u00e9 observ\u00e9e d\u00e9pend du nombre de tests effectu\u00e9s dans les comt\u00e9s. Par ailleurs, si les temp\u00e9ratures plus \u00e9lev\u00e9es jouent effectivement un r\u00f4le dans l'att\u00e9nuation de la propagation des maladies, il est raisonnable de s'attendre \u00e0 une tendance saisonni\u00e8re potentielle ailleurs dans le monde. Avec la baisse des temp\u00e9ratures, nous observons une r\u00e9surgence de l'incidence des cas de Covid-19.<\/p><p><a href=\"#_ftnref6\" name=\"_ftn6\">[6]<\/a> C\u2019est le probl\u00e8me classique de l\u2019existence d\u2019un effet agr\u00e9gatif ou \u00ab\u00a0erreur \u00e9cologique\u00a0\u00bb que d\u2019ailleurs les auteurs reconnaissent, voir Li\u00a0& al. 2020.<\/p><p><a href=\"#_ftnref7\" name=\"_ftn7\">[7]<\/a> Gu & al. 2020.<\/p><p><a href=\"#_ftnref8\" name=\"_ftn8\">[8]<\/a>\u00a0 Martinez D.\u00a0 & ali, 2020. SARS-CoV-2 Positivity Rate for Latinos in the Baltimore\u2013Washington, DC Region. <em>JAMA<\/em>, Volume 324, Number 4, doi :10.1001\/jama.2020.11370<\/p><p><a href=\"#_ftnref9\" name=\"_ftn9\">[9]<\/a> L\u2019immigration d\u2019Inde, du Bengladesh et du Pakistan est importante au Royaume-Uni, voir Pan & al 2020. The impact of ethnicity on clinical outcomes in COVID-19 : A systematic review. <em>Elsevier Clinical Medicine<\/em> 23 100404.<\/p><p><a href=\"#_ftnref10\" name=\"_ftn10\">[10]<\/a> Niedzwiedz, Cl. & alii, 2020. Ethnic and socioeconomic differences in SARS-CoV-2 infection: prospective cohort study using UK Biobank. <em>BMC Medicine<\/em> 18, 160.<\/p><p><a href=\"#_ftnref11\" name=\"_ftn11\">[11]<\/a> Les analyses de <em>l'Office National of Statistics <\/em>\u2013 l\u2019Insee britannique \u2013 montrent \u00e9galement que les \u00e9l\u00e9ments du contexte de vie et le d\u00e9nuement relatif n'annulent pas les disparit\u00e9s de s\u00e9ropositivit\u00e9 associ\u00e9e \u00e0 l\u2019ethnicit\u00e9.<\/p><p><a href=\"#_ftnref12\" name=\"_ftn12\">[12]<\/a> Et non le besoin de soins intensifs ou du risque de d\u00e9c\u00e8s.<\/p><p><a href=\"#_ftnref13\" name=\"_ftn13\">[13]<\/a> Une alimentation trop riche en carbohydrates peut aggraver des fragilit\u00e9s pas toujours rep\u00e9r\u00e9es m\u00e9dicalement parmi les descendants de migrants, fragilit\u00e9s que les migrants ne manifestent pas autant.<\/p><p><a href=\"#_ftnref14\" name=\"_ftn14\">[14]<\/a> Raisi-Estabragh, Z. . & alii. 2020. Greater risk of severe COVID-19 in Black, Asian and Minority Ethnic populations is not explained by cardiometabolic, socioeconomic or behavioural factors, or by 25OH-vitamin D status: study of 1326 cases from the UK Biobank. <em>Journal of Public Health<\/em>, 1\u201310, doi:10.1093\/pubmed\/fdaa095.<\/p><p><a href=\"#_ftnref15\" name=\"_ftn15\">[15]<\/a> Du moins telles qu\u2019elles ont \u00e9t\u00e9 mesur\u00e9es\u00a0\u2013 une des fragilit\u00e9s de l\u2019\u00e9tude est la prise en compte subjective des pathologies sous-jacentes.<\/p><p><a href=\"#_ftnref16\" name=\"_ftn16\">[16]<\/a>\u00a0 Suleyman & al. 2020. Clinical Characteristics and Morbidity Associated With Coronavirus Disease 2019 in a Series of Patients in Metropolitan Detroit, <em>JAMA Network Open. <\/em>2020;3(6): e2012270. doi:10.1001\/jamanetworkopen.2020.12270<\/p><p><a href=\"#_ftnref17\" name=\"_ftn17\">[17]<\/a> L\u2019analyse publi\u00e9e par l\u2019Office national de statistique indique que les taux de survie parmi les cas confirm\u00e9s de COVID-19 montre qu\u2019en tenant compte du sexe, de l'\u00e2ge, de la r\u00e9gion et du type de quartier les originaires du Bangladesh ont un risque de d\u00e9c\u00e8s environ deux fois plus \u00e9lev\u00e9 que les Blancs, voir Epi-Cell : Disparities in the risk and outcomes of COVID-19, June 2020, PHE publications, p. 36.<\/p><p><a href=\"#_ftnref18\" name=\"_ftn18\">[18]<\/a> En standardisant les distributions d\u2019\u00e2ge, voir Harrison & alii, 2020. Ethnicity and outcomes from COVID-19: the ISARIC CCP-UK prospective observational cohort study of hospitalized patients. <em>The Lancet<\/em>-D-20-12331\u00a0; voir <a href=\"https:\/\/isaric.tghn.org\/\">https:\/\/isaric.tghn.org\/<\/a> pour une pr\u00e9sentation de ce consortium.<\/p>","_et_gb_content_width":"","_exactmetrics_skip_tracking":false,"_exactmetrics_sitenote_active":false,"_exactmetrics_sitenote_note":"","_exactmetrics_sitenote_category":0,"footnotes":""},"categories":[214],"tags":[],"class_list":["post-5425","post","type-post","status-publish","format-standard","has-post-thumbnail","hentry","category-coronavirus","et-has-post-format-content","et_post_format-et-post-format-standard"],"_links":{"self":[{"href":"https:\/\/variances.eu\/index.php?rest_route=\/wp\/v2\/posts\/5425","targetHints":{"allow":["GET"]}}],"collection":[{"href":"https:\/\/variances.eu\/index.php?rest_route=\/wp\/v2\/posts"}],"about":[{"href":"https:\/\/variances.eu\/index.php?rest_route=\/wp\/v2\/types\/post"}],"author":[{"embeddable":true,"href":"https:\/\/variances.eu\/index.php?rest_route=\/wp\/v2\/users\/259"}],"replies":[{"embeddable":true,"href":"https:\/\/variances.eu\/index.php?rest_route=%2Fwp%2Fv2%2Fcomments&post=5425"}],"version-history":[{"count":0,"href":"https:\/\/variances.eu\/index.php?rest_route=\/wp\/v2\/posts\/5425\/revisions"}],"wp:featuredmedia":[{"embeddable":true,"href":"https:\/\/variances.eu\/index.php?rest_route=\/wp\/v2\/media\/5436"}],"wp:attachment":[{"href":"https:\/\/variances.eu\/index.php?rest_route=%2Fwp%2Fv2%2Fmedia&parent=5425"}],"wp:term":[{"taxonomy":"category","embeddable":true,"href":"https:\/\/variances.eu\/index.php?rest_route=%2Fwp%2Fv2%2Fcategories&post=5425"},{"taxonomy":"post_tag","embeddable":true,"href":"https:\/\/variances.eu\/index.php?rest_route=%2Fwp%2Fv2%2Ftags&post=5425"}],"curies":[{"name":"wp","href":"https:\/\/api.w.org\/{rel}","templated":true}]}}