{"id":5394,"date":"2020-11-09T07:25:31","date_gmt":"2020-11-09T05:25:31","guid":{"rendered":"http:\/\/variances.eu\/?p=5394"},"modified":"2020-11-09T08:48:18","modified_gmt":"2020-11-09T06:48:18","slug":"a-lheure-du-deuxieme-confinement-que-sait-on-des-consequences-du-premier","status":"publish","type":"post","link":"https:\/\/variances.eu\/?p=5394","title":{"rendered":"A l\u2019heure du deuxi\u00e8me confinement, que sait-on des cons\u00e9quences du premier ?"},"content":{"rendered":"<p>[et_pb_section transparent_background=\u00a0\u00bboff\u00a0\u00bb allow_player_pause=\u00a0\u00bboff\u00a0\u00bb inner_shadow=\u00a0\u00bboff\u00a0\u00bb parallax=\u00a0\u00bboff\u00a0\u00bb parallax_method=\u00a0\u00bbon\u00a0\u00bb custom_padding=\u00a0\u00bb37.9062px|0px|0px|0px\u00a0\u00bb make_fullwidth=\u00a0\u00bboff\u00a0\u00bb use_custom_width=\u00a0\u00bboff\u00a0\u00bb width_unit=\u00a0\u00bboff\u00a0\u00bb custom_width_px=\u00a0\u00bb1080px\u00a0\u00bb custom_width_percent=\u00a0\u00bb80%\u00a0\u00bb make_equal=\u00a0\u00bboff\u00a0\u00bb use_custom_gutter=\u00a0\u00bboff\u00a0\u00bb fullwidth=\u00a0\u00bboff\u00a0\u00bb specialty=\u00a0\u00bboff\u00a0\u00bb admin_label=\u00a0\u00bbsection\u00a0\u00bb disabled=\u00a0\u00bboff\u00a0\u00bb][et_pb_row make_fullwidth=\u00a0\u00bboff\u00a0\u00bb use_custom_width=\u00a0\u00bboff\u00a0\u00bb width_unit=\u00a0\u00bboff\u00a0\u00bb custom_width_px=\u00a0\u00bb1080px\u00a0\u00bb custom_width_percent=\u00a0\u00bb80%\u00a0\u00bb use_custom_gutter=\u00a0\u00bboff\u00a0\u00bb gutter_width=\u00a0\u00bb3&Prime; custom_padding=\u00a0\u00bb18.9531px|0px|0px|0px\u00a0\u00bb allow_player_pause=\u00a0\u00bboff\u00a0\u00bb parallax=\u00a0\u00bboff\u00a0\u00bb parallax_method=\u00a0\u00bbon\u00a0\u00bb make_equal=\u00a0\u00bboff\u00a0\u00bb parallax_1=\u00a0\u00bboff\u00a0\u00bb parallax_method_1=\u00a0\u00bbon\u00a0\u00bb parallax_2=\u00a0\u00bboff\u00a0\u00bb parallax_method_2=\u00a0\u00bbon\u00a0\u00bb parallax_3=\u00a0\u00bboff\u00a0\u00bb parallax_method_3=\u00a0\u00bbon\u00a0\u00bb parallax_4=\u00a0\u00bboff\u00a0\u00bb parallax_method_4=\u00a0\u00bbon\u00a0\u00bb admin_label=\u00a0\u00bbrow\u00a0\u00bb disabled=\u00a0\u00bboff\u00a0\u00bb][et_pb_column type=\u00a0\u00bb4_4&Prime; disabled=\u00a0\u00bboff\u00a0\u00bb parallax=\u00a0\u00bboff\u00a0\u00bb parallax_method=\u00a0\u00bbon\u00a0\u00bb][et_pb_text background_layout=\u00a0\u00bblight\u00a0\u00bb text_orientation=\u00a0\u00bbleft\u00a0\u00bb admin_label=\u00a0\u00bbTexte\u00a0\u00bb use_border_color=\u00a0\u00bboff\u00a0\u00bb border_style=\u00a0\u00bbsolid\u00a0\u00bb disabled=\u00a0\u00bboff\u00a0\u00bb]<\/p>\n<p>D\u00e9but octobre 2020, sont parues trois \u00e9tudes utilisant la base de donn\u00e9es construite gr\u00e2ce \u00e0 une enqu\u00eate\u00a0: enqu\u00eate \u00e9pid\u00e9miologique et conditions de vie (EpiCov). La premi\u00e8re d\u00e9crit la s\u00e9ropr\u00e9valence du SARS-CoV2 en mai 2020. La deuxi\u00e8me d\u00e9taille les in\u00e9galit\u00e9s sociales au temps de la Covid 19. La troisi\u00e8me explore les cons\u00e9quences \u00e9conomiques du confinement sur les individus.<\/p>\n<p>On propose une note de lecture de ces trois \u00e9tudes. Men\u00e9e par l\u2019Inserm, la Drees, SpF et l\u2019Insee et associant l\u2019Ined, le CNRS, les Universit\u00e9s Paris Saclay et Paris Dauphine (voir encadr\u00e9 pour les sigles d\u00e9taill\u00e9s en fin d\u2019article), on s\u2019\u00e9tend d\u2019abord sur la construction d\u2019une enqu\u00eate de grande ampleur et complexe, collect\u00e9e en mai 2020 et dont les premiers r\u00e9sultats sont publi\u00e9s d\u00e8s octobre. Une telle c\u00e9l\u00e9rit\u00e9 est peut-\u00eatre unique, certainement remarquable. Les \u00e9tudes seront pr\u00e9sent\u00e9es successivement. Quelques r\u00e9flexions personnelles compl\u00e8tent cette pr\u00e9sentation d\u2019une op\u00e9ration scientifique et statistique tr\u00e8s pertinente.<\/p>\n<h3><strong>L\u2019enqu\u00eate \u00ab\u00a0EpiCoV\u00a0\u00bb, alliance spectaculaire de scientifiques et statisticiens.<\/strong><\/h3>\n<p>Il n\u2019est pas banal de mener une op\u00e9ration d\u2019une telle envergure, mobilisant des personnes d\u2019organismes aussi nombreux, en si peu de temps. Les mondes de la recherche et l\u2019administration ont donc su produire une r\u00e9ponse \u00e0 la hauteur de l\u2019ampleur de la crise sanitaire. Cette enqu\u00eate a permis d\u2019interroger 135 000 personnes. Elle est in\u00e9dite. Outre l\u2019appui technique de l\u2019Insee, la soci\u00e9t\u00e9 Ipsos a \u00e9t\u00e9 mobilis\u00e9e pour interroger les personnes \u00e9chantillonn\u00e9es. Les enqu\u00eates th\u00e9matiques de la statistique publique interrogent g\u00e9n\u00e9ralement de l\u2019ordre de 20 \u00e0 50 000 unit\u00e9s. Un d\u00e9lai de trois ans, entre le d\u00e9but des travaux de conception d\u2019une nouvelle enqu\u00eate et les premi\u00e8res publications, est tout fait ordinaire et normal, permettant d\u2019assurer la qualit\u00e9 tant des donn\u00e9es que des analyses. La collecte de l\u2019EpiCoV a eu lieu au mois de mai 2020, les premi\u00e8res analyses sont donc parues quelque 4 mois apr\u00e8s la fin de la collecte. Entre temps, il a fallu traiter les donn\u00e9es et s\u2019assurer de leur repr\u00e9sentativit\u00e9 au regard des diff\u00e9rents indicateurs que l\u2019on voulait obtenir. L\u2019\u00e9t\u00e9 a \u00e9t\u00e9 chaud. Si l\u2019union fait la force, il ne faut pas sous-estimer la complexit\u00e9 d\u2019une coordination de nombreux organismes de recherche et de services statistiques. Tout cela a donc \u00e9t\u00e9 men\u00e9 rondement\u2026. et signe une productivit\u00e9 apparemment exemplaire des services publics.<\/p>\n<p>L\u2019enqu\u00eate comporte un questionnaire plut\u00f4t centr\u00e9 sur l\u2019analyse des conditions de vie et de travail lors du printemps 2020, soit au temps des mesures drastiques prises pour enrayer la propagation de la maladie. Elle comporte un volet purement m\u00e9dical, avec un protocole ayant permis de tester, pour 12 400 personnes, si elles avaient une s\u00e9rologie positive au SARS-CoV2. En effet, le plan de sondage est extr\u00eamement complexe pour sur-repr\u00e9senter certaines populations en vue d\u2019obtenir une pr\u00e9cision pertinente sur divers indicateurs.<\/p>\n<h3><strong>S\u00e9ropr\u00e9valence au SARS-Cov2 en mai 2020<\/strong><\/h3>\n<p>La premi\u00e8re \u00e9tude, publi\u00e9e par la Drees (voir encadr\u00e9) d\u00e9cline la s\u00e9ropr\u00e9valence (positive) suivant de nombreux crit\u00e8res. En premier lieu, la d\u00e9clinaison g\u00e9ographique est bien similaire \u00e0 celle que l\u2019on pouvait suivre gr\u00e2ce aux indicateurs de mortalit\u00e9 et de pr\u00e9sence dans les services hospitaliers. Premi\u00e8re surprise, cette similarit\u00e9 ne s\u2019observe pas quant au sexe et l\u2019\u00e2ge. Les d\u00e9clinaisons s\u2019op\u00e8rent suivant des variables classiques\u00a0: niveau de vie, de dipl\u00f4mes, mais plus encore sur des variables validant un mod\u00e8le de contamination par contact. Assez logiquement, la s\u00e9ropr\u00e9valence positive (positivit\u00e9) est plus grande pour les personnes ayant eu beaucoup de contacts, en particulier avec d\u2019autres positifs. Ainsi, une nomenclature de profession distingue les m\u00e9tiers essentiels, de la sant\u00e9 ou non et permet de mesurer l\u2019\u00e9cart de positivit\u00e9. Les autres crit\u00e8res sont au niveau du quartier ou de la densit\u00e9 de la commune d\u2019habitat, des caract\u00e9ristiques du logement (nombre d\u2019habitants, pr\u00e9sence d\u2019un autre positif). Ils sont compl\u00e9t\u00e9s par un indicateur de pratique tabagique et le lien \u00e0 la migration. Faut-il d\u00e9voiler ici que la Covid a surtout \u00e9pargn\u00e9 les vieux Normands solitaires et tabagiques, de classe moyenne sup\u00e9rieure et peu \u00e9duqu\u00e9s\u00a0? Il vaut mieux lire l\u2019\u00e9tude elle-m\u00eame qui d\u00e9taille les statistiques descriptives et un mod\u00e8le \u00ab\u00a0toutes choses (list\u00e9es pr\u00e9c\u00e9demment) \u00e9gales par ailleurs\u00a0\u00bb.<\/p>\n<h3><strong>Pas de confinement pour les in\u00e9galit\u00e9s sociales<\/strong><\/h3>\n<p>La deuxi\u00e8me \u00e9tude, publi\u00e9e par l\u2019Inserm, produit de nombreux indicateurs relatifs aux conditions de vie et de travail des individus, et se limite donc \u00e0 ceux \u00e2g\u00e9s de 15 \u00e0 64 ans. On trouvera d\u2019abord les parts de personnes vivant en commune dense et en logements surpeupl\u00e9s, de celles qui ont travaill\u00e9 en ext\u00e9rieur ou en t\u00e9l\u00e9travail, enfin de celles ayant \u00e9t\u00e9 au ch\u00f4mage technique ou partiel, ou non. Ces parts sont d\u00e9taill\u00e9es suivant le sexe, l\u2019\u00e2ge, le niveau de dipl\u00f4me, le niveau de revenu, la structure du m\u00e9nage, le lien \u00e0 la migration, la cat\u00e9gorie socioprofessionnelle et l\u2019appartenance \u00e0 une profession essentielle (<em>via<\/em> une d\u00e9finition <em>ad hoc<\/em>). Un quatri\u00e8me indicateur, la part des personnes jugeant que leurs conditions financi\u00e8res se sont d\u00e9grad\u00e9es, compl\u00e8te les pr\u00e9c\u00e9dents. On ne peut r\u00e9sumer l\u2019ensemble tr\u00e8s riche des r\u00e9sultats, qui confirment globalement que les in\u00e9galit\u00e9s sociales se sont plut\u00f4t aggrav\u00e9es durant le printemps 2020.<\/p>\n<p>L\u2019\u00e9tude comporte ensuite la pr\u00e9sentation des mod\u00e8les \u00ab\u00a0toutes choses (list\u00e9es pr\u00e9c\u00e9demment) \u00e9gales par ailleurs\u00a0\u00bb. On quantifie ainsi les rapports de (mal-)chance, les enseignements les plus saillants ne sont pas vraiment inattendus. Les immigr\u00e9s n\u00e9s hors d\u2019Europe et les cadres sont beaucoup plus susceptibles que les autres d\u2019habiter une commune tr\u00e8s dense. Les immigr\u00e9s n\u00e9s hors d\u2019Europe, les quadrag\u00e9naires, les personnes disposant de peu de revenus sont beaucoup plus susceptibles que les autres d\u2019habiter un logement surpeupl\u00e9. \u00catre cadre limitait fortement la probabilit\u00e9 d\u2019avoir travaill\u00e9 en ext\u00e9rieur. La variabilit\u00e9 des rapports de chance est moins forte quant \u00e0 la d\u00e9gradation des conditions financi\u00e8res. Elle concerne davantage les agriculteurs et les personnes disposant de peu de revenus.<\/p>\n<h3><strong>Le cadre du (au) t\u00e9l\u00e9travail<\/strong><\/h3>\n<p>La troisi\u00e8me \u00e9tude apporte un \u00e9clairage un peu diff\u00e9rent sur le quatri\u00e8me indicateur, compl\u00e9t\u00e9 par quelques \u00e9l\u00e9ments sur le t\u00e9l\u00e9travail. Simultan\u00e9ment, l\u2019Insee publie une analyse sur le temps de travail et le t\u00e9l\u00e9travail durant la m\u00eame p\u00e9riode, en utilisant l\u2019enqu\u00eate emploi. On retrouve bien s\u00fbr l\u2019essentiel des conclusions d\u00e9j\u00e0 disponibles. Le point de vue est ici moins d\u2019insister sur les in\u00e9galit\u00e9s (cependant largement d\u00e9crites) que de contextualiser autant que possible, du fait des mesures prises et de leurs cons\u00e9quences sociales ou \u00e9conomiques. Notons encore l\u2019encadr\u00e9 m\u00e9thodologique tr\u00e8s pr\u00e9cis sur les mesures du t\u00e9l\u00e9travail disponibles dans cette \u00e9tude. Nonobstant les difficult\u00e9s de mesure, l\u2019\u00e9cart de recours au t\u00e9l\u00e9travail entre cadres et ouvriers est \u00e9norme\u00a0: 80\u00a0% contre 6\u00a0%. Et l\u2019on note encore que les difficult\u00e9s financi\u00e8res ont moins concern\u00e9 les personnes ais\u00e9es.<\/p>\n<h3><strong>Eclairer d\u2019abord certaines situations\u2026, un choix pas si sage\u00a0?<\/strong><\/h3>\n<p>Ces analyses sont bien \u00e9videmment tr\u00e8s pr\u00e9cieuses. Toutefois, de nombreuses questions demeurent. Le choc \u00e9conomique du printemps justifie largement d\u2019avoir mis l\u2019accent sur les conditions de vie, voire de sant\u00e9, des personnes actives. Toutefois, l\u2019article le plus d\u00e9taill\u00e9, le deuxi\u00e8me, limite explicitement le champ d\u2019\u00e9tude aux personnes d\u2019\u00e2ge actif. D\u2019autres populations m\u00e9ritent l\u2019attention. On sait par ailleurs que la mortalit\u00e9 due \u00e0 la Covid 19 concerne essentiellement les personnes de plus de 65 ans. En savoir davantage sur les plus \u00e2g\u00e9s est donc naturel, d\u2019autant que la premi\u00e8re \u00e9tude montre que, m\u00eame en tenant compte d\u2019un certain nombre de facteurs, leur s\u00e9ropr\u00e9valence est bien moindre que celle des quadrag\u00e9naires. Notons encore que l\u2019enqu\u00eate n\u2019a pas port\u00e9 sur les personnes h\u00e9berg\u00e9es en EHPAD. Les personnes \u00e2g\u00e9es sont donc quelque peu invisibles (au moins aux yeux de ces travaux). En revanche, une large part des analyses s\u2019attache \u00e0 d\u00e9crire la situation des immigr\u00e9s et de leurs descendants. Fran\u00e7ois H\u00e9ran \u00e9nonce dans un article de presse qu\u2019il n\u2019allait pas de soi d\u2019introduire ces distinctions, qu\u2019il regrettait d\u2019ailleurs de n\u2019avoir pu distinguer l\u2019\u00ab\u00a0immigration visible\u00a0\u00bb de l\u2019autre et que la cat\u00e9gorie retenue (lieu de naissance hors Europe) m\u00e9lange des origines tr\u00e8s diverses. Outre que l\u2019on ne peut multiplier les cat\u00e9gories, une d\u00e9finition op\u00e9rationnelle des \u00ab\u00a0personnes appartenant \u00e0 une minorit\u00e9 visible\u00a0\u00bb reste \u00e0 construire, si cela s\u2019av\u00e9rait pertinent. Il ressort, en conclusion, que les origines sont associ\u00e9es \u00e0 de fortes in\u00e9galit\u00e9s mais ne semblent pas induire des diff\u00e9rences de s\u00e9ropr\u00e9valence<a href=\"#_ftn1\" name=\"_ftnref1\">[1]<\/a>.<\/p>\n<h3><strong>Un d\u00e9confinement partiel des bulles de la recherche et de l\u2019administration<\/strong><\/h3>\n<p>La publication de deux articles proches par les th\u00e8mes trait\u00e9s et disjoints quant aux signataires laisse perplexe quant \u00e0 la qualit\u00e9 des collaborations entre partenaires. D\u2019autres indices interrogent. Il est ainsi dommage que les \u00ab\u00a0professions essentielles\u00a0\u00bb ne soient pas les m\u00eames dans les deux premiers articles. De m\u00eame, le deuxi\u00e8me article d\u00e9finit de fa\u00e7on <em>ad hoc<\/em> les employ\u00e9s qualifi\u00e9s. Cette (ancienne) question est pourtant ordinairement trait\u00e9e de fa\u00e7on assez claire m\u00eame s\u2019il n\u2019y a pas la distinction explicite dans la nomenclature fran\u00e7aise des cat\u00e9gories socioprofessionnelles. Pourtant, certaines autrices ou certains auteurs se pr\u00e9valent d\u2019un rattachement double au monde de la recherche et de l\u2019administration. Esp\u00e9rons que la Covid 19, qui a aggrav\u00e9 les in\u00e9galit\u00e9s, a au moins aid\u00e9 \u00e0 abattre certaines cloisons\u2026.<\/p>\n<h3><strong>La certitude d\u2019une deuxi\u00e8me vague<\/strong><\/h3>\n<p>D\u00e9but novembre 2020, un deuxi\u00e8me confinement est mis en \u0153uvre. En effet, les indicateurs de d\u00e9c\u00e8s et d\u2019hospitalisation laissent peu de doute quant \u00e0 la venue d\u2019une deuxi\u00e8me vague. Peut-\u00eatre sera-ton un peu mieux arm\u00e9 pour en estimer les cons\u00e9quences ou en limiter l\u2019impact. Si l\u2019on retire des lectures des trois articles le sentiment que beaucoup de questions sont encore sans r\u00e9ponse, certaines sont en cours d\u2019analyse. Tout d\u2019abord, une deuxi\u00e8me vague d\u2019enqu\u00eate est programm\u00e9e \u00e0 l\u2019automne, qui permettra notamment d\u2019estimer la s\u00e9ropr\u00e9valence. Au vu des circonstances actuelles, on redoute qu\u2019elle soit en forte augmentation. Ensuite, la deuxi\u00e8me publication annonce un programme copieux d\u2019\u00e9tudes en cours. Citons ce menu prometteur: \u00ab\u00a0les analyses en cours sur la situation des personnes \u00e2g\u00e9es de 65 ans et plus, celles portant sur l\u2019acc\u00e8s aux soins, l\u2019organisation de la vie quotidienne, les situations de violence, le suivi scolaire des enfants, la sant\u00e9 mentale, et celles qui portent sur la situation des personnes qui vivent dans les DROM (voir encadr\u00e9) compl\u00e9teront prochainement ce tableau des in\u00e9galit\u00e9s sociales au temps de la Covid 19\u00a0\u00bb. En attendant, allez maintenant d\u00e9couvrir la s\u00e9ropr\u00e9valence des femmes haut-rhinoises vivant dans un m\u00e9nage de 4 personnes et beaucoup d\u2019autres informations tir\u00e9es de l\u2019EpiCov&#8230;<\/p>\n<p>[\/et_pb_text][\/et_pb_column][\/et_pb_row][et_pb_row make_fullwidth=\u00a0\u00bboff\u00a0\u00bb use_custom_width=\u00a0\u00bboff\u00a0\u00bb width_unit=\u00a0\u00bboff\u00a0\u00bb custom_width_px=\u00a0\u00bb1080px\u00a0\u00bb custom_width_percent=\u00a0\u00bb80%\u00a0\u00bb use_custom_gutter=\u00a0\u00bboff\u00a0\u00bb gutter_width=\u00a0\u00bb3&Prime; custom_padding=\u00a0\u00bb0px|0px|0px|0px\u00a0\u00bb allow_player_pause=\u00a0\u00bboff\u00a0\u00bb parallax=\u00a0\u00bboff\u00a0\u00bb parallax_method=\u00a0\u00bbon\u00a0\u00bb make_equal=\u00a0\u00bboff\u00a0\u00bb parallax_1=\u00a0\u00bboff\u00a0\u00bb parallax_method_1=\u00a0\u00bbon\u00a0\u00bb parallax_2=\u00a0\u00bboff\u00a0\u00bb parallax_method_2=\u00a0\u00bbon\u00a0\u00bb parallax_3=\u00a0\u00bboff\u00a0\u00bb parallax_method_3=\u00a0\u00bbon\u00a0\u00bb parallax_4=\u00a0\u00bboff\u00a0\u00bb parallax_method_4=\u00a0\u00bbon\u00a0\u00bb disabled=\u00a0\u00bboff\u00a0\u00bb][et_pb_column type=\u00a0\u00bb4_4&Prime; disabled=\u00a0\u00bboff\u00a0\u00bb parallax=\u00a0\u00bboff\u00a0\u00bb parallax_method=\u00a0\u00bbon\u00a0\u00bb][et_pb_blurb url_new_window=\u00a0\u00bboff\u00a0\u00bb use_icon=\u00a0\u00bboff\u00a0\u00bb icon_color=\u00a0\u00bb#00a8ff\u00a0\u00bb use_circle=\u00a0\u00bboff\u00a0\u00bb circle_color=\u00a0\u00bb#00a8ff\u00a0\u00bb use_circle_border=\u00a0\u00bboff\u00a0\u00bb circle_border_color=\u00a0\u00bb#00a8ff\u00a0\u00bb icon_placement=\u00a0\u00bbtop\u00a0\u00bb animation=\u00a0\u00bboff\u00a0\u00bb background_layout=\u00a0\u00bblight\u00a0\u00bb text_orientation=\u00a0\u00bbleft\u00a0\u00bb use_icon_font_size=\u00a0\u00bboff\u00a0\u00bb icon_font_size=\u00a0\u00bb96px\u00a0\u00bb background_color=\u00a0\u00bbrgba(229,229,229,0.91)\u00a0\u00bb use_border_color=\u00a0\u00bbon\u00a0\u00bb border_color=\u00a0\u00bb#ffffff\u00a0\u00bb border_width=\u00a0\u00bb24px\u00a0\u00bb border_style=\u00a0\u00bbsolid\u00a0\u00bb disabled=\u00a0\u00bboff\u00a0\u00bb]<\/p>\n<p class=\"et-fb-mce-line-break-holder\" style=\"text-align: center;\">\n<p class=\"et-fb-mce-line-break-holder\" style=\"text-align: center;\">\n<p style=\"text-align: center;\"><strong>Ma\u00eetres d\u2019ouvrage de l\u2019enqu\u00eate<\/strong><\/p>\n<p class=\"Textbodyindent\" style=\"padding-left: 60px;\">Institut national de la sant\u00e9 et de la recherche m\u00e9dicale (INSERM)<\/p>\n<p class=\"Textbodyindent\" style=\"padding-left: 60px;\">Direction de la recherche des \u00e9tudes et des enqu\u00eates statistiques (DREES) rattach\u00e9e au minist\u00e8re des solidarit\u00e9s et de la sant\u00e9.<\/p>\n<p>&nbsp;<\/p>\n<p style=\"text-align: center;\"><strong>Organismes collaborateurs<\/strong><\/p>\n<p class=\"Textbodyindent\" style=\"padding-left: 60px;\">Sant\u00e9 publique France (SpF)<\/p>\n<p class=\"Textbodyindent\" style=\"padding-left: 60px;\">Institut national de la statistique et des \u00e9tudes \u00e9conomiques (Insee)<\/p>\n<p>&nbsp;<\/p>\n<p style=\"text-align: center;\"><strong>Autres organismes de rattachement <\/strong><strong>des <\/strong><strong>auteurs ou autrices des articles<\/strong><\/p>\n<p class=\"Textbody\" style=\"padding-left: 60px;\">Universit\u00e9 Paris-Saclay<\/p>\n<p class=\"Textbodyindent\" style=\"padding-left: 60px;\">Universit\u00e9 Paris-Dauphine<\/p>\n<p class=\"Textbodyindent\" style=\"padding-left: 60px;\">AP-HP (Assistance publique-h\u00f4pitaux de Paris)<\/p>\n<p class=\"Textbodyindent\" style=\"padding-left: 60px;\">Centre national de la recherche scientifique (CNRS)<\/p>\n<p class=\"Textbodyindent\" style=\"padding-left: 60px;\">Institut national des \u00e9tudes d\u00e9mographiques (Ined)<\/p>\n<p>&nbsp;<\/p>\n<p style=\"text-align: center;\"><strong>Quelques particularit\u00e9s de l\u2019\u00e9chantillon<\/strong><\/p>\n<p class=\"Textbody\" style=\"padding-left: 60px;\">La s\u00e9ropr\u00e9valence peut \u00eatre estim\u00e9e par r\u00e9gion et dans certains d\u00e9partements (Haut-Rhin, Oise, Paris et petite couronne, \u2026) en raison d\u2019un \u00e9chantillonnage adapt\u00e9. Il en va de m\u00eame pour la Guadeloupe, la Martinique et la R\u00e9union, ce qui permettra des analyses pertinentes sur ces d\u00e9partements et r\u00e9gions d\u2019outre-mer (DROM).<\/p>\n<p class=\"Textbody et-fb-mce-line-break-holder\" style=\"padding-left: 60px;\">\n<p class=\"Textbody et-fb-mce-line-break-holder\" style=\"padding-left: 60px;\">\n<p class=\"Textbody et-fb-mce-line-break-holder\" style=\"padding-left: 60px;\">\n<p>[\/et_pb_blurb][\/et_pb_column][\/et_pb_row][et_pb_row make_fullwidth=\u00a0\u00bboff\u00a0\u00bb use_custom_width=\u00a0\u00bboff\u00a0\u00bb width_unit=\u00a0\u00bboff\u00a0\u00bb custom_width_px=\u00a0\u00bb1080px\u00a0\u00bb custom_width_percent=\u00a0\u00bb80%\u00a0\u00bb use_custom_gutter=\u00a0\u00bboff\u00a0\u00bb gutter_width=\u00a0\u00bb3&Prime; allow_player_pause=\u00a0\u00bboff\u00a0\u00bb parallax=\u00a0\u00bboff\u00a0\u00bb parallax_method=\u00a0\u00bbon\u00a0\u00bb make_equal=\u00a0\u00bboff\u00a0\u00bb parallax_1=\u00a0\u00bboff\u00a0\u00bb parallax_method_1=\u00a0\u00bbon\u00a0\u00bb parallax_2=\u00a0\u00bboff\u00a0\u00bb parallax_method_2=\u00a0\u00bbon\u00a0\u00bb parallax_3=\u00a0\u00bboff\u00a0\u00bb parallax_method_3=\u00a0\u00bbon\u00a0\u00bb parallax_4=\u00a0\u00bboff\u00a0\u00bb parallax_method_4=\u00a0\u00bbon\u00a0\u00bb disabled=\u00a0\u00bboff\u00a0\u00bb][et_pb_column type=\u00a0\u00bb4_4&Prime; disabled=\u00a0\u00bboff\u00a0\u00bb parallax=\u00a0\u00bboff\u00a0\u00bb parallax_method=\u00a0\u00bbon\u00a0\u00bb][et_pb_text background_layout=\u00a0\u00bblight\u00a0\u00bb text_orientation=\u00a0\u00bbleft\u00a0\u00bb use_border_color=\u00a0\u00bboff\u00a0\u00bb border_style=\u00a0\u00bbsolid\u00a0\u00bb disabled=\u00a0\u00bboff\u00a0\u00bb]<\/p>\n<h3>Article 1\u00a0:<\/h3>\n<p><span style=\"text-decoration: underline;\"><span style=\"color: #0000ff; text-decoration: underline;\"><a style=\"color: #0000ff; text-decoration: underline;\" href=\"https:\/\/drees.solidarites-sante.gouv.fr\/etudes-et-statistiques\/publications\/etudes-et-resultats\/article\/en-mai-2020-4-5-de-la-population-vivant-en-france-metropolitaine-a-developpe\">https:\/\/drees.solidarites-sante.gouv.fr\/etudes-et-statistiques\/publications\/etudes-et-resultats\/article\/en-mai-<\/a><a style=\"color: #0000ff; text-decoration: underline;\" href=\"https:\/\/drees.solidarites-sante.gouv.fr\/etudes-et-statistiques\/publications\/etudes-et-resultats\/article\/en-mai-2020-4-5-de-la-population-vivant-en-france-metropolitaine-a-developpe\">2020-4-5-de-la-population-vivant-en-france-metropolitaine-a-developpe<\/a><\/span><\/span><\/p>\n<p>Cosignature de nombreux auteurs rattach\u00e9s \u00e0 l\u2019Inserm, Paris Saclay, la DREES et l\u2019Insee<\/p>\n<h3>Article 2\u00a0:<\/h3>\n<p><span style=\"text-decoration: underline;\"><span style=\"color: #0000ff;\"><a style=\"color: #0000ff; text-decoration: underline;\" href=\"https:\/\/www.iresp.net\/wp-content\/uploads\/2020\/10\/IReSP_QSP40.web_.pdf\">https:\/\/www.iresp.net\/wp-content\/uploads\/2020\/10\/IReSP_QSP40.web_.pdf<\/a><\/span><\/span><\/p>\n<p>Cosignature de nombreux auteurs rattach\u00e9s \u00e0 l\u2019Inserm, les universit\u00e9s de\u00a0 Paris Saclay et\u00a0 Paris-Dauphine, l\u2019Ined, le CNRS et Sant\u00e9 publique France<\/p>\n<h3>\u00a0Article 3 :<\/h3>\n<p><span style=\"text-decoration: underline;\"><span style=\"color: #0000ff;\"><a style=\"color: #0000ff; text-decoration: underline;\" href=\"https:\/\/www.insee.fr\/fr\/statistiques\/4801313\">https:\/\/www.insee.fr\/fr\/statistiques\/4801313<\/a><\/span><\/span><\/p>\n<p>Cosignature de nombreux auteurs rattach\u00e9s \u00e0 l\u2019Insee et la Drees<\/p>\n<p>&nbsp;<\/p>\n<p><em><strong>Voir aussi\u00a0:<\/strong><\/em><\/p>\n<p>&#8211; Article de l\u2019Insee sur la dur\u00e9e et le t\u00e9l\u00e9travail au printemps 2020 :\u00a0<span style=\"text-decoration: underline; color: #0000ff;\"><a style=\"color: #0000ff; text-decoration: underline;\" href=\"https:\/\/www.insee.fr\/fr\/statistiques\/4801229\">https:\/\/www.insee.fr\/fr\/statistiques\/4801229<\/a><\/span><\/p>\n<p>&#8211; Notons au passage le portail de l\u2019Insee sur ces travaux relatifs \u00e0 la crise sanitaire\u00a0:\u00a0<span style=\"text-decoration: underline; color: #0000ff;\"><a style=\"color: #0000ff; text-decoration: underline;\" href=\"https:\/\/www.insee.fr\/fr\/information\/4479280\">https:\/\/www.insee.fr\/fr\/information\/4479280<\/a><\/span><\/p>\n<p>&#8211;\u00a0Article interview de N.Bajos (autrice majeure de la deuxi\u00e8me publication) et F.H\u00e9ran (co-pr\u00e9sident du conseil scientifique de l&rsquo;enqu\u00eate) :\u00a0<span style=\"text-decoration: underline; color: #0000ff;\"><a style=\"color: #0000ff;\" href=\"https:\/\/www.lemonde.fr\/planete\/article\/2020\/10\/09\/covid-19-cette-enquete-deconstruit-certains-discours-sur-la-surexposition-des-immigres_6055406_3244.html\">https:\/\/www.lemonde.fr\/planete\/article\/2020\/10\/09\/covid-19-cette-enquete-deconstruit-<\/a><a style=\"color: #0000ff;\" href=\"https:\/\/www.lemonde.fr\/planete\/article\/2020\/10\/09\/covid-19-cette-enquete-deconstruit-certains-discours-sur-la-surexposition-des-immigres_6055406_3244.html\">certains-discours-sur-la-surexposition-des-immigres_6055406_3244.html<\/a><\/span><\/p>\n<p>&nbsp;<\/p>\n<p>&nbsp;<\/p>\n<p><em><a href=\"#_ftnref1\" name=\"_ftn1\">[1]<\/a>\u00a0On pourra \u00e0 ce sujet se r\u00e9f\u00e9rer \u00e0 notre pr\u00e9c\u00e9dent article <span style=\"text-decoration: underline;\"><span style=\"color: #1000c6;\"><a style=\"color: #1000c6; text-decoration: underline;\" href=\"?p=5218\">http:\/\/variances.eu\/?p=5218<\/a><\/span><\/span><\/em><\/p>\n<p>[\/et_pb_text][\/et_pb_column][\/et_pb_row][\/et_pb_section]<\/p>\n","protected":false},"excerpt":{"rendered":"<p>D\u00e9but octobre 2020, sont parues trois \u00e9tudes utilisant la base de donn\u00e9es construite gr\u00e2ce \u00e0 une enqu\u00eate\u00a0: enqu\u00eate \u00e9pid\u00e9miologique et conditions de vie (EpiCov). La premi\u00e8re d\u00e9crit la s\u00e9ropr\u00e9valence du SARS-CoV2 en mai 2020. La deuxi\u00e8me d\u00e9taille les in\u00e9galit\u00e9s sociales au temps de la Covid 19. La troisi\u00e8me explore les cons\u00e9quences \u00e9conomiques du confinement sur [&hellip;]<\/p>\n","protected":false},"author":48,"featured_media":5400,"comment_status":"open","ping_status":"open","sticky":false,"template":"","format":"standard","meta":{"_et_pb_use_builder":"on","_et_pb_old_content":"<p>D\u00e9but octobre 2020, sont parues trois \u00e9tudes utilisant la base de donn\u00e9es construite gr\u00e2ce \u00e0 une enqu\u00eate\u00a0: enqu\u00eate \u00e9pid\u00e9miologique et conditions de vie (EpiCov). La premi\u00e8re d\u00e9crit la s\u00e9ropr\u00e9valence du SARS-CoV2 en mai 2020. La deuxi\u00e8me d\u00e9taille les in\u00e9galit\u00e9s sociales au temps de la Covid 19. La troisi\u00e8me explore les cons\u00e9quences \u00e9conomiques du confinement sur les individus.<\/p><p>On propose une note de lecture de ces trois \u00e9tudes. Men\u00e9e par l\u2019Inserm, la Drees, SpF et l\u2019Insee et associant l\u2019Ined, le CNRS, les Universit\u00e9s Paris Saclay et Paris Dauphine (voir encadr\u00e9 pour les sigles d\u00e9taill\u00e9s en fin d\u2019article), on s\u2019\u00e9tend d\u2019abord sur la construction d\u2019une enqu\u00eate de grande ampleur et complexe, collect\u00e9e en mai 2020 et dont les premiers r\u00e9sultats sont publi\u00e9s d\u00e8s octobre. Une telle c\u00e9l\u00e9rit\u00e9 est peut-\u00eatre unique, certainement remarquable. Les \u00e9tudes seront pr\u00e9sent\u00e9es successivement. Quelques r\u00e9flexions personnelles compl\u00e8tent cette pr\u00e9sentation d\u2019une op\u00e9ration scientifique et statistique tr\u00e8s pertinente.<\/p><h3><strong>L\u2019enqu\u00eate \u00ab\u00a0EpiCoV\u00a0\u00bb, alliance spectaculaire de scientifiques et statisticiens.<\/strong><\/h3><p>Il n\u2019est pas banal de mener une op\u00e9ration d\u2019une telle envergure, mobilisant des personnes d\u2019organismes aussi nombreux, en si peu de temps. Les mondes de la recherche et l\u2019administration ont donc su produire une r\u00e9ponse \u00e0 la hauteur de l\u2019ampleur de la crise sanitaire. Cette enqu\u00eate a permis d\u2019interroger 135 000 personnes. Elle est in\u00e9dite. Outre l\u2019appui technique de l\u2019Insee, la soci\u00e9t\u00e9 Ipsos a \u00e9t\u00e9 mobilis\u00e9e pour interroger les personnes \u00e9chantillonn\u00e9es. Les enqu\u00eates th\u00e9matiques de la statistique publique interrogent g\u00e9n\u00e9ralement de l\u2019ordre de 20 \u00e0 50 000 unit\u00e9s. Un d\u00e9lai de trois ans, entre le d\u00e9but des travaux de conception d\u2019une nouvelle enqu\u00eate et les premi\u00e8res publications, est tout fait ordinaire et normal, permettant d\u2019assurer la qualit\u00e9 tant des donn\u00e9es que des analyses. La collecte de l\u2019EpiCoV a eu lieu au mois de mai 2020, les premi\u00e8res analyses sont donc parues quelque 4 mois apr\u00e8s la fin de la collecte. Entre temps, il a fallu traiter les donn\u00e9es et s\u2019assurer de leur repr\u00e9sentativit\u00e9 au regard des diff\u00e9rents indicateurs que l\u2019on voulait obtenir. L\u2019\u00e9t\u00e9 a \u00e9t\u00e9 chaud. Si l\u2019union fait la force, il ne faut pas sous-estimer la complexit\u00e9 d\u2019une coordination de nombreux organismes de recherche et de services statistiques. Tout cela a donc \u00e9t\u00e9 men\u00e9 rondement\u2026. et signe une productivit\u00e9 apparemment exemplaire des services publics.<\/p><p>L\u2019enqu\u00eate comporte un questionnaire plut\u00f4t centr\u00e9 sur l\u2019analyse des conditions de vie et de travail lors du printemps 2020, soit au temps des mesures drastiques prises pour enrayer la propagation de la maladie. Elle comporte un volet purement m\u00e9dical, avec un protocole ayant permis de tester, pour 12 400 personnes, si elles avaient une s\u00e9rologie positive au SARS-CoV2. En effet, le plan de sondage est extr\u00eamement complexe pour sur-repr\u00e9senter certaines populations en vue d\u2019obtenir une pr\u00e9cision pertinente sur divers indicateurs.<\/p><h3><strong>S\u00e9ropr\u00e9valence au SARS-Cov2 en mai 2020<\/strong><\/h3><p>La premi\u00e8re \u00e9tude, publi\u00e9e par la Drees (voir encadr\u00e9) d\u00e9cline la s\u00e9ropr\u00e9valence (positive) suivant de nombreux crit\u00e8res. En premier lieu, la d\u00e9clinaison g\u00e9ographique est bien similaire \u00e0 celle que l\u2019on pouvait suivre gr\u00e2ce aux indicateurs de mortalit\u00e9 et de pr\u00e9sence dans les services hospitaliers. Premi\u00e8re surprise, cette similarit\u00e9 ne s\u2019observe pas quant au sexe et l\u2019\u00e2ge. Les d\u00e9clinaisons s\u2019op\u00e8rent suivant des variables classiques\u00a0: niveau de vie, de dipl\u00f4mes, mais plus encore sur des variables validant un mod\u00e8le de contamination par contact. Assez logiquement, la s\u00e9ropr\u00e9valence positive (positivit\u00e9) est plus grande pour les personnes ayant eu beaucoup de contacts, en particulier avec d\u2019autres positifs. Ainsi, une nomenclature de profession distingue les m\u00e9tiers essentiels, de la sant\u00e9 ou non et permet de mesurer l\u2019\u00e9cart de positivit\u00e9. Les autres crit\u00e8res sont au niveau du quartier ou de la densit\u00e9 de la commune d\u2019habitat, des caract\u00e9ristiques du logement (nombre d\u2019habitants, pr\u00e9sence d\u2019un autre positif). Ils sont compl\u00e9t\u00e9s par un indicateur de pratique tabagique et le lien \u00e0 la migration. Faut-il d\u00e9voiler ici que la Covid a surtout \u00e9pargn\u00e9 les vieux Normands solitaires et tabagiques, de classe moyenne sup\u00e9rieure et peu \u00e9duqu\u00e9s\u00a0? Il vaut mieux lire l\u2019\u00e9tude elle-m\u00eame qui d\u00e9taille les statistiques descriptives et un mod\u00e8le \u00ab\u00a0toutes choses (list\u00e9es pr\u00e9c\u00e9demment) \u00e9gales par ailleurs\u00a0\u00bb.<\/p><h3><strong>Pas de confinement pour les in\u00e9galit\u00e9s sociales<\/strong><\/h3><p>La deuxi\u00e8me \u00e9tude, publi\u00e9e par l\u2019Inserm, produit de nombreux indicateurs relatifs aux conditions de vie et de travail des individus, et se limite donc \u00e0 ceux \u00e2g\u00e9s de 15 \u00e0 64 ans. On trouvera d\u2019abord les parts de personnes vivant en commune dense et en logements surpeupl\u00e9s, de celles qui ont travaill\u00e9 en ext\u00e9rieur ou en t\u00e9l\u00e9travail, enfin de celles ayant \u00e9t\u00e9 au ch\u00f4mage technique ou partiel, ou non. Ces parts sont d\u00e9taill\u00e9es suivant le sexe, l\u2019\u00e2ge, le niveau de dipl\u00f4me, le niveau de revenu, la structure du m\u00e9nage, le lien \u00e0 la migration, la cat\u00e9gorie socioprofessionnelle et l\u2019appartenance \u00e0 une profession essentielle (<em>via<\/em> une d\u00e9finition <em>ad hoc<\/em>). Un quatri\u00e8me indicateur, la part des personnes jugeant que leurs conditions financi\u00e8res se sont d\u00e9grad\u00e9es, compl\u00e8te les pr\u00e9c\u00e9dents. On ne peut r\u00e9sumer l\u2019ensemble tr\u00e8s riche des r\u00e9sultats, qui confirment globalement que les in\u00e9galit\u00e9s sociales se sont plut\u00f4t aggrav\u00e9es durant le printemps 2020.<\/p><p>L\u2019\u00e9tude comporte ensuite la pr\u00e9sentation des mod\u00e8les \u00ab\u00a0toutes choses (list\u00e9es pr\u00e9c\u00e9demment) \u00e9gales par ailleurs\u00a0\u00bb. On quantifie ainsi les rapports de (mal-)chance, les enseignements les plus saillants ne sont pas vraiment inattendus. Les immigr\u00e9s n\u00e9s hors d\u2019Europe et les cadres sont beaucoup plus susceptibles que les autres d\u2019habiter une commune tr\u00e8s dense. Les immigr\u00e9s n\u00e9s hors d\u2019Europe, les quadrag\u00e9naires, les personnes disposant de peu de revenus sont beaucoup plus susceptibles que les autres d\u2019habiter un logement surpeupl\u00e9. \u00catre cadre limitait fortement la probabilit\u00e9 d\u2019avoir travaill\u00e9 en ext\u00e9rieur. La variabilit\u00e9 des rapports de chance est moins forte quant \u00e0 la d\u00e9gradation des conditions financi\u00e8res. Elle concerne davantage les agriculteurs et les personnes disposant de peu de revenus.<\/p><h3><strong>Le cadre du (au) t\u00e9l\u00e9travail<\/strong><\/h3><p>La troisi\u00e8me \u00e9tude apporte un \u00e9clairage un peu diff\u00e9rent sur le quatri\u00e8me indicateur, compl\u00e9t\u00e9 par quelques \u00e9l\u00e9ments sur le t\u00e9l\u00e9travail. Simultan\u00e9ment, l\u2019Insee publie une analyse sur le temps de travail et le t\u00e9l\u00e9travail durant la m\u00eame p\u00e9riode, en utilisant l\u2019enqu\u00eate emploi. On retrouve bien s\u00fbr l\u2019essentiel des conclusions d\u00e9j\u00e0 disponibles. Le point de vue est ici moins d\u2019insister sur les in\u00e9galit\u00e9s (cependant largement d\u00e9crites) que de contextualiser autant que possible, du fait des mesures prises et de leurs cons\u00e9quences sociales ou \u00e9conomiques. Notons encore l\u2019encadr\u00e9 m\u00e9thodologique tr\u00e8s pr\u00e9cis sur les mesures du t\u00e9l\u00e9travail disponibles dans cette \u00e9tude. Nonobstant les difficult\u00e9s de mesure, l\u2019\u00e9cart de recours au t\u00e9l\u00e9travail entre cadres et ouvriers est \u00e9norme\u00a0: 80\u00a0% contre 6\u00a0%. Et l\u2019on note encore que les difficult\u00e9s financi\u00e8res ont moins concern\u00e9 les personnes ais\u00e9es.<\/p><h3><strong>Eclairer d\u2019abord certaines situations\u2026, un choix pas si sage\u00a0?<\/strong><\/h3><p>Ces analyses sont bien \u00e9videmment tr\u00e8s pr\u00e9cieuses. Toutefois, de nombreuses questions demeurent. Le choc \u00e9conomique du printemps justifie largement d\u2019avoir mis l\u2019accent sur les conditions de vie, voire de sant\u00e9, des personnes actives. Toutefois, l\u2019article le plus d\u00e9taill\u00e9, le deuxi\u00e8me, limite explicitement le champ d\u2019\u00e9tude aux personnes d\u2019\u00e2ge actif. D\u2019autres populations m\u00e9ritent l\u2019attention. On sait par ailleurs que la mortalit\u00e9 due \u00e0 la Covid 19 concerne essentiellement les personnes de plus de 65 ans. En savoir davantage sur les plus \u00e2g\u00e9s est donc naturel, d\u2019autant que la premi\u00e8re \u00e9tude montre que, m\u00eame en tenant compte d\u2019un certain nombre de facteurs, leur s\u00e9ropr\u00e9valence est bien moindre que celle des quadrag\u00e9naires. Notons encore que l\u2019enqu\u00eate n\u2019a pas port\u00e9 sur les personnes h\u00e9berg\u00e9es en EHPAD. Les personnes \u00e2g\u00e9es sont donc quelque peu invisibles (au moins aux yeux de ces travaux). En revanche, une large part des analyses s\u2019attache \u00e0 d\u00e9crire la situation des immigr\u00e9s et de leurs descendants. Fran\u00e7ois H\u00e9ran \u00e9nonce dans un article de presse qu\u2019il n\u2019allait pas de soi d\u2019introduire ces distinctions, qu\u2019il regrettait d\u2019ailleurs de n\u2019avoir pu distinguer l\u2019\u00ab\u00a0immigration visible\u00a0\u00bb de l\u2019autre et que la cat\u00e9gorie retenue (lieu de naissance hors Europe) m\u00e9lange des origines tr\u00e8s diverses. Outre que l\u2019on ne peut multiplier les cat\u00e9gories, une d\u00e9finition op\u00e9rationnelle des \u00ab\u00a0personnes appartenant \u00e0 une minorit\u00e9 visible\u00a0\u00bb reste \u00e0 construire, si cela s\u2019av\u00e9rait pertinent. Il ressort, en conclusion, que les origines sont associ\u00e9es \u00e0 de fortes in\u00e9galit\u00e9s mais ne semblent pas induire des diff\u00e9rences de s\u00e9ropr\u00e9valence<a href=\"#_ftn1\" name=\"_ftnref1\">[1]<\/a>.<\/p><h3><strong>Un d\u00e9confinement partiel des bulles de la recherche et de l\u2019administration<\/strong><\/h3><p>La publication de deux articles proches par les th\u00e8mes trait\u00e9s et disjoints quant aux signataires laisse perplexe quant \u00e0 la qualit\u00e9 des collaborations entre partenaires. D\u2019autres indices interrogent. Il est ainsi dommage que les \u00ab\u00a0professions essentielles\u00a0\u00bb ne soient pas les m\u00eames dans les deux premiers articles. De m\u00eame, le deuxi\u00e8me article d\u00e9finit de fa\u00e7on <em>ad hoc<\/em> les employ\u00e9s qualifi\u00e9s. Cette (ancienne) question est pourtant ordinairement trait\u00e9e de fa\u00e7on assez claire m\u00eame s\u2019il n\u2019y a pas la distinction explicite dans la nomenclature fran\u00e7aise des cat\u00e9gories socioprofessionnelles. Pourtant, certaines autrices ou certains auteurs se pr\u00e9valent d\u2019un rattachement double au monde de la recherche et de l\u2019administration. Esp\u00e9rons que la Covid 19, qui a aggrav\u00e9 les in\u00e9galit\u00e9s, a au moins aid\u00e9 \u00e0 abattre certaines cloisons\u2026.<\/p><h3><strong>La certitude d\u2019une deuxi\u00e8me vague<\/strong><\/h3><p>D\u00e9but novembre 2020, un deuxi\u00e8me confinement est mis en \u0153uvre. En effet, les indicateurs de d\u00e9c\u00e8s et d\u2019hospitalisation laissent peu de doute quant \u00e0 la venue d\u2019une deuxi\u00e8me vague. Peut-\u00eatre sera-ton un peu mieux arm\u00e9 pour en estimer les cons\u00e9quences ou en limiter l\u2019impact. Si l\u2019on retire des lectures des trois articles le sentiment que beaucoup de questions sont encore sans r\u00e9ponse, certaines sont en cours d\u2019analyse. Tout d\u2019abord, une deuxi\u00e8me vague d\u2019enqu\u00eate est programm\u00e9e \u00e0 l\u2019automne, qui permettra notamment d\u2019estimer la s\u00e9ropr\u00e9valence. Au vu des circonstances actuelles, on redoute qu\u2019elle soit en forte augmentation. Ensuite, la deuxi\u00e8me publication annonce un programme copieux d\u2019\u00e9tudes en cours. Citons ce menu prometteur: \u00ab\u00a0les analyses en cours sur la situation des personnes \u00e2g\u00e9es de 65 ans et plus, celles portant sur l\u2019acc\u00e8s aux soins, l\u2019organisation de la vie quotidienne, les situations de violence, le suivi scolaire des enfants, la sant\u00e9 mentale, et celles qui portent sur la situation des personnes qui vivent dans les DROM (voir encadr\u00e9) compl\u00e9teront prochainement ce tableau des in\u00e9galit\u00e9s sociales au temps de la Covid 19\u00a0\u00bb. En attendant, allez maintenant d\u00e9couvrir la s\u00e9ropr\u00e9valence des femmes haut-rhinoises vivant dans un m\u00e9nage de 4 personnes et beaucoup d\u2019autres informations tir\u00e9es de l\u2019EpiCov...<\/p><p><a href=\"#_ftnref1\" name=\"_ftn1\">[1]<\/a>\u00a0\u00a0\u00a0\u00a0\u00a0\u00a0\u00a0\u00a0\u00a0\u00a0 On pourra \u00e0 ce sujet se r\u00e9f\u00e9rer \u00e0 notre pr\u00e9c\u00e9dent article http:\/\/variances.eu\/?p=5218<\/p><p>\u00a0<\/p>","_et_gb_content_width":"","_exactmetrics_skip_tracking":false,"_exactmetrics_sitenote_active":false,"_exactmetrics_sitenote_note":"","_exactmetrics_sitenote_category":0,"footnotes":""},"categories":[214],"tags":[],"class_list":["post-5394","post","type-post","status-publish","format-standard","has-post-thumbnail","hentry","category-coronavirus","et-has-post-format-content","et_post_format-et-post-format-standard"],"_links":{"self":[{"href":"https:\/\/variances.eu\/index.php?rest_route=\/wp\/v2\/posts\/5394","targetHints":{"allow":["GET"]}}],"collection":[{"href":"https:\/\/variances.eu\/index.php?rest_route=\/wp\/v2\/posts"}],"about":[{"href":"https:\/\/variances.eu\/index.php?rest_route=\/wp\/v2\/types\/post"}],"author":[{"embeddable":true,"href":"https:\/\/variances.eu\/index.php?rest_route=\/wp\/v2\/users\/48"}],"replies":[{"embeddable":true,"href":"https:\/\/variances.eu\/index.php?rest_route=%2Fwp%2Fv2%2Fcomments&post=5394"}],"version-history":[{"count":0,"href":"https:\/\/variances.eu\/index.php?rest_route=\/wp\/v2\/posts\/5394\/revisions"}],"wp:featuredmedia":[{"embeddable":true,"href":"https:\/\/variances.eu\/index.php?rest_route=\/wp\/v2\/media\/5400"}],"wp:attachment":[{"href":"https:\/\/variances.eu\/index.php?rest_route=%2Fwp%2Fv2%2Fmedia&parent=5394"}],"wp:term":[{"taxonomy":"category","embeddable":true,"href":"https:\/\/variances.eu\/index.php?rest_route=%2Fwp%2Fv2%2Fcategories&post=5394"},{"taxonomy":"post_tag","embeddable":true,"href":"https:\/\/variances.eu\/index.php?rest_route=%2Fwp%2Fv2%2Ftags&post=5394"}],"curies":[{"name":"wp","href":"https:\/\/api.w.org\/{rel}","templated":true}]}}