{"id":4411,"date":"2019-09-30T07:55:30","date_gmt":"2019-09-30T05:55:30","guid":{"rendered":"http:\/\/variances.eu\/?p=4411"},"modified":"2019-09-30T08:11:05","modified_gmt":"2019-09-30T06:11:05","slug":"introduction-au-dossier-inegalites","status":"publish","type":"post","link":"https:\/\/variances.eu\/?p=4411","title":{"rendered":"Introduction au dossier In\u00e9galit\u00e9s"},"content":{"rendered":"<p>La crise sociale qui agite la France a mis en lumi\u00e8re la sensibilit\u00e9 d\u2019une part importante de la population au th\u00e8me des in\u00e9galit\u00e9s, avec une focalisation particuli\u00e8re sur la question des in\u00e9galit\u00e9s de revenus et de patrimoine, mais aussi entre les territoires, et sur l\u2019action de l\u2019Etat pour les corriger. Le gouvernement a quant \u00e0 lui affich\u00e9 une volont\u00e9 politique de r\u00e9duction des in\u00e9galit\u00e9s des chances, dans le domaine de l\u2019\u00e9ducation notamment.<\/p>\n<p>Dans ce contexte, variances.eu ne pouvait manquer de lancer un dossier sur ce th\u00e8me qui int\u00e9resse \u00e0 la fois les statisticien.ne.s (comment mesurer les in\u00e9galit\u00e9s\u00a0?), les \u00e9conomistes (quelles sont les politiques publiques les plus efficaces en mati\u00e8re de r\u00e9duction des in\u00e9galit\u00e9s\u00a0?), mais aussi les philosophes (les in\u00e9galit\u00e9s sont-elles d\u2019ordre naturel ou culturel, est-il m\u00eame justifi\u00e9 de s\u2019y attaquer\u00a0?), les sociologues (quelles sont les dynamiques sociales \u00e0 l\u2019\u0153uvre pour cr\u00e9er certaines in\u00e9galit\u00e9s\u00a0? Comment expliquer l\u2019\u00e9cart entre les in\u00e9galit\u00e9s et leur perception\u00a0? )\u2026 Bref, il s\u2019agit, on le voit, d\u2019un sujet multiforme et pluridisciplinaire, et les contributions que nous vous proposerons au cours des prochaines semaines l\u2019illustreront bien.<\/p>\n<p>Avec la publication d\u00e9but septembre d\u2019un premier article de Fran\u00e7ois Ecalle sur la \u00ab\u00a0justice fiscale\u00a0\u00bb, nous avons commenc\u00e9 \u00e0 aborder la question des in\u00e9galit\u00e9s de revenus, de leur mesure et des politiques mises en \u0153uvre dans diff\u00e9rents pays pour les att\u00e9nuer. L\u2019article de Bertrand Garbinti et al. que nous publions aujourd\u2019hui continue \u00e0 approfondir ce sujet, en mettant l\u2019accent sur les \u00e9volutions historiques et sur l\u2019impact des politiques de redistribution. \u00c0 propos d\u2019histoire, nous nous proposons de reprendre prochainement un article du Monde datant du d\u00e9but des ann\u00e9es 1970, qui montre que le sujet \u00e9tait d\u00e9j\u00e0 d\u2019actualit\u00e9 il y 50 ans et donne une image des in\u00e9galit\u00e9s de revenus dans plusieurs pays d\u00e9velopp\u00e9s bien diff\u00e9rente de celle que nous connaissons aujourd\u2019hui.<\/p>\n<p>Quittant le champ traditionnel d\u2019\u00e9tude des statisticien.ne.s-\u00e9conomistes, nous n\u2019h\u00e9siterons pas \u00e0 \u00e9voquer l\u2019apport de la g\u00e9n\u00e9tique dans la g\u00e9n\u00e9ration d\u2019in\u00e9galit\u00e9s entre individus, et \u00e0 livrer une r\u00e9flexion philosophique sur les in\u00e9galit\u00e9s. Nous nous int\u00e9resserons \u00e9galement aux in\u00e9galit\u00e9s entre diff\u00e9rentes cat\u00e9gories de citoyen.ne.s, et aux \u00e9ventuelles discriminations dont certain.e.s sont victimes. Le sujet des in\u00e9galit\u00e9s de genre est au c\u0153ur de l\u2019actualit\u00e9, et nous lui consacrerons plusieurs articles, y compris sur l\u2019in\u00e9galit\u00e9 de repr\u00e9sentation entre hommes et femmes au sein des organes de direction des banques centrales, et son impact sur les politiques mon\u00e9taires. G\u00e9rard Bouvier nous proposera \u00e9galement un article sur les in\u00e9galit\u00e9s li\u00e9es au handicap, particuli\u00e8rement manifestes, mais dont la mesure statistique est rendue d\u00e9licate par le flou qui demeure sur la d\u00e9finition m\u00eame du handicap. Le m\u00eame auteur, en \u00e9clairant (sur?) la situation des descendants d\u2019immigr\u00e9s, abordera le sujet des \u00a0in\u00e9galit\u00e9s li\u00e9es \u00e0 l\u2019origine. Nous comptons \u00e9galement partager avec vous la synth\u00e8se d\u2019un article de l\u2019Insee sur les \u00e9carts de salaires en fonction de l\u2019orientation sexuelle, sujet d\u2019autant plus sensible qu\u2019il pose de d\u00e9licates questions de mesure.<\/p>\n<p>\u00c0 la limite de l\u2019\u00e9conomique et du social, nous \u00e9voquerons les in\u00e9galit\u00e9s li\u00e9es \u00e0 la situation des individus en mati\u00e8re de logement, et nous nous aborderons la question des in\u00e9galit\u00e9s territoriales\u00a0: les habitants des villes sont-ils plus favoris\u00e9s que ceux des campagnes, les populations des banlieues sont-elles moins bien trait\u00e9es que les populations rurales en mati\u00e8re d\u2019acc\u00e8s aux services publics\u00a0?<\/p>\n<p>Vaste programme donc, mais certainement pas fig\u00e9 puisqu\u2019il pourra \u00e9voluer en fonction des r\u00e9actions et contributions dont nos fid\u00e8les lectrices et lecteurs voudront bien nous faire part. \u00c0 vos plumes donc, et bonne lecture\u00a0!<\/p>\n","protected":false},"excerpt":{"rendered":"<p>La crise sociale qui agite la France a mis en lumi\u00e8re la sensibilit\u00e9 d\u2019une part importante de la population au th\u00e8me des in\u00e9galit\u00e9s, avec une focalisation particuli\u00e8re sur la question des in\u00e9galit\u00e9s de revenus et de patrimoine, mais aussi entre les territoires, et sur l\u2019action de l\u2019Etat pour les corriger. Le gouvernement a quant \u00e0 [&hellip;]<\/p>\n","protected":false},"author":9,"featured_media":4412,"comment_status":"open","ping_status":"open","sticky":false,"template":"","format":"standard","meta":{"_et_pb_use_builder":"","_et_pb_old_content":"","_et_gb_content_width":"","_exactmetrics_skip_tracking":false,"_exactmetrics_sitenote_active":false,"_exactmetrics_sitenote_note":"","_exactmetrics_sitenote_category":0,"footnotes":""},"categories":[198,133],"tags":[],"class_list":["post-4411","post","type-post","status-publish","format-standard","has-post-thumbnail","hentry","category-inegalites","category-themes","et-has-post-format-content","et_post_format-et-post-format-standard"],"_links":{"self":[{"href":"https:\/\/variances.eu\/index.php?rest_route=\/wp\/v2\/posts\/4411","targetHints":{"allow":["GET"]}}],"collection":[{"href":"https:\/\/variances.eu\/index.php?rest_route=\/wp\/v2\/posts"}],"about":[{"href":"https:\/\/variances.eu\/index.php?rest_route=\/wp\/v2\/types\/post"}],"author":[{"embeddable":true,"href":"https:\/\/variances.eu\/index.php?rest_route=\/wp\/v2\/users\/9"}],"replies":[{"embeddable":true,"href":"https:\/\/variances.eu\/index.php?rest_route=%2Fwp%2Fv2%2Fcomments&post=4411"}],"version-history":[{"count":0,"href":"https:\/\/variances.eu\/index.php?rest_route=\/wp\/v2\/posts\/4411\/revisions"}],"wp:featuredmedia":[{"embeddable":true,"href":"https:\/\/variances.eu\/index.php?rest_route=\/wp\/v2\/media\/4412"}],"wp:attachment":[{"href":"https:\/\/variances.eu\/index.php?rest_route=%2Fwp%2Fv2%2Fmedia&parent=4411"}],"wp:term":[{"taxonomy":"category","embeddable":true,"href":"https:\/\/variances.eu\/index.php?rest_route=%2Fwp%2Fv2%2Fcategories&post=4411"},{"taxonomy":"post_tag","embeddable":true,"href":"https:\/\/variances.eu\/index.php?rest_route=%2Fwp%2Fv2%2Ftags&post=4411"}],"curies":[{"name":"wp","href":"https:\/\/api.w.org\/{rel}","templated":true}]}}