{"id":4353,"date":"2019-09-06T07:35:37","date_gmt":"2019-09-06T05:35:37","guid":{"rendered":"http:\/\/variances.eu\/?p=4353"},"modified":"2019-09-06T07:49:17","modified_gmt":"2019-09-06T05:49:17","slug":"catherine-gaudy-1989-directrice-generale-du-genes","status":"publish","type":"post","link":"https:\/\/variances.eu\/?p=4353","title":{"rendered":"Catherine Gaudy (1989), Directrice g\u00e9n\u00e9rale du Genes"},"content":{"rendered":"<p><em>Catherine Gaudy est depuis le 1<sup>er<\/sup> avril 2019, Directrice g\u00e9n\u00e9rale du Genes, Etablissement regroupant l\u2019ENSAE, l\u2019ENSAI, le CREST, l\u2019ENSAE-ENSAI Formation Continue (Cepe, Centre de formation continue), le GIP CASD et DATASTORM.<\/em><\/p>\n<p><em>Une nomination naturelle pour cette administratrice de l&rsquo;Insee \u00e0 la suite d&rsquo;un parcours, d\u00e9roul\u00e9 dans la haute fonction publique, et qu&rsquo;elle retrace pour variances.<\/em><\/p>\n<p>&nbsp;<\/p>\n<p>Adolescente, Catherine Gaudy ne savait pas pr\u00e9cis\u00e9ment si, plus tard, elle ferait des math\u00e9matiques ou des lettres. Elle r\u00e9ussissait dans les mati\u00e8res scientifiques tout en se passionnant pour la litt\u00e9rature et les lettres classiques, notamment pour le grec dont elle aime encore aujourd&rsquo;hui traduire des textes. Aucune forfanterie dans cette d\u00e9claration qu&rsquo;elle fait les yeux brillants \u00e0 l&rsquo;\u00e9vocation du plaisir qu&rsquo;elle prend \u00e0 ces versions. Juste un loisir qu&rsquo;elle ne veut surtout pas pr\u00e9tentieux, un simple amusement que cette langue \u00e0 la calligraphie si ludique et \u00e0 la syntaxe singuli\u00e8re lui procure toujours.<\/p>\n<h3><strong>Autonomie et service public<\/strong><\/h3>\n<p>A 15 ans, Catherine Gaudy, fille d&rsquo;instituteurs install\u00e9s dans le Limousin, a deux \u00e9vidences qui vont naturellement influencer ses choix de vie : d&rsquo;une part, l&rsquo;ind\u00e9pendance, notamment \u00e9conomique, est la clef de la libert\u00e9 ; d&rsquo;autre part, le service public et les politiques publiques qui le structurent lui paraissent le champ d&rsquo;exercice dans lequel elle trouvera le sens de sa future vie professionnelle.<\/p>\n<p>Nous sommes en 1980, baccalaur\u00e9at en poche, ces deux convictions poussent la jeune adolescente \u00e0 s&rsquo;orienter vers une classe pr\u00e9paratoire scientifique, r\u00e9servant aux lettres classiques une pratique moins professionnelle. Ce sera Louis-le-Grand.<\/p>\n<p>Je ne peux m&#8217;emp\u00eacher de l&rsquo;interroger en repensant au choc de Pierre Bourdieu (qui inspirera ses travaux futurs sur l&rsquo;habitus), transplant\u00e9 de la m\u00eame mani\u00e8re de son lyc\u00e9e palois au lyc\u00e9e parisien de la rue Saint Jacques et confront\u00e9 aux difficiles probl\u00e8mes d&rsquo;int\u00e9gration. Mais contrairement \u00e0 son illustre pr\u00e9d\u00e9cesseur, Catherine d\u00e9clare \u00ab\u00a0<em>ce furent pour moi des ann\u00e9es de vrai bonheur, d&rsquo;ouverture sur le monde, de d\u00e9couvertes intellectuelles, et d&rsquo;apprentissage de l&rsquo;autonomie. J&rsquo;y ai rencontr\u00e9 certain.es de mes ami.es de c\u0153ur qui m&rsquo;accompagnent encore aujourd&rsquo;hui. \u00a0J&rsquo;ai ressenti une immense libert\u00e9 de penser et d&rsquo;\u00eatre, tout cela dans un climat joyeux, encadr\u00e9e par une \u00e9quipe p\u00e9dagogique aussi exigeante qu&rsquo;attentive \u00e0 tous ces jeunes dont la construction \u00e9motionnelle \u00e9tait parfois vacillante<\/em>. <em>Dans ce climat de travail intense, nous arrivions n\u00e9anmoins \u00e0 grandir en \u00e9quilibrant le d\u00e9ploiement de nos comp\u00e9tences acad\u00e9miques et l&rsquo;ajustement de nos \u00e9ventuelles fragilit\u00e9s \u00e9motionnelles\u00a0\u00bb. <\/em><\/p>\n<p>En \u00e9coutant la directrice g\u00e9n\u00e9rale du Genes \u00e9voquer avec enthousiasme cette p\u00e9riode charni\u00e8re de sa vie, je pense aux modules d&rsquo;enseignement obligatoire consacr\u00e9s aux comp\u00e9tences relationnelles que l&rsquo;ENSAE a r\u00e9cemment int\u00e9gr\u00e9s \u00e0 son programme p\u00e9dagogique. Prise de conscience que le savoir seul n&rsquo;est rien, m\u00eame \u00e0 un haut niveau d&rsquo;excellence et ne prendra toute sa valeur qu&rsquo;associ\u00e9 \u00e0 des <em>soft skills<\/em>, comme on nomme aujourd&rsquo;hui ces comp\u00e9tences relationnelles et personnelles. Comp\u00e9tences techniques et comp\u00e9tences humaines, Catherine Gaudy en racontant ses ann\u00e9es de pr\u00e9pa d\u00e9crit la premi\u00e8re exp\u00e9rience qu&rsquo;elle fait de cette f\u00e9conde synergie.<\/p>\n<p>Catherine choisit l&rsquo;ENS de S\u00e8vres en math\u00e9matiques (nous sommes en 1983, les filles sont \u00e0 S\u00e8vres, les gar\u00e7ons rue d&rsquo;Ulm, il faudra attendre encore trois ans avant l&rsquo;ouverture des ENS \u00e0 la mixit\u00e9 !). \u00ab\u00a0<em>Pendant ces ann\u00e9es, je d\u00e9marre naturellement une th\u00e8se ce qui finit tr\u00e8s vite de me convaincre que ce n&rsquo;est d\u00e9cid\u00e9ment pas ma voie. Mes convictions d&rsquo;adolescente s&rsquo;imposent, ce sera le service public. J&rsquo;explore les diff\u00e9rents corps d&rsquo;Etat et choisis celui de l&rsquo;Insee : les statistiques et l&rsquo;\u00e9conomie me paraissent les fondations naturelles pour travailler sur les politiques publiques et mes ann\u00e9es d&rsquo;\u00e9tudes \u00e0 l&rsquo;ENSAE me font entrer de plain-pied dans ces mati\u00e8res que je d\u00e9couvre, notamment l&rsquo;\u00e9conomie, et qui s&rsquo;articulent parfaitement avec mes aspirations<\/em>.\u00a0\u00bb<\/p>\n<h3><strong>Savoir-\u00eatre et savoir-faire<\/strong><\/h3>\n<p>Administratrice de l&rsquo;Insee, Catherine Gaudy y est nomm\u00e9e responsable de la section industrie agro-alimentaire. Avec l&rsquo;impatience associ\u00e9e \u00e0 son premier poste, la jeune dipl\u00f4m\u00e9e s&rsquo;appr\u00eate \u00e0 mettre \u00e0 l&rsquo;\u00e9preuve du terrain ses comp\u00e9tences th\u00e9oriques. \u00ab\u00a0<em>Et je rencontre mon premier patron, Bruno Tr\u00e9gou\u00ebt\u2026 qui m&rsquo;apprend tout et fait de moi la professionnelle que je suis devenue. Autant que le savoir-faire technique, il m\u2019apprend aussi le savoir-\u00eatre en situation professionnelle, ou comment me positionner dans mon environnement, comment juger de la pertinence relative de mes raisonnements ou de mes id\u00e9es, il m&rsquo;initie au travail en \u00e9quipe, au partage, il me fait d\u00e9couvrir l&rsquo;importance des relations humaines et de l&#8217;empathie dans l&rsquo;univers professionnel<\/em>. <em>Toutes ces comp\u00e9tences dont je d\u00e9couvre le r\u00f4le essentiel apr\u00e8s des ann\u00e9es d&rsquo;apprentissages acad\u00e9miques, utiles \u00e9videmment mais tellement insuffisants<\/em>.\u00a0\u00bb<\/p>\n<p>Trois ans plus tard, mobilit\u00e9 oblige, c&rsquo;est au minist\u00e8re de l&rsquo;Economie et des finances, que Catherine Gaudy devient adjointe au chef du bureau du budget, de l&#8217;emploi et de la formation professionnelle, puis deux ans plus tard celui de l&rsquo;industrie. \u00a0\u00bb <em>Ces deux postes furent tr\u00e8s formateurs pour moi. J&rsquo;appris l&rsquo;art subtil de la r\u00e9daction des notes destin\u00e9es aux ministres, la sp\u00e9cificit\u00e9 des sujets interminist\u00e9riels dont les objectifs pouvaient parfois sembler difficilement conciliables, mais aussi le pilotage tout en n\u00e9cessaires nuances des structures de gouvernance. Des acquis qui enrichissent tr\u00e8s significativement mes comp\u00e9tences techniques\u00a0\u00bb.<\/em><\/p>\n<p>En 1997, Catherine Gaudy a presque 35 ans, sept ann\u00e9es d&rsquo;exp\u00e9riences professionnelles tr\u00e8s formatrices derri\u00e8re elle, la deuxi\u00e8me de ses trois filles s&rsquo;appr\u00eate \u00e0 na\u00eetre. C&rsquo;est pour elle un moment pertinent pour initier une nouvelle \u00e9tape professionnelle. \u00ab\u00a0<em>Je ressens le besoin d&rsquo;infl\u00e9chir mon parcours vers une plus grande op\u00e9rationnalit\u00e9 apr\u00e8s ces ann\u00e9es pass\u00e9es \u00e0 la direction du budget dans un contexte tr\u00e8s panoramique sur les sujets.<\/em>\u00a0\u00bb Elle choisit le minist\u00e8re de l&rsquo;Enseignement sup\u00e9rieur et de la recherche dont elle devient sous-directrice du budget. Une premi\u00e8re immersion op\u00e9rationnelle dans l&rsquo;univers qu&rsquo;elle rejoint aujourd&rsquo;hui en devenant directrice g\u00e9n\u00e9rale du Genes.<\/p>\n<h3><strong>Des finances aux ressources humaines, un parcours au sein du minist\u00e8re de l&rsquo;Education nationale et de la Recherche<\/strong><\/h3>\n<p>C&rsquo;est ensuite au minist\u00e8re de l&rsquo;Education nationale et de la Recherche que Catherine Gaudy va, entre autres, participer \u00e0 la mise en \u0153uvre de la loi organique relative aux lois de finance, piloter la paye et l&rsquo;ex\u00e9cution salariale de ce minist\u00e8re premier budget de l&rsquo;Etat, d\u00e9ployer le logiciel Chorus \u2026 : elle y sera pendant sept ans sous-directrice de l&rsquo;expertise statutaire, de la masse salariale et des r\u00e9mun\u00e9rations de la plus grosse sous-direction de la direction des affaires financi\u00e8res (en charge de la paye de plus d&rsquo;un million de personnes) puis deviendra adjointe du directeur des affaires financi\u00e8res du minist\u00e8re. \u00ab\u00a0<em>Cette taille imposante rend la mise en \u0153uvre des d\u00e9cisions de politiques publiques tr\u00e8s sensible \u00e0 une gestion maitris\u00e9e de la conduite du changement : les d\u00e9ploiements se font toujours progressivement, une ou deux acad\u00e9mies testent les \u00e9volutions, puis l&rsquo;impl\u00e9mentation au niveau national devient possible<\/em>. <em>Cette pratique de la conduite du changement s&rsquo;articule autour de l&rsquo;attention au n\u00e9cessaire dialogue social, de l&rsquo;exigence de process techniques efficaces, enfin de l&rsquo;accompagnement humain qui rend les choses possibles<\/em>\u00ab\u00a0.<\/p>\n<p>Nous sommes en 2010, le plan \u00ab\u00a0Investissements d&rsquo;avenir\u00a0\u00bb (initiatives d&rsquo;excellence, laboratoires d&rsquo;excellence\u2026) est lanc\u00e9. Catherine Gaudy rejoint alors le minist\u00e8re de l&rsquo;Enseignement sup\u00e9rieur et de la Recherche comme adjointe au directeur de la recherche et de l&rsquo;innovation et pilote les premi\u00e8res actions de ce plan en lien avec le commissariat g\u00e9n\u00e9ral aux investissements. \u00ab\u00a0<em>Deux ann\u00e9es passionnantes.\u00a0\u00bb<\/em><\/p>\n<p>\u00ab\u00a0<em>En 2012, virage professionnel, je suis nomm\u00e9e Directrice g\u00e9n\u00e9rale des ressources humaines du minist\u00e8re de l&rsquo;Education nationale et de la Recherche. Je prends en charge la politique de gestion humaine d&rsquo;un minist\u00e8re aussi riche que lourd de 1 250 000 personnes, avec tout ce que cela veut dire de strat\u00e9gique mais aussi de faible agilit\u00e9. Mener des r\u00e9formes dans ce contexte, cela signifie d\u00e9rouler une d\u00e9marche en trois \u00e9tapes successives consacr\u00e9es \u00e0 l&rsquo;indispensable dialogue social, la coordination de l&rsquo;\u00e9criture des textes r\u00e9glementaires, enfin l&rsquo;impl\u00e9mentation des outils n\u00e9cessaires au d\u00e9ploiement<\/em>.\u00a0\u00bb<\/p>\n<p>Simultan\u00e9ment \u00e0 ces ann\u00e9es pass\u00e9es dans les diff\u00e9rents minist\u00e8res, Catherine Gaudy est membre du Haut Conseil \u00e0 l&rsquo;Egalit\u00e9. Elle participe aux diff\u00e9rents dossiers trait\u00e9s par le Haut-Conseil et mesure souvent, \u00e0 travers son exp\u00e9rience au sein du minist\u00e8re de l&rsquo;Education nationale combien certains sujets sont difficiles \u00e0 faire \u00e9voluer. \u00ab\u00a0<em>Travailler sur les st\u00e9r\u00e9otypes n\u00e9cessite de remonter \u00e0 la source, dans les familles, dans les classes, aux origines de la formation des rep\u00e8res de chacune et chacun. C&rsquo;est un travail qui implique chaque citoyen.ne et d\u00e9passe la seule politique publique\u00a0\u00bb.<\/em><\/p>\n<h3><strong>Directrice g\u00e9n\u00e9rale du Genes : des challenges et des engagements <\/strong><\/h3>\n<p>Apr\u00e8s quelques mois pass\u00e9s \u00e0 l&rsquo;Inspection g\u00e9n\u00e9rale de l&rsquo;Insee, Catherine Gaudy est nomm\u00e9e en avril 2019 directrice g\u00e9n\u00e9rale du Genes, pour un mandat de 5 ans renouvelable. \u00ab\u00a0<em>J&rsquo;aime les responsabilit\u00e9s op\u00e9rationnelles, l&rsquo;action. Je d\u00e9couvre un tr\u00e8s bel \u00e9tablissement dans chacune de ses composantes, un \u00e9tablissement reconnu pour l\u2019excellence de son positionnement, et dont les personnels sont dynamiques et investis.<\/em>\u00a0\u00bb<\/p>\n<p>Catherine Gaudy arrive au Genes \u00e0 un moment strat\u00e9gique de l\u2019\u00e9volution de l&rsquo;enseignement sup\u00e9rieur : \u00ab\u00a0<em>C&rsquo;est pour l&rsquo;ENSAE la construction de l\u2019Institut Polytechnique de Paris avec ce que cela signifie de travail de positionnements respectifs des diff\u00e9rentes \u00e9coles membres de l&rsquo;Institut (\u00c9cole polytechnique, l\u2019ENSTA Paris, l\u2019ENSAE Paris, T\u00e9l\u00e9com Paris et T\u00e9l\u00e9com SudParis) ; pour l&rsquo;ENSAI c&rsquo;est la coop\u00e9ration dans le cadre d\u2019UNIR, qui regroupe les acteurs majeurs du site de Rennes. Je souhaite que le GENES puisse en saisir les opportunit\u00e9s et les compl\u00e9mentarit\u00e9s.<\/em>\u00a0\u00bb<\/p>\n<p>Tout au long de son parcours, et encore aujourd&rsquo;hui au Genes, Catherine Gaudy a d\u00e9roul\u00e9 ses choix pour exercer des responsabilit\u00e9s op\u00e9rationnelles, pouvoir se sentir utile \u00e0 la soci\u00e9t\u00e9 par l&rsquo;interm\u00e9diaire des politiques publiques auxquelles elle travaille. Elle ajoute en le soulignant \u00ab\u00a0<em>mon quotidien est aussi fait d&rsquo;un travail avec les \u00e9quipes, de partages. Insuffler sens et \u00e9nergie pour faciliter le bon d\u00e9roulement d&rsquo;une t\u00e2che fait partie de mon r\u00f4le de manager. C&rsquo;est tr\u00e8s important pour moi. Plus globalement, je compte porter un regard vigilant sur la pr\u00e9servation de la qualit\u00e9 des formations et de la recherche, et j\u2019aurai \u00e9galement \u00e0 c\u0153ur d\u2019approfondir les dimensions li\u00e9es \u00e0 la responsabilit\u00e9 sociale de l\u2019\u00e9tablissement, telles que la lutte contre les discriminations, l\u2019empreinte \u00e9cologique. En terme de m\u00e9thode, je m\u2019appuierai bien s\u00fbr sur la r\u00e9flexion interne, mais aussi sur la richesse de son \u00e9cosyst\u00e8me, notamment le r\u00e9seau des anciens \u00e9l\u00e8ves<\/em>.\u00a0\u00bb<\/p>\n","protected":false},"excerpt":{"rendered":"<p>Catherine Gaudy est depuis le 1er avril 2019, Directrice g\u00e9n\u00e9rale du Genes, Etablissement regroupant l\u2019ENSAE, l\u2019ENSAI, le CREST, l\u2019ENSAE-ENSAI Formation Continue (Cepe, Centre de formation continue), le GIP CASD et DATASTORM. Une nomination naturelle pour cette administratrice de l&rsquo;Insee \u00e0 la suite d&rsquo;un parcours, d\u00e9roul\u00e9 dans la haute fonction publique, et qu&rsquo;elle retrace pour variances. [&hellip;]<\/p>\n","protected":false},"author":56,"featured_media":4356,"comment_status":"open","ping_status":"open","sticky":false,"template":"","format":"standard","meta":{"_et_pb_use_builder":"","_et_pb_old_content":"","_et_gb_content_width":"","_exactmetrics_skip_tracking":false,"_exactmetrics_sitenote_active":false,"_exactmetrics_sitenote_note":"","_exactmetrics_sitenote_category":0,"footnotes":""},"categories":[12,26],"tags":[],"class_list":["post-4353","post","type-post","status-publish","format-standard","has-post-thumbnail","hentry","category-alumni","category-portraits","et-has-post-format-content","et_post_format-et-post-format-standard"],"_links":{"self":[{"href":"https:\/\/variances.eu\/index.php?rest_route=\/wp\/v2\/posts\/4353","targetHints":{"allow":["GET"]}}],"collection":[{"href":"https:\/\/variances.eu\/index.php?rest_route=\/wp\/v2\/posts"}],"about":[{"href":"https:\/\/variances.eu\/index.php?rest_route=\/wp\/v2\/types\/post"}],"author":[{"embeddable":true,"href":"https:\/\/variances.eu\/index.php?rest_route=\/wp\/v2\/users\/56"}],"replies":[{"embeddable":true,"href":"https:\/\/variances.eu\/index.php?rest_route=%2Fwp%2Fv2%2Fcomments&post=4353"}],"version-history":[{"count":0,"href":"https:\/\/variances.eu\/index.php?rest_route=\/wp\/v2\/posts\/4353\/revisions"}],"wp:featuredmedia":[{"embeddable":true,"href":"https:\/\/variances.eu\/index.php?rest_route=\/wp\/v2\/media\/4356"}],"wp:attachment":[{"href":"https:\/\/variances.eu\/index.php?rest_route=%2Fwp%2Fv2%2Fmedia&parent=4353"}],"wp:term":[{"taxonomy":"category","embeddable":true,"href":"https:\/\/variances.eu\/index.php?rest_route=%2Fwp%2Fv2%2Fcategories&post=4353"},{"taxonomy":"post_tag","embeddable":true,"href":"https:\/\/variances.eu\/index.php?rest_route=%2Fwp%2Fv2%2Ftags&post=4353"}],"curies":[{"name":"wp","href":"https:\/\/api.w.org\/{rel}","templated":true}]}}