{"id":4327,"date":"2019-07-24T07:55:46","date_gmt":"2019-07-24T05:55:46","guid":{"rendered":"http:\/\/variances.eu\/?p=4327"},"modified":"2020-05-13T15:14:26","modified_gmt":"2020-05-13T13:14:26","slug":"jeunisme-et-sexisme-a-lecran-ce-que-disent-les-donnees-imdb","status":"publish","type":"post","link":"https:\/\/variances.eu\/?p=4327","title":{"rendered":"Jeunisme et sexisme \u00e0 l\u2019\u00e9cran : ce que disent les donn\u00e9es IMDB"},"content":{"rendered":"<p><strong>Pour une Paulina Garcia ou une Julianne Moore \u2013 les excellentes \u00ab\u00a0<\/strong><strong>Gloria<\/strong><strong>\u00a0\u00bb des deux films \u00e9ponymes successifs de Sebasti\u00e1<\/strong><strong>n Lelio &#8211; combien d<\/strong><strong>\u2019actrices disparaissent de l\u2019\u00e9<\/strong><strong>cran <\/strong><strong>pass<\/strong><strong>\u00e9s 55 ans, ou m\u00ea<\/strong><strong>me 40 ? <\/strong><\/p>\n<p>Les D\u00e9codeurs du Monde <a href=\"https:\/\/www.lemonde.fr\/les-decodeurs\/article\/2018\/05\/19\/l-apogee-de-la-carriere-d-une-actrice-francaise-dure-en-moyenne-huit-ans-contre-vingt-huit-pour-les-acteurs_5301525_4355770.html\">se sont pench\u00e9s l\u2019ann\u00e9e derni\u00e8re<\/a> sur la carri\u00e8re des actrices en France, en s\u2019appuyant sur Wikip\u00e9dia et la base IMDB. Ils ont constat\u00e9 que les carri\u00e8res des femmes \u00e9taient beaucoup plus courtes que celles des hommes, et rapport\u00e9 que la proportion de r\u00f4les f\u00e9minins \u00e9tait plus faible dans les tranches d\u2019\u00e2ge sup\u00e9rieures. Mais cette situation est-elle la m\u00eame dans tous les pays\u00a0? Evolue-t-elle dans le temps\u00a0? Ce sont les questions auxquelles nous essayons de r\u00e9pondre ici<a href=\"#_ftn1\" name=\"_ftnref1\"><sup>[1]<\/sup><\/a> avec les donn\u00e9es de l\u2019<a href=\"https:\/\/www.imdb.com\/interfaces\/\">Internet Movie DataBase\u00a0<\/a> (IMDB).<\/p>\n<blockquote><p>Les donn\u00e9es : l\u2019IMDB est<a href=\"#_ftn2\" name=\"_ftnref2\"><sup>[2]<\/sup><\/a> la plus grande base de donn\u00e9es collaborative du monde, qui donne des informations sur plus de 5 millions d\u2019\u0153uvres et plus de\u00a0 9 millions de personnes dans le monde entier. La base recense aussi bien des s\u00e9ries TV que des films, de fiction ou documentaires, courts ou longs m\u00e9trages ; des fonctions d\u2019acteur, de r\u00e9alisateur, de sc\u00e9nariste.. ; et les personnes tenant ces diff\u00e9rentes fonctions. Nous nous sommes attach\u00e9s ici aux oeuvres de cin\u00e9ma de fiction long m\u00e9trage (hors animation et film X) et aux fonctions d\u2019actrices et d\u2019acteurs dans ces films. La base est tr\u00e8s fournie dans les p\u00e9riodes r\u00e9centes, avec une quantit\u00e9 d\u00e9croissante en remontant le temps jusqu\u2019au d\u00e9but du 20\u00e8me si\u00e8cle. Nous nous sommes attach\u00e9s ici principalement aux 30 derni\u00e8res ann\u00e9es.<\/p><\/blockquote>\n<ul>\n<li>Pyramide des \u00e2ges<\/li>\n<\/ul>\n<p>Voici, \u00e0 gauche, la distribution des \u00e2ges des actrices et acteurs visibles au cin\u00e9ma dans les films de fiction tourn\u00e9s depuis 1990\u00a0 (du moins ceux recens\u00e9s dans la base IMDB), en format \u00ab\u00a0pyramide des \u00e2ges\u00a0\u00bb.<\/p>\n<p>Pour donner un \u00e9l\u00e9ment de comparaison, on a fait figurer \u00e0 droite la pyramide des \u00e2ges actuelle aux USA (le pays le plus repr\u00e9sent\u00e9 dans la base IMDB).<\/p>\n<p><img loading=\"lazy\" decoding=\"async\" class=\"aligncenter wp-image-4328\" src=\"http:\/\/variances.eu\/wp-content\/uploads\/2019\/07\/Image1.png\" alt=\"\" width=\"850\" height=\"580\" srcset=\"https:\/\/variances.eu\/wp-content\/uploads\/2019\/07\/Image1.png 927w, https:\/\/variances.eu\/wp-content\/uploads\/2019\/07\/Image1-300x205.png 300w, https:\/\/variances.eu\/wp-content\/uploads\/2019\/07\/Image1-600x410.png 600w\" sizes=\"(max-width: 850px) 100vw, 850px\" \/><\/p>\n<p><em>Lecture\u00a0: \u00e0 gauche, on a indiqu\u00e9 la quantit\u00e9 de r\u00f4les dans tous les longs m\u00e9trages de cin\u00e9ma de fiction de la base depuis 1990 pour un \u00e2ge donn\u00e9, en vert pour les hommes, en bleu pour les femmes. L\u2019\u00e2ge retenu est celui de l\u2019actrice ou acteur au moment de la sortie du film. Ainsi l\u2019\u00e2ge le plus repr\u00e9sent\u00e9 (mode) parmi les actrices est 29 ans, et 36 ans pour les acteurs.\u00a0\u00a0\u00a0\u00a0 <\/em><\/p>\n<p>On remarque :<\/p>\n<ul>\n<li>La dissym\u00e9trie au cin\u00e9ma entre hommes et femmes (dessin de gauche) : les hommes sont plus nombreux, les femmes souvent jeunes, alors que dans la \u00ab\u00a0vraie\u00a0vie \u00bb (par exemple ici la pyramide des \u00e2ges de la population am\u00e9ricaine en 2017 \u00e0 droite) les populations d\u2019hommes et de femmes sont \u00e9quilibr\u00e9es dans chaque classe d\u2019\u00e2ge (sauf chez les personnes tr\u00e8s \u00e2g\u00e9es).<\/li>\n<li>L\u2019absence d\u2019enfants et de personnes \u00e2g\u00e9es : d\u2019une certaine fa\u00e7on c\u2019est attendu. Acteur, c\u2019est un m\u00e9tier, pas \u00e9tonnant qu\u2019il soit plut\u00f4t exerc\u00e9 par des adultes en \u00e2ge de travailler. Mais au cin\u00e9ma la retraite semble arriver bien t\u00f4t pour les femmes\u00a0!<\/li>\n<\/ul>\n<h3><strong>En France aussi\u00a0<\/strong><strong>?<\/strong><\/h3>\n<p>Mais notre \u00e9chantillon de films est h\u00e9t\u00e9rog\u00e8ne\u00a0: mondial, et s\u2019\u00e9tendant sur 100 ans. En se limitant \u00e0 un univers plus homog\u00e8ne et plus proche, les films fran\u00e7ais tourn\u00e9s depuis 1990, peut-\u00eatre le jeunisme et le sexisme s\u2019estompent-ils\u00a0?<\/p>\n<p><img loading=\"lazy\" decoding=\"async\" class=\"aligncenter wp-image-4329\" src=\"http:\/\/variances.eu\/wp-content\/uploads\/2019\/07\/Image2.png\" alt=\"\" width=\"850\" height=\"515\" srcset=\"https:\/\/variances.eu\/wp-content\/uploads\/2019\/07\/Image2.png 931w, https:\/\/variances.eu\/wp-content\/uploads\/2019\/07\/Image2-300x182.png 300w, https:\/\/variances.eu\/wp-content\/uploads\/2019\/07\/Image2-600x363.png 600w\" sizes=\"(max-width: 850px) 100vw, 850px\" \/><\/p>\n<p>Manifestement, en France aussi, dans la p\u00e9riode r\u00e9cente, comme l\u2019indiquait les D\u00e9codeurs, le biais de repr\u00e9sentation des genres est pr\u00e9sent<a href=\"#_ftn3\" name=\"_ftnref3\"><sup>[3]<\/sup><\/a>. Les r\u00f4les masculins sont typiquement interpr\u00e9t\u00e9s\u00a0 par des hommes de 40 ans environ et les r\u00f4les f\u00e9minins par des femmes d\u2019\u00e0 peine 30. Les r\u00f4les d\u2019hommes sont plus nombreux que les r\u00f4les de femmes, sp\u00e9cialement apr\u00e8s la trentaine. L\u2019invisibilit\u00e9 au cin\u00e9ma des femmes de plus de 50 ans, d\u00e9nonc\u00e9e par les actrices, est bien r\u00e9elle.<\/p>\n<h3><strong>Un emploi comme un autre\u00a0<\/strong><strong>? <\/strong><\/h3>\n<p>Mais il est vrai qu&rsquo;actrice ou acteur, c&rsquo;est aussi un m\u00e9tier. Peut-\u00eatre les disparit\u00e9s d\u2019\u00e2ge \u00e0 l\u2019\u00e9cran sont-elles le reflet d\u2019un ph\u00e9nom\u00e8ne pr\u00e9sent dans toute la population active ?<\/p>\n<p>Pour le v\u00e9rifier, nous avons compar\u00e9 cette fois la r\u00e9partition par classe d\u2019\u00e2ges des r\u00f4les de cin\u00e9ma de la base, cette fois depuis 2000, en France, avec celle de la population active fran\u00e7aise (source Insee).<\/p>\n<p>Les chiffres sont les suivants\u00a0(hors moins de 15 ans) :<\/p>\n<p><img loading=\"lazy\" decoding=\"async\" class=\"aligncenter wp-image-4330\" src=\"http:\/\/variances.eu\/wp-content\/uploads\/2019\/07\/image3.png\" alt=\"\" width=\"600\" height=\"198\" srcset=\"https:\/\/variances.eu\/wp-content\/uploads\/2019\/07\/image3.png 765w, https:\/\/variances.eu\/wp-content\/uploads\/2019\/07\/image3-300x99.png 300w, https:\/\/variances.eu\/wp-content\/uploads\/2019\/07\/image3-600x198.png 600w\" sizes=\"(max-width: 600px) 100vw, 600px\" \/><\/p>\n<p><em>Lecture\u00a0: 20% de la population active a moins de 30 ans, tandis que 19% des r\u00f4les dans les films de fiction fran\u00e7ais r\u00e9f\u00e9renc\u00e9s depuis 2000 ont \u00e9t\u00e9 attribu\u00e9s \u00e0 des acteurs de moins de 30 ans \u00e0 la sortie du film.\u00a0 <\/em><\/p>\n<p>En sommant par genre, on observe que la r\u00e9partition des r\u00f4les par classes d\u2019\u00e2ges des acteurs est assez comparable \u00e0 celle d\u2019autres activit\u00e9s professionnelles. M\u00eame si les 50\/59 ans sont moins repr\u00e9sent\u00e9s que dans la population active en g\u00e9n\u00e9ral (15% contre 24%), le \u00ab\u00a0jeunisme\u00a0\u00bb du cin\u00e9ma appara\u00eet tout relatif, puisque 14% des r\u00f4les adultes sont interpr\u00e9t\u00e9s par des acteurs de plus 60 ans, tandis que les seniors ne repr\u00e9sentent que 6% de la population active dans la soci\u00e9t\u00e9. La forte pr\u00e9sence d\u2019acteurs \u00e2g\u00e9s tient au fait\u2026 qu\u2019ils jouent des personnages \u00e2g\u00e9s. Quoiqu\u2019il en soit, au total, les plus de 50 ans sont proportionnellement aussi nombreux \u00e0 l\u2019\u00e9cran que dans la population active.<\/p>\n<p>La similarit\u00e9 avec la population active s\u2019\u00e9vanouit cependant lorsqu\u2019on examine les chiffres par genre. Le \u00ab\u00a0sous-emploi\u00a0\u00bb des 50-59 ans concernent essentiellement les femmes (4% des r\u00f4les pour les 50-59 ans). Le ph\u00e9nom\u00e8ne les concerne d\u00e8s la quarantaine\u00a0(seulement 8% des r\u00f4les pour cette cat\u00e9gorie).<\/p>\n<p><img loading=\"lazy\" decoding=\"async\" class=\"aligncenter wp-image-4331\" src=\"http:\/\/variances.eu\/wp-content\/uploads\/2019\/07\/Image4.png\" alt=\"\" width=\"900\" height=\"270\" srcset=\"https:\/\/variances.eu\/wp-content\/uploads\/2019\/07\/Image4.png 934w, https:\/\/variances.eu\/wp-content\/uploads\/2019\/07\/Image4-300x90.png 300w, https:\/\/variances.eu\/wp-content\/uploads\/2019\/07\/Image4-600x180.png 600w\" sizes=\"(max-width: 900px) 100vw, 900px\" \/><\/p>\n<p><em>Lecture : 10% des r\u00f4les au cin\u00e9ma, depuis 2000, en France, sont tenus par des hommes de plus de 60 ans.\u00a0 <\/em><em>Dans la vie professionnelle \u00ab\u00a0<\/em><em>normale<\/em><em>\u00a0\u00bb<\/em><em>, <\/em><em>un quart<\/em><em> des actifs sont des femmes de 40 \u00e0 <\/em><em>60 ans. <\/em><em>Les actrices de cette cat\u00e9gorie d&rsquo;\u00e2ge n&rsquo;occupent en revanche que 12% des r\u00f4les dans les films fran\u00e7ais sortis depuis l<\/em><em>e d<\/em><em>\u00e9but du XXIe <\/em><em>si<\/em><em>\u00e8cle<\/em>.<\/p>\n<p>Qui leur vole la vedette ? Autrement dit, qui est sur-repr\u00e9sent\u00e9 par rapport \u00e0 la population active ? Sans surprise, des hommes de 30 \u00e0 50 ans, mais aussi de plus de 60 ans vieux m\u00e2les : les seniors trustent 10% des r\u00f4les masculins, une cat\u00e9gorie marginale dans la vie active \u00ab\u00a0normale\u00a0\u00bb.<\/p>\n<h3><strong>C<\/strong><strong>\u2019est confirm\u00e9\u00a0: il existe bel et bien un \u00ab\u00a0jeunisme\u00a0\u00bb propre au cin\u00e9ma, mais qui s&rsquo;exerce tout sp\u00e9cialement \u00e0 l&rsquo;encontre des femmes<\/strong><\/h3>\n<p>Au vu des chiffres, on peut pr\u00e9sumer que les causes du ph\u00e9nom\u00e8ne sont pour une part un certain app\u00e9tit pour la chair fra\u00eeche f\u00e9minine (qui pourrait d&rsquo;ailleurs \u00eatre plut\u00f4t le fait des r\u00e9alisateurs que du public<a href=\"#_ftn4\" name=\"_ftnref4\"><sup>[4]<\/sup><\/a>), mais une attribution importante de r\u00f4les \u00ab\u00a0m\u00fbrs\u00a0\u00bb \u00e0 des hommes qui serait retrait\u00e9s dans une autre profession.<\/p>\n<p>Pour lutter contre ce ph\u00e9nom\u00e8ne, la \u00ab Commission du Tunnel de l\u2019actrice de 50 ans \u00bb des Actrices et Acteurs de France Associ\u00e9s (AAFA) pr\u00e9conise de ne pas genrer \u00e0 l\u2019avance dans les sc\u00e9narios les r\u00f4les qui ne l\u2019exigent pas, en particulier les r\u00f4les d\u2019autorit\u00e9 de personnages m\u00fbrs. Les chiffres confirment la pertinence de cette proposition.<\/p>\n<p>Certains t\u00e9moignages d\u2019actrices sugg\u00e8rent que les difficult\u00e9s \u00e0 trouver un r\u00f4le seraient particuli\u00e8rement importantes pour les actrices dans la cinquantaine, mais seraient moindres ensuite. Les chiffres semblent au premier abord contredire ces affirmations puisqu\u2019on voit que 3% seulement des r\u00f4les concernent des actrices de plus de 60 ans tandis que 4% concernent des actrices de 50 \u00e0 60 ans. La contradiction n\u2019est qu\u2019apparente\u00a0: l\u2019offre de r\u00f4les est effectivement un peu plus faible pour la tranche des plus de 60 ans, mais on peut supposer, par analogie avec le reste de la population active (o\u00f9 la baisse d\u2019emploi est tr\u00e8s forte apr\u00e8s 60 ans), que la demande des actrices est probablement nettement plus faible aussi \u00e0 cet \u00e2ge, d\u2019o\u00f9 une moins grande difficult\u00e9 \u00e0 trouver un r\u00f4le pour celles qui le souhaitent. Pour la plupart, au bout du fameux \u00ab\u00a0tunnel de l\u2019actrice de 50 ans\u00a0\u00bb se trouve\u2026 la retraite.<\/p>\n<h3><strong>Un ph\u00e9<\/strong><strong>nom<\/strong><strong>\u00e8<\/strong><strong>ne universel<\/strong><strong>\u00a0<\/strong><strong>? <\/strong><strong>\u00a0<\/strong><\/h3>\n<p>Nous nous doutons que la sous-repr\u00e9sentation des femmes moins jeunes \u00e0 l\u2019\u00e9cran n&rsquo;est pas un ph\u00e9nom\u00e8ne seulement fran\u00e7ais. Livrons-nous \u00e0 quelques comparaisons internationales, sur les pays les plus repr\u00e9sent\u00e9s dans la base IMDB qui sont, dans l&rsquo;ordre d\u00e9croissant, les Etats-Unis (de loin le premier), l&rsquo;Inde, la Grande-Bretagne, la France, le Br\u00e9sil et le Japon. Examinons les \u00ab\u00a0pyramides des \u00e2ges\u00a0\u00bb des r\u00f4les dans les diff\u00e9rents pays<a href=\"#_ftn5\" name=\"_ftnref5\">[5]<\/a>.<\/p>\n<p><img loading=\"lazy\" decoding=\"async\" class=\"aligncenter size-full wp-image-4332\" src=\"http:\/\/variances.eu\/wp-content\/uploads\/2019\/07\/Image5.png\" alt=\"\" width=\"835\" height=\"470\" srcset=\"https:\/\/variances.eu\/wp-content\/uploads\/2019\/07\/Image5.png 835w, https:\/\/variances.eu\/wp-content\/uploads\/2019\/07\/Image5-300x169.png 300w, https:\/\/variances.eu\/wp-content\/uploads\/2019\/07\/Image5-600x338.png 600w\" sizes=\"(max-width: 835px) 100vw, 835px\" \/><\/p>\n<p><img loading=\"lazy\" decoding=\"async\" class=\"aligncenter wp-image-4333\" src=\"http:\/\/variances.eu\/wp-content\/uploads\/2019\/07\/Image6.png\" alt=\"\" width=\"835\" height=\"467\" srcset=\"https:\/\/variances.eu\/wp-content\/uploads\/2019\/07\/Image6.png 872w, https:\/\/variances.eu\/wp-content\/uploads\/2019\/07\/Image6-300x168.png 300w, https:\/\/variances.eu\/wp-content\/uploads\/2019\/07\/Image6-600x336.png 600w\" sizes=\"(max-width: 835px) 100vw, 835px\" \/><\/p>\n<p style=\"text-align: center;\">Donn\u00e9es imdb, calculs hauteur, lissage sur classes d\u2019ages de 5 ans, fen\u00eatre triangulaire<\/p>\n<p>A l\u2019\u00e9vidence les faits stylis\u00e9s rep\u00e9r\u00e9s\u00a0(plus de r\u00f4les masculins, faiblesse de la repr\u00e9sentation des femmes de plus de 40 ans) sont pr\u00e9sents partout, mais avec des intensit\u00e9s variables, qui t\u00e9moignent de diff\u00e9rences marqu\u00e9es entre pays\u00a0: dissym\u00e9trie par sexe tr\u00e8s marqu\u00e9e dans les cin\u00e9mas indien et japonais, moins au Br\u00e9sil ; \u00e2ge m\u00e9dian des hommes nettement plus \u00e9lev\u00e9 en Inde qu\u2018ailleurs, plus faible \u00ab\u00a0\u00e9rosion\u00a0\u00bb des femmes avec l\u2019\u00e2ge dans le cin\u00e9ma br\u00e9silien.<\/p>\n<p>Ces diff\u00e9rences marqu\u00e9es traduisent probablement, dans des proportions difficiles \u00e0 d\u00e9terminer, \u00e0 la fois des syst\u00e8mes de production de films diff\u00e9rents entre Hollywood, Paris, Bollywood, etc. et des go\u00fbts de public diff\u00e9rents.<\/p>\n<h3><strong>Et dans le pass\u00e9\u00a0? <\/strong><\/h3>\n<p>Comparons les pyramides des \u00e2ges des r\u00f4les aux Etats-Unis (pays le plus fourni de la base) sur les 3 derni\u00e8res p\u00e9riodes de 20 ans\u00a0:<\/p>\n<p><strong> <img loading=\"lazy\" decoding=\"async\" class=\"aligncenter size-full wp-image-4334\" src=\"http:\/\/variances.eu\/wp-content\/uploads\/2019\/07\/Image7.png\" alt=\"\" width=\"936\" height=\"353\" srcset=\"https:\/\/variances.eu\/wp-content\/uploads\/2019\/07\/Image7.png 936w, https:\/\/variances.eu\/wp-content\/uploads\/2019\/07\/Image7-300x113.png 300w, https:\/\/variances.eu\/wp-content\/uploads\/2019\/07\/Image7-600x226.png 600w\" sizes=\"(max-width: 936px) 100vw, 936px\" \/><\/strong><\/p>\n<p>Les r\u00f4les masculins semblent avoir un peu rajeuni (la distribution des r\u00f4les masculins se d\u00e9place vers le bas avec le temps. Les diff\u00e9rences dans le temps semblent ici plut\u00f4t moins significatives que celles observ\u00e9es entre pays de production.<\/p>\n<ul>\n<li><strong><em>A new hope\u00a0<\/em><\/strong><strong><em>?<\/em><\/strong> Examinons finalement les tendances sur la r\u00e9partition des r\u00f4les entre hommes et femmes par cat\u00e9gorie d\u2019\u00e2ges (plus ou moins de 50 ans)\u00a0:<\/li>\n<li>Dans le monde (du moins dans la base IMDB, o\u00f9 le cin\u00e9ma am\u00e9ricain pr\u00e9domine):<\/li>\n<\/ul>\n<p style=\"text-align: center;\"><img loading=\"lazy\" decoding=\"async\" class=\"aligncenter size-full wp-image-4335\" src=\"http:\/\/variances.eu\/wp-content\/uploads\/2019\/07\/i8.png\" alt=\"\" width=\"716\" height=\"355\" srcset=\"https:\/\/variances.eu\/wp-content\/uploads\/2019\/07\/i8.png 716w, https:\/\/variances.eu\/wp-content\/uploads\/2019\/07\/i8-300x149.png 300w, https:\/\/variances.eu\/wp-content\/uploads\/2019\/07\/i8-600x297.png 600w\" sizes=\"(max-width: 716px) 100vw, 716px\" \/>Donn\u00e9es imdb, calculs auteur (moyennes mobiles sur 5 ans, fen\u00eatre triangulaire)<\/p>\n<p>On observe une nette hausse de la proportion d\u2019hommes moins jeunes dans les ann\u00e9es 70 et 80, au d\u00e9triment des plus jeunes, et un ph\u00e9nom\u00e8ne r\u00e9cent de diminution de la part des hommes jeunes au profit des plus \u00e2g\u00e9s, principalement hommes, mais aussi femmes.<\/p>\n<ul>\n<li>En France<a href=\"#_ftn6\" name=\"_ftnref6\">[6]<\/a>:<\/li>\n<\/ul>\n<p style=\"text-align: center;\"><img loading=\"lazy\" decoding=\"async\" class=\"aligncenter size-full wp-image-4336\" src=\"http:\/\/variances.eu\/wp-content\/uploads\/2019\/07\/i9.png\" alt=\"\" width=\"716\" height=\"355\" srcset=\"https:\/\/variances.eu\/wp-content\/uploads\/2019\/07\/i9.png 716w, https:\/\/variances.eu\/wp-content\/uploads\/2019\/07\/i9-300x149.png 300w, https:\/\/variances.eu\/wp-content\/uploads\/2019\/07\/i9-600x297.png 600w\" sizes=\"(max-width: 716px) 100vw, 716px\" \/>Donn\u00e9es imdb, calculs auteur (moyennes mobiles sur 5 ans, fen\u00eatre triangulaire)<\/p>\n<p>M\u00eame si le plus faible nombre de donn\u00e9es dans l\u2019\u00e9chantillon rend les courbes plus hach\u00e9es et la lecture moins facile, les tendances paraissent comparables \u00e0 celles observ\u00e9es dans les autres pays, avec une hausse de la part des moins jeunes, y compris femmes.<\/p>\n<p>Les femmes de plus de 50 ans seraient-elles en train de devenir un peu plus visibles ?<\/p>\n<p><em>Mots-cl\u00e9s : cin\u00e9ma &#8211; actrices &#8211; IMDB &#8211; in\u00e9galit\u00e9s de genre<\/em><\/p>\n<hr \/>\n<p><em><a href=\"#_ftnref1\" name=\"_ftn1\"><sup>[1]<\/sup><\/a> Les calculs d\u00e9taill\u00e9s sont disponibles sur GitHub : <span style=\"text-decoration: underline; color: #0000ff;\"><a style=\"color: #0000ff; text-decoration: underline;\" href=\"https:\/\/github.com\/ljmdeb\/IMDB\">https:\/\/github.com\/ljmdeb\/IMDB<\/a><\/span><\/em><\/p>\n<p><em><a href=\"#_ftnref2\" name=\"_ftn2\"><sup>[2]<\/sup><\/a> Source <span style=\"text-decoration: underline;\"><span style=\"color: #0000ff;\"><a style=\"color: #0000ff; text-decoration: underline;\" href=\"https:\/\/en.wikipedia.org\/wiki\/IMDb\">Wikip\u00e9dia<\/a><\/span><\/span><\/em><\/p>\n<p><em><a href=\"#_ftnref3\" name=\"_ftn3\"><sup>[3]<\/sup><\/a> Le caract\u00e8re d\u2019apparence \u00ab\u00a0dentel\u00e9\u00a0\u00bb de l\u2019\u00e9chantillon fran\u00e7ais r\u00e9cent (par rapport au profil plus lisse de l\u2019\u00e9chantillon mondial depuis 1990) est la cons\u00e9quence de ce que les donn\u00e9es sont moins nombreuses dans le second \u00e9chantillon que dans le premier.<\/em><\/p>\n<p><em><a href=\"#_ftnref4\" name=\"_ftn4\"><sup>[4]<\/sup><\/a> Cf. \u00ab\u00a0Cachez ces rides qu\u2019on ne saurait voir\u00a0\u00bb T\u00e9l\u00e9rama 3618 du 18 mai 2019 <span style=\"text-decoration: underline;\"><span style=\"color: #0000ff;\"><a style=\"color: #0000ff; text-decoration: underline;\" href=\"https:\/\/www.telerama.fr\/festival-de-cannes\/2019\/les-femmes-de-plus-de-50-ans,-ces-grandes-invisibles-du-cinema-francais,n6249010.php\">https:\/\/www.telerama.fr\/festival-de-cannes\/2019\/les-femmes-de-plus-de-50-ans,-ces-grandes-invisibles-du-cinema-francais,n6249010.php<\/a><\/span><\/span>\u00a0<\/em><\/p>\n<p><em><a href=\"#_ftnref5\" name=\"_ftn5\">[5]<\/a> Les donn\u00e9es \u00e9tant moins nombreuses sur ces dur\u00e9es plus courtes, les \u00e2ges sont pris ici en moyenne sur des fen\u00eatres triangulaires de 5 ans.<\/em><\/p>\n<p><em><a href=\"#_ftnref6\" name=\"_ftn6\">[6]<\/a> Moyennes mobiles 5 ans sur fen\u00eatres triangulaires<\/em><\/p>\n","protected":false},"excerpt":{"rendered":"<p>Pour une Paulina Garcia ou une Julianne Moore \u2013 les excellentes \u00ab\u00a0Gloria\u00a0\u00bb des deux films \u00e9ponymes successifs de Sebasti\u00e1n Lelio &#8211; combien d\u2019actrices disparaissent de l\u2019\u00e9cran pass\u00e9s 55 ans, ou m\u00eame 40 ? Les D\u00e9codeurs du Monde se sont pench\u00e9s l\u2019ann\u00e9e derni\u00e8re sur la carri\u00e8re des actrices en France, en s\u2019appuyant sur Wikip\u00e9dia et la [&hellip;]<\/p>\n","protected":false},"author":246,"featured_media":4338,"comment_status":"open","ping_status":"open","sticky":false,"template":"","format":"standard","meta":{"_et_pb_use_builder":"","_et_pb_old_content":"","_et_gb_content_width":"","_exactmetrics_skip_tracking":false,"_exactmetrics_sitenote_active":false,"_exactmetrics_sitenote_note":"","_exactmetrics_sitenote_category":0,"footnotes":""},"categories":[15,142,135],"tags":[],"class_list":["post-4327","post","type-post","status-publish","format-standard","has-post-thumbnail","hentry","category-data-science","category-medias","category-tribune","et-has-post-format-content","et_post_format-et-post-format-standard"],"_links":{"self":[{"href":"https:\/\/variances.eu\/index.php?rest_route=\/wp\/v2\/posts\/4327","targetHints":{"allow":["GET"]}}],"collection":[{"href":"https:\/\/variances.eu\/index.php?rest_route=\/wp\/v2\/posts"}],"about":[{"href":"https:\/\/variances.eu\/index.php?rest_route=\/wp\/v2\/types\/post"}],"author":[{"embeddable":true,"href":"https:\/\/variances.eu\/index.php?rest_route=\/wp\/v2\/users\/246"}],"replies":[{"embeddable":true,"href":"https:\/\/variances.eu\/index.php?rest_route=%2Fwp%2Fv2%2Fcomments&post=4327"}],"version-history":[{"count":0,"href":"https:\/\/variances.eu\/index.php?rest_route=\/wp\/v2\/posts\/4327\/revisions"}],"wp:featuredmedia":[{"embeddable":true,"href":"https:\/\/variances.eu\/index.php?rest_route=\/wp\/v2\/media\/4338"}],"wp:attachment":[{"href":"https:\/\/variances.eu\/index.php?rest_route=%2Fwp%2Fv2%2Fmedia&parent=4327"}],"wp:term":[{"taxonomy":"category","embeddable":true,"href":"https:\/\/variances.eu\/index.php?rest_route=%2Fwp%2Fv2%2Fcategories&post=4327"},{"taxonomy":"post_tag","embeddable":true,"href":"https:\/\/variances.eu\/index.php?rest_route=%2Fwp%2Fv2%2Ftags&post=4327"}],"curies":[{"name":"wp","href":"https:\/\/api.w.org\/{rel}","templated":true}]}}