{"id":3813,"date":"2019-01-18T10:15:21","date_gmt":"2019-01-18T08:15:21","guid":{"rendered":"http:\/\/variances.eu\/?p=3813"},"modified":"2019-01-18T11:25:28","modified_gmt":"2019-01-18T09:25:28","slug":"mesurons-commerce-mondial-plutot-termes-de-valeur-ajoutee","status":"publish","type":"post","link":"https:\/\/variances.eu\/?p=3813","title":{"rendered":"Mesurons le commerce mondial plut\u00f4t en termes de valeur ajout\u00e9e !"},"content":{"rendered":"<p>Le projet Trade in Value Added (TiVA, en fran\u00e7ais, EVA \u2013 \u00c9changes en valeur ajout\u00e9e) est issu d\u2019une initiative conjointe de l\u2019OCDE et de l\u2019OMC. Il a pour objectif d\u2019am\u00e9liorer la mesure du commerce international en d\u00e9veloppant de nouveaux indicateurs plus adapt\u00e9s \u00e0 la mondialisation. Dans un monde o\u00f9 les cha\u00eenes mondiales de valeur sont de plus en plus longues et complexes, les statistiques classiques ne suffisent plus.<\/p>\n<h3><strong>Une production \u00ab\u00a0fragment\u00e9e\u00a0\u00bb<\/strong><a href=\"#_ftn1\" name=\"_ftnref1\">[1]<\/a><strong> entre les pays <\/strong><\/h3>\n<p>Un cas typique de l\u2019allongement et de la complexification des cha\u00eenes de production au niveau international est celui d\u2019Apple. L\u2019iPod<a href=\"#_ftn2\" name=\"_ftnref2\">[2]<\/a>, par exemple, est le fruit de l\u2019incorporation progressive de nombreux biens et services dans plusieurs pays. Le logiciel et le microprocesseur viennent des Etats-Unis\u00a0; l\u2019\u00e9metteur-r\u00e9cepteur, d\u2019Allemagne\u00a0; les puces m\u00e9moire, de Cor\u00e9e\u00a0; le disque dur, du Japon. L\u2019assemblage se fait \u00e0 Ta\u00efwan\u00a0; et la distribution et la vente, de retour aux Etats-Unis.<\/p>\n<p>Un autre produit typique \u00e0 cet \u00e9gard est l\u2019avion. L\u2019image ci-dessous montre la provenance multiple de ses diff\u00e9rents composants : Etats-Unis, Europe (France, Italie, Su\u00e8de, Royaume-Uni), Japon, Cor\u00e9e\u2026<\/p>\n<p><div id=\"attachment_3814\" style=\"width: 612px\" class=\"wp-caption aligncenter\"><img loading=\"lazy\" decoding=\"async\" aria-describedby=\"caption-attachment-3814\" class=\"wp-image-3814 size-full\" src=\"http:\/\/variances.eu\/wp-content\/uploads\/2019\/01\/1-2.png\" alt=\"\" width=\"602\" height=\"401\" srcset=\"https:\/\/variances.eu\/wp-content\/uploads\/2019\/01\/1-2.png 602w, https:\/\/variances.eu\/wp-content\/uploads\/2019\/01\/1-2-300x200.png 300w, https:\/\/variances.eu\/wp-content\/uploads\/2019\/01\/1-2-600x400.png 600w\" sizes=\"(max-width: 602px) 100vw, 602px\" \/><p id=\"caption-attachment-3814\" class=\"wp-caption-text\">[3]<\/p><\/div>Les innovations technologiques des derni\u00e8res d\u00e9cennies, tels les containers et Internet, ont permis aux entreprises de diviser le processus de production entre les pays. Le sch\u00e9ma de production le plus simple, selon lequel un bien est produit dans un pays avant d\u2019\u00eatre export\u00e9, ne concerne plus aujourd\u2019hui que 30% des \u00e9changes<a href=\"#_ftn4\" name=\"_ftnref4\">[4]<\/a>. Les 70% restants font circuler des biens et services interm\u00e9diaires le long des cha\u00eenes mondiales de valeur, en les incorporant peu \u00e0 peu aux biens finals qui seront, \u00e0 leur tour, export\u00e9s aux quatre coins du monde. Peut-on mesurer ces deux types d\u2019\u00e9changes de la m\u00eame mani\u00e8re, avec les statistiques classiques du commerce international\u00a0?<\/p>\n<h3><strong>Des statistiques classiques mal adapt\u00e9es \u00e0 la complexit\u00e9 des cha\u00eenes mondiales de valeur<\/strong><\/h3>\n<p>L\u2019indicateur usuel est celui des flux commerciaux bruts et bilat\u00e9raux. Dans le cas de l\u2019iPod, on peut par exemple examiner les exportations de Ta\u00efwan vers les Etats-Unis. Mais le produit assembl\u00e9 \u00e0 Ta\u00efwan a un fort contenu en biens interm\u00e9diaires import\u00e9s d\u2019Allemagne, des Etats-Unis, de Cor\u00e9e et du Japon. Or ces achats de biens interm\u00e9diaires \u00e0 l\u2019\u00e9tranger ne sont pas refl\u00e9t\u00e9s dans le chiffre des exportations brutes. \u00c0 la sortie de l\u2019usine, le prix de l\u2019iPod est de 144 dollars, mais seuls 10% de ce montant contribuent \u00e0 la valeur ajout\u00e9e nationale\u00a0(100 dollars de composants sont notamment import\u00e9s du Japon)<a href=\"#_ftn5\" name=\"_ftnref5\">[5]<\/a>.<\/p>\n<p>Cet indicateur pr\u00e9sente en outre un biais pour le calcul de la valeur totale du commerce international, puisque, en agr\u00e9geant ces flux, on compte les biens et services interm\u00e9diaires\u00a0\u00e0 chaque fois qu\u2019ils traversent une fronti\u00e8re. Comment mesurer la valeur<a href=\"#_ftn6\" name=\"_ftnref6\">[6]<\/a> r\u00e9ellement produite sur place par chaque pays et, in fine, la valeur totale produite\u00a0?<\/p>\n<p>Le sch\u00e9ma ci-dessous repr\u00e9sente une petite cha\u00eene de valeur entre trois pays A, B et C. Dans cet exemple simple, au vu des statistiques classiques, \u00ab\u00a0brutes\u00a0\u00bb, le pays C a l\u2019impression que son principal partenaire commercial est le pays B. En fait, la valeur, 110, des exportations brutes de de B vers C se d\u00e9compose ainsi :<\/p>\n<ul>\n<li>la valeur ajout\u00e9e par A\u00a0: 100 (biens et services interm\u00e9diaires export\u00e9s vers B)\u00a0;<\/li>\n<li>la valeur ajout\u00e9e par B\u00a0: 10 (transformation de ces biens et services interm\u00e9diaires en un produit fini export\u00e9 vers C).<\/li>\n<\/ul>\n<p>Ainsi, le v\u00e9ritable pays partenaire de C, mesur\u00e9 en termes de valeur ajout\u00e9e, est le pays A.<\/p>\n<div id=\"attachment_3815\" style=\"width: 462px\" class=\"wp-caption aligncenter\"><img loading=\"lazy\" decoding=\"async\" aria-describedby=\"caption-attachment-3815\" class=\"wp-image-3815 size-full\" src=\"http:\/\/variances.eu\/wp-content\/uploads\/2019\/01\/2.png\" alt=\"\" width=\"452\" height=\"140\" srcset=\"https:\/\/variances.eu\/wp-content\/uploads\/2019\/01\/2.png 452w, https:\/\/variances.eu\/wp-content\/uploads\/2019\/01\/2-300x93.png 300w\" sizes=\"(max-width: 452px) 100vw, 452px\" \/><p id=\"caption-attachment-3815\" class=\"wp-caption-text\">[7]<\/p><\/div>\n<h3><strong>Les fournisseurs des fournisseurs des fournisseurs\u00a0: la solution des donn\u00e9es agr\u00e9g\u00e9es<\/strong><\/h3>\n<p>Id\u00e9alement, il faudrait documenter la cha\u00eene de valeur maillon par maillon\u00a0: la liste compl\u00e8te des fournisseurs d\u2019un produit permettrait de d\u00e9terminer la valeur produite par chaque pays.<\/p>\n<p>Mais l\u2019aper\u00e7u de cette liste \u2013 tr\u00e8s incompl\u00e8te \u2013 donn\u00e9 dans le cas de l\u2019iPod montre bien le co\u00fbt informationnel et la difficult\u00e9 d\u2019une telle d\u00e9marche. Les composants cit\u00e9s sont eux-m\u00eames produits \u00e0 partir de biens et services interm\u00e9diaires en provenance d\u2019autres pays (notamment de Chine). Il faudrait donc conna\u00eetre les fournisseurs principaux, et leurs fournisseurs, et les fournisseurs de leurs fournisseurs\u2026<\/p>\n<p>Plut\u00f4t qu\u2019au niveau d\u00e9taill\u00e9 des produits, le projet TiVA proc\u00e8de \u00e0 une estimation au niveau plus agr\u00e9g\u00e9 des secteurs, ce qui pr\u00e9sente l\u2019avantage de pouvoir utiliser des donn\u00e9es d\u00e9j\u00e0 disponibles pour beaucoup de pays\u00a0: les tableaux entr\u00e9es-sorties de la comptabilit\u00e9 nationale (dits aussi \u00ab\u00a0Tableaux Input\/Output\u00a0\u00bb).<\/p>\n<p><img loading=\"lazy\" decoding=\"async\" class=\"aligncenter wp-image-3818\" src=\"http:\/\/variances.eu\/wp-content\/uploads\/2019\/01\/Image2.png\" alt=\"\" width=\"750\" height=\"697\" srcset=\"https:\/\/variances.eu\/wp-content\/uploads\/2019\/01\/Image2.png 912w, https:\/\/variances.eu\/wp-content\/uploads\/2019\/01\/Image2-300x279.png 300w, https:\/\/variances.eu\/wp-content\/uploads\/2019\/01\/Image2-600x558.png 600w\" sizes=\"(max-width: 750px) 100vw, 750px\" \/><\/p>\n<p>Comment recouper ces donn\u00e9es nationales en une carte internationale de la valeur cr\u00e9\u00e9e ?<\/p>\n<h3><strong>L\u2019estimation d\u2019un tableau entr\u00e9es-sorties international\u00a0: le probl\u00e8me des r\u00e9importations<\/strong><\/h3>\n<p>En Am\u00e9rique du Nord, en Europe et en Asie de l\u2019Est, en particulier, les \u00e9changes commerciaux sont souvent circulaires<a href=\"#_ftn10\" name=\"_ftnref10\">[10]<\/a>\u00a0: des produits de base sont export\u00e9s, puis r\u00e9import\u00e9s une fois transform\u00e9s. Ces r\u00e9importations contiennent donc de la valeur ajout\u00e9e nationale, ce qu\u2019il faut prendre en compte.<\/p>\n<p>La solution est de combiner les tableaux entr\u00e9es-sorties nationaux aux donn\u00e9es commerciales bilat\u00e9rales pour obtenir un tableau entr\u00e9es-sorties international, qui relie les processus de production inter et intra-pays.<\/p>\n<p><img loading=\"lazy\" decoding=\"async\" class=\"aligncenter size-full wp-image-3820\" src=\"http:\/\/variances.eu\/wp-content\/uploads\/2019\/01\/Image3.png\" alt=\"\" width=\"866\" height=\"849\" srcset=\"https:\/\/variances.eu\/wp-content\/uploads\/2019\/01\/Image3.png 866w, https:\/\/variances.eu\/wp-content\/uploads\/2019\/01\/Image3-300x294.png 300w, https:\/\/variances.eu\/wp-content\/uploads\/2019\/01\/Image3-600x588.png 600w\" sizes=\"(max-width: 866px) 100vw, 866px\" \/><\/p>\n<p>On peut alors d\u00e9composer tout produit export\u00e9 par un secteur I en valeur ajout\u00e9e\u00a0: nationale directe\u00a0(provenant de I), nationale indirecte\u00a0(provenant de transactions avec tous les autres secteurs nationaux), nationale indirecte incorpor\u00e9e dans les importations et import\u00e9e indirecte.<\/p>\n<h3><strong>Couverture des donn\u00e9es TiVA\u00a0: pays, ann\u00e9es et secteurs<\/strong><a href=\"#_ftn13\" name=\"_ftnref13\">[13]<\/a><\/h3>\n<p>L\u2019OCDE produit des tableaux entr\u00e9es-sorties internationaux depuis 1995. La couverture de l\u2019\u00e9dition 2016-2017 incluait jusque-l\u00e0 63 pays sur la p\u00e9riode 1995-2011, avec l\u2019estimation par now-casting des ann\u00e9es 2012-2014<a href=\"#_ftn14\" name=\"_ftnref14\">[14]<\/a>. La nouvelle \u00e9dition de 2018 s\u2019\u00e9tend \u00e0 64 pays, dont notamment les membres de l\u2019OCDE, de l\u2019Union Europ\u00e9enne et du G20, plusieurs \u00e9conomies d\u2019Asie de l\u2019Est et du Sud-Est. Elle couvre la p\u00e9riode 2005-2015, avec des projections pour 2016. Le d\u00e9tail est disponible pour 36 secteurs. Cette \u00e9dition est bas\u00e9e sur les versions les plus r\u00e9centes du syst\u00e8me des comptes nationaux (SNA08) et de la classification sectorielle (ISIC Rev. 4).<\/p>\n<blockquote><p><strong>Les indicateurs TiVA [15]<\/strong><\/p>\n<p>Un grand nombre d\u2019indicateurs a \u00e9t\u00e9 d\u00e9velopp\u00e9 par l\u2019OCDE \u00e0 partir des donn\u00e9es TiVA\u00a0:<\/p>\n<p>* des mesures de base\u00a0: exportations et importations brutes, balance commerciale avec les pays partenaires, valeur ajout\u00e9e par secteur ;<\/p>\n<p>* le contenu en valeur ajout\u00e9e des exportations et importations brutes\u00a0;<\/p>\n<p>* la d\u00e9composition en valeur ajout\u00e9e nationale dans les exportations brutes, avec 3 origines nationales\u00a0: directe, indirecte et r\u00e9import\u00e9e ;<\/p>\n<p>* des mesures de la demande finale\u00a0: origine nationale et \u00e9trang\u00e8re de la valeur ajout\u00e9e\u00a0;<\/p>\n<p>* les importations interm\u00e9diaires r\u00e9export\u00e9es\u00a0;<\/p>\n<p>* le contenu en valeur ajout\u00e9e des services\u00a0;<\/p>\n<p>* l\u2019origine de la valeur ajout\u00e9e par pays source et par secteur ;<\/p>\n<p>* la valeur ajout\u00e9e incorpor\u00e9e dans les exportations par destination finale\u00a0;<\/p>\n<p>* la participation dans les cha\u00eenes mondiales de valeur\u00a0: valeur ajout\u00e9e \u00e9trang\u00e8re incorpor\u00e9e dans les exportations nationales et valeur ajout\u00e9e nationale incorpor\u00e9e dans les exportations \u00e9trang\u00e8res.<\/p><\/blockquote>\n<h3><strong>L\u2019analyse des flux du commerce international\u00a0: l\u2019apport de ces nouveaux indicateurs<\/strong><\/h3>\n<p>L\u2019OCDE distingue six principaux domaines d\u2019application<a href=\"#_ftn16\" name=\"_ftnref16\">[16]<\/a>\u00a0:<\/p>\n<h5 style=\"padding-left: 30px;\">1. Les d\u00e9s\u00e9quilibres mondiaux<\/h5>\n<p style=\"padding-left: 30px;\">Comme illustr\u00e9 par notre sch\u00e9ma simpliste ci-dessus, les indicateurs bruts surestiment le d\u00e9ficit d\u2019un pays avec les pays producteurs de biens finals. Si les indicateurs en valeur ajout\u00e9e ne modifient pas le total de la balance commerciale du pays utilisateur avec le monde entier, ils redistribuent surplus et d\u00e9ficits de mani\u00e8re plus r\u00e9aliste entre les partenaires. L\u2019exemple typique est celui des Etats-Unis et de la Chine\u00a0: l\u2019OMC estime ainsi qu\u2019en valeur ajout\u00e9e, la balance commerciale de ces deux pays en 2008 est 40% plus faible. Le tableau ci-dessous l\u2019illustre dans le cas d\u2019Apple, cette fois pour les iPhones. En valeur ajout\u00e9e, le total reste 1646 millions de dollars. Par contre, au lieu de consid\u00e9rer qu\u2019il ne s\u2019agit que de la contribution de la Chine (qui produit le bien final), on d\u00e9taille \u00e0 pr\u00e9sent celle de tous les pays de la cha\u00eene de valeur.<\/p>\n<div id=\"attachment_3826\" style=\"width: 838px\" class=\"wp-caption aligncenter\"><img loading=\"lazy\" decoding=\"async\" aria-describedby=\"caption-attachment-3826\" class=\"size-full wp-image-3826\" src=\"http:\/\/variances.eu\/wp-content\/uploads\/2019\/01\/2.jpg\" alt=\"\" width=\"828\" height=\"113\" srcset=\"https:\/\/variances.eu\/wp-content\/uploads\/2019\/01\/2.jpg 828w, https:\/\/variances.eu\/wp-content\/uploads\/2019\/01\/2-300x41.jpg 300w, https:\/\/variances.eu\/wp-content\/uploads\/2019\/01\/2-600x82.jpg 600w\" sizes=\"(max-width: 828px) 100vw, 828px\" \/><p id=\"caption-attachment-3826\" class=\"wp-caption-text\">[17]<\/p><\/div>\n<h5 style=\"padding-left: 30px;\">2. L\u2019acc\u00e8s aux march\u00e9s et les disputes commerciales<\/h5>\n<p style=\"padding-left: 30px;\">Dans les cha\u00eenes mondiales de valeur, l\u2019acc\u00e8s aux inputs et aux technologies comp\u00e9titives d\u00e9termine la comp\u00e9titivit\u00e9 des entreprises. Estimer la valeur ajout\u00e9e nationale contenue dans les exportations et les importations permet d\u2019examiner les effets de la r\u00e9gulation commerciale sur les producteurs nationaux et \u00e9trangers.<\/p>\n<h5 style=\"padding-left: 30px;\">3. L\u2019impact des chocs macro-\u00e9conomiques<\/h5>\n<p style=\"padding-left: 30px;\">Les indicateurs bruts donnent une estimation biais\u00e9e de l\u2019impact du commerce sur la demande de court terme. Lors de la crise financi\u00e8re de 2008, un effet \u00ab\u00a0coup de fouet\u00a0\u00bb des cha\u00eenes mondiales de valeur dans la transmission du choc a ainsi \u00e9t\u00e9 mis en \u00e9vidence.<\/p>\n<h5 style=\"padding-left: 30px;\">4. Le commerce et l\u2019emploi<\/h5>\n<p style=\"padding-left: 30px;\">La question des gagnants et des perdants du commerce international fait l\u2019objet d\u2019une forte actualit\u00e9 m\u00e9diatique. Les indicateurs bruts d\u00e9crivent la perte des emplois, g\u00e9n\u00e9ralement peu qualifi\u00e9s, due aux d\u00e9localisations hors des pays industrialis\u00e9s. Les indicateurs en valeur ajout\u00e9e, en d\u00e9terminant les pays et les secteurs o\u00f9 les \u00e9changes commerciaux cr\u00e9ent de la valeur, font aussi appara\u00eetre les gains en termes d\u2019emplois plus qualifi\u00e9s (recherche et d\u00e9veloppement, marketing).<\/p>\n<h5 style=\"padding-left: 30px;\">5. Le commerce et l\u2019environnement<\/h5>\n<p style=\"padding-left: 30px;\">Pour voir o\u00f9 la pollution, notamment en CO<sub>2<\/sub>, est \u00e9mise, il faut conna\u00eetre les pays et les secteurs de production des importations. Les indicateurs en valeur ajout\u00e9e permettent d\u2019appr\u00e9hender l\u2019impact environnemental du commerce international.<\/p>\n<h5 style=\"padding-left: 30px;\">6. Le commerce, la croissance et la comp\u00e9titivit\u00e9<\/h5>\n<p style=\"padding-left: 30px;\">Etudier la fragmentation de la production est crucial pour analyser la comp\u00e9titivit\u00e9 \u00e0 l\u2019export des diff\u00e9rents secteurs. Les indicateurs en valeur ajout\u00e9e permettent de mieux comprendre la distribution des avantages comparatifs entre les pays.<\/p>\n<h3><strong>Conclusion\u00a0: r\u00e9sultats et perspectives<\/strong><\/h3>\n<p>Les r\u00e9sultats obtenus \u00e0 ce jour \u00e0 partir des indicateurs en valeur ajout\u00e9e soulignent les faits suivants<a href=\"#_ftn18\" name=\"_ftnref18\">[18]<\/a>\u00a0:<\/p>\n<ul>\n<li>le r\u00f4le majeur jou\u00e9 dans les cha\u00eenes mondiales de valeur\u00a0par les services, lesquels repr\u00e9sentent entre 25 et 40% du contenu des exportations pour les pays de l\u2019OCDE et du G20, ainsi qu\u2019on le voit dans le graphique ci-dessous\u00a0;<\/li>\n<\/ul>\n<div id=\"attachment_3822\" style=\"width: 659px\" class=\"wp-caption aligncenter\"><img loading=\"lazy\" decoding=\"async\" aria-describedby=\"caption-attachment-3822\" class=\"size-full wp-image-3822\" src=\"http:\/\/variances.eu\/wp-content\/uploads\/2019\/01\/5.png\" alt=\"\" width=\"649\" height=\"283\" srcset=\"https:\/\/variances.eu\/wp-content\/uploads\/2019\/01\/5.png 649w, https:\/\/variances.eu\/wp-content\/uploads\/2019\/01\/5-300x131.png 300w, https:\/\/variances.eu\/wp-content\/uploads\/2019\/01\/5-600x262.png 600w\" sizes=\"(max-width: 649px) 100vw, 649px\" \/><p id=\"caption-attachment-3822\" class=\"wp-caption-text\">Figure 1 Contenu des exportations\u00a0: part de la valeur ajout\u00e9e des services (nationale et \u00e9trang\u00e8re), 2015[19]<\/p><\/div>\n<ul>\n<li>l\u2019importance des d\u00e9penses des non-r\u00e9sidents, principalement issues du tourisme\u00a0;<\/li>\n<\/ul>\n<ul>\n<li>la forte interconnexion des \u00e9conomies mondiales\u00a0en termes d\u2019emploi. La part de l\u2019emploi qui d\u00e9pend de la demande finale \u00e9trang\u00e8re a par exemple augment\u00e9 dans les pays de l\u2019OCDE ces dix derni\u00e8res ann\u00e9es. Et m\u00eame dans de grandes \u00e9conomies comme les Etats-Unis, le Japon et la Chine, jusqu\u2019\u00e0 10% de l\u2019emploi est concern\u00e9.<\/li>\n<\/ul>\n<ul>\n<li>la diminution du volume de CO<sub>2<\/sub> import\u00e9 par les pays de l\u2019OCDE lors de la derni\u00e8re d\u00e9cennie.<\/li>\n<\/ul>\n<p>La fragmentation de la production mondiale, qui a progress\u00e9 rapidement depuis les ann\u00e9es 1990, semble aujourd\u2019hui ralentir, notamment en Chine et aux Etats-Unis \u2013 vraisemblablement du fait d\u2019une augmentation de l\u2019approvisionnement national en biens et services \u2013. La tendance varie cependant selon les pays et les secteurs, et le niveau mondial de fragmentation reste \u00e9lev\u00e9.<\/p>\n<p>L\u2019ampleur du projet TiVA, en termes de donn\u00e9es produites et d\u2019indicateurs d\u00e9velopp\u00e9s, ouvre donc de nombreuses possibilit\u00e9s de recherche et d\u2019analyse concernant le commerce international. Le d\u00e9fi est ensuite de communiquer efficacement cette information complexe et foisonnante aupr\u00e8s des utilisateurs \u2013 d\u00e9cideurs politiques, chercheurs et grand public.<\/p>\n<hr \/>\n<p><em><a href=\"#_ftnref1\" name=\"_ftn1\">[1]<\/a> Jones, R. and H. Kierzkowski (2001), \u201cA Framework for Fragmentation\u201d. In: S. Arndt and H. Kierzkowski, Fragmentation: New Production Patterns in the World Economy, New York: Oxford University Press, 17-34.<\/em><\/p>\n<p><em><a href=\"#_ftnref2\" name=\"_ftn2\">[2]<\/a> Dedrick, J., K.L. Kraemer and G. Linden (2010), \u201cWho Profits from Innovation in Global Value Chains? A Study of the iPod and Notebook PCs\u201d, Industrial and Corporate Change, 19(1), 81-116.<\/em><\/p>\n<p><em><a href=\"#_ftnref3\" name=\"_ftn3\">[3]<\/a> Lequiller, F. and D. Blades (2014), Understanding National Accounts: Second Edition, OECD Publishing.<\/em><\/p>\n<p><em><a href=\"#_ftnref4\" name=\"_ftn4\">[4]<\/a> OECD (December 2018), \u201cTrade Policy Implication of Global Value Chains\u201d, OECD Trade Policy Brief.<\/em><\/p>\n<p><em><a href=\"#_ftnref5\" name=\"_ftn5\">[5]<\/a> OECD-WTO (March 2012), \u201cTrade in Value-Added: Concepts, Methodologies and Challenges\u201d, Joint OECD-WTO Note.<\/em><\/p>\n<p><em><a href=\"#_ftnref6\" name=\"_ftn6\">[6]<\/a> Au sens des comptes nationaux, la valeur ajout\u00e9e est la r\u00e9mun\u00e9ration des ressources utilis\u00e9es par la production\u00a0: travail, capital, ressources naturelles et actifs non financiers.<\/em><\/p>\n<p><em><a href=\"#_ftnref7\" name=\"_ftn7\">[7]<\/a> Lequiller, F. and D. Blades (2014), Understanding National Accounts: Second Edition, OECD Publishing.<\/em><\/p>\n<p><em><a href=\"#_ftnref8\" name=\"_ftn8\">[8]<\/a> OECD-WTO (March 2012), op. cit.<\/em><\/p>\n<p><em><a href=\"#_ftnref9\" name=\"_ftn9\">[9]<\/a> <span style=\"text-decoration: underline;\"><span style=\"color: #0000ff; text-decoration: underline;\">http:\/\/www.oecd.org\/fr\/sti\/ind\/tableauxdesentrees-sorties.htm<\/span><\/span><\/em><\/p>\n<p><em><a href=\"#_ftnref10\" name=\"_ftn10\">[10]<\/a> OECD-WTO (March 2012), op. cit.<\/em><\/p>\n<p><em><a href=\"#_ftnref11\" name=\"_ftn11\">[11]<\/a> OECD-WTO (March 2012), op. cit.<\/em><\/p>\n<p><em><a href=\"#_ftnref12\" name=\"_ftn12\">[12]<\/a> Guilhoto, J. and N. Yamano (March 2018), \u201cUnderstanding and Working with OECD\u2019s TiVA Indicators\u201d, OECD STI, S\u00e9minaire du cabinet de la strat\u00e9gie et des \u00e9tudes, Minist\u00e8re de l\u2019\u00e9conomie, Lisbonne.<\/em><\/p>\n<p><em><a href=\"#_ftnref13\" name=\"_ftn13\">[13]<\/a> OECD (2018), \u201cThe Changing Nature of International Production: Insights from Trade in Value Added and Related Indicators\u201d, TiVA Indicators-2018 Update.<\/em><\/p>\n<p><em><a href=\"#_ftnref14\" name=\"_ftn14\">[14]<\/a> OECD (June 2017), \u201cNowcast TiVA Estimates: Methodology\u201d : estimation des tableaux entr\u00e9es-sorties nationaux en t+1 \u00e0 partir des tableaux en t, \u00e0 l\u2019aide de donn\u00e9es r\u00e9centes sur le PIB et ses composantes principales et sur le commerce de biens, notamment la consommation interm\u00e9diaire par secteur avec le d\u00e9tail par produit. Deux approches en prix courants et en volume sont combin\u00e9es.<\/em><\/p>\n<p><em><a href=\"#_ftnref15\" name=\"_ftn15\">[15]<\/a> OECD (March 2017), \u201cTiVA 2016 Indicators \u2013 Definitions\u201d.<\/em><\/p>\n<p><em><a href=\"#_ftnref16\" name=\"_ftn16\">[16]<\/a> OECD-WTO (March 2012), op. cit.<\/em><\/p>\n<p><em><a href=\"#_ftnref17\" name=\"_ftn17\">[17]<\/a> OECD-WTO (March 2012), op. cit.<\/em><\/p>\n<p><em><a href=\"#_ftnref18\" name=\"_ftn18\">[18]<\/a> OECD (2018), op. cit.<\/em><\/p>\n<p><em><a href=\"#_ftnref19\" name=\"_ftn19\">[19]<\/a> OECD (2018), op. cit.<\/em><\/p>\n","protected":false},"excerpt":{"rendered":"<p>Le projet Trade in Value Added (TiVA, en fran\u00e7ais, EVA \u2013 \u00c9changes en valeur ajout\u00e9e) est issu d\u2019une initiative conjointe de l\u2019OCDE et de l\u2019OMC. Il a pour objectif d\u2019am\u00e9liorer la mesure du commerce international en d\u00e9veloppant de nouveaux indicateurs plus adapt\u00e9s \u00e0 la mondialisation. Dans un monde o\u00f9 les cha\u00eenes mondiales de valeur sont [&hellip;]<\/p>\n","protected":false},"author":200,"featured_media":3829,"comment_status":"open","ping_status":"open","sticky":false,"template":"","format":"standard","meta":{"_et_pb_use_builder":"","_et_pb_old_content":"","_et_gb_content_width":"","_exactmetrics_skip_tracking":false,"_exactmetrics_sitenote_active":false,"_exactmetrics_sitenote_note":"","_exactmetrics_sitenote_category":0,"footnotes":""},"categories":[185,133],"tags":[],"class_list":["post-3813","post","type-post","status-publish","format-standard","has-post-thumbnail","hentry","category-mesure-des-indicateurs-economiques","category-themes","et-has-post-format-content","et_post_format-et-post-format-standard"],"_links":{"self":[{"href":"https:\/\/variances.eu\/index.php?rest_route=\/wp\/v2\/posts\/3813","targetHints":{"allow":["GET"]}}],"collection":[{"href":"https:\/\/variances.eu\/index.php?rest_route=\/wp\/v2\/posts"}],"about":[{"href":"https:\/\/variances.eu\/index.php?rest_route=\/wp\/v2\/types\/post"}],"author":[{"embeddable":true,"href":"https:\/\/variances.eu\/index.php?rest_route=\/wp\/v2\/users\/200"}],"replies":[{"embeddable":true,"href":"https:\/\/variances.eu\/index.php?rest_route=%2Fwp%2Fv2%2Fcomments&post=3813"}],"version-history":[{"count":0,"href":"https:\/\/variances.eu\/index.php?rest_route=\/wp\/v2\/posts\/3813\/revisions"}],"wp:featuredmedia":[{"embeddable":true,"href":"https:\/\/variances.eu\/index.php?rest_route=\/wp\/v2\/media\/3829"}],"wp:attachment":[{"href":"https:\/\/variances.eu\/index.php?rest_route=%2Fwp%2Fv2%2Fmedia&parent=3813"}],"wp:term":[{"taxonomy":"category","embeddable":true,"href":"https:\/\/variances.eu\/index.php?rest_route=%2Fwp%2Fv2%2Fcategories&post=3813"},{"taxonomy":"post_tag","embeddable":true,"href":"https:\/\/variances.eu\/index.php?rest_route=%2Fwp%2Fv2%2Ftags&post=3813"}],"curies":[{"name":"wp","href":"https:\/\/api.w.org\/{rel}","templated":true}]}}