{"id":3795,"date":"2019-01-11T09:00:04","date_gmt":"2019-01-11T07:00:04","guid":{"rendered":"http:\/\/variances.eu\/?p=3795"},"modified":"2019-01-11T10:25:36","modified_gmt":"2019-01-11T08:25:36","slug":"samir-amin-caire-septembre-1931-paris-aout-2018","status":"publish","type":"post","link":"https:\/\/variances.eu\/?p=3795","title":{"rendered":"Samir AMIN (Le Caire, septembre 1931 \u2013 Paris, ao\u00fbt 2018)"},"content":{"rendered":"<p><img loading=\"lazy\" decoding=\"async\" class=\"size-full wp-image-3797 alignright\" src=\"http:\/\/variances.eu\/wp-content\/uploads\/2019\/01\/1.png\" alt=\"\" width=\"320\" height=\"209\" srcset=\"https:\/\/variances.eu\/wp-content\/uploads\/2019\/01\/1.png 320w, https:\/\/variances.eu\/wp-content\/uploads\/2019\/01\/1-300x196.png 300w\" sizes=\"(max-width: 320px) 100vw, 320px\" \/>Samir Amin est mort subitement en ao\u00fbt dernier \u00e0 Paris, ville qu\u2019il avait connue tr\u00e8s jeune, dans les ann\u00e9es 50, apr\u00e8s une enfance \u00e0 Port Sa\u00efd, puisqu\u2019\u00e9l\u00e8ve du lyc\u00e9e Henri IV puis \u00e9tudiant \u00e0 Sciences Po, avant \u00a0de s\u2019orienter vers l\u2019\u00e9conomie. Engag\u00e9 politiquement, il adh\u00e8re momentan\u00e9ment aux id\u00e9es communistes, puis mao\u00efstes, avant de prendre de la distance. Son engagement majeur est r\u00e9alis\u00e9 au service des pays du Tiers-Monde\u00a0: les ann\u00e9es 50-60 voient la fin des puissances coloniales, et l\u2019\u00e9mergence de nouveaux pays ind\u00e9pendants\u00a0connaissant des ruptures parfois violentes. Samir Amin vit intens\u00e9ment cette p\u00e9riode, et, en tant qu\u2019\u00e9conomiste, se rapproche de la pens\u00e9e d\u2019auteurs comme le Br\u00e9silien CelsoFurtado, le Grec Arghiri Emmanuel, ou le Fran\u00e7ais Pierre Salama.<\/p>\n<p>En 1969, Arghiri Emmanuel publie <em>L\u2019\u00e9change in\u00e9gal<\/em>, aux Editions Maspero, critique de l\u2019approche ricardienne, livre qui provoque un remous certain dans toutes les classes d\u2019\u00e9conomistes. Samir Amin poursuit sur cette voie, dans le cadre g\u00e9n\u00e9ral de l\u2019accumulation au niveau mondial, publiant un livre majeur qu\u2019est <em>Le d\u00e9veloppement in\u00e9gal<\/em> (1973, Editions de Minuit).<\/p>\n<p>Th\u00e9oricien de l\u2019antimondialisme, puis de l\u2019altermondialisme, Samir Amin a \u00e9t\u00e9 l\u2019inspirateur d\u2019une r\u00e9flexion construite autour des transferts in\u00e9galitaires entre les concepts de \u00ab\u00a0centre\u00a0\u00bb et de \u00ab\u00a0p\u00e9riph\u00e9rie\u00a0\u00bb.<\/p>\n<p>Auteur prolifique, conf\u00e9rencier brillant et passionn\u00e9, ses travaux ont \u00e9t\u00e9 largement \u00e9tudi\u00e9s universellement, et en particulier dans les cours d\u2019Economie du d\u00e9veloppement des ann\u00e9es 70, \u00e0 l\u2019ENSAE et au CESD.<\/p>\n<p style=\"text-align: center;\"><strong>\u00a0<\/strong><strong>Par Philippe Tassi (1972)<\/strong><\/p>\n<hr \/>\n<p>&nbsp;<\/p>\n<p style=\"text-align: center;\"><strong>T\u00e9moignage \u2013 hommage \u00e0 Samir Amin<\/strong><\/p>\n<p style=\"text-align: center;\"><strong>par Hedi ZA\u00cfEM (1977)<\/strong><\/p>\n<p style=\"text-align: center;\"><em>Professeur \u00e0 l\u2019Universit\u00e9 de Sciences Economiques et de Gestion, Tunis<\/em><\/p>\n<p>Au d\u00e9but des ann\u00e9es soixante-dix, j&rsquo;\u00e9tais \u00e9tudiant en sciences \u00e9conomiques \u00e0 la Facult\u00e9 de Droit et des Sciences Politiques et Economiques de Tunis. La majorit\u00e9 de la population \u00e9tudiante \u00e9tait en opposition au pouvoir d\u2019Habib Bourguiba, alors pr\u00e9sident, dont le parti h\u00e9g\u00e9monique avait mis la main de mani\u00e8re brutale sur l&rsquo;organisation \u00e9tudiante, l&rsquo;Union g\u00e9n\u00e9rale des Etudiants Tunisiens, en emprisonnant des dizaines de militants du mouvement gauchiste \u00ab\u00a0Perspectives\u00a0\u00bb, suite \u00e0 un c\u00e9l\u00e8bre proc\u00e8s de 1968. Les \u00e9tudiants n\u00e9o-destouriens, proches du pouvoir, \u00e9taient tr\u00e8s minoritaires et discrets, et les islamistes pratiquement inexistants.<\/p>\n<p>Sur le plan id\u00e9ologique, la gauche dominait presque totalement la sc\u00e8ne \u00e9tudiante. Samir Amin faisait alors figure d&rsquo;idole aupr\u00e8s de la jeune g\u00e9n\u00e9ration d&rsquo;\u00e9conomistes. Son ouvrage \u00ab\u00a0<em>L&rsquo;accumulation \u00e0 l&rsquo;\u00e9chelle mondiale<\/em>\u00ab\u00a0, paru en 1970 (Ed. Anthropos), constituait alors une sorte de bible en mati\u00e8re d&rsquo;\u00e9conomie du d\u00e9veloppement, et plusieurs g\u00e9n\u00e9rations en seront ind\u00e9l\u00e9bilement marqu\u00e9es.<\/p>\n<p>A l&rsquo;admiration port\u00e9e \u00e0 l\u2019enseignant-chercheur-th\u00e9oricien s&rsquo;ajoutait bien s\u00fbr le fait qu&rsquo;il \u00e9tait le seul \u00e9conomiste originaire d&rsquo;un pays arabe \u00e0 atteindre une audience internationale. La chute du mur de Berlin et le d\u00e9clin de l&rsquo;\u00e9conomie du d\u00e9veloppement rel\u00e8gueront au second plan toute l&rsquo;\u00e9cole radicale du d\u00e9veloppement \u00e9conomique et feront parfois \u00ab\u00a0oublier\u00a0\u00bb Samir Amin \u00e0 ses disciples et admirateurs. Cependant, au tournant des ann\u00e9es 2000, il reviendra en force, \u00e0 la faveur du mouvement altermondialiste. C&rsquo;est au sein de ce mouvement que j&rsquo;ai eu la chance de le rencontrer \u00e0 l\u2019occasion des Forums Sociaux Mondiaux, cr\u00e9\u00e9s en 2001, notamment ceux tenus en 2013 et 2015 \u00e0 Tunis, apr\u00e8s la r\u00e9volution de 2011. J&rsquo;ai tenu \u00e0 en faire l&rsquo;une des rares personnes auxquelles j&rsquo;ai soumis mon manuscrit \u00ab\u00a0Nouvelle Macro\u00e9conomie pour le D\u00e9veloppement et l&rsquo;Economie Sociale\u00a0\u00bb. Malgr\u00e9 son \u00e9tat de sant\u00e9, il l\u2019a lu et m&rsquo;a fait part de ses commentaires, positifs, malgr\u00e9 son aversion connue pour l&rsquo;\u00e9conomie math\u00e9matique qu&rsquo;il consid\u00e9rait comme une \u00ab\u00a0supercherie\u00a0\u00bb.<\/p>\n<p>Dans l&rsquo;une de ses derni\u00e8res interviews<a href=\"#_ftn1\" name=\"_ftnref1\">[1]<\/a>, Samir Amin, qui s&rsquo;est toujours inscrit dans une perspective radicale de rupture avec le syst\u00e8me mondial, fait montre d&rsquo;une lucidit\u00e9 et d&rsquo;un r\u00e9alisme surprenants\u00a0; il d\u00e9clare: <em>\u00ab\u00a0Si la souverainet\u00e9 sert \u00e0 fonder un d\u00e9veloppement national b\u00e9n\u00e9ficiaire aux majorit\u00e9s populaires et qui s&rsquo;articule sur des avanc\u00e9es dans la m\u00eame direction dans d&rsquo;autres pays, alors on construit un v\u00e9ritable internationalisme qui demande pour \u00eatre r\u00e9el d&rsquo;\u00eatre fond\u00e9 sur des accords, une mondialisation n\u00e9goci\u00e9e et non pas une mondialisation impos\u00e9e par les plus forts, une mondialisation n\u00e9goci\u00e9e entre tous les partenaires du syst\u00e8me mondial.\u00a0\u00bb<\/em> A l&rsquo;heure ou des \u00e9v\u00e8nements comme ceux que conna\u00eet la France sont peut-\u00eatre annonciateurs de l&rsquo;urgence d&rsquo;une autre intelligence du d\u00e9veloppement, les paroles de Samir Amin tracent le contour de la n\u00e9cessit\u00e9 d&rsquo;une autre conception non conflictuelle des relations entre le Nord et le Sud. Le bien-\u00eatre du Nord ne peut plus se faire contre celui du Sud, mais avec celui de ce dernier.<\/p>\n<p><em><a href=\"#_ftnref1\" name=\"_ftn1\">[1]<\/a><span style=\"text-decoration: underline;\"><span style=\"color: #0000ff; text-decoration: underline;\">https:\/\/www.youtube.com\/watch?v=NtSeGHVf2c4<\/span><\/span><\/em><\/p>\n","protected":false},"excerpt":{"rendered":"<p>Samir Amin est mort subitement en ao\u00fbt dernier \u00e0 Paris, ville qu\u2019il avait connue tr\u00e8s jeune, dans les ann\u00e9es 50, apr\u00e8s une enfance \u00e0 Port Sa\u00efd, puisqu\u2019\u00e9l\u00e8ve du lyc\u00e9e Henri IV puis \u00e9tudiant \u00e0 Sciences Po, avant \u00a0de s\u2019orienter vers l\u2019\u00e9conomie. Engag\u00e9 politiquement, il adh\u00e8re momentan\u00e9ment aux id\u00e9es communistes, puis mao\u00efstes, avant de prendre de [&hellip;]<\/p>\n","protected":false},"author":198,"featured_media":3796,"comment_status":"open","ping_status":"open","sticky":false,"template":"","format":"standard","meta":{"_et_pb_use_builder":"","_et_pb_old_content":"","_et_gb_content_width":"","_exactmetrics_skip_tracking":false,"_exactmetrics_sitenote_active":false,"_exactmetrics_sitenote_note":"","_exactmetrics_sitenote_category":0,"footnotes":""},"categories":[26],"tags":[],"class_list":["post-3795","post","type-post","status-publish","format-standard","has-post-thumbnail","hentry","category-portraits","et-has-post-format-content","et_post_format-et-post-format-standard"],"_links":{"self":[{"href":"https:\/\/variances.eu\/index.php?rest_route=\/wp\/v2\/posts\/3795","targetHints":{"allow":["GET"]}}],"collection":[{"href":"https:\/\/variances.eu\/index.php?rest_route=\/wp\/v2\/posts"}],"about":[{"href":"https:\/\/variances.eu\/index.php?rest_route=\/wp\/v2\/types\/post"}],"author":[{"embeddable":true,"href":"https:\/\/variances.eu\/index.php?rest_route=\/wp\/v2\/users\/198"}],"replies":[{"embeddable":true,"href":"https:\/\/variances.eu\/index.php?rest_route=%2Fwp%2Fv2%2Fcomments&post=3795"}],"version-history":[{"count":0,"href":"https:\/\/variances.eu\/index.php?rest_route=\/wp\/v2\/posts\/3795\/revisions"}],"wp:featuredmedia":[{"embeddable":true,"href":"https:\/\/variances.eu\/index.php?rest_route=\/wp\/v2\/media\/3796"}],"wp:attachment":[{"href":"https:\/\/variances.eu\/index.php?rest_route=%2Fwp%2Fv2%2Fmedia&parent=3795"}],"wp:term":[{"taxonomy":"category","embeddable":true,"href":"https:\/\/variances.eu\/index.php?rest_route=%2Fwp%2Fv2%2Fcategories&post=3795"},{"taxonomy":"post_tag","embeddable":true,"href":"https:\/\/variances.eu\/index.php?rest_route=%2Fwp%2Fv2%2Ftags&post=3795"}],"curies":[{"name":"wp","href":"https:\/\/api.w.org\/{rel}","templated":true}]}}