{"id":3651,"date":"2018-11-23T08:15:50","date_gmt":"2018-11-23T06:15:50","guid":{"rendered":"http:\/\/variances.eu\/?p=3651"},"modified":"2020-05-13T14:45:26","modified_gmt":"2020-05-13T12:45:26","slug":"soixante-ans-de-reduction-temps-de-travail-monde","status":"publish","type":"post","link":"https:\/\/variances.eu\/?p=3651","title":{"rendered":"Soixante ans de r\u00e9duction du temps de travail dans le monde"},"content":{"rendered":"<p>[et_pb_section transparent_background=\u00a0\u00bboff\u00a0\u00bb allow_player_pause=\u00a0\u00bboff\u00a0\u00bb inner_shadow=\u00a0\u00bboff\u00a0\u00bb parallax=\u00a0\u00bboff\u00a0\u00bb parallax_method=\u00a0\u00bbon\u00a0\u00bb custom_padding=\u00a0\u00bb3px|0px|0px|0px\u00a0\u00bb make_fullwidth=\u00a0\u00bboff\u00a0\u00bb use_custom_width=\u00a0\u00bboff\u00a0\u00bb width_unit=\u00a0\u00bboff\u00a0\u00bb custom_width_px=\u00a0\u00bb1080px\u00a0\u00bb custom_width_percent=\u00a0\u00bb80%\u00a0\u00bb make_equal=\u00a0\u00bboff\u00a0\u00bb use_custom_gutter=\u00a0\u00bboff\u00a0\u00bb fullwidth=\u00a0\u00bboff\u00a0\u00bb specialty=\u00a0\u00bboff\u00a0\u00bb admin_label=\u00a0\u00bbsection\u00a0\u00bb disabled=\u00a0\u00bboff\u00a0\u00bb][et_pb_row make_fullwidth=\u00a0\u00bboff\u00a0\u00bb use_custom_width=\u00a0\u00bboff\u00a0\u00bb width_unit=\u00a0\u00bboff\u00a0\u00bb custom_width_px=\u00a0\u00bb1080px\u00a0\u00bb custom_width_percent=\u00a0\u00bb80%\u00a0\u00bb use_custom_gutter=\u00a0\u00bboff\u00a0\u00bb gutter_width=\u00a0\u00bb3&Prime; custom_padding=\u00a0\u00bb18.9531px|0px|0px|0px\u00a0\u00bb allow_player_pause=\u00a0\u00bboff\u00a0\u00bb parallax=\u00a0\u00bboff\u00a0\u00bb parallax_method=\u00a0\u00bbon\u00a0\u00bb make_equal=\u00a0\u00bboff\u00a0\u00bb parallax_1=\u00a0\u00bboff\u00a0\u00bb parallax_method_1=\u00a0\u00bbon\u00a0\u00bb parallax_2=\u00a0\u00bboff\u00a0\u00bb parallax_method_2=\u00a0\u00bbon\u00a0\u00bb parallax_3=\u00a0\u00bboff\u00a0\u00bb parallax_method_3=\u00a0\u00bbon\u00a0\u00bb parallax_4=\u00a0\u00bboff\u00a0\u00bb parallax_method_4=\u00a0\u00bbon\u00a0\u00bb][et_pb_column type=\u00a0\u00bb4_4&Prime; parallax=\u00a0\u00bboff\u00a0\u00bb parallax_method=\u00a0\u00bbon\u00a0\u00bb][et_pb_text background_layout=\u00a0\u00bblight\u00a0\u00bb text_orientation=\u00a0\u00bbleft\u00a0\u00bb background_color=\u00a0\u00bb#f7f7f7&Prime;]<\/p>\n<h5><em><strong><\/strong><\/em><\/h5>\n<h5 style=\"text-align: center;\"><em><strong>Soixante (dix) ans de r&eacute;duction du temps de travail dans le monde<\/strong><\/em><\/h5>\n<p><em>Si l&rsquo;on extrapole les tendances &agrave; la r&eacute;duction du temps de travail, nous devrions cesser de travailler vers l&rsquo;an 24&nbsp;739. Les observations les plus r&eacute;centes infirment cette pr&eacute;vision&nbsp;: apr&egrave;s s&rsquo;&ecirc;tre r&eacute;duite d&rsquo;environ un tiers entre 1950 et 2007, la dur&eacute;e annuelle de travail se stabilise.<\/em><\/p>\n<p><em>A l&rsquo;occasion de la mise en place de la &laquo;&nbsp;base 2000&nbsp;&raquo;, l&rsquo;Insee, plus pr&eacute;cis&eacute;ment le d&eacute;partement des comptes nationaux, a produit une &laquo;&nbsp;r&eacute;tropolation&nbsp;&raquo; de nombreux agr&eacute;gats macro-&eacute;conomiques en s&eacute;ries longues (de 1950 &agrave; l&rsquo;ann&eacute;e courante). Cela a &eacute;t&eacute; le cas des comptes d&rsquo;emplois&nbsp;: nombre de personnes occup&eacute;es, dur&eacute;e annuelle moyenne du travail, volume total d&rsquo;heures travaill&eacute;es. Ces travaux ont donn&eacute; lieu &agrave; quelques publications. Celles-ci utilisent des donn&eacute;es sur la p&eacute;riode 1950 -2007, donc ne prennent pas en compte ce qui s&rsquo;est pass&eacute; pendant et apr&egrave;s la crise de 2008. L&rsquo;harmonisation des concepts et modes de calculs qu&rsquo;impose la comptabilit&eacute; nationale permet une analyse dans le temps et l&rsquo;espace, riche d&rsquo;enseignements.<\/em><\/p>\n<p><em>Nous proposons ainsi &agrave; nos lecteurs l&rsquo;Insee premi&egrave;re&nbsp;(1273, janvier 2010) : &laquo;&nbsp;Soixante ans de r&eacute;duction du temps de travail dans le monde&nbsp;&raquo; (<span>&nbsp;<\/span><span><span style=\"text-decoration: underline; color: #0000ff;\"><a href=\"https:\/\/www.insee.fr\/fr\/statistiques\/1281175\" style=\"color: #0000ff; text-decoration: underline;\">https:\/\/www.insee.fr\/fr\/statistiques\/1281175<\/a><\/span><span>&nbsp;<\/span><\/span>), dont voici quelques &eacute;l&eacute;ments de synth&egrave;se.<\/em><\/p>\n<h5><em><strong>Une tendance &agrave; la baisse<\/strong><\/em><\/h5>\n<p><em>L&rsquo;&eacute;tude rappel&eacute;e ici analyse les &eacute;volutions de la dur&eacute;e annuelle moyenne du temps de travail. La tendance g&eacute;n&eacute;rale a &eacute;t&eacute; celle d&rsquo;une r&eacute;duction de cette dur&eacute;e, depuis un niveau largement au-del&agrave; des 2000 h dans les pays d&eacute;velopp&eacute;s juste apr&egrave;s-guerre, aux alentours de 1600 h au d&eacute;but du mill&eacute;naire. Cette &eacute;volution n&rsquo;a pas eu la m&ecirc;me ampleur, la m&ecirc;me chronologie et les m&ecirc;mes d&eacute;terminants dans les pays analys&eacute;s (France, principaux pays d&rsquo;Europe, Etats-Unis, Japon).<\/em><\/p>\n<h5><em><strong>Salarisation d&rsquo;abord, progression du temps partiel ensuite<\/strong><\/em><\/h5>\n<p><em>Ainsi en France, c&rsquo;est d&rsquo;abord un mouvement de&nbsp;&laquo;&nbsp;salarisation&nbsp;&raquo; (la proportion de non-salari&eacute;s dans l&rsquo;&eacute;conomie se r&eacute;duisant progressivement) qui explique largement la r&eacute;duction de la dur&eacute;e moyenne de travail. La rupture est sensible au tournant des ann&eacute;es 1970. Deux faits majeurs apparaissent alors&nbsp;: une augmentation du ch&ocirc;mage tr&egrave;s largement au-del&agrave; du taux de ch&ocirc;mage frictionnel et le d&eacute;veloppement du temps partiel, qui concerne surtout les femmes (l&rsquo;augmentation du taux d&rsquo;activit&eacute; et d&rsquo;emploi des femmes est &eacute;videmment plus importante encore sur le plan soci&eacute;tal). L&rsquo;analyse de la p&eacute;riode 1992-2007, avec une comparaison entre France et Allemagne, r&eacute;v&egrave;le deux m&eacute;canismes tr&egrave;s distincts, mais aux effets similaires. En France, la r&eacute;duction par voie l&eacute;gislative de la dur&eacute;e hebdomadaire du temps de travail s&rsquo;est mise en place &agrave; la fin des ann&eacute;es 1990. En Allemagne, le temps partiel s&rsquo;est d&eacute;velopp&eacute;. Dans les deux cas, la dur&eacute;e annuelle a diminu&eacute; d&rsquo;environ 135 heures durant la p&eacute;riode.<\/em><\/p>\n<h5><em><strong>Et depuis&nbsp;?<\/strong><\/em><\/h5>\n<p><em>Contrairement &agrave; ce que l&rsquo;on observe sur d&rsquo;autres agr&eacute;gats, volume horaire total, taux d&rsquo;emploi, &hellip;, la crise de 2008 a eu assez peu d&rsquo;effets sur la dur&eacute;e annuelle moyenne, notamment en France. Durant les dix derni&egrave;res ann&eacute;es, on a observ&eacute; une stabilisation de la dur&eacute;e annuelle moyenne, d&eacute;j&agrave; observable depuis le d&eacute;but des ann&eacute;es 2000. La baisse s&rsquo;est toutefois poursuivie dans des pays o&ugrave; le temps partiel est tr&egrave;s d&eacute;velopp&eacute; (Allemagne, Pays-Bas) ou encore au Japon, qui a amorc&eacute; sa baisse du temps de travail plus tardivement (d&eacute;but des ann&eacute;es 1990) et qui est maintenant au m&ecirc;me niveau que les Etats-Unis (les donn&eacute;es utilis&eacute;es, de l&rsquo;OCDE, ne prennent en compte que les heures suppl&eacute;mentaires r&eacute;mun&eacute;r&eacute;es, ce qui induit un biais manifeste dans le cas du Japon &hellip;).<\/em><\/p>\n<h5><strong><em>Pour visualiser la tendance r&eacute;cente &hellip;<\/em><\/strong><\/h5>\n<p><em>Les donn&eacute;es de l&rsquo;OCDE et celles utilis&eacute;s dans l&rsquo;Insee premi&egrave;re (GGDC) ne sont pas tout &agrave; fait homog&egrave;nes, mais coh&eacute;rentes en &eacute;volutions).<\/em><\/p>\n<p><span><div id=\"attachment_3652\" style=\"width: 810px\" class=\"wp-caption aligncenter\"><img loading=\"lazy\" decoding=\"async\" aria-describedby=\"caption-attachment-3652\" class=\"wp-image-3652\" src=\"wp-content\/uploads\/2018\/11\/Image1.png\" alt=\"\" width=\"800\" height=\"450\" srcset=\"https:\/\/variances.eu\/wp-content\/uploads\/2018\/11\/Image1.png 944w, https:\/\/variances.eu\/wp-content\/uploads\/2018\/11\/Image1-300x169.png 300w, https:\/\/variances.eu\/wp-content\/uploads\/2018\/11\/Image1-600x338.png 600w\" sizes=\"(max-width: 800px) 100vw, 800px\" \/><p id=\"caption-attachment-3652\" class=\"wp-caption-text\"><span><span>&nbsp;<\/span>Dur&eacute;es annuelles de travail, en nombre d&rsquo;heures\/an<\/p><\/div><\/span><\/p>\n<p>[\/et_pb_text][\/et_pb_column][\/et_pb_row][et_pb_row make_fullwidth=\u00a0\u00bboff\u00a0\u00bb use_custom_width=\u00a0\u00bboff\u00a0\u00bb width_unit=\u00a0\u00bboff\u00a0\u00bb custom_width_px=\u00a0\u00bb1080px\u00a0\u00bb custom_width_percent=\u00a0\u00bb80%\u00a0\u00bb use_custom_gutter=\u00a0\u00bboff\u00a0\u00bb gutter_width=\u00a0\u00bb3&Prime; custom_padding=\u00a0\u00bb0px|0px|0px|0px\u00a0\u00bb allow_player_pause=\u00a0\u00bboff\u00a0\u00bb parallax=\u00a0\u00bboff\u00a0\u00bb parallax_method=\u00a0\u00bbon\u00a0\u00bb make_equal=\u00a0\u00bboff\u00a0\u00bb parallax_1=\u00a0\u00bboff\u00a0\u00bb parallax_method_1=\u00a0\u00bbon\u00a0\u00bb parallax_2=\u00a0\u00bboff\u00a0\u00bb parallax_method_2=\u00a0\u00bbon\u00a0\u00bb parallax_3=\u00a0\u00bboff\u00a0\u00bb parallax_method_3=\u00a0\u00bbon\u00a0\u00bb parallax_4=\u00a0\u00bboff\u00a0\u00bb parallax_method_4=\u00a0\u00bbon\u00a0\u00bb admin_label=\u00a0\u00bbrow\u00a0\u00bb disabled=\u00a0\u00bboff\u00a0\u00bb][et_pb_column type=\u00a0\u00bb4_4&Prime; disabled=\u00a0\u00bboff\u00a0\u00bb parallax=\u00a0\u00bboff\u00a0\u00bb parallax_method=\u00a0\u00bbon\u00a0\u00bb][et_pb_text background_layout=\u00a0\u00bblight\u00a0\u00bb text_orientation=\u00a0\u00bbleft\u00a0\u00bb admin_label=\u00a0\u00bbTexte\u00a0\u00bb use_border_color=\u00a0\u00bboff\u00a0\u00bb border_style=\u00a0\u00bbsolid\u00a0\u00bb disabled=\u00a0\u00bboff\u00a0\u00bb]<\/p>\n<h5><em><strong><\/strong><\/em><\/h5>\n<\/p>\n<hr \/>\n<h3 style=\"text-align: center;\"><\/h3>\n<\/p>\n<\/p>\n<h3 style=\"text-align: center;\"><\/h3>\n<\/p>\n<h3 style=\"text-align: center;\"><strong><\/strong><strong>Soixante ans de r&eacute;duction du temps de travail dans le monde<\/strong><\/h3>\n<\/p>\n<\/p>\n<p><strong>Depuis 1950, la dur&eacute;e annuelle du travail a baiss&eacute; dans tous les pays d&eacute;velopp&eacute;s. Tout d&rsquo;abord sous l&rsquo;effet de la salarisation de l&rsquo;emploi, puis par la r&eacute;duction de la dur&eacute;e annuelle du travail des salari&eacute;s &agrave; temps complet. Depuis une trentaine d&rsquo;ann&eacute;es, elle r&eacute;sulte &eacute;galement du d&eacute;veloppement du temps partiel. Ce dernier facteur a un peu moins jou&eacute; en France depuis la mise en place des 35 heures.<\/strong><\/p>\n<\/p>\n<\/p>\n<h3><strong>Depuis 60 ans, la dur&eacute;e du travail baisse dans les pays d&eacute;velopp&eacute;s<\/strong><\/h3>\n<\/p>\n<\/p>\n<p>En pr&egrave;s de 60 ans, la dur&eacute;e du travail a baiss&eacute; d&rsquo;environ 25 % sur un panel de dix pays ayant un PIB par habitant parmi les plus &eacute;lev&eacute;s <em>(graphique 1).<\/em> Plusieurs facteurs ont contribu&eacute; &agrave; cette baisse&nbsp;: la salarisation des &eacute;conomies tout d&rsquo;abord, les diminutions de dur&eacute;e hebdomadaire collective et l&rsquo;augmentation du nombre de jours de cong&eacute;s ensuite, le d&eacute;veloppement du travail &agrave; temps partiel enfin.<\/p>\n<\/p>\n<\/p>\n<p>Au lendemain de la deuxi&egrave;me guerre mondiale, la n&eacute;cessit&eacute; du red&eacute;marrage des &eacute;conomies s&rsquo;est partout impos&eacute;e, induisant une forte demande de travail et des volumes horaires de travail cons&eacute;quents. En 1950, les dur&eacute;es annuelles de travail se situaient largement au-dessus des 2&nbsp;000 heures par an (tableau 1). Jusqu&rsquo;au milieu des ann&eacute;es 1960, le repli du non-salariat entra&icirc;ne m&eacute;caniquement une baisse, mod&eacute;r&eacute;e, de la dur&eacute;e annuelle moyenne du travail <em>(d&eacute;finition),<\/em> les non-salari&eacute;s ayant un temps de travail sup&eacute;rieur &agrave; celui des salari&eacute;s.<\/p>\n<\/p>\n<\/p>\n<p>Alors que la tendance &agrave; la salarisation des &eacute;conomies se poursuivait, la baisse s&rsquo;est en outre accentu&eacute;e &agrave; la fin des ann&eacute;es 1960, puis dans les ann&eacute;es 1970. Dans un contexte &eacute;conomique tr&egrave;s favorable, les forts gains de productivit&eacute; apparente du travail ont permis de desserrer la demande en main-d&rsquo;&oelig;uvre et les tensions sur le march&eacute; du travail, et donc de r&eacute;duire la dur&eacute;e travaill&eacute;e. Cette r&eacute;duction s&rsquo;est faite via la baisse du nombre d&rsquo;heures suppl&eacute;mentaires ou l&rsquo;octroi de journ&eacute;es suppl&eacute;mentaires de cong&eacute;s. Avant m&ecirc;me le premier choc p&eacute;trolier, le volume horaire de travail moyen a donc commenc&eacute; &agrave; diminuer de fa&ccedil;on marqu&eacute;e. Le ralentissement de l&rsquo;activit&eacute; dans les ann&eacute;es 1970 a &eacute;t&eacute; un autre facteur de baisse&nbsp;: la demande de travail &eacute;tant moins intense, la r&eacute;duction des heures suppl&eacute;mentaires s&rsquo;est poursuivie. La lutte contre le ch&ocirc;mage est en outre pass&eacute;e par la baisse de la dur&eacute;e collective du travail ou le d&eacute;veloppement du travail &agrave; temps partiel.<\/p>\n<\/p>\n<\/p>\n<p>Parmi les pays d&eacute;velopp&eacute;s, les dur&eacute;es annuelles &eacute;taient ainsi majoritairement de moins de 1&nbsp;800 heures au milieu des ann&eacute;es 1980. Depuis cette date, les dur&eacute;es hebdomadaires des temps complets et la part des non-salari&eacute;s se sont progressivement stabilis&eacute;es dans la plupart des pays d&eacute;velopp&eacute;s, si bien que la baisse de la dur&eacute;e annuelle de travail est redevenue plus mod&eacute;r&eacute;e. Elle r&eacute;sulte cette fois d&rsquo;un nouveau ph&eacute;nom&egrave;ne&nbsp;: celui du d&eacute;veloppement du temps partiel.<\/p>\n<div id=\"attachment_3653\" style=\"width: 810px\" class=\"wp-caption aligncenter\"><img loading=\"lazy\" decoding=\"async\" aria-describedby=\"caption-attachment-3653\" class=\"wp-image-3653\" src=\"wp-content\/uploads\/2018\/11\/Image2-1024x671.png\" alt=\"\" width=\"800\" height=\"524\" srcset=\"https:\/\/variances.eu\/wp-content\/uploads\/2018\/11\/Image2-1024x671.png 1024w, https:\/\/variances.eu\/wp-content\/uploads\/2018\/11\/Image2-300x197.png 300w, https:\/\/variances.eu\/wp-content\/uploads\/2018\/11\/Image2-600x393.png 600w, https:\/\/variances.eu\/wp-content\/uploads\/2018\/11\/Image2-1080x708.png 1080w, https:\/\/variances.eu\/wp-content\/uploads\/2018\/11\/Image2.png 1082w\" sizes=\"(max-width: 800px) 100vw, 800px\" \/><p id=\"caption-attachment-3653\" class=\"wp-caption-text\">Graphique 1&nbsp;: Les dur&eacute;es annuelles de travail<\/p><\/div>\n<p style=\"text-align: center;\">Lecture&nbsp;: en 2007, la dur&eacute;e annuelle du travail est de 1 559 heures en France et en moyenne (simple) de 1 555 heures (moyenne simple) dans 6 autres pays europ&eacute;ens (Allemagne, Italie, Pays-Bas, Espagne, Su&egrave;de et Royaume-Uni).<\/p>\n<\/p>\n<\/p>\n<p style=\"text-align: center;\"><em>Source&nbsp;: Base de donn&eacute;es du Groningen Growth Center development (GGDC)<\/em><\/p>\n<\/p>\n<\/p>\n<h3><strong>De 1&nbsp;410 heures aux Pays-Bas &agrave; 2&nbsp;400 heures en Cor&eacute;e du Sud <\/strong><\/h3>\n<\/p>\n<\/p>\n<p>En 2007, la dur&eacute;e moyenne est de 1&nbsp;620 heures par an dans les 10&nbsp;pays observ&eacute;s. Elle est inf&eacute;rieure &agrave; cette moyenne aux Pays-Bas, en Allemagne et en France et bien sup&eacute;rieure aux &Eacute;tats-Unis ou au Japon. Ces &eacute;carts s&rsquo;expliquent en premier lieu par l&rsquo;importance relative du temps partiel. En revanche, le taux d&rsquo;emploi <em>(d&eacute;finitions)<\/em> ou les diff&eacute;rences de composition de l&rsquo;activit&eacute; ne jouent pas un r&ocirc;le notable dans ces diff&eacute;rences <em>(tableau 1)<\/em>.<\/p>\n<\/p>\n<\/p>\n<p>En soixante ans, aux Pays-Bas et en Allemagne, les actifs ayant un emploi sont pass&eacute;s de plus de 2&nbsp;300&nbsp;heures annuelles de travail &agrave; environ 1&nbsp;400&nbsp;heures. Aux &Eacute;tats-Unis, la baisse n&rsquo;a &eacute;t&eacute; que de 200 heures et depuis 30 ans le temps de travail y est remarquablement stable. L&rsquo;Italie et le Royaume-Uni ont suivi un rythme interm&eacute;diaire. En Su&egrave;de, la baisse s&rsquo;est interrompue au d&eacute;but des ann&eacute;es 1980, puis la grande crise de 1990-1992 qu&rsquo;a travers&eacute;e ce pays et les politiques men&eacute;es pour y rem&eacute;dier se sont accompagn&eacute;es, au milieu des ann&eacute;es 1990, d&rsquo;une remont&eacute;e sensible du temps de travail qui passe de 1&nbsp;560 heures en 1990 &agrave; 1&nbsp;600 heures en 2007. En Espagne et au Japon, cette d&eacute;crue s&rsquo;est amorc&eacute;e plus tardivement&nbsp;: &agrave; la fin des ann&eacute;es 1970 en Espagne et &agrave; la fin des ann&eacute;es 1980 au Japon&nbsp;; aujourd&rsquo;hui on travaille dans ces deux pays environ 1&nbsp;800 heures par an. En Cor&eacute;e du sud, o&ugrave; le non-salariat est encore fr&eacute;quent et le temps partiel peu d&eacute;velopp&eacute;, la dur&eacute;e est longtemps rest&eacute;e stable &agrave; un niveau &eacute;lev&eacute;&nbsp;: plus de 2&nbsp;400 heures annuelles jusqu&rsquo;aux ann&eacute;es 1990, une baisse s&rsquo;&eacute;tant amorc&eacute;e depuis.<\/p>\n<div id=\"attachment_3657\" style=\"width: 810px\" class=\"wp-caption aligncenter\"><img loading=\"lazy\" decoding=\"async\" aria-describedby=\"caption-attachment-3657\" class=\"wp-image-3657\" src=\"wp-content\/uploads\/2018\/11\/Image3-1.png\" alt=\"\" width=\"800\" height=\"344\" srcset=\"https:\/\/variances.eu\/wp-content\/uploads\/2018\/11\/Image3-1.png 975w, https:\/\/variances.eu\/wp-content\/uploads\/2018\/11\/Image3-1-300x129.png 300w, https:\/\/variances.eu\/wp-content\/uploads\/2018\/11\/Image3-1-600x258.png 600w\" sizes=\"(max-width: 800px) 100vw, 800px\" \/><p id=\"caption-attachment-3657\" class=\"wp-caption-text\">Tableau 1&nbsp;: Principales donn&eacute;es sur l&rsquo;emploi dans 10 pays<\/p><\/div>\n<p style=\"text-align: center;\">Lecture&nbsp;: en 1950, la dur&eacute;e annuelle du travail &eacute;tait de 2 230 heures en France, elle n&rsquo;est plus que de 1559 heures en 2007. Le PIB par habitant est de 32 300 $, le taux d&rsquo;emploi de 63 %&nbsp;; les travailleurs &agrave; temps partiel repr&eacute;sentent 17 % de la population active ayant un emploi et les salari&eacute;s 91 %.<\/p>\n<\/p>\n<\/p>\n<p style=\"text-align: center;\"><em>Sources&nbsp;: dur&eacute;es annuelles et PIB \/ habitant&nbsp;: base de donn&eacute;es du GGDC. Salarisation&nbsp;: base de donn&eacute;es de l&rsquo;OCDE. Taux d&rsquo;emploi et temps partiel&nbsp;: donn&eacute;es Eurostat pour pays de l&rsquo;UE, donn&eacute;es OCDE pour les autres.<\/em><\/p>\n<\/p>\n<\/p>\n<h3><strong>Jusqu&rsquo;au milieu des ann&eacute;es 1960, la salarisation est le principal facteur de baisse en France&nbsp;<\/strong><\/h3>\n<\/p>\n<\/p>\n<p>Les grandes tendances et facteurs de la baisse de la dur&eacute;e annuelle du travail, observ&eacute;es dans le panel des dix pays d&eacute;velopp&eacute;s, sont &agrave; l&rsquo;&oelig;uvre en France. Accompagnant le d&eacute;clin de l&rsquo;emploi agricole, le taux de salarisation (rapport du nombre de salari&eacute;s au nombre de personnes ayant un emploi), est pass&eacute; de 65&nbsp;% en 1950 &agrave; 76&nbsp;% en 1965 <em>(tableau 2).<\/em> Au cours de cette p&eacute;riode, la salarisation de l&rsquo;emploi a &eacute;t&eacute; le principal facteur de la baisse&nbsp;: la dur&eacute;e annuelle de l&rsquo;ensemble des actifs en emploi s&rsquo;est r&eacute;duite de pr&egrave;s de 0,4 % par an en moyenne (soit 140 heures) bien que celle des seuls salari&eacute;s soit rest&eacute;e stable. En particulier, l&rsquo;octroi aux salari&eacute;s d&rsquo;une troisi&egrave;me semaine de cong&eacute;s a &eacute;t&eacute; compens&eacute;e par une hausse des dur&eacute;es hebdomadaires, en raison des besoins importants de main-d&rsquo;&oelig;uvre et de la situation tendue du march&eacute; du travail.<\/p>\n<\/p>\n<\/p>\n<p>Entre le milieu des ann&eacute;es 1960 et aujourd&rsquo;hui,&nbsp;bien que le taux de salarisation ait continu&eacute; d&rsquo;augmenter pour se stabiliser &agrave; pr&egrave;s de 90&nbsp;% depuis une dizaine d&rsquo;ann&eacute;es, sa contribution &agrave; la r&eacute;duction de la dur&eacute;e annuelle du travail a &eacute;t&eacute; de seulement 100 heures sur une r&eacute;duction totale de 650 heures.<\/p>\n<\/p>\n<\/p>\n<p>Dans quasiment tous les pays, le d&eacute;clin g&eacute;n&eacute;ral de l&rsquo;emploi agricole a d&eacute;termin&eacute; le rythme et l&rsquo;ampleur de la salarisation qui atteint aujourd&rsquo;hui un taux proche de 90 %, comme en France. Dans certains pays (Royaume-Uni, Pays-Bas, Su&egrave;de), ce mouvement est en l&eacute;ger recul depuis quelques ann&eacute;es. En Cor&eacute;e et en Italie, ou encore en Espagne, les taux ont augment&eacute; mais demeurent plus bas qu&rsquo;ailleurs, autour de 70%. Ces taux de salarisation moins &eacute;lev&eacute;s s&rsquo;expliquent en partie par le poids des branches d&rsquo;activit&eacute;s agricoles et de construction. Ces diff&eacute;rences de taux n&rsquo;expliquent toutefois qu&rsquo;une petite partie des &eacute;carts de dur&eacute;e annuelle de travail entre pays&nbsp;: &agrave; proportions de salari&eacute;s comparables entre le Japon et les Pays-Bas d&rsquo;une part, ou la France et les &Eacute;tats-Unis d&rsquo;autre part, les dur&eacute;es annuelles moyennes peuvent &ecirc;tre fort diff&eacute;rentes <em>(tableau 1).<\/em><\/p>\n<div id=\"attachment_3659\" style=\"width: 810px\" class=\"wp-caption aligncenter\"><img loading=\"lazy\" decoding=\"async\" aria-describedby=\"caption-attachment-3659\" class=\"wp-image-3659\" src=\"wp-content\/uploads\/2018\/11\/Image4-1024x164.png\" alt=\"\" width=\"800\" height=\"128\" srcset=\"https:\/\/variances.eu\/wp-content\/uploads\/2018\/11\/Image4-1024x164.png 1024w, https:\/\/variances.eu\/wp-content\/uploads\/2018\/11\/Image4-300x48.png 300w, https:\/\/variances.eu\/wp-content\/uploads\/2018\/11\/Image4-600x96.png 600w, https:\/\/variances.eu\/wp-content\/uploads\/2018\/11\/Image4-1080x173.png 1080w, https:\/\/variances.eu\/wp-content\/uploads\/2018\/11\/Image4-1280x206.png 1280w, https:\/\/variances.eu\/wp-content\/uploads\/2018\/11\/Image4.png 1285w\" sizes=\"(max-width: 800px) 100vw, 800px\" \/><p id=\"caption-attachment-3659\" class=\"wp-caption-text\">Tableau&nbsp;2: contribution de la salarisation &agrave; la r&eacute;duction de la dur&eacute;e depuis 1950 en France (en heures)<\/p><\/div>\n<p style=\"text-align: center;\">Lecture&nbsp;: entre 1950 et 1974, la dur&eacute;e annuelle a baiss&eacute; de 400 heures qui se d&eacute;composent en 211 heures dues &agrave; la diminution de la dur&eacute;e du travail des salari&eacute;s et 189 heures imputables &agrave; la salarisation.<\/p>\n<\/p>\n<\/p>\n<p style=\"text-align: center;\"><em>Source et calculs&nbsp;: Insee (comptabilit&eacute; nationale)<\/em><\/p>\n<\/p>\n<\/p>\n<h3><strong>Fin des ann&eacute;es 1960 &#8211; d&eacute;but des ann&eacute;es 1980&nbsp;: en route vers les 39 heures<\/strong><\/h3>\n<\/p>\n<\/p>\n<p>En France, pour les salari&eacute;s &agrave; temps complet, l&rsquo;essentiel de la baisse de la dur&eacute;e hebdomadaire a eu lieu entre 1966 et 1982. Elle est pass&eacute;e d&rsquo;environ 45,5 heures &agrave; un alignement sur la dur&eacute;e l&eacute;gale, soit 40 puis 39 heures en 1982 <em>(tableau 3).<\/em> Elle a contribu&eacute; pour 260 heures &agrave; la baisse de 337 heures de la dur&eacute;e annuelle moyenne sur la p&eacute;riode.<\/p>\n<\/p>\n<\/p>\n<p>Jusqu&rsquo;au milieu des ann&eacute;es 1970, les gains importants de productivit&eacute; apparente du travail ont engendr&eacute; de moindres tensions sur le march&eacute; du travail. Ils ont permis cet alignement sur la dur&eacute;e l&eacute;gale (donc un moindre recours aux heures suppl&eacute;mentaires) et l&rsquo;accroissement du nombre de jours de cong&eacute;s (troisi&egrave;me semaine de cong&eacute; en 1956, quatri&egrave;me en 1968).<\/p>\n<\/p>\n<\/p>\n<p>Puis la rupture dans le rythme de croissance &agrave; partir des ann&eacute;es 1970 a induit un tarissement de la demande de travail et un recours toujours moindre aux heures suppl&eacute;mentaires. Les mesures prises pour freiner la hausse du ch&ocirc;mage ont favoris&eacute; le temps partiel ou les r&eacute;ductions collectives du temps de travail (en 1982, baisse de la dur&eacute;e &agrave; 39 heures, cinqui&egrave;me semaine de cong&eacute;, baisse de la dur&eacute;e l&eacute;gale avec les lois de 1998 et 2000). Ainsi, de 1982 &agrave; 1998, la dur&eacute;e hebdomadaire a l&eacute;g&egrave;rement baiss&eacute;, contribuant pour moiti&eacute; &agrave; la baisse d&rsquo;environ 80 heures de la dur&eacute;e moyenne. Le quasi\u2011doublement de la proportion de salari&eacute;s &agrave; temps partiel entre 1990 et 1998 a &eacute;t&eacute; le facteur essentiel de baisse de la dur&eacute;e moyenne&nbsp;: la proportion de salari&eacute;s &agrave; temps partiel est pass&eacute;e de 9,5% en 1990 &agrave; 15,0&nbsp;% en 1998 sur le seul champ concurrentiel, contribuant pour environ 40 heures &agrave; la baisse d&rsquo;ensemble.<\/p>\n<\/p>\n<\/p>\n<p>Les mutations de la composition de l&rsquo;emploi (d&eacute;clin de l&rsquo;emploi industriel, croissance des emplois de services, plus souvent &agrave; temps partiels) ont &eacute;galement contribu&eacute; &agrave; cette baisse de la dur&eacute;e, dans une moindre mesure.<\/p>\n<div id=\"attachment_3660\" style=\"width: 810px\" class=\"wp-caption aligncenter\"><img loading=\"lazy\" decoding=\"async\" aria-describedby=\"caption-attachment-3660\" class=\"wp-image-3660\" src=\"wp-content\/uploads\/2018\/11\/Image5-1024x147.png\" alt=\"\" width=\"800\" height=\"115\" srcset=\"https:\/\/variances.eu\/wp-content\/uploads\/2018\/11\/Image5-1024x147.png 1024w, https:\/\/variances.eu\/wp-content\/uploads\/2018\/11\/Image5-300x43.png 300w, https:\/\/variances.eu\/wp-content\/uploads\/2018\/11\/Image5-600x86.png 600w, https:\/\/variances.eu\/wp-content\/uploads\/2018\/11\/Image5-1080x155.png 1080w, https:\/\/variances.eu\/wp-content\/uploads\/2018\/11\/Image5.png 1243w\" sizes=\"(max-width: 800px) 100vw, 800px\" \/><p id=\"caption-attachment-3660\" class=\"wp-caption-text\">Tableau&nbsp;3 : contribution de la baisse de la dur&eacute;e hebdomadaire &agrave; la r&eacute;duction de la dur&eacute;e annuelle, depuis 1950 (en heures)<\/p><\/div>\n<p style=\"text-align: center;\">Lecture&nbsp;: en 1982, la dur&eacute;e annuelle des salari&eacute;s a baiss&eacute; de 337 heures depuis 1950. Cette baisse se d&eacute;compose en 240 heures dues &agrave; la baisse de la dur&eacute;e hebdomadaire des salari&eacute;s et 97 heures imputables aux autres effets, principalement le passage de deux &agrave; cinq semaines de cong&eacute;. A compter de 1998, les effets de la dur&eacute;e hebdomadaire comprennent &eacute;galement les effets li&eacute;s aux jours de r&eacute;duction du temps de travail octroy&eacute;s.<\/p>\n<\/p>\n<\/p>\n<p style=\"text-align: center;\"><em>Source&nbsp;: Insee, comptabilit&eacute; nationale, calculs Insee.<\/em><\/p>\n<\/p>\n<\/p>\n<h3><strong>Fin des ann&eacute;es 1970&nbsp;: mont&eacute;e g&eacute;n&eacute;rale du temps partiel<\/strong><\/h3>\n<\/p>\n<\/p>\n<p>Depuis la fin des ann&eacute;es 1970, la hausse du travail &agrave; temps partiel est un autre trait commun aux pays d&eacute;velopp&eacute;s. Il concerne davantage les femmes que les hommes, et, de fa&ccedil;on non ind&eacute;pendante, il est plus r&eacute;pandu dans les services que dans l&rsquo;industrie. Ce d&eacute;veloppement n&rsquo;a toutefois pas &eacute;t&eacute; de m&ecirc;me ampleur partout si bien qu&rsquo;en 2007, la proportion d&rsquo;emploi &agrave; temps partiel est bien plus &eacute;lev&eacute;e dans certains pays europ&eacute;ens (46&nbsp;% aux Pays-Bas, 25% au Royaume-Uni et en Allemagne) qu&rsquo;en France (17%), aux &Eacute;tats-Unis (16%) ou en Cor&eacute;e (10 %). Ces diff&eacute;rences expliquent en partie les &eacute;carts de dur&eacute;e moyenne entre pays.<\/p>\n<\/p>\n<\/p>\n<p>Le temps partiel a deux facettes&nbsp;: d&rsquo;un c&ocirc;t&eacute;, il peut &ecirc;tre subi, comme c&rsquo;est souvent le cas dans des branches et des professions faiblement r&eacute;mun&eacute;ratrices&nbsp;; de l&rsquo;autre, il peut &ecirc;tre voulu, dans une perspective de conciliation des contraintes familiales et professionnelles. L&rsquo;exemple des Pays-Bas est embl&eacute;matique, avec un taux d&rsquo;emploi &eacute;lev&eacute;, une proportion de temps partiel tr&egrave;s d&eacute;velopp&eacute;e, surtout chez les femmes, celles-ci travaillant le plus souvent dans des activit&eacute;s de services &agrave; faible dur&eacute;e annuelle par employ&eacute;. Le temps partiel peut alors s&rsquo;interpr&eacute;ter comme une autre forme de partage du temps de travail, reposant sur des choix individuels.<\/p>\n<\/p>\n<\/p>\n<p>En France, la proportion de temps partiel est relativement plus faible que dans les autres pays. C&rsquo;est donc &agrave; la r&eacute;duction collective du temps de travail, c&rsquo;est-&agrave;-dire la baisse de la dur&eacute;e des salari&eacute;s &agrave; temps complet &#8211; r&eacute;duction effective de la dur&eacute;e hebdomadaire travaill&eacute;e ou r&eacute;duction du nombre de jours travaill&eacute;s (&laquo;&nbsp;journ&eacute;es de RTT&nbsp;&raquo;) &#8211; qu&rsquo;est imputable la baisse de la dur&eacute;e annuelle moyenne. Avec les lois Robien (1996) puis Aubry (1998, 2000), la dur&eacute;e du travail hebdomadaire th&eacute;orique <em>(d&eacute;finition)<\/em> des salari&eacute;s a de nouveau nettement baiss&eacute;, passant de 38,4 en 1998 &agrave; 35,9 heures en 2006. Cette baisse a contribu&eacute; pour 100 heures &agrave; la baisse d&rsquo;ensemble entre 1998 et 2006. Le d&eacute;veloppement du temps partiel s&rsquo;est stabilis&eacute; dans le m&ecirc;me temps, certains employ&eacute;s &agrave; temps partiel ayant m&ecirc;me pu passer &agrave; temps complet &agrave; l&rsquo;occasion du passage &laquo;&nbsp;aux 35 heures&nbsp;&raquo;.<\/p>\n<\/p>\n<\/p>\n<p>Globalement, la baisse de dur&eacute;e annuelle moyenne du travail est similaire en Allemagne et en France entre 1992 et 2006, soit environ 135 heures <em>(graphique 2).<\/em> Mais en Allemagne, elle s&rsquo;explique principalement par la hausse du temps partiel.<\/p>\n<div id=\"attachment_3662\" style=\"width: 810px\" class=\"wp-caption aligncenter\"><img loading=\"lazy\" decoding=\"async\" aria-describedby=\"caption-attachment-3662\" class=\"wp-image-3662\" src=\"wp-content\/uploads\/2018\/11\/Image6-1.png\" alt=\"\" width=\"800\" height=\"387\" srcset=\"https:\/\/variances.eu\/wp-content\/uploads\/2018\/11\/Image6-1.png 998w, https:\/\/variances.eu\/wp-content\/uploads\/2018\/11\/Image6-1-300x145.png 300w, https:\/\/variances.eu\/wp-content\/uploads\/2018\/11\/Image6-1-600x290.png 600w\" sizes=\"(max-width: 800px) 100vw, 800px\" \/><p id=\"caption-attachment-3662\" class=\"wp-caption-text\">Graphique 2 : Baisse de la dur&eacute;e annuelle moyenne depuis 1992 et contribution du temps partiel<\/p><\/div>\n<p style=\"text-align: center;\">Lecture&nbsp;: en 2000, la dur&eacute;e annuelle du travail avait baiss&eacute; de 104 heures en France et de 93 heures en Allemagne par rapport aux niveaux de 1992. Sur ces 104 heures, 15 heures sont dues au d&eacute;veloppement du temps partiel, alors qu&rsquo;en Allemagne cette contribution est de 54 heures (sur les 93 heures).<\/p>\n<\/p>\n<\/p>\n<p style=\"text-align: center;\"><em>Sources&nbsp;: GGDC (dur&eacute;es annuelles), Eurostat (temps partiel) , calculs Insee<\/em><\/p>\n<\/p>\n<\/p>\n<h5><\/h5>\n<p>[\/et_pb_text][\/et_pb_column][\/et_pb_row][et_pb_row make_fullwidth=\u00a0\u00bboff\u00a0\u00bb use_custom_width=\u00a0\u00bboff\u00a0\u00bb width_unit=\u00a0\u00bboff\u00a0\u00bb custom_width_px=\u00a0\u00bb1080px\u00a0\u00bb custom_width_percent=\u00a0\u00bb80%\u00a0\u00bb use_custom_gutter=\u00a0\u00bboff\u00a0\u00bb gutter_width=\u00a0\u00bb3&Prime; custom_padding=\u00a0\u00bb0px|0px|0px|0px\u00a0\u00bb allow_player_pause=\u00a0\u00bboff\u00a0\u00bb parallax=\u00a0\u00bboff\u00a0\u00bb parallax_method=\u00a0\u00bbon\u00a0\u00bb make_equal=\u00a0\u00bboff\u00a0\u00bb parallax_1=\u00a0\u00bboff\u00a0\u00bb parallax_method_1=\u00a0\u00bbon\u00a0\u00bb parallax_2=\u00a0\u00bboff\u00a0\u00bb parallax_method_2=\u00a0\u00bbon\u00a0\u00bb parallax_3=\u00a0\u00bboff\u00a0\u00bb parallax_method_3=\u00a0\u00bbon\u00a0\u00bb parallax_4=\u00a0\u00bboff\u00a0\u00bb parallax_method_4=\u00a0\u00bbon\u00a0\u00bb disabled=\u00a0\u00bboff\u00a0\u00bb][et_pb_column type=\u00a0\u00bb4_4&Prime; disabled=\u00a0\u00bboff\u00a0\u00bb parallax=\u00a0\u00bboff\u00a0\u00bb parallax_method=\u00a0\u00bbon\u00a0\u00bb][et_pb_blurb url_new_window=\u00a0\u00bboff\u00a0\u00bb use_icon=\u00a0\u00bboff\u00a0\u00bb icon_color=\u00a0\u00bb#00a8ff\u00a0\u00bb use_circle=\u00a0\u00bboff\u00a0\u00bb circle_color=\u00a0\u00bb#00a8ff\u00a0\u00bb use_circle_border=\u00a0\u00bboff\u00a0\u00bb circle_border_color=\u00a0\u00bb#00a8ff\u00a0\u00bb icon_placement=\u00a0\u00bbtop\u00a0\u00bb animation=\u00a0\u00bbtop\u00a0\u00bb background_layout=\u00a0\u00bblight\u00a0\u00bb text_orientation=\u00a0\u00bbcenter\u00a0\u00bb use_icon_font_size=\u00a0\u00bboff\u00a0\u00bb icon_font_size=\u00a0\u00bb96px\u00a0\u00bb background_color=\u00a0\u00bb#fcfcfc\u00a0\u00bb use_border_color=\u00a0\u00bbon\u00a0\u00bb border_color=\u00a0\u00bb#ffffff\u00a0\u00bb border_width=\u00a0\u00bb1px\u00a0\u00bb border_style=\u00a0\u00bbsolid\u00a0\u00bb disabled=\u00a0\u00bboff\u00a0\u00bb]<\/p>\n<h5 style=\"text-align: center;\"><\/h5>\n<h5 style=\"text-align: center;\"><em>D\u00e9composition de la dur\u00e9e en diff\u00e9rentes contributions<\/em><\/h5>\n<p style=\"text-align: center;\"><em>L\u2019exemple de la salarisation\u00a0: <\/em><\/p>\n<p style=\"text-align: justify;\">Quantitativement, la dur\u00e9e d\u2019ensemble <img decoding=\"async\" class=\"mathtex-equation-editor\" src=\"http:\/\/chart.apis.google.com\/chart?cht=tx&amp;chl=D\" alt=\"D\" align=\"absmiddle\" \/>\u00a0s\u2019obtient comme une moyenne pond\u00e9r\u00e9e de la dur\u00e9e des salari\u00e9s et des non salari\u00e9s\u00a0:\u00a0<img decoding=\"async\" class=\"mathtex-equation-editor\" src=\"http:\/\/chart.apis.google.com\/chart?cht=tx&amp;chl=%0AD%20%3D%20D_%7B%7BS%7D%7Ds%20%2B%20D_%7B%7BNS%7D%7D%20(1-s)\" alt=\" D = D_{{S}}s + D_{{NS}} (1-s)\" align=\"absmiddle\" \/>, avec <em>s<\/em> part de salari\u00e9s.<\/p>\n<p style=\"text-align: justify;\">On peut r\u00e9\u00e9crire : <img decoding=\"async\" class=\"mathtex-equation-editor\" src=\"http:\/\/chart.apis.google.com\/chart?cht=tx&amp;chl=%0AD%20%3D%20D_%7B%7BS%7D%7DC%0A\" alt=\" D = D_{{S}}C \" align=\"absmiddle\" \/>,\u00a0 <img decoding=\"async\" class=\"mathtex-equation-editor\" src=\"http:\/\/chart.apis.google.com\/chart?cht=tx&amp;chl=C\" alt=\"C\" align=\"absmiddle\" \/>\u00a0repr\u00e9sentant le facteur de correction d\u00fb aux non-salari\u00e9s.<\/p>\n<p style=\"text-align: justify;\">Entre deux dates\u00a0: \u00a0<img decoding=\"async\" class=\"mathtex-equation-editor\" src=\"http:\/\/chart.apis.google.com\/chart?cht=tx&amp;chl=%20D'-%20D%20%3D%20D'_%7B%7BS%7D%7D%20C'%20-%20D_%7B%7BS%7D%7D%20C\" alt=\" D'- D = D'_{{S}} C' - D_{{S}} C\" align=\"absmiddle\" \/>\u00a0soit en premi\u00e8re approximation :<\/p>\n<p class=\"et-fb-mce-line-break-holder\" style=\"text-align: justify;\"><img decoding=\"async\" class=\"mathtex-equation-editor aligncenter\" src=\"http:\/\/chart.apis.google.com\/chart?cht=tx&amp;chl=%20D'-%20D%20%3D%20(D'_%7B%7BS%7D%7D%20-%20D_%7B%7BS%7D%7D)C%20%2B%20D'_%7B%7BS%7D%7D%20(C'-C)%20\" alt=\" D'- D = (D'_{{S}} - D_{{S}})C + D'_{{S}} (C'-C) \" align=\"absmiddle\" \/><\/p>\n<p style=\"text-align: justify;\">Le premier facteur donne la contribution de la variation de la dur\u00e9e des salari\u00e9s \u00e0 la dur\u00e9e totale, le second celle de la salarisation. Cette formule est d\u2019autant plus pr\u00e9cise que les dates sont proches, on calcule donc ici les contributions ann\u00e9e par ann\u00e9e, que l\u2019on somme par p\u00e9riode.<\/p>\n<p style=\"text-align: justify;\">On calcule ainsi les contributions de la r\u00e9duction de la dur\u00e9e hebdomadaire d\u2019un temps complet <img decoding=\"async\" class=\"mathtex-equation-editor\" src=\"http:\/\/chart.apis.google.com\/chart?cht=tx&amp;chl=H%0A\" alt=\"H \" align=\"absmiddle\" \/>\u00a0\u00e0 la dur\u00e9e annuelle des salari\u00e9s en factorisant\u00a0:\u00a0 <img decoding=\"async\" class=\"mathtex-equation-editor\" src=\"http:\/\/chart.apis.google.com\/chart?cht=tx&amp;chl=D_%7BS%7D%20%3D%20HF%0A\" alt=\"D_{S} = HF \" align=\"absmiddle\" \/>,\u00a0 <img decoding=\"async\" class=\"mathtex-equation-editor\" src=\"http:\/\/chart.apis.google.com\/chart?cht=tx&amp;chl=F\" alt=\"F\" align=\"absmiddle\" \/>\u00a0\u00e9tant simplement le quotient de <img decoding=\"async\" class=\"mathtex-equation-editor\" src=\"http:\/\/chart.apis.google.com\/chart?cht=tx&amp;chl=D_%7BS%7D\" alt=\"D_{S}\" align=\"absmiddle\" \/>\u00a0sur <img decoding=\"async\" class=\"mathtex-equation-editor\" src=\"http:\/\/chart.apis.google.com\/chart?cht=tx&amp;chl=H\" alt=\"H\" align=\"absmiddle\" \/>, qui permet de prendre en compte les contributions \u00ab\u00a0autres\u00a0\u00bb (cong\u00e9s, temps partiel, \u2026) indistinctement.<\/p>\n<p style=\"text-align: justify;\">De m\u00eame, on peut \u00e9crire\u00a0<img decoding=\"async\" class=\"mathtex-equation-editor\" src=\"http:\/\/chart.apis.google.com\/chart?cht=tx&amp;chl=D_%7BS%7D%20%3D%20D_%7BTC%7D(1-p)%20%2B%20D_%7BTP%7Dp%0A\" alt=\"D_{S} = D_{TC}(1-p) + D_{TP}p \" align=\"absmiddle\" \/> , o\u00f9 <img decoding=\"async\" class=\"mathtex-equation-editor\" src=\"http:\/\/chart.apis.google.com\/chart?cht=tx&amp;chl=p%0A\" alt=\"p \" align=\"absmiddle\" \/>\u00a0\u00e9tant la proportion de temps partiel, que l\u2019on factorise\u00a0: <img decoding=\"async\" class=\"mathtex-equation-editor\" src=\"http:\/\/chart.apis.google.com\/chart?cht=tx&amp;chl=D_%7BS%7D%20%3D%20D_%7BTC%7D%20P\" alt=\"D_{S} = D_{TC} P\" align=\"absmiddle\" \/>. <img decoding=\"async\" class=\"mathtex-equation-editor\" src=\"http:\/\/chart.apis.google.com\/chart?cht=tx&amp;chl=P\" alt=\"P\" align=\"absmiddle\" \/>\u00a0repr\u00e9sente le facteur de correction d\u00fb au temps partiel. On voit que pour des valeurs typiques (en France, \u00a0<img decoding=\"async\" class=\"mathtex-equation-editor\" src=\"http:\/\/chart.apis.google.com\/chart?cht=tx&amp;chl=D_%7BTP%7D\" alt=\"D_{TP}\" align=\"absmiddle\" \/>\u00a0\/ <img decoding=\"async\" class=\"mathtex-equation-editor\" src=\"http:\/\/chart.apis.google.com\/chart?cht=tx&amp;chl=D_%7BTC%7D\" alt=\"D_{TC}\" align=\"absmiddle\" \/>\u00a0 est assez stable et proche de 2\/3), une variation d\u20191 point de <img decoding=\"async\" class=\"mathtex-equation-editor\" src=\"http:\/\/chart.apis.google.com\/chart?cht=tx&amp;chl=p\" alt=\"p\" align=\"absmiddle\" \/>\u00a0induit une variation d\u2019un tiers de point seulement pour\u00a0<img decoding=\"async\" class=\"mathtex-equation-editor\" src=\"http:\/\/chart.apis.google.com\/chart?cht=tx&amp;chl=D_%7BS%7D\" alt=\"D_{S}\" align=\"absmiddle\" \/>\u00a0.<\/p>\n<p>[\/et_pb_blurb][\/et_pb_column][\/et_pb_row][et_pb_row make_fullwidth=\u00a0\u00bboff\u00a0\u00bb use_custom_width=\u00a0\u00bboff\u00a0\u00bb width_unit=\u00a0\u00bboff\u00a0\u00bb custom_width_px=\u00a0\u00bb1080px\u00a0\u00bb custom_width_percent=\u00a0\u00bb80%\u00a0\u00bb use_custom_gutter=\u00a0\u00bboff\u00a0\u00bb gutter_width=\u00a0\u00bb3&Prime; custom_padding=\u00a0\u00bb0px|0px|18.9531px|0px\u00a0\u00bb allow_player_pause=\u00a0\u00bboff\u00a0\u00bb parallax=\u00a0\u00bboff\u00a0\u00bb parallax_method=\u00a0\u00bbon\u00a0\u00bb make_equal=\u00a0\u00bboff\u00a0\u00bb parallax_1=\u00a0\u00bboff\u00a0\u00bb parallax_method_1=\u00a0\u00bbon\u00a0\u00bb parallax_2=\u00a0\u00bboff\u00a0\u00bb parallax_method_2=\u00a0\u00bbon\u00a0\u00bb parallax_3=\u00a0\u00bboff\u00a0\u00bb parallax_method_3=\u00a0\u00bbon\u00a0\u00bb parallax_4=\u00a0\u00bboff\u00a0\u00bb parallax_method_4=\u00a0\u00bbon\u00a0\u00bb disabled=\u00a0\u00bboff\u00a0\u00bb][et_pb_column type=\u00a0\u00bb4_4&Prime; disabled=\u00a0\u00bboff\u00a0\u00bb parallax=\u00a0\u00bboff\u00a0\u00bb parallax_method=\u00a0\u00bbon\u00a0\u00bb][et_pb_text background_layout=\u00a0\u00bblight\u00a0\u00bb text_orientation=\u00a0\u00bbleft\u00a0\u00bb use_border_color=\u00a0\u00bboff\u00a0\u00bb border_style=\u00a0\u00bbsolid\u00a0\u00bb disabled=\u00a0\u00bboff\u00a0\u00bb]<\/p>\n<h3><strong>Sources<\/strong><\/h3>\n<p>La base de donn\u00e9es du GGDC (Groningen Growth Development Center, <span style=\"text-decoration: underline; color: #0000ff;\"><a style=\"color: #0000ff; text-decoration: underline;\" href=\"http:\/\/www.ggdc.net\/\">www.ggdc.net<\/a><\/span>) publie des donn\u00e9es sur l\u2019emploi et la dur\u00e9e du travail pour un grand nombre de pays. Toutefois, pour les p\u00e9riodes anciennes, les donn\u00e9es\u00a0sont seulement estim\u00e9es, avec une pr\u00e9cision parfois modeste, lorsque les donn\u00e9es de comptabilit\u00e9 nationale manquent. Suivant les dates de mises \u00e0 jour, les derni\u00e8res publications des comptes nationaux ne sont pas imm\u00e9diatement prises en compte.<\/p>\n<p>L\u2019OCDE (Organisation de Coop\u00e9ration et de D\u00e9veloppement \u00e9conomique, <a href=\"http:\/\/www.oecd.org\/\">www.oecd.org<\/a>) propose en ligne une <span style=\"text-decoration: underline; color: #0000ff;\"><a style=\"color: #0000ff; text-decoration: underline;\" href=\"http:\/\/www.oecd.org\/document\/21\/0,3343,fr_2649_33927_40980181_1_1_1_1,00.html\">base de donn\u00e9es sur l&#8217;emploi<\/a><\/span> issues des comptabilit\u00e9s nationales des 30 pays membres, qu\u2019elle a rassembl\u00e9es et qui donnent un aper\u00e7u des performances et caract\u00e9ristiques des march\u00e9s du travail des pays de l\u2019OCDE, au regard de l\u2019emploi, du ch\u00f4mage, de la dur\u00e9e d\u2019emploi, du temps de travail et des salaires.<\/p>\n<h3><strong>D\u00e9finitions<\/strong><\/h3>\n<p><strong>Taux d\u2019emploi<\/strong>\u00a0: rapport entre la population ayant un emploi et la population en \u00e2ge de travailler, soit \u00e2g\u00e9e de 15 \u00e0 64 ans.<\/p>\n<p><strong>Dur\u00e9e annuelle moyenne de travail<\/strong>\u00a0: rapport entre le volume total d\u2019heures travaill\u00e9es et le nombre de personnes ayant un emploi. Elle tient donc principalement compte du nombre de jours travaill\u00e9s dans l\u2019ann\u00e9e, de la dur\u00e9e hebdomadaire d\u2019un temps complet, de la proportion de salari\u00e9s \u00e0 temps partiel, de la dur\u00e9e moyenne d\u2019un temps partiel. Ces \u00e9l\u00e9ments sont pris en compte avec leur variabilit\u00e9 par statut d\u2019emploi (salari\u00e9 \/ non-salari\u00e9) et par branches d\u2019activit\u00e9.<\/p>\n<p><strong>Dur\u00e9e hebdomadaire th\u00e9orique<\/strong>\u00a0: dur\u00e9e conventionnelle pour un temps complet, hors adaptations sous forme de jours de RTT par exemple.<\/p>\n<h3><strong>Bibliographie<\/strong><\/h3>\n<p>Marchand, O. et Th\u00e9lot, C. (1997). <em>Le travail en France<\/em> (1800-2000). Paris, Editions Nathan.<\/p>\n<p>Artus, P., Cahuc, P. et Zylberberg, A. (2007). <em>Temps de travail, revenu et emploi<\/em>. Rapport du CAE n\u00b0\u00a068.<\/p>\n<p>[\/et_pb_text][\/et_pb_column][\/et_pb_row][\/et_pb_section]<\/p>\n","protected":false},"excerpt":{"rendered":"<p>Soixante (dix) ans de r&eacute;duction du temps de travail dans le monde Si l&rsquo;on extrapole les tendances &agrave; la r&eacute;duction du temps de travail, nous devrions cesser de travailler vers l&rsquo;an 24&nbsp;739. Les observations les plus r&eacute;centes infirment cette pr&eacute;vision&nbsp;: apr&egrave;s s&rsquo;&ecirc;tre r&eacute;duite d&rsquo;environ un tiers entre 1950 et 2007, la dur&eacute;e annuelle de travail [&hellip;]<\/p>\n","protected":false},"author":190,"featured_media":3675,"comment_status":"open","ping_status":"open","sticky":false,"template":"","format":"standard","meta":{"_et_pb_use_builder":"on","_et_pb_old_content":"<h5><em><strong>Soixante (dix) ans de r\u00e9duction du temps de travail dans le monde<\/strong><\/em><\/h5><p><em>Si l\u2019on extrapole les tendances \u00e0 la r\u00e9duction du temps de travail, nous devrions cesser de travailler vers l\u2019an 24\u00a0739. Les observations les plus r\u00e9centes infirment cette pr\u00e9vision\u00a0: apr\u00e8s s\u2019\u00eatre r\u00e9duite d\u2019environ un tiers entre 1950 et 2007, la dur\u00e9e annuelle de travail se stabilise.<\/em><\/p><p><em>A l\u2019occasion de la mise en place de la \u00ab\u00a0base 2000\u00a0\u00bb, l\u2019Insee, plus pr\u00e9cis\u00e9ment le d\u00e9partement des comptes nationaux, a produit une \u00ab\u00a0r\u00e9tropolation\u00a0\u00bb de nombreux agr\u00e9gats macro-\u00e9conomiques en s\u00e9ries longues (de 1950 \u00e0 l\u2019ann\u00e9e courante). Cela a \u00e9t\u00e9 le cas des comptes d\u2019emplois\u00a0: nombre de personnes occup\u00e9es, dur\u00e9e annuelle moyenne du travail, volume total d\u2019heures travaill\u00e9es. Ces travaux ont donn\u00e9 lieu \u00e0 quelques publications. Celles-ci utilisent des donn\u00e9es sur la p\u00e9riode 1950 -2007, donc ne prennent pas en compte ce qui s\u2019est pass\u00e9 pendant et apr\u00e8s la crise de 2008. L\u2019harmonisation des concepts et modes de calculs qu\u2019impose la comptabilit\u00e9 nationale permet une analyse dans le temps et l\u2019espace, riche d\u2019enseignements.<\/em><\/p><p><em>Nous proposons ainsi \u00e0 nos lecteurs l\u2019Insee premi\u00e8re\u00a0(1273, janvier 2010) : \u00ab\u00a0Soixante ans de r\u00e9duction du temps de travail dans le monde\u00a0\u00bb ( <span style=\"text-decoration: underline; color: #0000ff;\"><a style=\"color: #0000ff; text-decoration: underline;\" href=\"https:\/\/www.insee.fr\/fr\/statistiques\/1281175\">https:\/\/www.insee.fr\/fr\/statistiques\/1281175<\/a> <\/span>), dont voici quelques \u00e9l\u00e9ments de synth\u00e8se.<\/em><\/p><h5><em><strong>Une tendance \u00e0 la baisse<\/strong><\/em><\/h5><p><em>L\u2019\u00e9tude rappel\u00e9e ici analyse les \u00e9volutions de la dur\u00e9e annuelle moyenne du temps de travail. La tendance g\u00e9n\u00e9rale a \u00e9t\u00e9 celle d\u2019une r\u00e9duction de cette dur\u00e9e, depuis un niveau largement au-del\u00e0 des 2000 h dans les pays d\u00e9velopp\u00e9s juste apr\u00e8s-guerre, aux alentours de 1600 h au d\u00e9but du mill\u00e9naire. Cette \u00e9volution n\u2019a pas eu la m\u00eame ampleur, la m\u00eame chronologie et les m\u00eames d\u00e9terminants dans les pays analys\u00e9s (France, principaux pays d\u2019Europe, Etats-Unis, Japon).<\/em><\/p><h5><em><strong>Salarisation d\u2019abord, progression du temps partiel ensuite<\/strong><\/em><\/h5><p><em>Ainsi en France, c\u2019est d\u2019abord un mouvement de\u00a0\u00ab\u00a0salarisation\u00a0\u00bb (la proportion de non-salari\u00e9s dans l\u2019\u00e9conomie se r\u00e9duisant progressivement) qui explique largement la r\u00e9duction de la dur\u00e9e moyenne de travail. La rupture est sensible au tournant des ann\u00e9es 1970. Deux faits majeurs apparaissent alors\u00a0: une augmentation du ch\u00f4mage tr\u00e8s largement au-del\u00e0 du taux de ch\u00f4mage frictionnel et le d\u00e9veloppement du temps partiel, qui concerne surtout les femmes (l\u2019augmentation du taux d\u2019activit\u00e9 et d\u2019emploi des femmes est \u00e9videmment plus importante encore sur le plan soci\u00e9tal). L\u2019analyse de la p\u00e9riode 1992-2007, avec une comparaison entre France et Allemagne, r\u00e9v\u00e8le deux m\u00e9canismes tr\u00e8s distincts, mais aux effets similaires. En France, la r\u00e9duction par voie l\u00e9gislative de la dur\u00e9e hebdomadaire du temps de travail s\u2019est mise en place \u00e0 la fin des ann\u00e9es 1990. En Allemagne, le temps partiel s\u2019est d\u00e9velopp\u00e9. Dans les deux cas, la dur\u00e9e annuelle a diminu\u00e9 d\u2019environ 135 heures durant la p\u00e9riode.<\/em><\/p><h5><em><strong>Et depuis\u00a0?<\/strong><\/em><\/h5><p><em>Contrairement \u00e0 ce que l\u2019on observe sur d\u2019autres agr\u00e9gats, volume horaire total, taux d\u2019emploi, \u2026, la crise de 2008 a eu assez peu d\u2019effets sur la dur\u00e9e annuelle moyenne, notamment en France. Durant les dix derni\u00e8res ann\u00e9es, on a observ\u00e9 une stabilisation de la dur\u00e9e annuelle moyenne, d\u00e9j\u00e0 observable depuis le d\u00e9but des ann\u00e9es 2000. La baisse s\u2019est toutefois poursuivie dans des pays o\u00f9 le temps partiel est tr\u00e8s d\u00e9velopp\u00e9 (Allemagne, Pays-Bas) ou encore au Japon, qui a amorc\u00e9 sa baisse du temps de travail plus tardivement (d\u00e9but des ann\u00e9es 1990) et qui est maintenant au m\u00eame niveau que les Etats-Unis (les donn\u00e9es utilis\u00e9es, de l\u2019OCDE, ne prennent en compte que les heures suppl\u00e9mentaires r\u00e9mun\u00e9r\u00e9es, ce qui induit un biais manifeste dans le cas du Japon \u2026).<\/em><\/p><h5><strong><em>Hors article, pour visualiser la tendance r\u00e9cente \u2026<\/em><\/strong><\/h5><p><em>Les donn\u00e9es de l\u2019OCDE et celles utilis\u00e9s dans l\u2019Insee premi\u00e8re (GGDC) ne sont pas tout \u00e0 fait homog\u00e8nes, mais coh\u00e9rentes en \u00e9volutions).<\/em><\/p>[caption id=\"attachment_3652\" align=\"aligncenter\" width=\"800\"]<img class=\"wp-image-3652\" src=\"http:\/\/variances.eu\/wp-content\/uploads\/2018\/11\/Image1.png\" alt=\"\" width=\"800\" height=\"450\" \/> Dur\u00e9es annuelles de travail, en nombre d'heures\/an[\/caption]<hr \/><h3 style=\"text-align: center;\"><strong>Soixante ans de r\u00e9duction du temps de travail dans le monde<\/strong><\/h3><p><strong>Depuis 1950, la dur\u00e9e annuelle du travail a baiss\u00e9 dans tous les pays d\u00e9velopp\u00e9s. Tout d\u2019abord sous l\u2019effet de la salarisation de l\u2019emploi, puis par la r\u00e9duction de la dur\u00e9e annuelle du travail des salari\u00e9s \u00e0 temps complet. Depuis une trentaine d\u2019ann\u00e9es, elle r\u00e9sulte \u00e9galement du d\u00e9veloppement du temps partiel. Ce dernier facteur a un peu moins jou\u00e9 en France depuis la mise en place des 35 heures.<\/strong><\/p><h3><strong>Depuis 60 ans, la dur\u00e9e du travail baisse dans les pays d\u00e9velopp\u00e9s<\/strong><\/h3><p>En pr\u00e8s de 60 ans, la dur\u00e9e du travail a baiss\u00e9 d\u2019environ 25 % sur un panel de dix pays ayant un PIB par habitant parmi les plus \u00e9lev\u00e9s <em>(graphique 1).<\/em> Plusieurs facteurs ont contribu\u00e9 \u00e0 cette baisse\u00a0: la salarisation des \u00e9conomies tout d\u2019abord, les diminutions de dur\u00e9e hebdomadaire collective et l\u2019augmentation du nombre de jours de cong\u00e9s ensuite, le d\u00e9veloppement du travail \u00e0 temps partiel enfin.<\/p><p>Au lendemain de la deuxi\u00e8me guerre mondiale, la n\u00e9cessit\u00e9 du red\u00e9marrage des \u00e9conomies s\u2019est partout impos\u00e9e, induisant une forte demande de travail et des volumes horaires de travail cons\u00e9quents. En 1950, les dur\u00e9es annuelles de travail se situaient largement au-dessus des 2\u00a0000 heures par an (tableau 1). Jusqu\u2019au milieu des ann\u00e9es 1960, le repli du non-salariat entra\u00eene m\u00e9caniquement une baisse, mod\u00e9r\u00e9e, de la dur\u00e9e annuelle moyenne du travail <em>(d\u00e9finition),<\/em> les non-salari\u00e9s ayant un temps de travail sup\u00e9rieur \u00e0 celui des salari\u00e9s.<\/p><p>Alors que la tendance \u00e0 la salarisation des \u00e9conomies se poursuivait, la baisse s\u2019est en outre accentu\u00e9e \u00e0 la fin des ann\u00e9es 1960, puis dans les ann\u00e9es 1970. Dans un contexte \u00e9conomique tr\u00e8s favorable, les forts gains de productivit\u00e9 apparente du travail ont permis de desserrer la demande en main-d\u2019\u0153uvre et les tensions sur le march\u00e9 du travail, et donc de r\u00e9duire la dur\u00e9e travaill\u00e9e. Cette r\u00e9duction s\u2019est faite via la baisse du nombre d\u2019heures suppl\u00e9mentaires ou l\u2019octroi de journ\u00e9es suppl\u00e9mentaires de cong\u00e9s. Avant m\u00eame le premier choc p\u00e9trolier, le volume horaire de travail moyen a donc commenc\u00e9 \u00e0 diminuer de fa\u00e7on marqu\u00e9e. Le ralentissement de l\u2019activit\u00e9 dans les ann\u00e9es 1970 a \u00e9t\u00e9 un autre facteur de baisse\u00a0: la demande de travail \u00e9tant moins intense, la r\u00e9duction des heures suppl\u00e9mentaires s\u2019est poursuivie. La lutte contre le ch\u00f4mage est en outre pass\u00e9e par la baisse de la dur\u00e9e collective du travail ou le d\u00e9veloppement du travail \u00e0 temps partiel.<\/p><p>Parmi les pays d\u00e9velopp\u00e9s, les dur\u00e9es annuelles \u00e9taient ainsi majoritairement de moins de 1\u00a0800 heures au milieu des ann\u00e9es 1980. Depuis cette date, les dur\u00e9es hebdomadaires des temps complets et la part des non-salari\u00e9s se sont progressivement stabilis\u00e9es dans la plupart des pays d\u00e9velopp\u00e9s, si bien que la baisse de la dur\u00e9e annuelle de travail est redevenue plus mod\u00e9r\u00e9e. Elle r\u00e9sulte cette fois d\u2019un nouveau ph\u00e9nom\u00e8ne\u00a0: celui du d\u00e9veloppement du temps partiel.<\/p>[caption id=\"attachment_3653\" align=\"aligncenter\" width=\"800\"]<img class=\"wp-image-3653\" src=\"http:\/\/variances.eu\/wp-content\/uploads\/2018\/11\/Image2-1024x671.png\" alt=\"\" width=\"800\" height=\"524\" \/> Graphique 1\u00a0: Les dur\u00e9es annuelles de travail[\/caption]<p style=\"text-align: center;\">Lecture\u00a0: en 2007, la dur\u00e9e annuelle du travail est de 1 559 heures en France et en moyenne (simple) de 1 555 heures (moyenne simple) dans 6 autres pays europ\u00e9ens (Allemagne, Italie, Pays-Bas, Espagne, Su\u00e8de et Royaume-Uni).<\/p><p style=\"text-align: center;\"><em>Source\u00a0: Base de donn\u00e9es du Groningen Growth Center development (GGDC)<\/em><\/p><h3><strong>De 1\u00a0410 heures aux Pays-Bas \u00e0 2\u00a0400 heures en Cor\u00e9e du Sud <\/strong><\/h3><p>En 2007, la dur\u00e9e moyenne est de 1\u00a0620 heures par an dans les 10\u00a0pays observ\u00e9s. Elle est inf\u00e9rieure \u00e0 cette moyenne aux Pays-Bas, en Allemagne et en France et bien sup\u00e9rieure aux \u00c9tats-Unis ou au Japon. Ces \u00e9carts s\u2019expliquent en premier lieu par l\u2019importance relative du temps partiel. En revanche, le taux d\u2019emploi <em>(d\u00e9finitions)<\/em> ou les diff\u00e9rences de composition de l\u2019activit\u00e9 ne jouent pas un r\u00f4le notable dans ces diff\u00e9rences <em>(tableau 1)<\/em>.<\/p><p>En soixante ans, aux Pays-Bas et en Allemagne, les actifs ayant un emploi sont pass\u00e9s de plus de 2\u00a0300\u00a0heures annuelles de travail \u00e0 environ 1\u00a0400\u00a0heures. Aux \u00c9tats-Unis, la baisse n\u2019a \u00e9t\u00e9 que de 200 heures et depuis 30 ans le temps de travail y est remarquablement stable. L\u2019Italie et le Royaume-Uni ont suivi un rythme interm\u00e9diaire. En Su\u00e8de, la baisse s\u2019est interrompue au d\u00e9but des ann\u00e9es 1980, puis la grande crise de 1990-1992 qu\u2019a travers\u00e9e ce pays et les politiques men\u00e9es pour y rem\u00e9dier se sont accompagn\u00e9es, au milieu des ann\u00e9es 1990, d\u2019une remont\u00e9e sensible du temps de travail qui passe de 1\u00a0560 heures en 1990 \u00e0 1\u00a0600 heures en 2007. En Espagne et au Japon, cette d\u00e9crue s\u2019est amorc\u00e9e plus tardivement\u00a0: \u00e0 la fin des ann\u00e9es 1970 en Espagne et \u00e0 la fin des ann\u00e9es 1980 au Japon\u00a0; aujourd\u2019hui on travaille dans ces deux pays environ 1\u00a0800 heures par an. En Cor\u00e9e du sud, o\u00f9 le non-salariat est encore fr\u00e9quent et le temps partiel peu d\u00e9velopp\u00e9, la dur\u00e9e est longtemps rest\u00e9e stable \u00e0 un niveau \u00e9lev\u00e9\u00a0: plus de 2\u00a0400 heures annuelles jusqu\u2019aux ann\u00e9es 1990, une baisse s\u2019\u00e9tant amorc\u00e9e depuis.<\/p>[caption id=\"attachment_3657\" align=\"aligncenter\" width=\"800\"]<img class=\"wp-image-3657\" src=\"http:\/\/variances.eu\/wp-content\/uploads\/2018\/11\/Image3-1.png\" alt=\"\" width=\"800\" height=\"344\" \/> Tableau 1\u00a0: Principales donn\u00e9es sur l\u2019emploi dans 10 pays[\/caption]<p style=\"text-align: center;\">Lecture\u00a0: en 1950, la dur\u00e9e annuelle du travail \u00e9tait de 2 230 heures en France, elle n\u2019est plus que de 1559 heures en 2007. Le PIB par habitant est de 32 300 $, le taux d\u2019emploi de 63 %\u00a0; les travailleurs \u00e0 temps partiel repr\u00e9sentent 17 % de la population active ayant un emploi et les salari\u00e9s 91 %.<\/p><p style=\"text-align: center;\"><em>Sources\u00a0: dur\u00e9es annuelles et PIB \/ habitant\u00a0: base de donn\u00e9es du GGDC. Salarisation\u00a0: base de donn\u00e9es de l\u2019OCDE. Taux d\u2019emploi et temps partiel\u00a0: donn\u00e9es Eurostat pour pays de l\u2019UE, donn\u00e9es OCDE pour les autres.<\/em><\/p><h3><strong>Jusqu\u2019au milieu des ann\u00e9es 1960, la salarisation est le principal facteur de baisse en France\u00a0<\/strong><\/h3><p>Les grandes tendances et facteurs de la baisse de la dur\u00e9e annuelle du travail, observ\u00e9es dans le panel des dix pays d\u00e9velopp\u00e9s, sont \u00e0 l\u2019\u0153uvre en France. Accompagnant le d\u00e9clin de l\u2019emploi agricole, le taux de salarisation (rapport du nombre de salari\u00e9s au nombre de personnes ayant un emploi), est pass\u00e9 de 65\u00a0% en 1950 \u00e0 76\u00a0% en 1965 <em>(tableau 2).<\/em> Au cours de cette p\u00e9riode, la salarisation de l\u2019emploi a \u00e9t\u00e9 le principal facteur de la baisse\u00a0: la dur\u00e9e annuelle de l\u2019ensemble des actifs en emploi s\u2019est r\u00e9duite de pr\u00e8s de 0,4 % par an en moyenne (soit 140 heures) bien que celle des seuls salari\u00e9s soit rest\u00e9e stable. En particulier, l\u2019octroi aux salari\u00e9s d\u2019une troisi\u00e8me semaine de cong\u00e9s a \u00e9t\u00e9 compens\u00e9e par une hausse des dur\u00e9es hebdomadaires, en raison des besoins importants de main-d\u2019\u0153uvre et de la situation tendue du march\u00e9 du travail.<\/p><p>Entre le milieu des ann\u00e9es 1960 et aujourd\u2019hui,\u00a0bien que le taux de salarisation ait continu\u00e9 d\u2019augmenter pour se stabiliser \u00e0 pr\u00e8s de 90\u00a0% depuis une dizaine d\u2019ann\u00e9es, sa contribution \u00e0 la r\u00e9duction de la dur\u00e9e annuelle du travail a \u00e9t\u00e9 de seulement 100 heures sur une r\u00e9duction totale de 650 heures.<\/p><p>Dans quasiment tous les pays, le d\u00e9clin g\u00e9n\u00e9ral de l\u2019emploi agricole a d\u00e9termin\u00e9 le rythme et l\u2019ampleur de la salarisation qui atteint aujourd\u2019hui un taux proche de 90 %, comme en France. Dans certains pays (Royaume-Uni, Pays-Bas, Su\u00e8de), ce mouvement est en l\u00e9ger recul depuis quelques ann\u00e9es. En Cor\u00e9e et en Italie, ou encore en Espagne, les taux ont augment\u00e9 mais demeurent plus bas qu\u2019ailleurs, autour de 70%. Ces taux de salarisation moins \u00e9lev\u00e9s s\u2019expliquent en partie par le poids des branches d\u2019activit\u00e9s agricoles et de construction. Ces diff\u00e9rences de taux n\u2019expliquent toutefois qu\u2019une petite partie des \u00e9carts de dur\u00e9e annuelle de travail entre pays\u00a0: \u00e0 proportions de salari\u00e9s comparables entre le Japon et les Pays-Bas d\u2019une part, ou la France et les \u00c9tats-Unis d\u2019autre part, les dur\u00e9es annuelles moyennes peuvent \u00eatre fort diff\u00e9rentes <em>(tableau 1).<\/em><\/p>[caption id=\"attachment_3659\" align=\"aligncenter\" width=\"800\"]<img class=\"wp-image-3659\" src=\"http:\/\/variances.eu\/wp-content\/uploads\/2018\/11\/Image4-1024x164.png\" alt=\"\" width=\"800\" height=\"128\" \/> Tableau\u00a02: contribution de la salarisation \u00e0 la r\u00e9duction de la dur\u00e9e depuis 1950 en France (en heures)[\/caption]<p style=\"text-align: center;\">Lecture\u00a0: entre 1950 et 1974, la dur\u00e9e annuelle a baiss\u00e9 de 400 heures qui se d\u00e9composent en 211 heures dues \u00e0 la diminution de la dur\u00e9e du travail des salari\u00e9s et 189 heures imputables \u00e0 la salarisation.<\/p><p style=\"text-align: center;\"><em>Source et calculs\u00a0: Insee (comptabilit\u00e9 nationale)<\/em><\/p><h3><strong>Fin des ann\u00e9es 1960 - d\u00e9but des ann\u00e9es 1980\u00a0: en route vers les 39 heures<\/strong><\/h3><p>En France, pour les salari\u00e9s \u00e0 temps complet, l\u2019essentiel de la baisse de la dur\u00e9e hebdomadaire a eu lieu entre 1966 et 1982. Elle est pass\u00e9e d\u2019environ 45,5 heures \u00e0 un alignement sur la dur\u00e9e l\u00e9gale, soit 40 puis 39 heures en 1982 <em>(tableau 3).<\/em> Elle a contribu\u00e9 pour 260 heures \u00e0 la baisse de 337 heures de la dur\u00e9e annuelle moyenne sur la p\u00e9riode.<\/p><p>Jusqu\u2019au milieu des ann\u00e9es 1970, les gains importants de productivit\u00e9 apparente du travail ont engendr\u00e9 de moindres tensions sur le march\u00e9 du travail. Ils ont permis cet alignement sur la dur\u00e9e l\u00e9gale (donc un moindre recours aux heures suppl\u00e9mentaires) et l\u2019accroissement du nombre de jours de cong\u00e9s (troisi\u00e8me semaine de cong\u00e9 en 1956, quatri\u00e8me en 1968).<\/p><p>Puis la rupture dans le rythme de croissance \u00e0 partir des ann\u00e9es 1970 a induit un tarissement de la demande de travail et un recours toujours moindre aux heures suppl\u00e9mentaires. Les mesures prises pour freiner la hausse du ch\u00f4mage ont favoris\u00e9 le temps partiel ou les r\u00e9ductions collectives du temps de travail (en 1982, baisse de la dur\u00e9e \u00e0 39 heures, cinqui\u00e8me semaine de cong\u00e9, baisse de la dur\u00e9e l\u00e9gale avec les lois de 1998 et 2000). Ainsi, de 1982 \u00e0 1998, la dur\u00e9e hebdomadaire a l\u00e9g\u00e8rement baiss\u00e9, contribuant pour moiti\u00e9 \u00e0 la baisse d\u2019environ 80 heures de la dur\u00e9e moyenne. Le quasi\u2011doublement de la proportion de salari\u00e9s \u00e0 temps partiel entre 1990 et 1998 a \u00e9t\u00e9 le facteur essentiel de baisse de la dur\u00e9e moyenne\u00a0: la proportion de salari\u00e9s \u00e0 temps partiel est pass\u00e9e de 9,5% en 1990 \u00e0 15,0\u00a0% en 1998 sur le seul champ concurrentiel, contribuant pour environ 40 heures \u00e0 la baisse d\u2019ensemble.<\/p><p>Les mutations de la composition de l\u2019emploi (d\u00e9clin de l\u2019emploi industriel, croissance des emplois de services, plus souvent \u00e0 temps partiels) ont \u00e9galement contribu\u00e9 \u00e0 cette baisse de la dur\u00e9e, dans une moindre mesure.<\/p>[caption id=\"attachment_3660\" align=\"aligncenter\" width=\"800\"]<img class=\"wp-image-3660\" src=\"http:\/\/variances.eu\/wp-content\/uploads\/2018\/11\/Image5-1024x147.png\" alt=\"\" width=\"800\" height=\"115\" \/> Tableau\u00a03 : contribution de la baisse de la dur\u00e9e hebdomadaire \u00e0 la r\u00e9duction de la dur\u00e9e annuelle, depuis 1950 (en heures)[\/caption]<p style=\"text-align: center;\">Lecture\u00a0: en 1982, la dur\u00e9e annuelle des salari\u00e9s a baiss\u00e9 de 337 heures depuis 1950. Cette baisse se d\u00e9compose en 240 heures dues \u00e0 la baisse de la dur\u00e9e hebdomadaire des salari\u00e9s et 97 heures imputables aux autres effets, principalement le passage de deux \u00e0 cinq semaines de cong\u00e9. A compter de 1998, les effets de la dur\u00e9e hebdomadaire comprennent \u00e9galement les effets li\u00e9s aux jours de r\u00e9duction du temps de travail octroy\u00e9s.<\/p><p style=\"text-align: center;\"><em>Source\u00a0: Insee, comptabilit\u00e9 nationale, calculs Insee.<\/em><\/p><h3><strong>Fin des ann\u00e9es 1970\u00a0: mont\u00e9e g\u00e9n\u00e9rale du temps partiel<\/strong><\/h3><p>Depuis la fin des ann\u00e9es 1970, la hausse du travail \u00e0 temps partiel est un autre trait commun aux pays d\u00e9velopp\u00e9s. Il concerne davantage les femmes que les hommes, et, de fa\u00e7on non ind\u00e9pendante, il est plus r\u00e9pandu dans les services que dans l\u2019industrie. Ce d\u00e9veloppement n\u2019a toutefois pas \u00e9t\u00e9 de m\u00eame ampleur partout si bien qu\u2019en 2007, la proportion d\u2019emploi \u00e0 temps partiel est bien plus \u00e9lev\u00e9e dans certains pays europ\u00e9ens (46\u00a0% aux Pays-Bas, 25% au Royaume-Uni et en Allemagne) qu\u2019en France (17%), aux \u00c9tats-Unis (16%) ou en Cor\u00e9e (10 %). Ces diff\u00e9rences expliquent en partie les \u00e9carts de dur\u00e9e moyenne entre pays.<\/p><p>Le temps partiel a deux facettes\u00a0: d\u2019un c\u00f4t\u00e9, il peut \u00eatre subi, comme c\u2019est souvent le cas dans des branches et des professions faiblement r\u00e9mun\u00e9ratrices\u00a0; de l\u2019autre, il peut \u00eatre voulu, dans une perspective de conciliation des contraintes familiales et professionnelles. L'exemple des Pays-Bas est embl\u00e9matique, avec un taux d\u2019emploi \u00e9lev\u00e9, une proportion de temps partiel tr\u00e8s d\u00e9velopp\u00e9e, surtout chez les femmes, celles-ci travaillant le plus souvent dans des activit\u00e9s de services \u00e0 faible dur\u00e9e annuelle par employ\u00e9. Le temps partiel peut alors s\u2019interpr\u00e9ter comme une autre forme de partage du temps de travail, reposant sur des choix individuels.<\/p><p>En France, la proportion de temps partiel est relativement plus faible que dans les autres pays. C\u2019est donc \u00e0 la r\u00e9duction collective du temps de travail, c\u2019est-\u00e0-dire la baisse de la dur\u00e9e des salari\u00e9s \u00e0 temps complet - r\u00e9duction effective de la dur\u00e9e hebdomadaire travaill\u00e9e ou r\u00e9duction du nombre de jours travaill\u00e9s (\u00ab\u00a0journ\u00e9es de RTT\u00a0\u00bb) - qu\u2019est imputable la baisse de la dur\u00e9e annuelle moyenne. Avec les lois Robien (1996) puis Aubry (1998, 2000), la dur\u00e9e du travail hebdomadaire th\u00e9orique <em>(d\u00e9finition)<\/em> des salari\u00e9s a de nouveau nettement baiss\u00e9, passant de 38,4 en 1998 \u00e0 35,9 heures en 2006. Cette baisse a contribu\u00e9 pour 100 heures \u00e0 la baisse d\u2019ensemble entre 1998 et 2006. Le d\u00e9veloppement du temps partiel s\u2019est stabilis\u00e9 dans le m\u00eame temps, certains employ\u00e9s \u00e0 temps partiel ayant m\u00eame pu passer \u00e0 temps complet \u00e0 l\u2019occasion du passage \u00ab\u00a0aux 35 heures\u00a0\u00bb.<\/p><p>Globalement, la baisse de dur\u00e9e annuelle moyenne du travail est similaire en Allemagne et en France entre 1992 et 2006, soit environ 135 heures <em>(graphique 2).<\/em> Mais en Allemagne, elle s\u2019explique principalement par la hausse du temps partiel.<\/p>[caption id=\"attachment_3662\" align=\"aligncenter\" width=\"800\"]<img class=\"wp-image-3662\" src=\"http:\/\/variances.eu\/wp-content\/uploads\/2018\/11\/Image6-1.png\" alt=\"\" width=\"800\" height=\"387\" \/> Graphique 2 : Baisse de la dur\u00e9e annuelle moyenne depuis 1992 et contribution du temps partiel[\/caption]<p style=\"text-align: center;\">Lecture\u00a0: en 2000, la dur\u00e9e annuelle du travail avait baiss\u00e9 de 104 heures en France et de 93 heures en Allemagne par rapport aux niveaux de 1992. Sur ces 104 heures, 15 heures sont dues au d\u00e9veloppement du temps partiel, alors qu\u2019en Allemagne cette contribution est de 54 heures (sur les 93 heures).<\/p><p style=\"text-align: center;\"><em>Sources\u00a0: GGDC (dur\u00e9es annuelles), Eurostat (temps partiel) , calculs Insee<\/em><\/p><h5><em><strong>Encadr\u00e9\u00a0: d\u00e9composition de la dur\u00e9e en diff\u00e9rentes contributions<\/strong><\/em><\/h5><blockquote><p><strong>L\u2019exemple de la salarisation\u00a0: <\/strong><\/p><p>Quantitativement, la dur\u00e9e d\u2019ensemble <img class=\"mathtex-equation-editor\" src=\"http:\/\/chart.apis.google.com\/chart?cht=tx&chl=D\" alt=\"D\" align=\"absmiddle\" \/>\u00a0s\u2019obtient comme une moyenne pond\u00e9r\u00e9e de la dur\u00e9e des salari\u00e9s et des non salari\u00e9s\u00a0:\u00a0<img class=\"mathtex-equation-editor\" src=\"http:\/\/chart.apis.google.com\/chart?cht=tx&chl=%0AD%20%3D%20D_%7B%7BS%7D%7Ds%20%2B%20D_%7B%7BNS%7D%7D%20(1-s)\" alt=\" D = D_{{S}}s + D_{{NS}} (1-s)\" align=\"absmiddle\" \/>, avec <em>s<\/em> part de salari\u00e9s.<\/p><p>On peut r\u00e9\u00e9crire : <img class=\"mathtex-equation-editor\" src=\"http:\/\/chart.apis.google.com\/chart?cht=tx&chl=%0AD%20%3D%20D_%7B%7BS%7D%7DC%0A\" alt=\" D = D_{{S}}C \" align=\"absmiddle\" \/>,\u00a0 <img class=\"mathtex-equation-editor\" src=\"http:\/\/chart.apis.google.com\/chart?cht=tx&chl=C\" alt=\"C\" align=\"absmiddle\" \/>\u00a0repr\u00e9sentant le facteur de correction d\u00fb aux non-salari\u00e9s.<\/p><p>Entre deux dates\u00a0: \u00a0<img class=\"mathtex-equation-editor\" src=\"http:\/\/chart.apis.google.com\/chart?cht=tx&chl=%20D'-%20D%20%3D%20D'_%7B%7BS%7D%7D%20C'%20-%20D_%7B%7BS%7D%7D%20C\" alt=\" D'- D = D'_{{S}} C' - D_{{S}} C\" align=\"absmiddle\" \/>\u00a0soit en premi\u00e8re approximation :<\/p><p><img class=\"mathtex-equation-editor aligncenter\" src=\"http:\/\/chart.apis.google.com\/chart?cht=tx&chl=%20D'-%20D%20%3D%20(D'_%7B%7BS%7D%7D%20-%20D_%7B%7BS%7D%7D)C%20%2B%20D'_%7B%7BS%7D%7D%20(C'-C)%20\" alt=\" D'- D = (D'_{{S}} - D_{{S}})C + D'_{{S}} (C'-C) \" align=\"absmiddle\" \/><\/p><p>Le premier facteur donne la contribution de la variation de la dur\u00e9e des salari\u00e9s \u00e0 la dur\u00e9e totale, le second celle de la salarisation. Cette formule est d\u2019autant plus pr\u00e9cise que les dates sont proches, on calcule donc ici les contributions ann\u00e9e par ann\u00e9e, que l\u2019on somme par p\u00e9riode.<\/p><p>On calcule ainsi les contributions de la r\u00e9duction de la dur\u00e9e hebdomadaire d\u2019un temps complet <img class=\"mathtex-equation-editor\" src=\"http:\/\/chart.apis.google.com\/chart?cht=tx&chl=H%0A\" alt=\"H \" align=\"absmiddle\" \/>\u00a0\u00e0 la dur\u00e9e annuelle des salari\u00e9s en factorisant\u00a0:\u00a0 <img class=\"mathtex-equation-editor\" src=\"http:\/\/chart.apis.google.com\/chart?cht=tx&chl=D_%7BS%7D%20%3D%20HF%0A\" alt=\"D_{S} = HF \" align=\"absmiddle\" \/>,\u00a0 <img class=\"mathtex-equation-editor\" src=\"http:\/\/chart.apis.google.com\/chart?cht=tx&chl=F\" alt=\"F\" align=\"absmiddle\" \/>\u00a0\u00e9tant simplement le quotient de <img class=\"mathtex-equation-editor\" src=\"http:\/\/chart.apis.google.com\/chart?cht=tx&chl=D_%7BS%7D\" alt=\"D_{S}\" align=\"absmiddle\" \/>\u00a0sur <img class=\"mathtex-equation-editor\" src=\"http:\/\/chart.apis.google.com\/chart?cht=tx&chl=H\" alt=\"H\" align=\"absmiddle\" \/>, qui permet de prendre en compte les contributions \u00ab\u00a0autres\u00a0\u00bb (cong\u00e9s, temps partiel, \u2026) indistinctement.<\/p><p>De m\u00eame, on peut \u00e9crire\u00a0<img class=\"mathtex-equation-editor\" src=\"http:\/\/chart.apis.google.com\/chart?cht=tx&chl=D_%7BS%7D%20%3D%20D_%7BTC%7D(1-p)%20%2B%20D_%7BTP%7Dp%0A\" alt=\"D_{S} = D_{TC}(1-p) + D_{TP}p \" align=\"absmiddle\" \/> , o\u00f9 <img class=\"mathtex-equation-editor\" src=\"http:\/\/chart.apis.google.com\/chart?cht=tx&chl=p%0A\" alt=\"p \" align=\"absmiddle\" \/>\u00a0\u00e9tant la proportion de temps partiel, que l\u2019on factorise\u00a0: <img class=\"mathtex-equation-editor\" src=\"http:\/\/chart.apis.google.com\/chart?cht=tx&chl=D_%7BS%7D%20%3D%20D_%7BTC%7D%20P\" alt=\"D_{S} = D_{TC} P\" align=\"absmiddle\" \/>. <img class=\"mathtex-equation-editor\" src=\"http:\/\/chart.apis.google.com\/chart?cht=tx&chl=P\" alt=\"P\" align=\"absmiddle\" \/>\u00a0repr\u00e9sente le facteur de correction d\u00fb au temps partiel. On voit que pour des valeurs typiques (en France, \u00a0<img class=\"mathtex-equation-editor\" src=\"http:\/\/chart.apis.google.com\/chart?cht=tx&chl=D_%7BTP%7D\" alt=\"D_{TP}\" align=\"absmiddle\" \/>\u00a0\/ <img class=\"mathtex-equation-editor\" src=\"http:\/\/chart.apis.google.com\/chart?cht=tx&chl=D_%7BTC%7D\" alt=\"D_{TC}\" align=\"absmiddle\" \/>\u00a0 est assez stable et proche de 2\/3), une variation d\u20191 point de <img class=\"mathtex-equation-editor\" src=\"http:\/\/chart.apis.google.com\/chart?cht=tx&chl=p\" alt=\"p\" align=\"absmiddle\" \/>\u00a0induit une variation d\u2019un tiers de point seulement pour\u00a0<img class=\"mathtex-equation-editor\" src=\"http:\/\/chart.apis.google.com\/chart?cht=tx&chl=D_%7BS%7D\" alt=\"D_{S}\" align=\"absmiddle\" \/>\u00a0.<\/p><p>\u00a0<\/p><\/blockquote>","_et_gb_content_width":"","_exactmetrics_skip_tracking":false,"_exactmetrics_sitenote_active":false,"_exactmetrics_sitenote_note":"","_exactmetrics_sitenote_category":0,"footnotes":""},"categories":[161,135],"tags":[],"class_list":["post-3651","post","type-post","status-publish","format-standard","has-post-thumbnail","hentry","category-emploi","category-tribune","et-has-post-format-content","et_post_format-et-post-format-standard"],"_links":{"self":[{"href":"https:\/\/variances.eu\/index.php?rest_route=\/wp\/v2\/posts\/3651","targetHints":{"allow":["GET"]}}],"collection":[{"href":"https:\/\/variances.eu\/index.php?rest_route=\/wp\/v2\/posts"}],"about":[{"href":"https:\/\/variances.eu\/index.php?rest_route=\/wp\/v2\/types\/post"}],"author":[{"embeddable":true,"href":"https:\/\/variances.eu\/index.php?rest_route=\/wp\/v2\/users\/190"}],"replies":[{"embeddable":true,"href":"https:\/\/variances.eu\/index.php?rest_route=%2Fwp%2Fv2%2Fcomments&post=3651"}],"version-history":[{"count":0,"href":"https:\/\/variances.eu\/index.php?rest_route=\/wp\/v2\/posts\/3651\/revisions"}],"wp:featuredmedia":[{"embeddable":true,"href":"https:\/\/variances.eu\/index.php?rest_route=\/wp\/v2\/media\/3675"}],"wp:attachment":[{"href":"https:\/\/variances.eu\/index.php?rest_route=%2Fwp%2Fv2%2Fmedia&parent=3651"}],"wp:term":[{"taxonomy":"category","embeddable":true,"href":"https:\/\/variances.eu\/index.php?rest_route=%2Fwp%2Fv2%2Fcategories&post=3651"},{"taxonomy":"post_tag","embeddable":true,"href":"https:\/\/variances.eu\/index.php?rest_route=%2Fwp%2Fv2%2Ftags&post=3651"}],"curies":[{"name":"wp","href":"https:\/\/api.w.org\/{rel}","templated":true}]}}