{"id":3633,"date":"2018-11-12T09:40:58","date_gmt":"2018-11-12T07:40:58","guid":{"rendered":"http:\/\/variances.eu\/?p=3633"},"modified":"2018-11-12T10:49:51","modified_gmt":"2018-11-12T08:49:51","slug":"portrait-isabelle-hebert-1997","status":"publish","type":"post","link":"https:\/\/variances.eu\/?p=3633","title":{"rendered":"Portrait : Isabelle H\u00e9bert (1997)"},"content":{"rendered":"<p>Que faire lorsque l&rsquo;on est une bonne \u00e9l\u00e8ve, int\u00e9ress\u00e9e autant par la litt\u00e9rature, les math\u00e9matiques, l&rsquo;histoire, l&rsquo;\u00e9conomie, la philosophie\u2026? autrement dit lorsque l&rsquo;on ne rentre pas dans les cases \u00e0 cocher, \u00ab\u00a0\u00eates-vous \u00a0litt\u00e9raire <u>ou <\/u>scientifique ?\u00a0\u00bb. Isabelle H\u00e9bert se heurte \u00e0 cette question d\u00e8s le lyc\u00e9e. Les classes pr\u00e9paratoires BL commencent \u00e0 se d\u00e9velopper, peu d&rsquo;\u00e9l\u00e8ves les choisissent encore faute d&rsquo;informations. Ce fut pourtant son choix : \u00ab\u00a0<em>Pour moi, cette pr\u00e9pa offrait une formation que je qualifierais d&rsquo;humaniste ; les diff\u00e9rentes mati\u00e8res \u00e9taient enseign\u00e9es, allant des math\u00e9matiques \u00e0 la litt\u00e9rature et la philosophie. Cela nous donnait des clefs vari\u00e9es et compl\u00e9mentaires pour apprendre \u00e0 penser et \u00e0 comprendre le monde. Cette ouverture m&rsquo;a naturellement attir\u00e9e<\/em>\u00ab\u00a0.<\/p>\n<p>L&rsquo;ENSAE et les ENS Ulm et Cachan sont prioritairement les \u00e9coles de sortie des pr\u00e9pas BL : admise \u00e0 l&rsquo;ENSAE, elle y rencontre en premi\u00e8re ann\u00e9e Pierre, qui deviendra son mari, lui aussi \u00ab\u00a0atypique\u00a0\u00bb au milieu de ces \u00e9tudiants, &#8211; tous tr\u00e8s scientifiques -, puisqu&rsquo;issu d&rsquo;une classe pr\u00e9paratoire commerciale. Au cours de leur premi\u00e8re ann\u00e9e \u00e0 l&rsquo;ENSAE, ils se passionnent pour les mati\u00e8res enseign\u00e9es, des math\u00e9matiques \u00e0 l&rsquo;\u00e9conomie, mais d\u00e9cident n\u00e9anmoins de tenter \u00e0 nouveau leur chance en repassant le concours d&rsquo;entr\u00e9e \u00e0 l&rsquo;ENS Cachan, qu&rsquo;ils int\u00e8greront tous les deux. Pas question pourtant de quitter l&rsquo;ENSAE o\u00f9 ils se trouvent tr\u00e8s bien, ils suivront les deux formations simultan\u00e9ment, les consid\u00e9rant finalement tr\u00e8s compl\u00e9mentaires ! \u00ab\u00a0<em>A l&rsquo;\u00e9poque, en 1996, personne ne parlait de double-dipl\u00f4me et aucune des deux \u00e9coles n&rsquo;adaptait son emploi du temps pour faciliter notre vie. Ce fut une course d&rsquo;endurance pendant un an mais surtout un acc\u00e8s unique \u00e0 des connaissances vari\u00e9es et passionnantes. Quelle stimulation intellectuelle et quelle ouverture d&rsquo;esprit ! <\/em>\u00ab\u00a0.<\/p>\n<p>Tr\u00e8s logiquement, une fois dipl\u00f4m\u00e9e, Isabelle entame une th\u00e8se au Crest, le laboratoire de recherche de l&rsquo;ENSAE ; sa directrice de th\u00e8se enseigne \u00e0 l&rsquo;ENSAE mais aussi \u00e0 l&rsquo;ESSEC. Pour Isabelle, ce choix n&rsquo;est pas un hasard : \u00ab\u00a0<em>C&rsquo;\u00e9tait probablement pour moi le premier signe que la recherche ne pouvait pas me satisfaire totalement et que l&rsquo;aspect business devrait jouer un r\u00f4le prioritaire dans mes choix de fonctions<\/em>\u00ab\u00a0. Une ann\u00e9e de th\u00e8se et elle s&rsquo;envole vers d&rsquo;autres horizons, de l&rsquo;autre c\u00f4t\u00e9 de l&rsquo;Atlantique.<\/p>\n<h3><strong>Une fonction qui r\u00e9sonne avec ses propres valeurs<\/strong><\/h3>\n<p>Il y a quelques semaines, un post d&rsquo;Isabelle H\u00e9bert sur LinkedIn (\u00ab\u00a0Mon plaidoyer pour le bonheur de lire\u00a0\u00bb) attire mon attention. Cette \u00ab\u00a0<em>ultra-connect\u00e9e<\/em>\u00ab\u00a0, \u00e0 l&rsquo;agenda bien rempli, ancienne dyslexique, est <em>addict <\/em>aux livres et le revendique. Elle d\u00e9clare avec conviction \u00ab\u00a0<em>lire, c&rsquo;est se sentir vivant<\/em>\u00a0\u00bb et cite Paul Val\u00e9ry \u00ab\u00a0<em>que serions-nous sans le secours de ce qui n&rsquo;existe pas<\/em>\u00ab\u00a0! Je <em>like<\/em> avec enthousiasme et reprends contact avec elle, mue par l&rsquo;envie de r\u00e9aliser le portrait de cette alumni p\u00e9tillante. Je suis accueillie par ce concentr\u00e9 d&rsquo;\u00e9nergie, cette envie d&rsquo;explorer et d&rsquo;oser qui la caract\u00e9rise !<\/p>\n<p>Isabelle cumule aujourd&rsquo;hui les fonctions de directrice g\u00e9n\u00e9rale de la MGEN et de directrice des services innovants du groupe VYV, union des mutuelles MGEN, Harmonie Mutuelle, MNT, HFP, Mare Gaillard et MGEFI. Une femme dans ce monde d&rsquo;hommes que sont l&rsquo;assurance sant\u00e9 et le mutualisme. \u00ab\u00a0<em>Hors ma coll\u00e8gue, la directrice g\u00e9n\u00e9rale de Harmonie Mutuelle, autre mutuelle du groupe VYV, je ne connais pas de femmes \u00e0 la t\u00eate d&rsquo;entreprises de l&rsquo;assurance et encore trop peu dans les Codir et Comex de ces soci\u00e9t\u00e9s. Il faut vraiment que les choses \u00e9voluent. J&rsquo;y travaille \u00e0 la MGEN mais les choses bougent lentement. Et ce n&rsquo;est pas seulement la parit\u00e9 hommes-femmes qu&rsquo;il faut interroger dans l&rsquo;univers de l&rsquo;assurance mais plus largement la diversit\u00e9. A l&rsquo;heure de la mondialisation fertile des talents, il est plus que temps de s&rsquo;ouvrir \u00e0 l&rsquo;alt\u00e9rit\u00e9<\/em>\u00a0\u00bb d\u00e9clare-t-elle.<\/p>\n<p>En juillet 2017, \u00e0 la suite de la cr\u00e9ation du groupe VYV, issu du rapprochement entre la MGEN historiquement centr\u00e9e sur les clients individuels et la fonction publique, et Harmonie Mutuelle, plus d\u00e9di\u00e9e aux collectivit\u00e9s et au priv\u00e9, Isabelle H\u00e9bert fut nomm\u00e9e directrice g\u00e9n\u00e9rale de la MGEN. \u00ab\u00a0<em>Une premi\u00e8re pour une femme \u00e0 la MGEN, mais aussi tr\u00e8s rare dans la mutualit\u00e9 ou les institutions de pr\u00e9voyance. Cette nomination est pour moi un moment marquant de ma vie que je n&rsquo;oublierai jamais, et c&rsquo;est \u00a0aussi une grande responsabilit\u00e9 que j&rsquo;assume \u00e0 ma fa\u00e7on<\/em>\u00ab\u00a0. Deux mois plus tard, elle ajoutait \u00e0 ses activit\u00e9s de direction g\u00e9n\u00e9rale celle de l&rsquo;ensemble des services innovants pour le groupe VYV : \u00ab\u00a0C<em>&lsquo;est le challenge unique<\/em> <em>de contribuer \u00e0 la cr\u00e9ation du plus grand groupe de protection sociale en France, tout en prenant la direction pleine et enti\u00e8re d&rsquo;une de ses deux entit\u00e9s-c\u0153ur<\/em>\u00ab\u00a0.<\/p>\n<p>A ce titre, avec une \u00e9quipe d\u00e9di\u00e9e, Isabelle travaille aujourd&rsquo;hui \u00e0 inventer ce que deviendront demain les institutions de pr\u00e9voyance paritaire, les mutuelles et les assurances : \u00ab\u00a0<em>Dans le monde qui bouge et se r\u00e9invente chaque jour \u00e0 l&rsquo;aide de ce que le num\u00e9rique offre aux clients l&rsquo;assurance doit passer de son r\u00f4le de \u00ab\u00a0rembourseur\u00a0\u00bb \u00e0 celui de \u00ab\u00a0partenaire serviciel<\/em>\u00ab\u00a0. Cette r\u00e9flexion prospective men\u00e9e pour l&rsquo;ensemble du groupe VYV couvre des territoires aussi vari\u00e9s que \u00ab\u00a0<em>la d\u00e9pendance, le logement, la sant\u00e9, les r\u00e9seaux de soins, l&rsquo;assistance, le partage collaboratif<\/em>\u2026\u00a0\u00bb.<\/p>\n<p>A 45 ans, Isabelle H\u00e9bert a des journ\u00e9es charg\u00e9es mais elle a le sentiment d&rsquo;exercer un m\u00e9tier qui r\u00e9sonne sur ses fondamentaux : la MGEN, un univers ancr\u00e9 dans l&rsquo;enseignement &#8211; qu&rsquo;elle n&rsquo;a jamais reni\u00e9 malgr\u00e9 la distance qu&rsquo;elle a prise avec ses camarades de l&rsquo;ENS -, une dimension business d\u00e9ploy\u00e9e au sein d&rsquo;une r\u00e9flexion prospective innovante d&rsquo;un secteur d&rsquo;activit\u00e9s, enfin une vision centr\u00e9e sur les services r\u00e9pondant \u00e0 l&rsquo;utilit\u00e9 de son m\u00e9tier d&rsquo;assureur au service des clients. \u00ab\u00a0<em>J&rsquo;aime cet univers de l&rsquo;enseignement, j&rsquo;aime aussi voir fonctionner et se d\u00e9velopper une entreprise. Mais pas \u00e0 n&rsquo;importe quelles fins, j&rsquo;ai besoin d&rsquo;y trouver un sens, une utilit\u00e9 sociale. Je suis convaincue que l&rsquo;assurance de demain peut \u00eatre, encore plus qu&rsquo;aujourd&rsquo;hui, au service de l&rsquo;individu<\/em>. <em>Nous devons \u00e9voluer d&rsquo;un monde o\u00f9 le service n&rsquo;est qu&rsquo;une dimension \u00ab\u00a0apr\u00e8s-vente\u00a0\u00bb \u00e0 un monde dans lequel les services sont au c\u0153ur de la proposition de valeur vis-\u00e0-vis de nos clients<\/em>\u00ab\u00a0.<\/p>\n<h3><strong>Un parcours d&rsquo;ouverture et d&rsquo;enthousiasme<\/strong><\/h3>\n<p>Comment la jeune \u00e9tudiante doublement dipl\u00f4m\u00e9e, promise simultan\u00e9ment \u00e0 une carri\u00e8re de chercheuse ou d&rsquo;enseignante est-elle devenue cette <em>business-woman<\/em> reconnue, dans un univers traditionnellement masculin, m\u00e8re de trois adolescents et qui parle avec passion des murs de livres, \u00ab\u00a0<em>du sol au plafond<\/em>\u00ab\u00a0, qui envahissent son logement pour son plus grand bonheur.<\/p>\n<p>De la chance ? non, trop facile ; plut\u00f4t une formidable capacit\u00e9 \u00e0 faire de toute situation un tremplin pour rebondir. Nous sommes en 1998, Isabelle et son mari doivent faire le choix de leur premier m\u00e9tier mais le service militaire attend Pierre, ce sera une coop\u00e9ration aux USA chez Saint-Gobain. Isabelle l&rsquo;accompagne avec enthousiasme et trouve un visa temporaire pour un emploi au d\u00e9partement international de Cigna, un des quatre assureurs majeurs am\u00e9ricains. Recrut\u00e9e pour son multi-linguisme, on lui\u00a0 confie des traductions marketing. Mais ses comp\u00e9tences s&rsquo;av\u00e8rent utiles \u2026 et elle\u00a0 se voit proposer le programme \u00ab\u00a0<em>Next Generation Leaders<\/em>\u00a0\u00bb qui lui permet d&rsquo;\u00e9voluer au sein des diff\u00e9rents m\u00e9tiers de l&rsquo;assurance sant\u00e9 et pr\u00e9voyance en changeant de fonction chaque ann\u00e9e.\u00a0 Une formidable opportunit\u00e9 pour cette fran\u00e7aise habitu\u00e9e aux cases dans lesquelles les entreprises hexagonales ont l&rsquo;habitude de cantonner leurs collaborateurs, fili\u00e8re m\u00e9tier par fili\u00e8re m\u00e9tier. Chez Cigna, pendant cinq ans, elle passe du marketing au contr\u00f4le de gestion, du d\u00e9veloppement web au d\u00e9partement souscriptions, de l&rsquo;innovation \u00e0 la strat\u00e9gie en faisant ses classes progressives de manager. A chaque changement, elle repart de z\u00e9ro, doit d\u00e9couvrir et apprendre, pour faire ses preuves. Rares sont les non-Am\u00e9ricains dans ce programme. Aux Etats-Unis, elle ne croise aucun fran\u00e7ais dans ce secteur d&rsquo;activit\u00e9, mais peu importe\u2026!<\/p>\n<p>Isabelle apprend vite, les comp\u00e9tences m\u00e9tiers en priorit\u00e9 mais aussi, et ce n&rsquo;est pas le moins important, une autre mani\u00e8re d&rsquo;\u00eatre. Elle d\u00e9couvre la mentalit\u00e9 am\u00e9ricaine si peu pr\u00e9occup\u00e9e par les \u00e9tudes et le dipl\u00f4me : \u00ab\u00a0<em>J&rsquo;apprends qu&rsquo;outre Atlantique parler de ma formation, de mes faits d&rsquo;armes n&rsquo;int\u00e9ressera personne. Ce n&rsquo;est pas cela qui compte mais plut\u00f4t mon efficacit\u00e9 quotidienne, mon envie d&rsquo;explorer, d&rsquo;avancer avec humilit\u00e9, d&rsquo;apprendre de mes \u00e9checs et d&rsquo;essayer \u00e0 nouveau, d&rsquo;une autre mani\u00e8re. Se convaincre que tout est possible, ce sont les qualit\u00e9s personnelles de l&rsquo;individu qui font son parcours professionnel<\/em>\u00ab\u00a0.<\/p>\n<p>Isabelle trouvera dans cette exp\u00e9rience anglo-saxonne l&rsquo;inspiration de son management d&rsquo;aujourd&rsquo;hui : \u00a0\u00bb <em>co-construction, ouverture, culture innovation, humilit\u00e9 et sens du client. Je revendique une culture manageriale centr\u00e9e sur la bienveillance qui peut \u00eatre une autre fa\u00e7on, efficace, d&rsquo;atteindre des objectifs financiers\u00a0\u00bb <\/em>affirme-t-elle<em>. <\/em>\u00ab\u00a0<em>Je dis souvent que je suis directrice g\u00e9n\u00e9rale \u00e0 ma fa\u00e7on, sans savoir exactement ce que je dois \u00e0 mon c\u00f4t\u00e9 femme ou \u00e0 mon parcours anglo-saxon. Ces nouvelles approches manag\u00e9riales plus collaboratives et responsabilisantes, monnaie courante aux Etats-Unis, se d\u00e9veloppent aujourd&rsquo;hui plus largement en France\u00a0\u00bb <\/em>ajoute-t-elle.<\/p>\n<p>Apr\u00e8s 7 ans chez Cigna, Isabelle rejoint Aetna, autre assureur am\u00e9ricain au territoire plus large, \u00e9galement positionn\u00e9 \u00e0 l&rsquo;international sur le march\u00e9 de l&rsquo;expatriation. L\u00e0 encore Isabelle d\u00e9couvre, explore et s&rsquo;adapte en innovant.<\/p>\n<p>Isabelle et Pierre s&rsquo;interrogent : dix ans aux Etats-Unis, trois enfants. N&rsquo;est-ce pas le moment de rentrer, au risque sinon de choisir l&rsquo;expatriation d\u00e9finitive, et ce n&rsquo;est pas ce qu&rsquo;ils souhaitent. Aetna et Saint-Gobain sont ouverts \u00e0 les accompagner pour un retour en Europe. En quelques semaines, adeptes d&rsquo;une organisation souple et r\u00e9active, ils trouvent sur le web une maison meubl\u00e9e proche de La D\u00e9fense et une nounou pour leurs trois fils, de nouvelles fonctions bas\u00e9es \u00e0 Paris avec actions au Moyen-Orient pour Isabelle, toujours chez Aetna, et voil\u00e0 la famille r\u00e9install\u00e9e en France ! \u00ab\u00a0<em>Tout est toujours possible. Il suffit de faire en acceptant de trouver des solutions souvent nouvelles, revisitant nos habitudes et abandonnant nos \u00e9ventuelles certitudes. Finalement c&rsquo;est la base de l&rsquo;innovation que j&rsquo;applique aussi dans ma vie personnelle !\u00a0\u00bb <\/em>ajoute Isabelle en riant<em>.<\/em><\/p>\n<p>Isabelle fait des allers-retours entre Paris et Duba\u00ef o\u00f9 elle apprend le management de la diversit\u00e9 dans un contexte dans lequel la place d&rsquo;une femme n&rsquo;est pas celle qu&rsquo;elle occupe elle-m\u00eame : \u00ab\u00a0<em>Les discussions avec les partenaires saoudiens d&rsquo;Aetna sont une exp\u00e9rience en soi, apprentissage d&rsquo;un autre type d&rsquo;humilit\u00e9 tout en conduisant le business. Apr\u00e8s cela rien ne peut te d\u00e9contenancer !\u00a0\u00bb.<\/em><\/p>\n<p>L&rsquo;arriv\u00e9e d&rsquo;Obama \u00e0 la pr\u00e9sidence des Etats-Unis et la r\u00e9forme de l&rsquo;assurance sant\u00e9 changent la donne chez Aetna, Isabelle ne se voit pas rentrer dans le Connecticut. Apr\u00e8s dix ans dans l&rsquo;assurance outre-Atlantique, elle veut \u00ab\u00a0<em>capitaliser sur sa trajectoire pour apporter des solutions nouvelles au secteur de la protection sociale fran\u00e7aise en pleine mutation<\/em>\u00ab\u00a0.<\/p>\n<p>Elle rejoint Malakoff M\u00e9d\u00e9ric, dont elle avait crois\u00e9 le Comex lors d&rsquo;un voyage d&rsquo;\u00e9tudes de celui-ci aux Etats-Unis, int\u00e9ress\u00e9 par les pratiques de services et d&rsquo;innovations am\u00e9ricaines. Sa passion ! <em>\u00ab\u00a0Cela tombe bien. Sous la houlette de son d\u00e9l\u00e9gu\u00e9 g\u00e9n\u00e9ral Guillaume Sarkozy, Malakoff M\u00e9d\u00e9ric se lance dans une strat\u00e9gie acc\u00e9l\u00e9r\u00e9e d&rsquo;innovations et de services. Mon exp\u00e9rience am\u00e9ricaine est en plein dans le sujet !\u00a0\u00bb. <\/em>Isabelle se voit confier la responsabilit\u00e9 des services sant\u00e9 (r\u00e9seaux de soins, absent\u00e9isme, accompagnement sant\u00e9 \u2026), puis le marketing et, enfin, entre au Comex de l&rsquo;entreprise en prenant en charge la strat\u00e9gie de Malakoff M\u00e9d\u00e9ric.<\/p>\n<p>Mais apr\u00e8s quatre ann\u00e9es pass\u00e9es chez Malakoff M\u00e9d\u00e9ric, c&rsquo;est finalement la MGEN, &#8211; dont 80% des 4 millions d&rsquo;adh\u00e9rents appartiennent aux minist\u00e8res de l&rsquo;Education Nationale, la Culture, la Jeunesse et les Sports, la Recherche et l&rsquo;Enseignement Sup\u00e9rieur -, qu&rsquo;Isabelle rejoint pour prendre en charge la <em>business unit<\/em> assurance : \u00ab\u00a0<em>j&rsquo;y assume la responsabilit\u00e9 de l&rsquo;ensemble de la cha\u00eene de services, le marketing, la distribution, les RH, la relation client, la gestion\u2026 L&rsquo;entreprise est structur\u00e9e autour d&rsquo;une offre, d&rsquo;un canal et d&rsquo;un public. Mon premier challenge est de la faire \u00e9voluer vers une structure multi-offres, multi-march\u00e9s, multi-canal tout en la gardant fid\u00e8le \u00e0 ce qu&rsquo;elle est depuis 70 ans. Ouverture \u00e0 d&rsquo;autres minist\u00e8res, lancement du digital, refonte de l&rsquo;organisation territoriale, ouverture au march\u00e9 de l&rsquo;assurance collective, lancement de nouvelles gammes d&rsquo;offres, acc\u00e9l\u00e9ration de la strat\u00e9gie de services \u2026 les chantiers \u00e0 mettre en oeuvre ne manquent pas<\/em> !\u00a0\u00bb.<\/p>\n<p>Parall\u00e8lement \u00e0 ses fonctions dans le groupe VYV, Isabelle H\u00e9bert s&rsquo;engage dans les actions en faveur de la parit\u00e9 au sein des entreprises. Elle rejoint Parit\u00e9 Assurance, l&rsquo;association regroupant les femmes <em>executives<\/em> du secteur de l&rsquo;assurance en France. L&rsquo;association m\u00e8ne ses actions sous de multiples formes : mentorat de femmes cadres de l&rsquo;assurance, formation pour devenir administratrice, colloque sur la sant\u00e9 des femmes, livre blanc sur la d\u00e9pendance, prix litt\u00e9raire sur des destins de femmes\u2026<\/p>\n<h3><strong># sourire&amp;d\u00e9termination<\/strong><\/h3>\n<p>Lorsque je l&rsquo;interroge sur son futur, elle s&rsquo;enthousiasme sur son pr\u00e9sent ! \u00a0\u00bb <em>J&rsquo;ai 45 ans et l&rsquo;envie de donner toute mon \u00e9nergie \u00e0 un moment cl\u00e9 de ma vie professionnelle. J&rsquo;ai la chance d&rsquo;avoir face \u00e0 moi un challenge fait d&rsquo;innovation et de sens qui r\u00e9sonne avec mes propres valeurs. Les enjeux entrepreneuriaux sont importants, ils portent et justifient mon engagement total dans cette aventure professionnelle<\/em>\u00ab\u00a0.<\/p>\n<p>Elle ajoute tr\u00e8s vite : \u00ab\u00a0<em>Ma vie familiale et ma vie professionnelle sont vraiment les deux piliers de ma vie au pr\u00e9sent et au futur. Elles sont les clefs de mon propre \u00e9panouissement. Mes week-ends sont enti\u00e8rement d\u00e9di\u00e9s \u00e0 notre famille. Je passe avec d\u00e9lice mes dimanches \u00e0 m&rsquo;investir dans les devoirs de nos trois fils Alexandre, Antoine et Paul, respectivement en 1<sup>\u00e8re<\/sup>, 3<sup>\u00e8me<\/sup> et 6<sup>\u00e8me<\/sup>, avec lesquels je pratique d\u00e9clinaisons latines, expos\u00e9s de SVT, \u00e9quations, TPE\u2026, mais aussi musique, livres et foot (en soutien)<\/em> !\u00a0\u00bb.<\/p>\n<p>De nombreuses femmes, m\u00e8res de famille et cadres dirigeantes ont parfois du mal \u00e0 trouver voire \u00e0 s&rsquo;autoriser du temps pour soi. Isabelle passe celui qu&rsquo;elle se consacre dans les livres : \u00a0\u00bb <em>La lecture est pour moi un moment pour d\u00e9compresser et penser ailleurs et autrement. Et comme je suis fan des r\u00e9seaux sociaux, je poste m\u00eame des couvertures de livres que j&rsquo;aime pour partager une inspiration<\/em> !\u00a0\u00bb.<\/p>\n<p>En fin d&rsquo;interview, \u00e0 ma demande, Isabelle H\u00e9bert se retourne sur son parcours pour en souligner les \u00ab\u00a0pourquoi-comment\u00a0\u00bb et, qui sait, inspirer d&rsquo;autres parcours pour les plus jeunes : \u00ab\u00a0<em>J&rsquo;ai pris des risques en acceptant des jobs lat\u00e9raux qui m&rsquo;ont permis d&rsquo;avoir une vision globale d&rsquo;un secteur d&rsquo;activit\u00e9, au d\u00e9pens d&rsquo;une progression hi\u00e9rarchique peut-\u00eatre plus imm\u00e9diate. J&rsquo;ai aussi pris soin de construire des r\u00e9seaux pour le plaisir de partager gratuitement et non pas par int\u00e9r\u00eat imm\u00e9diat. Enfin, je me suis inspir\u00e9e de ce qu&rsquo;il se passe \u00e0 l&rsquo;\u00e9tranger et pas seulement des exp\u00e9riences fran\u00e7aises. Et, j&rsquo;ai beaucoup travaill\u00e9 &#8211; et je le fais encore ! -. Je suis en effet convaincue que le travail ouvre des chances<\/em>\u00ab\u00a0.<\/p>\n<p>Pour finir, Isabelle nous offre son # pr\u00e9f\u00e9r\u00e9 : # sourire&amp;d\u00e9termination. Apr\u00e8s quelques heures pass\u00e9es avec elle, l&rsquo;\u00e9vidence est l\u00e0, Isabelle H\u00e9bert incarne \u00e0 merveille cet inspirant #.<\/p>\n","protected":false},"excerpt":{"rendered":"<p>Que faire lorsque l&rsquo;on est une bonne \u00e9l\u00e8ve, int\u00e9ress\u00e9e autant par la litt\u00e9rature, les math\u00e9matiques, l&rsquo;histoire, l&rsquo;\u00e9conomie, la philosophie\u2026? autrement dit lorsque l&rsquo;on ne rentre pas dans les cases \u00e0 cocher, \u00ab\u00a0\u00eates-vous \u00a0litt\u00e9raire ou scientifique ?\u00a0\u00bb. Isabelle H\u00e9bert se heurte \u00e0 cette question d\u00e8s le lyc\u00e9e. Les classes pr\u00e9paratoires BL commencent \u00e0 se d\u00e9velopper, peu [&hellip;]<\/p>\n","protected":false},"author":56,"featured_media":3635,"comment_status":"open","ping_status":"open","sticky":false,"template":"","format":"standard","meta":{"_et_pb_use_builder":"","_et_pb_old_content":"","_et_gb_content_width":"","_exactmetrics_skip_tracking":false,"_exactmetrics_sitenote_active":false,"_exactmetrics_sitenote_note":"","_exactmetrics_sitenote_category":0,"footnotes":""},"categories":[12,26],"tags":[],"class_list":["post-3633","post","type-post","status-publish","format-standard","has-post-thumbnail","hentry","category-alumni","category-portraits","et-has-post-format-content","et_post_format-et-post-format-standard"],"_links":{"self":[{"href":"https:\/\/variances.eu\/index.php?rest_route=\/wp\/v2\/posts\/3633","targetHints":{"allow":["GET"]}}],"collection":[{"href":"https:\/\/variances.eu\/index.php?rest_route=\/wp\/v2\/posts"}],"about":[{"href":"https:\/\/variances.eu\/index.php?rest_route=\/wp\/v2\/types\/post"}],"author":[{"embeddable":true,"href":"https:\/\/variances.eu\/index.php?rest_route=\/wp\/v2\/users\/56"}],"replies":[{"embeddable":true,"href":"https:\/\/variances.eu\/index.php?rest_route=%2Fwp%2Fv2%2Fcomments&post=3633"}],"version-history":[{"count":0,"href":"https:\/\/variances.eu\/index.php?rest_route=\/wp\/v2\/posts\/3633\/revisions"}],"wp:featuredmedia":[{"embeddable":true,"href":"https:\/\/variances.eu\/index.php?rest_route=\/wp\/v2\/media\/3635"}],"wp:attachment":[{"href":"https:\/\/variances.eu\/index.php?rest_route=%2Fwp%2Fv2%2Fmedia&parent=3633"}],"wp:term":[{"taxonomy":"category","embeddable":true,"href":"https:\/\/variances.eu\/index.php?rest_route=%2Fwp%2Fv2%2Fcategories&post=3633"},{"taxonomy":"post_tag","embeddable":true,"href":"https:\/\/variances.eu\/index.php?rest_route=%2Fwp%2Fv2%2Ftags&post=3633"}],"curies":[{"name":"wp","href":"https:\/\/api.w.org\/{rel}","templated":true}]}}