{"id":3568,"date":"2018-10-22T08:30:48","date_gmt":"2018-10-22T06:30:48","guid":{"rendered":"http:\/\/variances.eu\/?p=3568"},"modified":"2018-10-22T08:50:01","modified_gmt":"2018-10-22T06:50:01","slug":"metropole-grand-paris-etage-supplementaire-mille-feuille","status":"publish","type":"post","link":"https:\/\/variances.eu\/?p=3568","title":{"rendered":"La M\u00e9tropole du Grand Paris, un \u00e9tage suppl\u00e9mentaire dans le mille-feuille"},"content":{"rendered":"<p>Le terme m\u00e9tropole en France renvoie \u00e0 deux objets tr\u00e8s diff\u00e9rents. Tout d\u2019abord, il s\u2019agit d\u2019une grande ville concentrant un ensemble de fonctions et de ressources politiques, sociales, \u00e9conomiques, culturelles la pla\u00e7ant au sommet de la hi\u00e9rarchie urbaine. Ensuite, c\u2019est un nom utilis\u00e9 par des institutions locales afin de s\u2019octroyer un label consid\u00e9r\u00e9 comme essentiel pour obtenir le rang de grande ville. Dans les faits, l\u2019usage immod\u00e9r\u00e9 de la notion de m\u00e9tropole pose un probl\u00e8me de clart\u00e9, en mettant au m\u00eame niveau des agglom\u00e9rations aux caract\u00e9ristiques fort \u00e9loign\u00e9es.<\/p>\n<p>\u00c0 partir du cas parisien, en explicitant le ph\u00e9nom\u00e8ne de m\u00e9tropolisation qui touche la capitale fran\u00e7aise, cet article vise \u00e0 expliquer les trajectoires concomitantes de la construction d\u2019une m\u00e9tropole politique et d\u2019une m\u00e9tropole de projet. En effet, si les questions des transports et du mode de gouvernement m\u00e9tropolitain coexistent, elles sont ind\u00e9pendantes sur de nombreux plans. Apr\u00e8s avoir expliqu\u00e9 le contexte du d\u00e9bat sur le Grand Paris et la mise en place du programme d\u2019infrastructure du Grand Paris Express dans les ann\u00e9es 2000, l\u2019article souligne les incertitudes et les inqui\u00e9tudes concernant la cr\u00e9ation d\u2019une institution intercommunale politique englobant Paris et sa premi\u00e8re couronne au cours des ann\u00e9es 2010.<\/p>\n<p>Inaugur\u00e9e le 1<sup>er<\/sup> janvier 2016, la M\u00e9tropole du Grand Paris (MGP) est une nouvelle couche du mille-feuille administratif fran\u00e7ais<a href=\"#_ftn1\" name=\"_ftnref1\">[1]<\/a>. Elle regroupe les trois d\u00e9partements de premi\u00e8re couronne, Paris et quelques villes limitrophes, dont Argenteuil. Cette MGP est elle-m\u00eame divis\u00e9e en douze \u00c9tablissements Publics Territoriaux<a href=\"#_ftn2\" name=\"_ftnref2\">[2]<\/a> (EPT), fonctionnant \u00e0 la mani\u00e8re d&rsquo;un \u00c9tablissement Public de Coop\u00e9ration Intercommunale<a href=\"#_ftn3\" name=\"_ftnref3\">[3]<\/a> (EPCI) adapt\u00e9 \u00e0 la situation francilienne et parisienne. Ces EPT concordent plus ou moins avec le p\u00e9rim\u00e8tre des Contrats de D\u00e9veloppement Territorial<a href=\"#_ftn4\" name=\"_ftnref4\">[4]<\/a> (CDT) initi\u00e9s suite \u00e0 la loi de 2010 relative au Grand Paris.<\/p>\n<div id=\"attachment_3575\" style=\"width: 710px\" class=\"wp-caption aligncenter\"><img loading=\"lazy\" decoding=\"async\" aria-describedby=\"caption-attachment-3575\" class=\"wp-image-3575\" src=\"http:\/\/variances.eu\/wp-content\/uploads\/2018\/10\/Illustration-1-EPT-1024x793.jpg\" alt=\"\" width=\"700\" height=\"542\" srcset=\"https:\/\/variances.eu\/wp-content\/uploads\/2018\/10\/Illustration-1-EPT-1024x793.jpg 1024w, https:\/\/variances.eu\/wp-content\/uploads\/2018\/10\/Illustration-1-EPT-300x232.jpg 300w, https:\/\/variances.eu\/wp-content\/uploads\/2018\/10\/Illustration-1-EPT-600x465.jpg 600w, https:\/\/variances.eu\/wp-content\/uploads\/2018\/10\/Illustration-1-EPT-1080x836.jpg 1080w, https:\/\/variances.eu\/wp-content\/uploads\/2018\/10\/Illustration-1-EPT.jpg 1218w\" sizes=\"(max-width: 700px) 100vw, 700px\" \/><p id=\"caption-attachment-3575\" class=\"wp-caption-text\">La M\u00e9tropole du Grand Paris<\/p><\/div>\n<p>&nbsp;<\/p>\n<div id=\"attachment_3576\" style=\"width: 710px\" class=\"wp-caption aligncenter\"><img loading=\"lazy\" decoding=\"async\" aria-describedby=\"caption-attachment-3576\" class=\"wp-image-3576\" src=\"http:\/\/variances.eu\/wp-content\/uploads\/2018\/10\/Illustration-2-carte-des-CDT-source-IAU-2013-1024x790.jpg\" alt=\"\" width=\"700\" height=\"540\" srcset=\"https:\/\/variances.eu\/wp-content\/uploads\/2018\/10\/Illustration-2-carte-des-CDT-source-IAU-2013-1024x790.jpg 1024w, https:\/\/variances.eu\/wp-content\/uploads\/2018\/10\/Illustration-2-carte-des-CDT-source-IAU-2013-300x231.jpg 300w, https:\/\/variances.eu\/wp-content\/uploads\/2018\/10\/Illustration-2-carte-des-CDT-source-IAU-2013-600x463.jpg 600w, https:\/\/variances.eu\/wp-content\/uploads\/2018\/10\/Illustration-2-carte-des-CDT-source-IAU-2013.jpg 1076w\" sizes=\"(max-width: 700px) 100vw, 700px\" \/><p id=\"caption-attachment-3576\" class=\"wp-caption-text\">Les Contrats de D\u00e9veloppement Territorial<\/p><\/div>\n<p>&nbsp;<\/p>\n<p>L&rsquo;articulation entre les CDT, les EPT et la MGP forme le nouveau paysage institutionnel du c\u0153ur de la r\u00e9gion \u00cele-de-France.<\/p>\n<h3><strong>1) Aux origines politiques d&rsquo;une m\u00e9tropole hors-norme<\/strong><\/h3>\n<p>Afin de cerner les enjeux contemporains de la m\u00e9tropolisation politique parisienne, il est n\u00e9cessaire de remettre la situation actuelle dans son contexte historique. La MGP a \u00e9t\u00e9 rendue possible par la conjonction de plusieurs dynamiques provenant de diverses \u00e9chelles. Tout d&rsquo;abord, la question d&rsquo;une institution politique supra-communale comprenant Paris n&rsquo;a \u00e9t\u00e9 abord\u00e9e qu&rsquo;\u00e0 partir du d\u00e9clin de l&#8217;emprise de Jacques Chirac sur la droite parisienne (1995-1997). Ce d\u00e9clin a \u00e9t\u00e9 concomitant d&rsquo;une d\u00e9marche nationale pour favoriser la d\u00e9centralisation en promouvant l&rsquo;intercommunalit\u00e9 (1997-2002). Dans ce cadre, l\u2019\u00cele-de-France est apparue en retrait sur le plan politique alors m\u00eame que l&rsquo;intercommunalit\u00e9 technique \u00e9tait d\u00e9j\u00e0 effective pour de nombreuses comp\u00e9tences. En effet, l&rsquo;intercommunalit\u00e9 ne se r\u00e9sume pas aux EPCI introduits r\u00e9cemment\u00a0; elle recouvre \u00e9galement les coop\u00e9rations anciennes induites par les syndicats intercommunaux d\u00e9di\u00e9s \u00e0 des missions techniques comme l&rsquo;assainissement, la gestion de l&rsquo;eau, des d\u00e9chets.<a href=\"#_ftn5\" name=\"_ftnref5\">[5]<\/a><\/p>\n<p>L&rsquo;intercommunalit\u00e9 politique francilienne a \u00e9t\u00e9 incarn\u00e9e depuis les ann\u00e9es 2000 par le cas particulier de Plaine-Commune, regroupant des communes communistes autour de Saint-Ouen, Saint-Denis, Aubervilliers et La Courneuve. D&rsquo;autres territoires avaient cr\u00e9\u00e9 des intercommunalit\u00e9s, notamment Clichy-sous-Bois et Montfermeil en 1998. Il faut cependant attendre les ann\u00e9es 2010 pour voir un r\u00e9el essor des intercommunalit\u00e9s en proche couronne avec Grand Paris Seine Ouest et Est-Ensemble qui atteignent des tailles comparables \u00e0 Plaine-Commune (entre 300 000 et 400 000 habitants).<\/p>\n<h4><strong>Recomposition du paysage politique francilien dans les ann\u00e9es 2000<\/strong><\/h4>\n<p>Au cours de la campagne municipale de 2001, Bertrand Delano\u00eb, le candidat socialiste \u00e0 Paris, avait propos\u00e9 la potentielle cr\u00e9ation d&rsquo;une communaut\u00e9 urbaine comprenant Paris<a href=\"#_ftn6\" name=\"_ftnref6\">[6]<\/a>. Par la suite, les mairies de gauche de proche couronne se r\u00e9unissent \u00e0 partir de 2002 sous l&rsquo;\u00e9gide de Pierre Mansat, adjoint communiste \u00e0 Paris\u00a0(20<sup>\u00e8me<\/sup> arrondissement) ; l&rsquo;\u00e9largissement des participants au centre et \u00e0 une partie de la droite conduit \u00e0 la fondation de la Conf\u00e9rence m\u00e9tropolitaine \u00e0 Vanves en 2006, rencontres qui deviendront en 2009 le Syndicat Paris M\u00e9tropole (SPM)<a href=\"#_ftn7\" name=\"_ftnref7\">[7]<\/a>.<\/p>\n<p>Parall\u00e8lement \u00e0 ce mouvement provenant des maires, le paysage institutionnel et politique francilien se voit boulevers\u00e9 lors de l\u2019accession de Nicolas Sarkozy, ancien maire de Neuilly-sur-Seine et pr\u00e9sident du Conseil g\u00e9n\u00e9ral des Hauts-de-Seine, \u00e0 la Pr\u00e9sidence de la R\u00e9publique. Il lance ce que l&rsquo;on nomme le Grand Paris, bloque la r\u00e9vision du Sch\u00e9ma directeur de la R\u00e9gion Ile-de-France (SDRIF) par le Conseil r\u00e9gional et propose de travailler \u00e0 une loi sur le Grand Paris incluant une r\u00e9forme territoriale et un programme de transport. La loi relative au Grand Paris de 2010 aboutit finalement \u00e0 un programme de transport (le Grand Paris Express, ci-apr\u00e8s GPE) sans produire une solution sur le plan des institutions politiques m\u00e9tropolitaines (en dehors de la cr\u00e9ation de la Soci\u00e9t\u00e9 du Grand Paris). En cons\u00e9quence, ce seront les lois de Modernisation de l&rsquo;Action Publique territoriale et d&rsquo;Affirmation des M\u00e9tropoles (MAPAM) en 2014, et portant Nouvelle Organisation du Territoire de la R\u00e9publique (NOTRe) en 2015, qui introduiront la MGP au 1<sup>er<\/sup> janvier 2016.<\/p>\n<p>La particularit\u00e9 de la MGP vient de l&rsquo;intervention de l&rsquo;\u00e9chelle nationale pour sa cr\u00e9ation. Si le parall\u00e8le avec la M\u00e9tropole Lyonnaise (elle aussi ayant un statut particulier) est s\u00e9duisant, il appara\u00eet dans les faits que la gen\u00e8se de la MGP s&rsquo;apparente bien plus \u00e0 la trajectoire de la M\u00e9tropole Aix-Marseille. En effet, la M\u00e9tropole de Lyon est cr\u00e9\u00e9e \u00e0 partir d&rsquo;un accord entre le maire de Lyon et le Pr\u00e9sident du Conseil G\u00e9n\u00e9ral du Rh\u00f4ne pour fondre les comp\u00e9tences de ce dernier avec la M\u00e9tropole sur son territoire. Dans le cas de Marseille et de Paris, une telle concordance au niveau local n&rsquo;existe pas. Il a fallu une imposition de l&rsquo;institution en <em>top-down<\/em>, par les parlementaires. Ensuite, \u00e0 Marseille et \u00e0 Paris, la fusion des d\u00e9partements avec la m\u00e9tropole n&rsquo;a pas eu lieu. Marseille se retrouve avec une m\u00e9tropole bic\u00e9phale comprenant Aix-en-Provence, mais elle a finalement un fonctionnement proche des autres EPCI fran\u00e7ais. Paris garde un statut tr\u00e8s particulier avec une ville d\u00e9partement en son centre (Paris), et des EPT dont certaines communes-membres ne sont pas du m\u00eame d\u00e9partement.<\/p>\n<h3><strong>2) Transport et r\u00e9forme territoriale\u00a0: deux d\u00e9bats concomitants pour la r\u00e9gion parisienne<\/strong><\/h3>\n<p>La congestion des transports dans les ann\u00e9es 1990-2000, que ce soit des transports routiers ou des transports ferr\u00e9s, a enclench\u00e9 une r\u00e9flexion plus large sur la gouvernance de la m\u00e9tropole rendue possible par les \u00e9l\u00e9ments politiques nationaux et locaux expos\u00e9s plus haut.<\/p>\n<h4><strong>Construire le RER et r\u00e9former les d\u00e9partements\u00a0: le legs des ann\u00e9es 1960<\/strong><\/h4>\n<p>Pour comprendre la situation, il faut faire un rappel historique. Dans les ann\u00e9es 1960, la France entame une transformation radicale de la m\u00e9tropole parisienne. Le G\u00e9n\u00e9ral de Gaulle et Paul Delouvrier initient une politique d&rsquo;am\u00e9nagement ambitieuse avec des villes nouvelles devant d\u00e9sengorger Paris, reli\u00e9es entre elles et avec le centre par un R\u00e9seau Express R\u00e9gional (RER) efficace et en \u00e9toile. Parall\u00e8lement, on augmente les investissements routiers pour construire de grandes autoroutes devant am\u00e9liorer l\u2019acc\u00e8s des banlieues \u00e0 Paris dans la continuit\u00e9 de la construction du boulevard p\u00e9riph\u00e9rique. Enfin, pour de multiples raisons, une r\u00e9forme territoriale pr\u00e9voit la division du d\u00e9partement de la Seine et la cr\u00e9ation de la carte institutionnelle que l&rsquo;on conna\u00eet aujourd&rsquo;hui (1964-1965). Le projet d&rsquo;am\u00e9nagement du RER et des villes nouvelles s&rsquo;effectue en m\u00eame temps que la production de deux sch\u00e9mas d&rsquo;am\u00e9nagement (PADOG de 1960 et SDAU de 1965), dont la logique contradictoire sur certains points r\u00e9sulte en une extension des zones b\u00e2ties, en ayant toutefois un souci de densification dans l\u2019espoir de dig\u00e9rer le plus rapidement possible la croissance d\u00e9mographique et l\u2019ambition de l\u2019am\u00e9lioration de l\u2019habitat.<\/p>\n<div id=\"attachment_3569\" style=\"width: 710px\" class=\"wp-caption aligncenter\"><img loading=\"lazy\" decoding=\"async\" aria-describedby=\"caption-attachment-3569\" class=\"wp-image-3569\" src=\"http:\/\/variances.eu\/wp-content\/uploads\/2018\/10\/Illustration-3-PADOG-Trafic-banlieue-Source-Archive-de-Paris-Porte-des-Lilas-1960-1024x753.jpg\" alt=\"\" width=\"700\" height=\"515\" srcset=\"https:\/\/variances.eu\/wp-content\/uploads\/2018\/10\/Illustration-3-PADOG-Trafic-banlieue-Source-Archive-de-Paris-Porte-des-Lilas-1960-1024x753.jpg 1024w, https:\/\/variances.eu\/wp-content\/uploads\/2018\/10\/Illustration-3-PADOG-Trafic-banlieue-Source-Archive-de-Paris-Porte-des-Lilas-1960-300x221.jpg 300w, https:\/\/variances.eu\/wp-content\/uploads\/2018\/10\/Illustration-3-PADOG-Trafic-banlieue-Source-Archive-de-Paris-Porte-des-Lilas-1960-600x442.jpg 600w, https:\/\/variances.eu\/wp-content\/uploads\/2018\/10\/Illustration-3-PADOG-Trafic-banlieue-Source-Archive-de-Paris-Porte-des-Lilas-1960-1080x795.jpg 1080w, https:\/\/variances.eu\/wp-content\/uploads\/2018\/10\/Illustration-3-PADOG-Trafic-banlieue-Source-Archive-de-Paris-Porte-des-Lilas-1960-1320x971.jpg 1320w\" sizes=\"(max-width: 700px) 100vw, 700px\" \/><p id=\"caption-attachment-3569\" class=\"wp-caption-text\">Le PADOG<\/p><\/div>\n<p>&nbsp;<\/p>\n<div id=\"attachment_3570\" style=\"width: 710px\" class=\"wp-caption aligncenter\"><img loading=\"lazy\" decoding=\"async\" aria-describedby=\"caption-attachment-3570\" class=\"wp-image-3570\" src=\"http:\/\/variances.eu\/wp-content\/uploads\/2018\/10\/Illustration-4-SDAU-Projet-RER-Source-SDAU-1965-1024x605.jpg\" alt=\"\" width=\"700\" height=\"414\" srcset=\"https:\/\/variances.eu\/wp-content\/uploads\/2018\/10\/Illustration-4-SDAU-Projet-RER-Source-SDAU-1965-1024x605.jpg 1024w, https:\/\/variances.eu\/wp-content\/uploads\/2018\/10\/Illustration-4-SDAU-Projet-RER-Source-SDAU-1965-300x177.jpg 300w, https:\/\/variances.eu\/wp-content\/uploads\/2018\/10\/Illustration-4-SDAU-Projet-RER-Source-SDAU-1965-600x355.jpg 600w, https:\/\/variances.eu\/wp-content\/uploads\/2018\/10\/Illustration-4-SDAU-Projet-RER-Source-SDAU-1965-1080x638.jpg 1080w, https:\/\/variances.eu\/wp-content\/uploads\/2018\/10\/Illustration-4-SDAU-Projet-RER-Source-SDAU-1965.jpg 1200w\" sizes=\"(max-width: 700px) 100vw, 700px\" \/><p id=\"caption-attachment-3570\" class=\"wp-caption-text\">Le SDAU<\/p><\/div>\n<h4><strong>Un r\u00e9seau de RER surcharg\u00e9 (ann\u00e9es 1990)<\/strong><\/h4>\n<p>Ce mouvement des ann\u00e9es 1960 qui divise institutionnellement le territoire avec la r\u00e9forme du d\u00e9partement de la Seine et qui organise la r\u00e9gion parisienne autour d&rsquo;une zone dense s&rsquo;\u00e9talant le long des axes de transports construits en \u00e9toile, pr\u00e9figure la congestion des ann\u00e9es 1990-2000 par un manque cruel d&rsquo;alternatives pour les trajets inter-banlieues. En effet, si efficace soit le r\u00e9seau de transport qu&rsquo;est le RER, la concentration des emplois dans Paris et autour de La D\u00e9fense engendre une saturation d&rsquo;Est en Ouest des axes routiers et ferr\u00e9s.<\/p>\n<h4><strong>Espoir et d\u00e9ception concernant la capacit\u00e9 des tramways (ann\u00e9es 2000)<\/strong><\/h4>\n<p>La remise en cause de ce constat est progressive. Paradoxalement, c&rsquo;est \u00e0 la fin du mandat de Jean Tiberi (1995-2001) que la droite parisienne lance le projet d&rsquo;\u00e9tude d&rsquo;un tramway sur le boulevard des Mar\u00e9chaux afin de d\u00e9senclaver les marges de Paris et d&rsquo;apporter une solution alternative au passage par le centre de l\u2019agglom\u00e9ration. Ce travail est repris par l&rsquo;\u00e9quipe municipale \u00e9lue en 2001. L&rsquo;objectif final est de faire une boucle de Paris. De mani\u00e8re g\u00e9n\u00e9rale, les ann\u00e9es 2000 marquent le retour du tramway en \u00cele-de-France avec une quinzaine de projets de lignes tout autour de Paris.<\/p>\n<div id=\"attachment_3571\" style=\"width: 710px\" class=\"wp-caption aligncenter\"><img loading=\"lazy\" decoding=\"async\" aria-describedby=\"caption-attachment-3571\" class=\"wp-image-3571\" src=\"http:\/\/variances.eu\/wp-content\/uploads\/2018\/10\/Illustration-5-Tramways-IDF-Source-Maximilian-D\u00f6rrbecker-2017.png\" alt=\"\" width=\"700\" height=\"751\" srcset=\"https:\/\/variances.eu\/wp-content\/uploads\/2018\/10\/Illustration-5-Tramways-IDF-Source-Maximilian-D\u00f6rrbecker-2017.png 800w, https:\/\/variances.eu\/wp-content\/uploads\/2018\/10\/Illustration-5-Tramways-IDF-Source-Maximilian-D\u00f6rrbecker-2017-280x300.png 280w, https:\/\/variances.eu\/wp-content\/uploads\/2018\/10\/Illustration-5-Tramways-IDF-Source-Maximilian-D\u00f6rrbecker-2017-600x644.png 600w\" sizes=\"(max-width: 700px) 100vw, 700px\" \/><p id=\"caption-attachment-3571\" class=\"wp-caption-text\">Les tramways parisiens<\/p><\/div>\n<p>Pour autant, cette solution ne ravit pas tout le monde. Philippe Zittoun<a href=\"#_ftn8\" name=\"_ftnref8\">[8]<\/a> a montr\u00e9 l&rsquo;avantage politique du tramway \u00e0 de nombreux \u00e9gards, mais force est de constater que pour une partie des \u00e9lus de premi\u00e8re couronne, la solution ne r\u00e9pond pas aux attentes, notamment en termes de d\u00e9bit et de vitesse. De ce fait, \u00e0 partir de 2005, le Conseil G\u00e9n\u00e9ral du Val-de-Marne entame des r\u00e9flexions pour proposer une ligne de m\u00e9tro traversant le territoire d\u00e9partemental en connectant les terminus des lignes de m\u00e9tropolitains existantes avec les lignes du RER. Ce projet deviendra rapidement, en 2006, une association nomm\u00e9e Orbival. Ce terme reprend le mot de la RATP et de la SNCF, \u00ab\u00a0Orbitale\u00a0\u00bb, un terme d\u00e9signant un projet lointain de construire une rocade en orbite autour de Paris.<\/p>\n<div id=\"attachment_3572\" style=\"width: 641px\" class=\"wp-caption aligncenter\"><img loading=\"lazy\" decoding=\"async\" aria-describedby=\"caption-attachment-3572\" class=\"size-full wp-image-3572\" src=\"http:\/\/variances.eu\/wp-content\/uploads\/2018\/10\/Illustration-6-Orbival-Source-Conseil-General-Val-de-Marne-2006.jpg\" alt=\"\" width=\"631\" height=\"503\" srcset=\"https:\/\/variances.eu\/wp-content\/uploads\/2018\/10\/Illustration-6-Orbival-Source-Conseil-General-Val-de-Marne-2006.jpg 631w, https:\/\/variances.eu\/wp-content\/uploads\/2018\/10\/Illustration-6-Orbival-Source-Conseil-General-Val-de-Marne-2006-300x239.jpg 300w, https:\/\/variances.eu\/wp-content\/uploads\/2018\/10\/Illustration-6-Orbival-Source-Conseil-General-Val-de-Marne-2006-600x478.jpg 600w\" sizes=\"(max-width: 631px) 100vw, 631px\" \/><p id=\"caption-attachment-3572\" class=\"wp-caption-text\">Orbival<\/p><\/div>\n<h4><strong>L\u2019\u00e9vidence d\u2019un nouveau r\u00e9seau de m\u00e9tro (2005-2011)<\/strong><\/h4>\n<p>Tr\u00e8s vite, entre 2006 et 2007, le Conseil R\u00e9gional reprend l&rsquo;id\u00e9e d&rsquo;un nouveau r\u00e9seau en premi\u00e8re couronne appel\u00e9 Arc-Express. Parall\u00e8lement, les soutiens \u00e0 Orbival augmentent\u00a0: la mairie de Paris puis le Conseil G\u00e9n\u00e9ral de Seine-Saint-Denis adh\u00e9rent \u00e0 l&rsquo;association. Avec ces projets en cours de maturation, le Conseil R\u00e9gional int\u00e8gre Arc-Express \u00e0 son Sch\u00e9ma Directeur (SDRIF) qu&rsquo;il d\u00e9voile d\u00e9but 2007 apr\u00e8s quatre ans de r\u00e9vision. N\u00e9anmoins, l&rsquo;\u00e9lection de Nicolas Sarkozy change la donne. Au moment o\u00f9 le Conseil R\u00e9gional tente de prendre le leadership sur les questions m\u00e9tropolitaines, il est \u00e9branl\u00e9 par les annonces pr\u00e9sidentielles concernant le projet du Grand Paris (2007-2008). Nicolas Sarkozy demande en effet \u00e0 ce que le SDRIF soit retard\u00e9 (il est envoy\u00e9 au Conseil d\u2019\u00c9tat et est bloqu\u00e9) afin d&rsquo;inclure les futurs \u00e9l\u00e9ments de son projet dans ce document. Le projet sera finalis\u00e9 par deux accords entre l\u2019\u00c9tat et le Conseil R\u00e9gional (2011 et 2013). Ces accords avaient pour but de finaliser le plan de financement et d\u2019ajouter certaines missions \u00e0 la Soci\u00e9t\u00e9 du Grand Paris. Le financement a \u00e9t\u00e9 revu \u00e0 la hausse en 2017 par la Cour des Comptes et valid\u00e9 par le gouvernement d\u2019\u00c9douard Philippe en 2018.<\/p>\n<div id=\"attachment_3573\" style=\"width: 710px\" class=\"wp-caption aligncenter\"><img loading=\"lazy\" decoding=\"async\" aria-describedby=\"caption-attachment-3573\" class=\"wp-image-3573\" src=\"http:\/\/variances.eu\/wp-content\/uploads\/2018\/10\/Illustration-7-Arc-Express-Source-Conseil-Regional-2007.jpg\" alt=\"\" width=\"700\" height=\"501\" srcset=\"https:\/\/variances.eu\/wp-content\/uploads\/2018\/10\/Illustration-7-Arc-Express-Source-Conseil-Regional-2007.jpg 763w, https:\/\/variances.eu\/wp-content\/uploads\/2018\/10\/Illustration-7-Arc-Express-Source-Conseil-Regional-2007-300x215.jpg 300w, https:\/\/variances.eu\/wp-content\/uploads\/2018\/10\/Illustration-7-Arc-Express-Source-Conseil-Regional-2007-600x429.jpg 600w\" sizes=\"(max-width: 700px) 100vw, 700px\" \/><p id=\"caption-attachment-3573\" class=\"wp-caption-text\">L&rsquo;Arc-Express<\/p><\/div>\n<p>&nbsp;<\/p>\n<div id=\"attachment_3574\" style=\"width: 710px\" class=\"wp-caption aligncenter\"><img loading=\"lazy\" decoding=\"async\" aria-describedby=\"caption-attachment-3574\" class=\"wp-image-3574\" src=\"http:\/\/variances.eu\/wp-content\/uploads\/2018\/10\/Illustration-8-Grand-Paris-Express-Source-Societe-du-Grand-Paris-2016-1024x793.jpeg\" alt=\"\" width=\"700\" height=\"542\" srcset=\"https:\/\/variances.eu\/wp-content\/uploads\/2018\/10\/Illustration-8-Grand-Paris-Express-Source-Societe-du-Grand-Paris-2016.jpeg 1024w, https:\/\/variances.eu\/wp-content\/uploads\/2018\/10\/Illustration-8-Grand-Paris-Express-Source-Societe-du-Grand-Paris-2016-300x232.jpeg 300w, https:\/\/variances.eu\/wp-content\/uploads\/2018\/10\/Illustration-8-Grand-Paris-Express-Source-Societe-du-Grand-Paris-2016-600x465.jpeg 600w\" sizes=\"(max-width: 700px) 100vw, 700px\" \/><p id=\"caption-attachment-3574\" class=\"wp-caption-text\">Le Grand Paris Express<\/p><\/div>\n<h3><strong>3) Une m\u00e9tropole politique resserr\u00e9e sur la premi\u00e8re couronne et \u00e0 l\u2019avenir incertain<\/strong><\/h3>\n<p>La faiblesse de la MGP vient essentiellement de la s\u00e9paration du projet de transport et du mode de gouvernement. En effet, la construction des nouvelles infrastructures de transport a \u00e9t\u00e9 d\u00e9cid\u00e9e en fonction des CDT et des n\u00e9gociations sous l\u2019\u00e9gide de l\u2019\u00c9tat par le biais de la Soci\u00e9t\u00e9 du Grand Paris en 2011 et 2013. Depuis le d\u00e9but, ce projet de transport a pour vocation de couvrir la partie dense de l\u2019Ile-de-France, que ce soie les a\u00e9roports, la premi\u00e8re couronne ou le site de Saclay.<\/p>\n<p>Le poids financier du projet et les incertitudes sur son calendrier ont amen\u00e9 une partie des \u00e9lus de banlieue \u00e0 se m\u00e9fier de l\u2019ambition du Grand Paris. Tout d\u2019abord, nombreux sont ceux qui auraient souhait\u00e9 un investissement portant sur l\u2019am\u00e9lioration de l\u2019existant afin d\u2019accro\u00eetre le niveau de confort et la ponctualit\u00e9. Apr\u00e8s l\u2019accident de Br\u00e9tigny-sur-Orge en 2013<a href=\"#_ftn9\" name=\"_ftnref9\">[9]<\/a> et les multiples pannes dans les gares parisiennes, les voix se sont \u00e9lev\u00e9es pour d\u00e9noncer la d\u00e9mesure du financement du GPE face \u00e0 la n\u00e9cessit\u00e9 d\u2019investir dans la maintenance des infrastructures existantes. Un d\u00e9calage de plus en plus important appara\u00eet entre des territoires m\u00e9tropolitains b\u00e9n\u00e9ficiant des lignes du Grand Paris et ceux qui sont aux marges. Les nouvelles infrastructures r\u00e9pondent \u00e0 un besoin ind\u00e9niable d\u2019investissement dans les transports en commun, mais elles mettent en lumi\u00e8re les limites d\u2019une politique \u00e9tatique qui donne l\u2019impression d\u2019\u00eatre surtout attach\u00e9e aux grands projets.<\/p>\n<p>Du c\u00f4t\u00e9 politique, la MGP est soumise \u00e0 de nombreuses critiques concernant son utilit\u00e9 et son efficacit\u00e9. Elle s\u2019\u00e9tend sur la zone dense et provoque une division de la r\u00e9gion \u00cele-de-France dont les cons\u00e9quences sont difficiles \u00e0 pr\u00e9voir. La deuxi\u00e8me couronne reste sous un r\u00e9gime institutionnel traditionnel (commune, intercommunalit\u00e9, syndicats intercommunaux, d\u00e9partement, r\u00e9gion) alors que la premi\u00e8re couronne int\u00e8gre un paysage politique in\u00e9dit (commune, syndicats intercommunaux, EPT, d\u00e9partement, MGP, r\u00e9gion). La MGP est quant \u00e0 elle d\u00e9pendante de la ville de Paris qui d\u00e9tient 62 des 209 si\u00e8ges du Conseil. Patrick Ollier (Les R\u00e9publicains), maire de Rueil-Malmaison dans les Hauts-de-Seine est devenu Pr\u00e9sident de la MGP en 2016 au d\u00e9triment de Gilles Carrez (LR), d\u00e9put\u00e9-maire du Perreux-sur-Marne dans le Val-de-Marne. Il applique la \u00ab\u00a0neutralit\u00e9 budg\u00e9taire\u00a0\u00bb (\u00e0 la fois en respectant la loi et par conviction) qui signifie un budget d\u2019investissement tr\u00e8s faible, d\u00e9pendant des surplus de la Cotisation sur la Valeur Ajout\u00e9e des Entreprises (CVAE, moins d\u2019une centaine de millions d\u2019euros en 2016 et rien en 2017). Les recettes de la CVAE et les Dotations globales de fonctionnement (DGF) sont quasi enti\u00e8rement revers\u00e9es aux communes (3,37 mds \u20ac revers\u00e9s sur un total de 3,43 mds \u20ac de recettes en 2017) en dehors de quelques millions d\u2019euros pour le fonctionnement de l\u2019institution (location du si\u00e8ge et une cinquantaine d\u2019employ\u00e9s). L\u2019initiative \u00ab\u00a0Inventons la M\u00e9tropole du Grand Paris\u00a0\u00bb appara\u00eet comme une tentative de diffuser l\u2019image d\u2019une m\u00e9tropole sobre qui parvient \u00e0 f\u00e9d\u00e9rer les \u00e9nergies. Le d\u00e9tail de ces projets montre une absence de vision de la m\u00e9tropole, un manque de coordination des orientations concernant l\u2019urbanisme et au final, une institution qui n\u2019a pas r\u00e9ussi \u00e0 s\u2019accorder sur un projet pour la m\u00e9tropole.<\/p>\n<p>Sans ambition, la \u00ab\u00a0m\u00e9tropole des maires\u00a0\u00bb voulue par la majorit\u00e9 au conseil m\u00e9tropolitain ne fait qu\u2019ajouter des \u00e9chelons au paysage politique francilien. Les investissements induits par l\u2019initiative de la MGP sont en r\u00e9alit\u00e9 des projets qui \u00e9taient en cours de finalisation et que la m\u00e9tropole labellise pour favoriser son image, consolider sa position et aider les communes \u00e0 attirer des investisseurs priv\u00e9s. Reste \u00e0 savoir si Emmanuel Macron voudra p\u00e9renniser ce syst\u00e8me ou s\u2019il cherchera une nouvelle architecture institutionnelle avant les prochaines \u00e9lections municipales. En attendant, les chantiers du Grand Paris progressent, les territoires de seconde couronne red\u00e9finissent les liens intercommunaux qui les unissent, et la premi\u00e8re couronne est dans l\u2019incertitude d\u2019une \u00e9ventuelle fusion des d\u00e9partements, d\u2019un remaniement de la MGP, ou d\u2019une \u00e9ventuelle alternance au conseil m\u00e9tropolitain aux prochaines \u00e9lections.<\/p>\n<p>L\u2019avenir de la gouvernance francilienne demeure incertain. Les \u00e9lus comme les administrateurs de la r\u00e9gion sont dans l\u2019attente des annonces du Pr\u00e9sident de la R\u00e9publique qui tardent \u00e0 venir. L\u2019arbitrage entre les camps de Val\u00e9rie P\u00e9cresse (Conseil R\u00e9gional), Patrick Ollier (MGP) ou Anne Hidalgo (Paris) sera de nature \u00e0 clarifier le r\u00f4le de l\u2019\u00e9chelon m\u00e9tropolitain et d\u00e9partemental. Pour autant, face aux \u00e9lections europ\u00e9ennes en 2019 et municipales en 2020, il semble qu\u2019une r\u00e9forme en profondeur passant par la loi soit difficile \u00e0 imaginer, faute de temps. En octobre 2018, au moment de conclure cet article, deux constats sont possibles\u00a0: le nouveau r\u00e9seau de transport est bel et bien ficel\u00e9 malgr\u00e9 des retards envisageables, alors m\u00eame que le mode de gouvernement de la m\u00e9tropole est encore en phase de test. Reste \u00e0 savoir si les essais seront concluants.<\/p>\n<hr \/>\n<p><em><a href=\"#_ftnref1\" name=\"_ftn1\"><sup>[1]<\/sup><\/a>\u00a0\u00a0\u00a0\u00a0 Le mille-feuille administratif fran\u00e7ais d\u00e9crit le foisonnement des \u00e9chelons politiques et administratifs existant entre la commune (\u00e9chelon le plus bas) et l\u2019\u00c9tat ou l\u2019Europe au niveau le plus haut. L\u2019empilement de ces \u00e9chelons pose des probl\u00e8mes d\u2019efficacit\u00e9 et de doublon dans la d\u00e9cision publique, mais permet aussi une meilleure compr\u00e9hension des enjeux territoriaux et une certaine technicisation des politiques.<\/em><\/p>\n<p><em><a href=\"#_ftnref2\" name=\"_ftn2\"><sup>[2]<\/sup><\/a>\u00a0\u00a0\u00a0\u00a0 Les EPT sont un \u00e9chelon particulier \u00e0 la M\u00e9tropole du Grand Paris. Ils sont \u00e0 la fois une institution de coop\u00e9ration entre les communes-membres et une d\u00e9centralisation de la MGP.<\/em><\/p>\n<p><em><a href=\"#_ftnref3\" name=\"_ftn3\"><sup>[3]<\/sup><\/a>\u00a0\u00a0\u00a0\u00a0 L\u2019EPCI est une institution de coop\u00e9ration intercommunale pouvant prendre diff\u00e9rentes formes et d\u00e9nominations en fonction de la taille de l\u2019ensemble qu\u2019elle forme. Il peut s\u2019agir d\u2019un petit regroupement de communes (communaut\u00e9 de communes) ou d\u2019un grand ensemble (communaut\u00e9 urbaine et m\u00e9tropole).<\/em><\/p>\n<p><em><a href=\"#_ftnref4\" name=\"_ftn4\"><sup>[4]<\/sup><\/a>\u00a0\u00a0\u00a0\u00a0 Les CDT sont sign\u00e9s par les collectivit\u00e9s concern\u00e9es et le gouvernement dans le but de promouvoir une sp\u00e9cialit\u00e9 territoriale particuli\u00e8re\u00a0: la finance autour de La D\u00e9fense, le num\u00e9rique et le multim\u00e9dia \u00e0 Est-Ensemble, la culture \u00e0 Plaine-Commune, l&rsquo;a\u00e9roportuaire et les \u00e9v\u00e9nements internationaux au Bourget, la recherche et la m\u00e9decine autour de la vall\u00e9e de la Bi\u00e8vre <span style=\"text-decoration: underline; color: #0000ff;\"><a style=\"color: #0000ff; text-decoration: underline;\" href=\"http:\/\/www.driea.ile-de-france.developpement-durable.gouv.fr\/les-contrats-de-developpement-territorial-cdt-r2038.html\">http:\/\/www.driea.ile-de-france.developpement-durable.gouv.fr\/les-contrats-de-developpement-territorial-cdt-r2038.html<\/a><\/span><\/em><\/p>\n<p><em><a href=\"#_ftnref5\" name=\"_ftn5\">[5]<\/a>\u00a0\u00a0\u00a0\u00a0\u00a0\u00a0 Je renvoie le lecteur aux \u00e9tudes faites par Emmanuel Bellanger, notamment l&rsquo;ouvrage avec Fran\u00e7ois-Mathieu Poupeau, Lumi\u00e8res sur la banlieue \u2013 Histoire du syndicat intercommunal de la p\u00e9riph\u00e9rie de Paris pour l\u2019\u00e9lectricit\u00e9 et les r\u00e9seaux de communications, Paris, \u00c9ditions de l&rsquo;Atelier, 2014.<\/em><\/p>\n<p><em><a href=\"#_ftnref6\" name=\"_ftn6\">[6]<\/a>\u00a0\u00a0\u00a0\u00a0\u00a0\u00a0 Bertrand Delano\u00eb, Pour l&rsquo;honneur de Paris. Chronique\u00a0: 1977-2020, Calmann-Levy, 1999.<\/em><\/p>\n<p><em><a href=\"#_ftnref7\" name=\"_ftn7\">[7]<\/a>\u00a0\u00a0\u00a0\u00a0\u00a0\u00a0 Dans sa th\u00e8se, Jeanne Chauvel revient pr\u00e9cis\u00e9ment sur l&rsquo;ensemble de ces s\u00e9quences politiques\u00a0: Chauvel Jeanne, La question du Grand Paris (2001-2012), Th\u00e8se de doctorat sous la direction de Jacques Caillosse, Universit\u00e9 Paris 2 Panth\u00e9on-Assas, 10 d\u00e9cembre 2015.<\/em><\/p>\n<p><em><a href=\"#_ftnref8\" name=\"_ftn8\">[8]<\/a>\u00a0\u00a0\u00a0\u00a0\u00a0\u00a0 Zittoun Philippe, \u00ab\u00a0One policy for two problems: the policy-making controversies of the Parisian tramway\u00a0\u00bb, Planning theory and practice, vol. 9, n\u00b04, 2008.<\/em><\/p>\n<p><em><a href=\"#_ftnref9\" name=\"_ftn9\"><sup>[9]<\/sup><\/a> D\u00e9raillement d\u2019un train Intercit\u00e9s entrant en gare de Br\u00e9tigny-sur-Orge, entrainant une r\u00e9vision des installations et la mise en lumi\u00e8re de leur vetust\u00e9.<\/em><\/p>\n","protected":false},"excerpt":{"rendered":"<p>Le terme m\u00e9tropole en France renvoie \u00e0 deux objets tr\u00e8s diff\u00e9rents. Tout d\u2019abord, il s\u2019agit d\u2019une grande ville concentrant un ensemble de fonctions et de ressources politiques, sociales, \u00e9conomiques, culturelles la pla\u00e7ant au sommet de la hi\u00e9rarchie urbaine. Ensuite, c\u2019est un nom utilis\u00e9 par des institutions locales afin de s\u2019octroyer un label consid\u00e9r\u00e9 comme essentiel [&hellip;]<\/p>\n","protected":false},"author":182,"featured_media":3578,"comment_status":"open","ping_status":"open","sticky":false,"template":"","format":"standard","meta":{"_et_pb_use_builder":"","_et_pb_old_content":"","_et_gb_content_width":"","_exactmetrics_skip_tracking":false,"_exactmetrics_sitenote_active":false,"_exactmetrics_sitenote_note":"","_exactmetrics_sitenote_category":0,"footnotes":""},"categories":[168,133],"tags":[],"class_list":["post-3568","post","type-post","status-publish","format-standard","has-post-thumbnail","hentry","category-metropoles","category-themes","et-has-post-format-content","et_post_format-et-post-format-standard"],"_links":{"self":[{"href":"https:\/\/variances.eu\/index.php?rest_route=\/wp\/v2\/posts\/3568","targetHints":{"allow":["GET"]}}],"collection":[{"href":"https:\/\/variances.eu\/index.php?rest_route=\/wp\/v2\/posts"}],"about":[{"href":"https:\/\/variances.eu\/index.php?rest_route=\/wp\/v2\/types\/post"}],"author":[{"embeddable":true,"href":"https:\/\/variances.eu\/index.php?rest_route=\/wp\/v2\/users\/182"}],"replies":[{"embeddable":true,"href":"https:\/\/variances.eu\/index.php?rest_route=%2Fwp%2Fv2%2Fcomments&post=3568"}],"version-history":[{"count":0,"href":"https:\/\/variances.eu\/index.php?rest_route=\/wp\/v2\/posts\/3568\/revisions"}],"wp:featuredmedia":[{"embeddable":true,"href":"https:\/\/variances.eu\/index.php?rest_route=\/wp\/v2\/media\/3578"}],"wp:attachment":[{"href":"https:\/\/variances.eu\/index.php?rest_route=%2Fwp%2Fv2%2Fmedia&parent=3568"}],"wp:term":[{"taxonomy":"category","embeddable":true,"href":"https:\/\/variances.eu\/index.php?rest_route=%2Fwp%2Fv2%2Fcategories&post=3568"},{"taxonomy":"post_tag","embeddable":true,"href":"https:\/\/variances.eu\/index.php?rest_route=%2Fwp%2Fv2%2Ftags&post=3568"}],"curies":[{"name":"wp","href":"https:\/\/api.w.org\/{rel}","templated":true}]}}