{"id":3317,"date":"2018-06-27T10:13:30","date_gmt":"2018-06-27T08:13:30","guid":{"rendered":"http:\/\/variances.eu\/?p=3317"},"modified":"2018-06-27T10:15:03","modified_gmt":"2018-06-27T08:15:03","slug":"introduction-dossier-retraites","status":"publish","type":"post","link":"https:\/\/variances.eu\/?p=3317","title":{"rendered":"Introduction au dossier Retraites"},"content":{"rendered":"<p>Tous les pays d\u00e9velopp\u00e9s connaissent un accroissement significatif de la part des personnes \u00e2g\u00e9es dans leur population. Les pr\u00e9visions d\u00e9mographiques, peu susceptibles de modifications substantielles, indiquent que cette part continuera de s\u2019accro\u00eetre dans les prochaines d\u00e9cennies. De nombreux pays \u00ab\u00a0\u00e9merg\u00e9s\u00a0\u00bb conna\u00eetront \u00e9galement cette \u00e9volution.<\/p>\n<p>La retraite et les retrait\u00e9(e)s constituent donc un enjeu permanent et mondial.\u00a0 Variances, version papier, a d\u00e9j\u00e0 consacr\u00e9 un dossier sur le sujet en 2009 (cf. Variances n\u00b039). Il nous a sembl\u00e9 n\u00e9cessaire de renouer avec ce th\u00e8me \u00e0 l\u2019heure, notamment, o\u00f9 le gouvernement fran\u00e7ais envisage une profonde r\u00e9forme des syst\u00e8mes de retraite.<\/p>\n<p>Dans les prochaines semaines seront donc mis en ligne plusieurs articles traitant de divers aspects de la retraite : les profils des retrait\u00e9(e)s et leur situation financi\u00e8re, le sempiternel d\u00e9bat entre capitalisation et r\u00e9partition, le projet gouvernemental fran\u00e7ais, la gestion des r\u00e9serves et la r\u00e9gulation des fonds de pension, les syst\u00e8mes \u00e9trangers, les implications en terme de dette publique, sans oublier les aspects humains de la retraite et les probl\u00e8mes pos\u00e9s par le grand \u00e2ge.<\/p>\n<p>Bonne lecture et n\u2019h\u00e9sitez pas \u00e0 formuler vos commentaires.<\/p>\n<p>Alain Minczeles (1977)<\/p>\n","protected":false},"excerpt":{"rendered":"<p>Tous les pays d\u00e9velopp\u00e9s connaissent un accroissement significatif de la part des personnes \u00e2g\u00e9es dans leur population. Les pr\u00e9visions d\u00e9mographiques, peu susceptibles de modifications substantielles, indiquent que cette part continuera de s\u2019accro\u00eetre dans les prochaines d\u00e9cennies. De nombreux pays \u00ab\u00a0\u00e9merg\u00e9s\u00a0\u00bb conna\u00eetront \u00e9galement cette \u00e9volution. La retraite et les retrait\u00e9(e)s constituent donc un enjeu permanent et [&hellip;]<\/p>\n","protected":false},"author":88,"featured_media":3322,"comment_status":"open","ping_status":"open","sticky":false,"template":"","format":"standard","meta":{"_et_pb_use_builder":"","_et_pb_old_content":"","_et_gb_content_width":"","_exactmetrics_skip_tracking":false,"_exactmetrics_sitenote_active":false,"_exactmetrics_sitenote_note":"","_exactmetrics_sitenote_category":0,"footnotes":""},"categories":[166,133],"tags":[],"class_list":["post-3317","post","type-post","status-publish","format-standard","has-post-thumbnail","hentry","category-retraites","category-themes","et-has-post-format-content","et_post_format-et-post-format-standard"],"_links":{"self":[{"href":"https:\/\/variances.eu\/index.php?rest_route=\/wp\/v2\/posts\/3317","targetHints":{"allow":["GET"]}}],"collection":[{"href":"https:\/\/variances.eu\/index.php?rest_route=\/wp\/v2\/posts"}],"about":[{"href":"https:\/\/variances.eu\/index.php?rest_route=\/wp\/v2\/types\/post"}],"author":[{"embeddable":true,"href":"https:\/\/variances.eu\/index.php?rest_route=\/wp\/v2\/users\/88"}],"replies":[{"embeddable":true,"href":"https:\/\/variances.eu\/index.php?rest_route=%2Fwp%2Fv2%2Fcomments&post=3317"}],"version-history":[{"count":0,"href":"https:\/\/variances.eu\/index.php?rest_route=\/wp\/v2\/posts\/3317\/revisions"}],"wp:featuredmedia":[{"embeddable":true,"href":"https:\/\/variances.eu\/index.php?rest_route=\/wp\/v2\/media\/3322"}],"wp:attachment":[{"href":"https:\/\/variances.eu\/index.php?rest_route=%2Fwp%2Fv2%2Fmedia&parent=3317"}],"wp:term":[{"taxonomy":"category","embeddable":true,"href":"https:\/\/variances.eu\/index.php?rest_route=%2Fwp%2Fv2%2Fcategories&post=3317"},{"taxonomy":"post_tag","embeddable":true,"href":"https:\/\/variances.eu\/index.php?rest_route=%2Fwp%2Fv2%2Ftags&post=3317"}],"curies":[{"name":"wp","href":"https:\/\/api.w.org\/{rel}","templated":true}]}}