{"id":3307,"date":"2018-06-22T09:40:21","date_gmt":"2018-06-22T07:40:21","guid":{"rendered":"http:\/\/variances.eu\/?p=3307"},"modified":"2019-01-01T16:21:10","modified_gmt":"2019-01-01T14:21:10","slug":"michele-debonneuil-1973-portrait-dune-femme-libre-engagee","status":"publish","type":"post","link":"https:\/\/variances.eu\/?p=3307","title":{"rendered":"Mich\u00e8le Debonneuil (1973), portrait d&rsquo;une femme libre et engag\u00e9e"},"content":{"rendered":"<p>Juin 68. Apr\u00e8s avoir descell\u00e9 les pav\u00e9s de la rue Gay Lussac, les \u00e9l\u00e8ves de la pr\u00e9pa scientifique du lyc\u00e9e Saint Louis s&rsquo;appr\u00eatent \u00e0 passer les concours. Pour les \u00e9tudiants tout est possible, l&rsquo;ensemble des \u00e9coles d&rsquo;ing\u00e9nieurs leur est ouvert ; il n&rsquo;en est pas de m\u00eame pour les \u00e9tudiantes, seules l&rsquo;Ensae, les Ponts, Centrale et les ENS leur sont \u00ab\u00a0autoris\u00e9es\u00a0\u00bb. Malgr\u00e9 les secousses du printemps, les rares \u00e9tudiantes des classes pr\u00e9paratoires scientifiques n&rsquo;ont acc\u00e8s qu&rsquo;\u00e0 la portion congrue de la formation d&rsquo;excellence \u00e0 laquelle leurs comp\u00e9tences pourraient l\u00e9gitimement les destiner.<\/p>\n<p>Cinquante ans plus tard, Mich\u00e8le Debonneuil se souvient : \u00ab\u00a0<em>nous accompagnions nos camarades voir leurs r\u00e9sultats au concours de polytechnique sans r\u00e9ellement prendre conscience de l&rsquo;injustice qui nous \u00e9tait faite tellement nous avions int\u00e9rioris\u00e9 les limites arbitrairement impos\u00e9es \u00e0 nos r\u00eaves \u00bb<\/em>. A l&rsquo;\u00e9poque, Mich\u00e8le n&rsquo;a pas encore pris conscience que cette situation originelle l&rsquo;accompagnerait tout au long de son parcours professionnel : en effet, si peu nombreuses seraient celles de sa g\u00e9n\u00e9ration qui pourraient s&rsquo;\u00e9lever aux plus hautes fonctions qu&rsquo;elles y seraient toujours isol\u00e9es.<\/p>\n<p>A la sortie de l&rsquo;Ensae, inform\u00e9e par hasard de l&rsquo;existence d&rsquo;un concours externe pour devenir administrateur de l&rsquo;Insee (une place par an), elle le pr\u00e9sente et int\u00e8gre ce corps quasi- exclusivement masculin puisque r\u00e9serv\u00e9 alors aux seuls polytechniciens.<\/p>\n<p>Pour survivre dans un milieu dont on conna\u00eet mal l&rsquo;habitus, la solution la plus simple est de ne pas faire de vagues et d&rsquo;adopter codes et pens\u00e9es des autres. Cependant, Mich\u00e8le, \u00e9lev\u00e9e par un p\u00e8re ing\u00e9nieur dans l&rsquo;industrie a\u00e9ronautique, a appris aupr\u00e8s de lui la libert\u00e9 de penser, celle qui permet d&rsquo;imaginer des solutions alternatives quitte \u00e0 d\u00e9ranger ceux qui craignent le changement et pr\u00e9f\u00e8rent rapi\u00e9cer l&rsquo;existant.<\/p>\n<p>Tout au long de sa vie professionnelle Mich\u00e8le sera au c\u0153ur de ce dilemme : form\u00e9e \u00e0 la macro-\u00e9conomie aupr\u00e8s d&rsquo;Edmond Malinvaud, experte des m\u00e9thodes statistiques, attentive au terrain et aux faits \u00e0 partir desquels, lucide et honn\u00eate, libre de sa pens\u00e9e, elle anticipera, d\u00e9noncera le futur probable lorsqu&rsquo;il l&rsquo;inqui\u00e8tera, elle imaginera et proposera des solutions, quitte \u00e0 bousculer les sch\u00e9mas du pass\u00e9. Face \u00e0 elle, de nombreuses personnes seront s\u00e9duites par cette libert\u00e9 aussi professionnelle que cr\u00e9ative mais parfois, d&rsquo;autres, plus frileuses, r\u00e9sisteront. Pour celles-ci le changement risquerait de trop remettre en question les acquis du pass\u00e9. Peur, r\u00e9sistance au changement, \u00e9touffement de cette voix discordante \u2026 dans ces moments-l\u00e0 Mich\u00e8le ressentira la solitude de ces rares femmes dont la voix fait trop de bruit dans les hautes sph\u00e8res de d\u00e9cision. Pot de fer contre pot de terre, mais pas d&rsquo;argile.<\/p>\n<p>Gr\u00e2ce \u00e0 l&rsquo;attention d&rsquo;Edmond Malinvaud pour ces deux jeunes administrateurs r\u00e9cemment mari\u00e9s, Mich\u00e8le et Xavier Debonneuil prennent leurs premiers postes \u00e0 Reims o\u00f9, pendant cinq ans Mich\u00e8le sera Directrice de l&rsquo;observatoire \u00e9conomique de Champagne-Ardennes. Engag\u00e9e \u00e0 gauche pendant ses \u00e9tudes, la jeune administratrice a choisi de se sp\u00e9cialiser en macro-\u00e9conomie convaincue que cette discipline lui donnerait les clefs du fonctionnement social et \u00e9conomique de la soci\u00e9t\u00e9 pour en organiser le futur : \u00ab\u00a0<em>la macro-\u00e9conomie donne les moyens d&rsquo;une m\u00e9ta-vue, globale et simplifi\u00e9e des ph\u00e9nom\u00e8nes sociaux-\u00e9conomiques. Cette posture permet d&rsquo;\u00eatre utile ; utilit\u00e9 qui est la raison d&rsquo;\u00eatre de ma r\u00e9flexion th\u00e9orique\u00a0\u00bb<\/em>\u00a0revendique cette \u00e9conomiste passionn\u00e9e.<\/p>\n<p>D\u00e8s 1974, \u00e0 Reims, elle entreprendra de faire une estimation des chiffres de la pauvret\u00e9 en Champagne-Ardennes. A l&rsquo;heure o\u00f9 les feux des Trente Glorieuses commencent \u00e0 vaciller sous les coups de la premi\u00e8re crise p\u00e9troli\u00e8re, cette demande, faite par ATD Quart Monde, est une grande premi\u00e8re. Le syst\u00e8me de protection sociale fran\u00e7ais est un exemple en Europe, n\u00e9anmoins la pauvret\u00e9 est d\u00e9j\u00e0 l\u00e0 et inqui\u00e8te en ces temps d&rsquo;instabilit\u00e9 \u00e9mergente.<\/p>\n<p>Mich\u00e8le travaillera sur le fichier des allocations familiales et r\u00e9alisera un chiffrage \u00e0 partir de l&rsquo;observation du terrain. Celui-ci lui r\u00e9v\u00e8le les ravages de la pauvret\u00e9 et ancre pour toujours sa conviction que la finalit\u00e9 du d\u00e9veloppement \u00e9conomique d&rsquo;une soci\u00e9t\u00e9 d\u00e9mocratique doit, avant tout, \u00eatre sa coh\u00e9sion sociale. D\u00e8s lors, \u00ab\u00a0<em>refusant les trop restrictives appartenances gauche-droite\u00a0\u00bb,<\/em>\u00a0elle placera la d\u00e9fense de la d\u00e9mocratie par l&rsquo;\u00e9quilibre social en inspiration prioritaire de tous ses travaux : \u00ab\u00a0<em>l&rsquo;\u00e9conomie doit \u00eatre porteuse de coh\u00e9sion sociale\u00a0\u00bb<\/em>, rappelle-t-elle.<\/p>\n<p>Apr\u00e8s six ann\u00e9es pass\u00e9es \u00e0 Reims, elle rejoint le service de la Conjoncture \u00e0 la direction g\u00e9n\u00e9rale de l&rsquo;Insee. En charge du commerce ext\u00e9rieur puis cheffe du service de la Conjoncture, elle se souvient : \u00ab\u00a0<em>j&rsquo;y ai tout appris, les enqu\u00eates de conjoncture, les ressorts du commerce ext\u00e9rieur et de l&rsquo;activit\u00e9 commerciale internationale, les mod\u00e8les \u00e9conom\u00e9triques et leur n\u00e9cessaire adaptation aux alea d&rsquo;un monde \u00e9conomique qui a entam\u00e9 une profonde transformation\u2026 Ces ann\u00e9es m&rsquo;ont permis de fonder le socle de mon activit\u00e9 future de macro-\u00e9conomiste\u00a0\u00bb<\/em><em>.<\/em><\/p>\n<p>Rep\u00e9r\u00e9e par le Directeur du Tr\u00e9sor, Jean-Claude Trichet, celui-ci l&rsquo;appelle pour devenir sa conseill\u00e8re \u00e9conomique. Quelques ann\u00e9es plus tard, il d\u00e9clarera dans le Monde (1) \u00ab\u00a0<em>Mich\u00e8le Debonneuil a une cr\u00e9ativit\u00e9 hors du commun et une capacit\u00e9 \u00e0 se mobiliser au service d&rsquo;id\u00e9es audacieuses et g\u00e9n\u00e9reuses\u00a0\u00bb. <\/em>Belle d\u00e9claration que Mich\u00e8le avait oubli\u00e9e et qui la fera sourire avec gratitude lorsque je la lui rappellerai lors de notre rencontre.<\/p>\n<p>Au Tr\u00e9sor, o\u00f9 Mich\u00e8le restera deux ans, de 1987 \u00e0 1989, elle assiste \u00e0 l&rsquo;ouverture de la France sur le monde. \u00ab\u00a0<em>Nous entrions dans une \u00e9conomie mondialis\u00e9e, la gestion \u00e9tatique des politiques \u00e9conomiques \u00e9tait remplac\u00e9e par celle des march\u00e9s financiers. Les taux d&rsquo;int\u00e9r\u00eat, le taux de change qui \u00e9taient fix\u00e9s une fois par jour par la Banque de France et le Tr\u00e9sor l&rsquo;\u00e9taient d\u00e9sormais en continu par les march\u00e9s ; les pr\u00e9sidents des grandes entreprises n&rsquo;avaient plus besoin de venir demander du cr\u00e9dit, jusqu&rsquo;alors rationn\u00e9, au Directeur du Tr\u00e9sor ; les entreprises publiques \u00e9taient privatis\u00e9es ; la politique africaine \u00e9tait boulevers\u00e9e \u2026\u00a0\u00bb<\/em><\/p>\n<p>Le monde se transforme, les march\u00e9s inspirent d\u00e9sormais les d\u00e9cisions \u00e9conomiques et politiques, et ont besoin de comp\u00e9tences. Mich\u00e8le Debonneuil quitte l&rsquo;administration &#8211; \u00ab\u00a0<em>chass\u00e9e avec insistance comme l&rsquo;\u00e9taient \u00e0 l&rsquo;\u00e9poque beaucoup de fonctionnaires\u00a0\u00bb<\/em>\u00a0&#8211; et rejoint la banque Indosuez pour y \u00a0devenir Directrice du service des \u00e9tudes \u00e9conomiques et financi\u00e8res. De 1990 \u00e0 1997, Mich\u00e8le va d\u00e9crypter, accompagner voire anticiper la r\u00e9volution mondiale : \u00ab\u00a0l<em>&lsquo;Asie, et notamment la Chine, s&rsquo;ouvrait au monde mais aussi l&rsquo;Am\u00e9rique latine, l&rsquo;Afrique ; l&rsquo;Europe se construisait, la r\u00e9flexion sur une monnaie commune se concr\u00e9tisait ; l&rsquo;activit\u00e9 se d\u00e9pla\u00e7ait de nos pays vers d&rsquo;autres r\u00e9gions du monde r\u00e9cemment ouvertes au lib\u00e9ralisme \u00e9conomique et proposant une main d&rsquo;\u0153uvre moins ch\u00e8re\u00a0\u00bb<\/em><em>. <\/em><\/p>\n<p>Mais en parcourant le monde aux c\u00f4t\u00e9s du pr\u00e9sident d&rsquo;Indosuez, Mich\u00e8le Debonneuil acquiert la conviction que si la fin d&rsquo;un cycle \u00e9conomique est bien l\u00e0, ce n&rsquo;est malheureusement pas l&rsquo;\u00e9mergence d&rsquo;une nouvelle \u00e9conomie \u00e0 laquelle elle assiste : \u00ab\u00a0<em>les acteurs \u00e9conomiques allaient faire le m\u00eame jeu ailleurs, nous assistions au d\u00e9placement de l&rsquo;activit\u00e9 \u00e9conomique et non \u00e0 la cr\u00e9ation d&rsquo;une nouvelle \u00e9conomie capable de r\u00e9pondre aux enjeux sociaux pos\u00e9s par la mondialisation\u00a0\u00bb<\/em>. \u00a0<em>\u00a0<\/em><\/p>\n<p>Parall\u00e8lement \u00e0 ce d\u00e9placement de l&rsquo;activit\u00e9 \u00e9conomique s&rsquo;accro\u00eet la toute puissance des march\u00e9s financiers. \u00ab\u00a0<em>L&rsquo;entrepreneur devient un optimisateur de l&rsquo;existant, un sp\u00e9culateur, les banques accompagnent ces mouvements en d\u00e9veloppant des produis financiers toxiques\u00a0\u00bb<\/em>\u00a0souligne alors Mich\u00e8le Debonneuil. La crise asiatique \u00e9clate et montre\u00a0 \u00e0 quel point la finance et ses exc\u00e8s peuvent d\u00e9tourner de la r\u00e9flexion premi\u00e8re sur les probl\u00e8mes \u00e9conomiques et sociaux.<\/p>\n<p>Mich\u00e8le Debonneuil a 50 ans. Elle est rest\u00e9e profond\u00e9ment attach\u00e9e \u00e0 sa conviction que la d\u00e9mocratie ne peut exister aux d\u00e9pens du bien-\u00eatre des populations. De par ses diff\u00e9rentes fonctions, elle a accumul\u00e9 connaissances et observations des faits \u00e9conomiques, sociaux, financiers en France et dans le monde. Elle veut travailler plus encore sa compr\u00e9hension des choses, \u00e9tudier les donn\u00e9es, interroger les mod\u00e8les, pour \u00e9laborer sa propre vision des ph\u00e9nom\u00e8nes. Mais pas seulement comme le ferait une chercheuse, Mich\u00e8le Debonneuil veut mettre ses comp\u00e9tences d&rsquo;\u00e9conomiste au service de l&rsquo;utilit\u00e9 sociale. Pour cela, elle alertera sans rel\u00e2che, en femme libre et engag\u00e9e. Elle veut \u00ab\u00a0<em>r\u00e9fl\u00e9chir pour agir,<\/em> <em>imaginer des solutions, les proposer et trouver les moyens de les mettre en \u0153uvre\u00a0\u00bb<\/em>.<\/p>\n<p>Elle quitte alors Indosuez pour aller travailler pendant deux ans \u00e0 l&rsquo;OCDE comme conseill\u00e8re aupr\u00e8s du Secr\u00e9taire g\u00e9n\u00e9ral de l&rsquo;Institution : elle y fera entendre sa voix discordante qui d\u00e9noncera la rupture du mod\u00e8le \u00e9conomique et appellera ses interlocuteurs \u00e0 \u00ab\u00a0<em>ne pas laisser le lib\u00e9ralisme \u00e9conomique faire son \u0153uvre aux risques de d\u00e9g\u00e2ts \u00e0 venir d&rsquo;ordre financier et, de fait, \u00e9conomique et social\u00a0\u00bb<\/em>.<\/p>\n<p>Femme, fran\u00e7aise, dans un monde \u00e9conomique \u00e9perdument s\u00e9duit par les march\u00e9s, elle comprend tr\u00e8s vite que c&rsquo;est mission impossible. En 1998, elle quitte l&rsquo;OCDE et devient Cheffe du service \u00e9conomique, financier et international au Commissariat G\u00e9n\u00e9ral du Plan. Elle y restera six ans.<\/p>\n<p>Forte de son exp\u00e9rience des march\u00e9s financiers et de celle de son mari, alors Directeur g\u00e9n\u00e9ral adjoint de la banque d&rsquo;Affaires \u00e0 la Soci\u00e9t\u00e9 G\u00e9n\u00e9rale, les premiers travaux qu&rsquo;elle anime auront pour objectif d&rsquo;expliquer simplement les m\u00e9canismes financiers complexes et les crises qu&rsquo;ils engendrent.<\/p>\n<p>Alors qu&rsquo;elle ach\u00e8ve le rapport de synth\u00e8se de ce travail, la mort accidentelle de son mari et de leur fille bouleverse sa vie personnelle.<\/p>\n<p>Malgr\u00e9 tout, Mich\u00e8le continue \u00e0 travailler d&rsquo;arrache-pied pour \u00ab\u00a0<em>prendre du temps pour penser autre chose que le quotidien\u00a0\u00bb<\/em>, imaginer des r\u00e9ponses aux questions pos\u00e9es par le ch\u00f4mage qui ne cesse de cro\u00eetre et la coh\u00e9sion sociale qui souffre des difficult\u00e9s \u00e9conomiques. Membre du Conseil d&rsquo;Analyse Economique, elle publie le rapport \u00ab\u00a0Productivit\u00e9 et emploi dans le tertiaire\u00a0\u00bb dans lequel elle montre comment le num\u00e9rique va permettre de rendre les services productifs. Elle pointe \u00ab\u00a0<em>le potentiel d&#8217;emplois pour l&rsquo;avenir que sont les services \u00e0 la personne,<\/em> <em>non pas au sens traditionnel mais sous une forme r\u00e9volutionn\u00e9e par le num\u00e9rique : ces emplois ne seront plus des petits boulots mais l&rsquo;\u00e9quivalent des emplois industriels de la m\u00e9canisation\u00a0\u00bb<\/em>. Le Premier Ministre, Jean Pierre Raffarin, l&rsquo;\u00e9coute avec int\u00e9r\u00eat. Nous sommes en 2004, Mich\u00e8le Debonneuil quitte le Commissariat G\u00e9n\u00e9ral du Plan pour int\u00e9grer le cabinet de Jean-Louis Borloo et y d\u00e9velopper le plan des services \u00e0 la personne. Quelques ann\u00e9es plus tard, celui-ci d\u00e9clarera \u00e0 propos de Mich\u00e8le Debonneuil (1) : \u00ab\u00a0<em>J&rsquo;ai fait la rencontre d&rsquo;une femme extr\u00eamement rare. J&rsquo;avais en face de moi une th\u00e9oricienne qui ne cherche pas pour le plaisir de chercher mais pour que ses travaux soient utiles aux autres. Mon plan 2006 ? C&rsquo;est elle\u00a0\u00bb<\/em>.<\/p>\n<p>Mich\u00e8le Debonneuil est consciente que \u00ab\u00a0<em>ce plan a \u00e9t\u00e9 une immense chance\u00a0\u00bb<\/em>\u00a0car il lui a permis de voir comment une vision nouvelle porteuse d&rsquo;espoir pouvait acc\u00e9l\u00e9rer les changements sur le terrain. Elle d\u00e9clare : \u00ab\u00a0<em>Il a en effet fallu que des entreprises priv\u00e9es de services \u00e0 la personne puissent se d\u00e9velopper en concurrence avec les services des employ\u00e9s \u00e0 domicile et ceux des associations d&rsquo;aide aux personnes \u00e2g\u00e9es tr\u00e8s largement subventionn\u00e9s par le public. Dans le m\u00eame temps, il a fallu que ces acteurs anciens comprennent que les nouvelles entreprises priv\u00e9es n&rsquo;allaient pas les \u00e9vincer mais au contraire leur permettre de s&rsquo;int\u00e9grer dans de nouveaux march\u00e9s apportant une meilleure satisfaction des besoins des citoyens. Jean-Louis Borloo a su magnifiquement communiquer cet enthousiasme fond\u00e9 sur une vision nouvelle o\u00f9 chacun pouvait trouver sa place\u00a0\u00bb<\/em>.<\/p>\n<p>Le plan Borloo lanc\u00e9, elle quitte le cabinet minist\u00e9riel pour int\u00e9grer l&rsquo;Inspection g\u00e9n\u00e9rale des finances. Elle publie alors aux \u00e9ditions Bourin \u00ab\u00a0L&rsquo;espoir \u00e9conomique, vers la r\u00e9volution du quaternaire\u00a0\u00bb. Elle d\u00e9veloppe dans cet ouvrage son id\u00e9e centrale : \u00ab\u00a0<em>les technologies num\u00e9riques vont permettre de satisfaire les besoins des citoyens-consommateurs, non plus en achetant biens et services, mais de nouveaux types de produits &#8211; des \u00ab\u00a0solutions\u00a0\u00bb &#8211; qui mettent \u00e0 leur disposition, sur leurs lieux de vie, les biens et les personnes dont ils ont besoin. On va ainsi pouvoir passer d\u2019une croissance de \u00ab\u00a0l\u2019avoir plus\u00a0\u00bb \u00e0 une de \u00ab\u00a0l\u2019\u00eatre mieux\u00a0\u00bb\u00a0\u00bb<\/em>.<\/p>\n<p>Depuis 2008 les id\u00e9es, les propositions et les convictions de Mich\u00e8le Debonneuil ont interpel\u00e9 positivement nombre de politiques et de d\u00e9cideurs : Nathalie Kosciusko-Morizet lui a demand\u00e9 un rapport lorsqu&rsquo;elle \u00e9tait Ministre du plan et du num\u00e9rique ; elle a \u00e9t\u00e9 membre de la commission Attali, membre du CERC pr\u00e9sid\u00e9 par Jacques Delors, membre du comit\u00e9 scientifique de l&rsquo;ARCEP ; charg\u00e9e gr\u00e2ce \u00e0 Ren\u00e9 Ricol d&rsquo;une mission du Premier ministre au sein de la Caisse des d\u00e9p\u00f4ts pour d\u00e9velopper ses id\u00e9es sur l&rsquo;\u00e9conomie quaternaire et avancer avec celles et ceux qui veulent agir\u2026 Mich\u00e8le Debonneuil travaille notamment aujourd&rsquo;hui\u00a0 avec des entreprises volontaires (FNAC Darty, Allianz, Cr\u00e9dit Mutuel, La Poste, AG2R \u2026 mais aussi la CNSA &#8211; la Caisse Nationale de Solidarit\u00e9 pour l&rsquo;Autonomie -, les collectivit\u00e9s locales\u2026) pour construire les premi\u00e8res solutions quaternaires de la Silver \u00e9conomie.<\/p>\n<p>Mich\u00e8le Debonneuil ne d\u00e9sarme pas et r\u00e9p\u00e8te \u00e0 l&rsquo;envi \u00e0 qui veut agir : \u00ab\u00a0<em>il n&rsquo;est pas question de se laisser aller \u00e0 la fatalit\u00e9 de la progression des in\u00e9galit\u00e9s qui sape le fondement de nos d\u00e9mocraties. Les technologies num\u00e9riques \u00e9largissent \u00e0 ce point le champ des possibles qu&rsquo;il existe forc\u00e9ment une fa\u00e7on de les mettre au service de toutes et de tous\u00a0\u00bb<\/em><em>.<\/em> Sa libert\u00e9 de parole a parfois d\u00e9rang\u00e9, voire agac\u00e9. Elle l&rsquo;a pay\u00e9 cher. Mais elle ne sait ni ne veut renier ses id\u00e9aux auxquels elle consacre toute sa force de travail et ses comp\u00e9tences d&rsquo;\u00e9conomiste.<\/p>\n<p>En novembre 2017, Mich\u00e8le Debonneuil a publi\u00e9 \u00ab\u00a0La r\u00e9volution quaternaire\u00a0\u00bb aux \u00e9ditions de l&rsquo;observatoire (<span style=\"text-decoration: underline;\"><span style=\"color: #0000ff;\"><a style=\"color: #0000ff; text-decoration: underline;\" href=\"http:\/\/variances.eu\/?p=27\">\u00ab\u00a0Et si on entrait dans la quatri\u00e8me r\u00e9volution industrielle ?\u00a0\u00bb<\/a><\/span><\/span>) dans lequel elle propose une vision qui montre qu&rsquo; \u00ab\u00a0<em>il est possible de prolonger le grand cycle de \u00ab\u00a0l&rsquo;avoir plus\u00a0\u00bb port\u00e9 par les technologies de la m\u00e9canique par un nouveau grand cycle de \u00ab\u00a0l&rsquo;\u00eatre mieux\u00a0\u00bb qui mettra les technologies num\u00e9riques au service de l&rsquo;humanit\u00e9. Cette vision n&rsquo;est autre que celle que sont en train de mettre en place un grand nombre d&rsquo;entreprises de services menac\u00e9es par l&rsquo;ub\u00e9risation : elle est donc \u00e0 port\u00e9e de main. L&rsquo;Homme est g\u00e9nial mais il lui faut du temps pour, finalement, mettre ses \u0153uvres au service de la soci\u00e9t\u00e9. Aujourd&rsquo;hui il nous faut gagner du temps, car le temps presse. C&rsquo;est possible si l&rsquo;on en a l&rsquo;envie et le courage\u00a0\u00bb<\/em>.<\/p>\n<p><span style=\"color: #0000ff;\"><strong>A suivre lundi dans variances.eu, l&rsquo;article \u00a0de Mich\u00e8le Debonneuil \u00ab\u00a0La r\u00e9volution quaternaire, un challenge pour les entreprises face aux GAFA\u00a0\u00bb. <\/strong><\/span><\/p>\n<p><span style=\"color: #0000ff;\"><strong>L&rsquo;\u00e9conomiste y trace les voies nouvelles et prometteuses qu&rsquo;elle pressent au croisement des services et des nouvelles technologies. <\/strong><\/span><\/p>\n<hr \/>\n<p><em>(1) : Journal Le Monde &#8211; 31 octobre 2008 &#8211; \u00ab\u00a0Mich\u00e8le Debonneuil : \u00e0 votre service\u00a0\u00bb.<\/em><\/p>\n","protected":false},"excerpt":{"rendered":"<p>Juin 68. Apr\u00e8s avoir descell\u00e9 les pav\u00e9s de la rue Gay Lussac, les \u00e9l\u00e8ves de la pr\u00e9pa scientifique du lyc\u00e9e Saint Louis s&rsquo;appr\u00eatent \u00e0 passer les concours. Pour les \u00e9tudiants tout est possible, l&rsquo;ensemble des \u00e9coles d&rsquo;ing\u00e9nieurs leur est ouvert ; il n&rsquo;en est pas de m\u00eame pour les \u00e9tudiantes, seules l&rsquo;Ensae, les Ponts, Centrale [&hellip;]<\/p>\n","protected":false},"author":56,"featured_media":3308,"comment_status":"open","ping_status":"open","sticky":false,"template":"","format":"standard","meta":{"_et_pb_use_builder":"","_et_pb_old_content":"","_et_gb_content_width":"","_exactmetrics_skip_tracking":false,"_exactmetrics_sitenote_active":false,"_exactmetrics_sitenote_note":"","_exactmetrics_sitenote_category":0,"footnotes":""},"categories":[12,26,178],"tags":[],"class_list":["post-3307","post","type-post","status-publish","format-standard","has-post-thumbnail","hentry","category-alumni","category-portraits","category-juin-2018","et-has-post-format-content","et_post_format-et-post-format-standard"],"_links":{"self":[{"href":"https:\/\/variances.eu\/index.php?rest_route=\/wp\/v2\/posts\/3307","targetHints":{"allow":["GET"]}}],"collection":[{"href":"https:\/\/variances.eu\/index.php?rest_route=\/wp\/v2\/posts"}],"about":[{"href":"https:\/\/variances.eu\/index.php?rest_route=\/wp\/v2\/types\/post"}],"author":[{"embeddable":true,"href":"https:\/\/variances.eu\/index.php?rest_route=\/wp\/v2\/users\/56"}],"replies":[{"embeddable":true,"href":"https:\/\/variances.eu\/index.php?rest_route=%2Fwp%2Fv2%2Fcomments&post=3307"}],"version-history":[{"count":0,"href":"https:\/\/variances.eu\/index.php?rest_route=\/wp\/v2\/posts\/3307\/revisions"}],"wp:featuredmedia":[{"embeddable":true,"href":"https:\/\/variances.eu\/index.php?rest_route=\/wp\/v2\/media\/3308"}],"wp:attachment":[{"href":"https:\/\/variances.eu\/index.php?rest_route=%2Fwp%2Fv2%2Fmedia&parent=3307"}],"wp:term":[{"taxonomy":"category","embeddable":true,"href":"https:\/\/variances.eu\/index.php?rest_route=%2Fwp%2Fv2%2Fcategories&post=3307"},{"taxonomy":"post_tag","embeddable":true,"href":"https:\/\/variances.eu\/index.php?rest_route=%2Fwp%2Fv2%2Ftags&post=3307"}],"curies":[{"name":"wp","href":"https:\/\/api.w.org\/{rel}","templated":true}]}}