{"id":313,"date":"2016-09-20T12:17:36","date_gmt":"2016-09-20T12:17:36","guid":{"rendered":"http:\/\/variances.eu\/?p=313"},"modified":"2016-10-04T11:48:58","modified_gmt":"2016-10-04T09:48:58","slug":"trois-controverses-de-la-pensee-economique-de-jean-marc-daniel-1979","status":"publish","type":"post","link":"https:\/\/variances.eu\/?p=313","title":{"rendered":"\u00ab\u00a0Trois controverses de la pens\u00e9e \u00e9conomique\u00a0\u00bb de Jean-Marc Daniel (1979)"},"content":{"rendered":"<p>Nos emplois sont-ils menac\u00e9s par les machines ? Peut-on parler d\u2019une\u00a0\u00ab bonne \u00bb et d\u2019une \u00ab mauvaise \u00bb dette ? Le capital est-il trop r\u00e9mun\u00e9r\u00e9\u00a0par rapport au travail ?<\/p>\n<p>Avec le talent et la verve qu\u2019on lui conna\u00eet, Jean-Marc Daniel fait ressurgir\u00a0du pass\u00e9 trois grandes controverses de la pens\u00e9e \u00e9conomique :\u00a0en 1812, lord Byron prend la d\u00e9fense des luddites, ces tisserands qui\u00a0parcouraient la campagne anglaise pour casser les m\u00e9tiers \u00e0 tisser ;\u00a0en 1938, Keynes \u00e9crit personnellement \u00e0 Roosevelt pour l\u2019adjurer de\u00a0faire un second New Deal en recourant au d\u00e9ficit public ; en 1953, la\u00a0tr\u00e8s britannique Joan Robinson s\u2019oppose violemment \u00e0 l\u2019Am\u00e9ricain\u00a0Samuelson sur la mesure du capital.<\/p>\n<p>\u00c9maill\u00e9es de situations inattendues \u2013 les luddites, d\u00e9fendus par\u00a0Byron, sont d\u00e9laiss\u00e9s par Marx \u2013, ces trois querelles sont l\u2019occasion\u00a0de d\u00e9couvrir comment se sont forg\u00e9s les concepts de la pens\u00e9e \u00e9conomique.\u00a0Et d\u2019en tirer quelques enseignements utiles pour aujourd\u2019hui\u00a0: sur les dangers du n\u00e9oluddisme actuel, sur le d\u00e9ficit public\u00a0qui reste un outil de relance ou encore sur les limites des \u00e9quations\u00a0en \u00e9conomie\u2026<\/p>\n<p>Ouvrage \u00e9dit\u00e9 <a href=\"http:\/\/www.odilejacob.fr\/catalogue\/sciences-humaines\/economie-et-finance\/3-controverses-de-la-pensee-economique_9782738134660.php\">aux \u00e9ditions Odile Jacob<\/a><\/p>\n","protected":false},"excerpt":{"rendered":"<p>Nos emplois sont-ils menac\u00e9s par les machines ? Peut-on parler d\u2019une\u00a0\u00ab bonne \u00bb et d\u2019une \u00ab mauvaise \u00bb dette ? Le capital est-il trop r\u00e9mun\u00e9r\u00e9\u00a0par rapport au travail ? Avec le talent et la verve qu\u2019on lui conna\u00eet, Jean-Marc Daniel fait ressurgir\u00a0du pass\u00e9 trois grandes controverses de la pens\u00e9e \u00e9conomique :\u00a0en 1812, lord Byron prend [&hellip;]<\/p>\n","protected":false},"author":11,"featured_media":1296,"comment_status":"closed","ping_status":"open","sticky":false,"template":"","format":"standard","meta":{"_et_pb_use_builder":"","_et_pb_old_content":"","_et_gb_content_width":"","_exactmetrics_skip_tracking":false,"_exactmetrics_sitenote_active":false,"_exactmetrics_sitenote_note":"","_exactmetrics_sitenote_category":0,"footnotes":""},"categories":[31],"tags":[],"class_list":["post-313","post","type-post","status-publish","format-standard","has-post-thumbnail","hentry","category-dans-les-rayons","et-has-post-format-content","et_post_format-et-post-format-standard"],"_links":{"self":[{"href":"https:\/\/variances.eu\/index.php?rest_route=\/wp\/v2\/posts\/313","targetHints":{"allow":["GET"]}}],"collection":[{"href":"https:\/\/variances.eu\/index.php?rest_route=\/wp\/v2\/posts"}],"about":[{"href":"https:\/\/variances.eu\/index.php?rest_route=\/wp\/v2\/types\/post"}],"author":[{"embeddable":true,"href":"https:\/\/variances.eu\/index.php?rest_route=\/wp\/v2\/users\/11"}],"replies":[{"embeddable":true,"href":"https:\/\/variances.eu\/index.php?rest_route=%2Fwp%2Fv2%2Fcomments&post=313"}],"version-history":[{"count":0,"href":"https:\/\/variances.eu\/index.php?rest_route=\/wp\/v2\/posts\/313\/revisions"}],"wp:featuredmedia":[{"embeddable":true,"href":"https:\/\/variances.eu\/index.php?rest_route=\/wp\/v2\/media\/1296"}],"wp:attachment":[{"href":"https:\/\/variances.eu\/index.php?rest_route=%2Fwp%2Fv2%2Fmedia&parent=313"}],"wp:term":[{"taxonomy":"category","embeddable":true,"href":"https:\/\/variances.eu\/index.php?rest_route=%2Fwp%2Fv2%2Fcategories&post=313"},{"taxonomy":"post_tag","embeddable":true,"href":"https:\/\/variances.eu\/index.php?rest_route=%2Fwp%2Fv2%2Ftags&post=313"}],"curies":[{"name":"wp","href":"https:\/\/api.w.org\/{rel}","templated":true}]}}