{"id":3090,"date":"2018-04-30T07:37:45","date_gmt":"2018-04-30T05:37:45","guid":{"rendered":"http:\/\/variances.eu\/?p=3090"},"modified":"2018-05-04T15:26:32","modified_gmt":"2018-05-04T13:26:32","slug":"colloque-15-mars-2018-intelligence-artificielle-fiction-actions","status":"publish","type":"post","link":"https:\/\/variances.eu\/?p=3090","title":{"rendered":"Le colloque du 15 mars 2018 Intelligence Artificielle : fiction ou actions ?"},"content":{"rendered":"<p><img loading=\"lazy\" decoding=\"async\" class=\"aligncenter size-full wp-image-3095\" src=\"http:\/\/variances.eu\/wp-content\/uploads\/2018\/04\/COL2.png\" alt=\"\" width=\"428\" height=\"93\" srcset=\"https:\/\/variances.eu\/wp-content\/uploads\/2018\/04\/COL2.png 428w, https:\/\/variances.eu\/wp-content\/uploads\/2018\/04\/COL2-300x65.png 300w\" sizes=\"(max-width: 428px) 100vw, 428px\" \/><\/p>\n<p>L\u2019ENSAE Alumni et la Chaire Innovation et R\u00e9gulation des Services Num\u00e9riques de l\u2019Ecole Polytechnique-Telecom Paris Tech- Orange ont d\u00e9cid\u00e9 conjointement de proposer un Colloque sur l\u2019Intelligence Artificielle. Ce colloque a eu lieu le 15 mars 2018, dans les locaux du CNAM, dans la lign\u00e9e du premier colloque de 2015 sur le th\u00e8me \u00ab\u00a0Individu, donn\u00e9es et soci\u00e9t\u00e9 connect\u00e9e\u00a0: opportunit\u00e9s, risques et confiance\u00a0\u00bb. 140 personnes ont assist\u00e9 \u00e0 cette matin\u00e9e.<\/p>\n<p>Le Comit\u00e9 d\u2019Organisation conjoint Alumni \u2013 Chaire \u00e9tait compos\u00e9 d\u2019Anne Gayet, Philippe Chantepie, Lionel Janin, Philippe Tassi, et a travaill\u00e9 en parfaite harmonie.<\/p>\n<p>Les intervenants et le programme des communications \u00e9tait le suivant\u00a0:<\/p>\n<p style=\"padding-left: 30px;\"><em>Introduction<\/em> par Arthur Renaud, pr\u00e9sident des Alumni ENSAE, et Philippe Chantepie, repr\u00e9sentant de la Chaire Innovation et r\u00e9gulation des Services Num\u00e9riques<\/p>\n<p style=\"padding-left: 30px;\"><em>Une br\u00e8ve histoire de l\u2019Intelligence Artificielle<\/em>, Gilbert SAPORTA, professeur \u00e9m\u00e9rite, Conservatoire National des Arts et M\u00e9tiers<\/p>\n<p style=\"padding-left: 30px;\"><em>Les \u00e9volutions math\u00e9matiques de la Science des Donn\u00e9es<\/em>, Marco CUTURI, professeur, ENSAE-CREST<\/p>\n<p style=\"padding-left: 30px;\"><em>L\u2019IA et l\u2019emploi<\/em>, Nicolas LE RU, D\u00e9partement Travail, Emploi, Comp\u00e9tences, France Strat\u00e9gie<\/p>\n<p style=\"padding-left: 30px;\"><em>Les objets connect\u00e9s vocaux et robots sociaux pour la sant\u00e9<\/em>, Laurence DEVILLERS, professeure, Paris-Sorbonne et LIMSI\/CNRS<\/p>\n<p style=\"padding-left: 30px;\"><em>IA et transports<\/em>, Guillaume DEVAUCHELLE, Directeur de l\u2019Innovation, Valeo, Vanessa PICRON, Directrice Driving Assistance Research, Valeo<\/p>\n<p style=\"padding-left: 30px;\"><em>La d\u00e9fense<\/em>, J\u00e9r\u00f4me LEMAIRE, Ing\u00e9nieur en Chef de l&rsquo;Armement, Charg\u00e9 de mission <em>\u00ab\u00a0int\u00e9gration num\u00e9rique, intelligence artificielle\u00a0\u00bb<\/em>, Direction G\u00e9n\u00e9rale de l\u2019Armement<\/p>\n<p style=\"padding-left: 30px;\"><em>La gouvernementalit\u00e9 algorithmique<\/em>, Antoinette ROUVROY, Fonds de la Recherche Scientifique (FRS), Centre de Recherche en Information, droit et Soci\u00e9t\u00e9 (CRIDS) de l\u2019Universit\u00e9 de Namur, membre du Comit\u00e9 pour la Prospective de la CNIL<\/p>\n<p style=\"padding-left: 30px;\"><em>Synth\u00e8se<\/em> par Lionel JANIN, expert num\u00e9rique, France Strat\u00e9gie<\/p>\n<p style=\"padding-left: 30px;\"><em>Cl\u00f4ture<\/em> par Philippe CUNEO, Directeur G\u00e9n\u00e9ral du GENES<\/p>\n<p>Au cours des semaines qui viennent, les interventions du Colloque seront pr\u00e9sent\u00e9es, mises en forme d\u2019articles, dans Variances.eu. Nous esp\u00e9rons que vous aurez du plaisir \u00e0 en prendre connaissance, et entrer dans ce sujet de pleine actualit\u00e9 qu\u2019est l\u2019Intelligence Artificielle, comme le prouvent les rapports \u00ab\u00a0<em>Anticiper les impacts \u00e9conomiques et sociaux de l\u2019Intelligence Artificielle<\/em>\u00a0\u00bb de France Strat\u00e9gie et du Conseil National du Num\u00e9rique, publi\u00e9 le 22 mars 2017, \u00ab\u00a0<em>Pour une intelligence artificielle ma\u00eetris\u00e9e, utile et d\u00e9mystifi\u00e9e<\/em>\u00a0\u00bb de l\u2019OPECST, Office parlementaire d\u2019\u00e9valuation des choix scientifiques et technologiques, publi\u00e9 le 29 mars 2017, et \u00ab\u00a0<em>Donner du sens \u00e0 l\u2019Intelligence Artificielle<\/em>\u00a0\u00bb de C\u00e9dric Villani, remis le 28 mars 2018.<\/p>\n<h3><strong>Allocutions de bienvenue<\/strong><\/h3>\n<h4 style=\"padding-left: 30px;\"><strong>Arthur RENAUD<\/strong><\/h4>\n<h5 style=\"padding-left: 60px;\"><em>Pr\u00e9sident des ENSAE Alumni<\/em><\/h5>\n<p>Chers membres de la Chaire Polytechnique-T\u00e9l\u00e9com-Orange, et chers anciens \u00e9l\u00e8ves de l\u2019ENSAE, bonjour. C\u2019est un honneur pour moi d\u2019ouvrir ce colloque en tant que pr\u00e9sident des anciens \u00e9l\u00e8ves de l\u2019ENSAE et avec la Chaire de Polytechnique T\u00e9l\u00e9com et Orange. Je veux tout d\u2019abord remercier le Conservatoire National des Arts et M\u00e9tiers et en particulier son administrateur g\u00e9n\u00e9ral, Olivier Faron, d\u2019avoir bien voulu nous accueillir dans ce bel amphith\u00e9\u00e2tre.<\/p>\n<p>Ce m\u00eame amphith\u00e9\u00e2tre nous avait d\u2019ailleurs accueillis il y a d\u00e9j\u00e0 trois ans quand ENSAE Alumni organisait son premier colloque dont le titre \u00e9tait\u00a0: \u00ab\u00a0<em>Individu, donn\u00e9es et soci\u00e9t\u00e9 connect\u00e9e, opportunit\u00e9s, risques et confiance\u00a0<\/em>\u00bb. Vous constatez qu\u2019en termes de r\u00e9duction de titre, nous nous sommes am\u00e9lior\u00e9s. Ce premier colloque sur la data \u00e9tait une pr\u00e9figuration de celui d\u2019aujourd\u2019hui. Et dans la continuit\u00e9, je pense que cela sera bien d\u00e9montr\u00e9 par nos intervenants aujourd\u2019hui.<\/p>\n<p>Je remercie nos partenaires, en particulier Ernst &amp; Young et M\u00e9diam\u00e9trie qui ont permis la r\u00e9alisation du colloque de ce jour. C\u2019est avant tout une belle histoire associative qui est \u00e0 l\u2019origine de ce colloque. Au fil des discussions informelles autour de projets sur l\u2019Intelligence Artificielle men\u00e9s, d\u2019un c\u00f4t\u00e9, par la chaire X-T\u00e9l\u00e9com-Orange, de l\u2019autre par ENSAE Alumni, les id\u00e9es ont finalement converg\u00e9 pour donner lieu \u00e0 une prise de parole commune plut\u00f4t que concurrente.<\/p>\n<p>C\u2019est un esprit d\u2019harmonie qui a pr\u00e9sid\u00e9 \u00e0 l\u2019organisation de ce colloque. En tant que pr\u00e9sident d\u2019une association d\u2019anciens \u00e9l\u00e8ves et d\u2019ing\u00e9nieurs, j\u2019esp\u00e8re vraiment que c\u2019est cet esprit d\u2019harmonie qui va pr\u00e9figurer la construction \u00e0 Saclay du nouvel ensemble qui va se cr\u00e9er autour de Polytechnique et de ses \u00e9coles d\u2019application.<\/p>\n<p>Les anciens \u00e9l\u00e8ves d\u2019\u00e9coles d\u2019ing\u00e9nieurs fran\u00e7aises ne se refont pas. C\u2019est d\u2019abord avec un angle r\u00e9solument technique que nous voulions pr\u00e9senter ce colloque aujourd\u2019hui, puis avec un esprit g\u00e9n\u00e9raliste et transversal. Les intervenants prestigieux qui interviennent aujourd\u2019hui feront la gen\u00e8se de l\u2019Intelligence Artificielle et ouvriront des champs d\u2019application tr\u00e8s concrets.<\/p>\n<p>L\u2019Intelligence Artificielle\u00a0: fiction ou actions\u00a0? La question est rh\u00e9torique et volontiers provocatrice. S\u2019il me semble, \u00e0 titre personnel, que beaucoup des fantasmes autour de l\u2019Intelligence Artificielle continueront \u00e0 appartenir \u00e0 la science-fiction pour des ann\u00e9es encore, est quand m\u00eame venu aujourd\u2019hui le temps de l\u2019action. C\u2019est ce que vont prouver nos diff\u00e9rents intervenants. Et c\u2019\u00e9tait vraiment le but du comit\u00e9 d\u2019organisation du colloque aujourd\u2019hui.<\/p>\n<p>La mission conduite par C\u00e9dric Villani ach\u00e8ve d\u2019ancrer ce d\u00e9bat et ce colloque dans une actualit\u00e9 br\u00fblante. Mesdames et Messieurs, je vous souhaite la bienvenue \u00e0 ce colloque. Merci beaucoup.<\/p>\n<p><img loading=\"lazy\" decoding=\"async\" class=\"aligncenter wp-image-3096\" src=\"http:\/\/variances.eu\/wp-content\/uploads\/2018\/04\/COL3.png\" alt=\"\" width=\"600\" height=\"397\" srcset=\"https:\/\/variances.eu\/wp-content\/uploads\/2018\/04\/COL3.png 915w, https:\/\/variances.eu\/wp-content\/uploads\/2018\/04\/COL3-300x199.png 300w, https:\/\/variances.eu\/wp-content\/uploads\/2018\/04\/COL3-600x397.png 600w\" sizes=\"(max-width: 600px) 100vw, 600px\" \/><\/p>\n<h4 style=\"padding-left: 30px;\"><strong>Philippe CHANTEPIE<\/strong><\/h4>\n<h5 style=\"padding-left: 60px;\"><em>Chercheur associ\u00e9, Chaire IRSN<\/em><\/h5>\n<p>Je ne peux que me f\u00e9liciter de ce Colloque au nom de la Chaire d\u2019innovation et de r\u00e9gulation des services num\u00e9riques, une chaire dont je vais dire quelques mots. Elle associe \u00e0 la fois l\u2019Ecole polytechnique, T\u00e9l\u00e9com Paris Tech et elle a le soutien d\u2019Orange, et s\u2019est sp\u00e9cialis\u00e9e sur l\u2019\u00e9conomie num\u00e9rique. Chaire existant depuis 2016, elle a eu l\u2019honneur d\u2019\u00eatre inaugur\u00e9e par Joseph Stiglitz, prix Nobel d\u2019Economie en 2001. Elle re\u00e7oit annuellement un professeur invit\u00e9. Cette ann\u00e9e, c\u2019\u00e9tait Christine Zulehner, de l\u2019Universit\u00e9 de Vienne. Je dois mentionner \u00e9galement Tommasso Valletti, <em>chief economist<\/em> \u00e0 la direction g\u00e9n\u00e9rale de la Concurrence de la Commission Europ\u00e9enne, ou DG Concurrence<em>,<\/em> Paul Davies, de l\u2019Universit\u00e9 de l\u2019Arizona, premier professeur invit\u00e9.<\/p>\n<p>Chaque ann\u00e9e, un professeur invit\u00e9 travaille sur la question de la r\u00e9gulation et l\u2019\u00e9conomie des t\u00e9l\u00e9communications, ou plus largement sur les enjeux num\u00e9riques. Cette Chaire a des travaux de recherche, doctoraux, une \u00e9cole d\u2019\u00e9t\u00e9 r\u00e9gul\u00e9e sur l\u2019\u00e9conomie des t\u00e9l\u00e9communications, et un Master sur les industries de r\u00e9seau et num\u00e9rique avec Centrale-Sup\u00e9lec et Paris Dauphine, le tout avec une volont\u00e9 f\u00e9d\u00e9ratrice \u00e0 la fois des acteurs acad\u00e9miques et des acteurs industriels.<\/p>\n<p>C\u2019est la raison pour laquelle la Chaire organise r\u00e9guli\u00e8rement des colloques plus ouverts en direction des chercheurs, souvent en association aussi avec des revues scientifiques pour lancer des appels \u00e0 projets d\u2019articles. Personnellement, je travaille sur des conf\u00e9rences th\u00e9matiques, autant que possible, prospectives. Ainsi, dans les ann\u00e9es r\u00e9centes, nous avons abord\u00e9 l\u2019\u00e9conomie des plates-formes et leur r\u00e9gulation, notamment en incitant les autorit\u00e9s de r\u00e9gulation \u00e0 travailler ensemble. Je crois m\u00eame que, bien que se connaissant, c\u2019est la premi\u00e8re fois qu\u2019elles \u00e9taient toutes r\u00e9unies et parlaient ensemble de ce sujet.<\/p>\n<p>C\u2019est le m\u00eame \u00e9tat d\u2019esprit qui pr\u00e9vaut pour ce Colloque. Nous avons vite d\u00e9couvert, Philippe Tassi et moi, qu\u2019il y avait un sujet d\u2019actualit\u00e9, l\u2019Intelligence Artificielle, qui supposait \u00e0 la fois des points de vue tr\u00e8s industriels et des applications, les actions \u00e9voqu\u00e9es dans le titre, mais aussi une r\u00e9flexion peut-\u00eatre plus large sur des aspects philosophiques, juridiques, \u00e9conomiques, d\u2019o\u00f9 l\u2019int\u00e9r\u00eat, dans une m\u00eame matin\u00e9e, de cette double entr\u00e9e, \u00e0 la fois des actions venant d\u2019acteurs industriels, et des r\u00e9flexions, int\u00e9grant ce terme \u00ab\u00a0fiction\u00a0\u00bb. Pas seulement parce qu\u2019il est beaucoup question de mythe autour de l\u2019Intelligence Artificielle, mais parce que, concernant des enjeux d\u2019innovation, avec des applications industrielles, la mise en r\u00e9cit et la capacit\u00e9 \u00e0 fictionner l\u2019arriv\u00e9e d\u2019un bouleversement technologique paraissent toujours tr\u00e8s importantes. Donc il y a l\u00e0 sans doute un dialogue, une dialectique \u00e0 louer. Merci \u00e0 tous les organisateurs et au CNAM de nous accueillir.<\/p>\n","protected":false},"excerpt":{"rendered":"<p>L\u2019ENSAE Alumni et la Chaire Innovation et R\u00e9gulation des Services Num\u00e9riques de l\u2019Ecole Polytechnique-Telecom Paris Tech- Orange ont d\u00e9cid\u00e9 conjointement de proposer un Colloque sur l\u2019Intelligence Artificielle. Ce colloque a eu lieu le 15 mars 2018, dans les locaux du CNAM, dans la lign\u00e9e du premier colloque de 2015 sur le th\u00e8me \u00ab\u00a0Individu, donn\u00e9es et [&hellip;]<\/p>\n","protected":false},"author":18,"featured_media":3163,"comment_status":"open","ping_status":"open","sticky":false,"template":"","format":"standard","meta":{"_et_pb_use_builder":"","_et_pb_old_content":"","_et_gb_content_width":"","_exactmetrics_skip_tracking":false,"_exactmetrics_sitenote_active":false,"_exactmetrics_sitenote_note":"","_exactmetrics_sitenote_category":0,"footnotes":""},"categories":[164,12],"tags":[],"class_list":["post-3090","post","type-post","status-publish","format-standard","has-post-thumbnail","hentry","category-intelligence-artificielle","category-alumni","et-has-post-format-content","et_post_format-et-post-format-standard"],"_links":{"self":[{"href":"https:\/\/variances.eu\/index.php?rest_route=\/wp\/v2\/posts\/3090","targetHints":{"allow":["GET"]}}],"collection":[{"href":"https:\/\/variances.eu\/index.php?rest_route=\/wp\/v2\/posts"}],"about":[{"href":"https:\/\/variances.eu\/index.php?rest_route=\/wp\/v2\/types\/post"}],"author":[{"embeddable":true,"href":"https:\/\/variances.eu\/index.php?rest_route=\/wp\/v2\/users\/18"}],"replies":[{"embeddable":true,"href":"https:\/\/variances.eu\/index.php?rest_route=%2Fwp%2Fv2%2Fcomments&post=3090"}],"version-history":[{"count":0,"href":"https:\/\/variances.eu\/index.php?rest_route=\/wp\/v2\/posts\/3090\/revisions"}],"wp:featuredmedia":[{"embeddable":true,"href":"https:\/\/variances.eu\/index.php?rest_route=\/wp\/v2\/media\/3163"}],"wp:attachment":[{"href":"https:\/\/variances.eu\/index.php?rest_route=%2Fwp%2Fv2%2Fmedia&parent=3090"}],"wp:term":[{"taxonomy":"category","embeddable":true,"href":"https:\/\/variances.eu\/index.php?rest_route=%2Fwp%2Fv2%2Fcategories&post=3090"},{"taxonomy":"post_tag","embeddable":true,"href":"https:\/\/variances.eu\/index.php?rest_route=%2Fwp%2Fv2%2Ftags&post=3090"}],"curies":[{"name":"wp","href":"https:\/\/api.w.org\/{rel}","templated":true}]}}