{"id":297,"date":"2016-05-20T09:37:12","date_gmt":"2016-05-20T09:37:12","guid":{"rendered":"http:\/\/variances.eu\/?p=297"},"modified":"2016-09-20T09:51:19","modified_gmt":"2016-09-20T09:51:19","slug":"selma-mahfouz-est-nommee-directrice-de-la-dares","status":"publish","type":"post","link":"https:\/\/variances.eu\/?p=297","title":{"rendered":"Selma Mahfouz est nomm\u00e9e directrice de la Dares"},"content":{"rendered":"<p>Selma Mahfouz est nomm\u00e9e directrice de la direction de l\u2019animation, de la recherche, des \u00e9tudes et des statistiques (Dares) du minist\u00e8re du Travail.<br \/>\nElle occupait pr\u00e9c\u00e9demment les fonctions de directrice, adjointe au commissaire g\u00e9n\u00e9ral \u00e0 la strat\u00e9gie et \u00e0 la prospective (France Strat\u00e9gie) depuis 2013.<br \/>\nSelma Mahfouz est dipl\u00f4m\u00e9e de l&rsquo;Ecole Polytechnique et de l&rsquo;ENSAE (1993), elle est \u00e9galement titulaire d\u2019un DEA d\u2019analyse et politique \u00e9conomique de l&rsquo;EHESS. Elle a d\u00e9but\u00e9 sa carri\u00e8re comme \u00e9conomiste \u00e0 l&rsquo;Insee en 1993.<\/p>\n","protected":false},"excerpt":{"rendered":"<p>Selma Mahfouz est nomm\u00e9e directrice de la direction de l\u2019animation, de la recherche, des \u00e9tudes et des statistiques (Dares) du minist\u00e8re du Travail. Elle occupait pr\u00e9c\u00e9demment les fonctions de directrice, adjointe au commissaire g\u00e9n\u00e9ral \u00e0 la strat\u00e9gie et \u00e0 la prospective (France Strat\u00e9gie) depuis 2013. Selma Mahfouz est dipl\u00f4m\u00e9e de l&rsquo;Ecole Polytechnique et de l&rsquo;ENSAE [&hellip;]<\/p>\n","protected":false},"author":11,"featured_media":302,"comment_status":"closed","ping_status":"open","sticky":false,"template":"","format":"standard","meta":{"_et_pb_use_builder":"","_et_pb_old_content":"","_et_gb_content_width":"","_exactmetrics_skip_tracking":false,"_exactmetrics_sitenote_active":false,"_exactmetrics_sitenote_note":"","_exactmetrics_sitenote_category":0,"footnotes":""},"categories":[13],"tags":[],"class_list":["post-297","post","type-post","status-publish","format-standard","has-post-thumbnail","hentry","category-mobilites","et-has-post-format-content","et_post_format-et-post-format-standard"],"_links":{"self":[{"href":"https:\/\/variances.eu\/index.php?rest_route=\/wp\/v2\/posts\/297","targetHints":{"allow":["GET"]}}],"collection":[{"href":"https:\/\/variances.eu\/index.php?rest_route=\/wp\/v2\/posts"}],"about":[{"href":"https:\/\/variances.eu\/index.php?rest_route=\/wp\/v2\/types\/post"}],"author":[{"embeddable":true,"href":"https:\/\/variances.eu\/index.php?rest_route=\/wp\/v2\/users\/11"}],"replies":[{"embeddable":true,"href":"https:\/\/variances.eu\/index.php?rest_route=%2Fwp%2Fv2%2Fcomments&post=297"}],"version-history":[{"count":0,"href":"https:\/\/variances.eu\/index.php?rest_route=\/wp\/v2\/posts\/297\/revisions"}],"wp:featuredmedia":[{"embeddable":true,"href":"https:\/\/variances.eu\/index.php?rest_route=\/wp\/v2\/media\/302"}],"wp:attachment":[{"href":"https:\/\/variances.eu\/index.php?rest_route=%2Fwp%2Fv2%2Fmedia&parent=297"}],"wp:term":[{"taxonomy":"category","embeddable":true,"href":"https:\/\/variances.eu\/index.php?rest_route=%2Fwp%2Fv2%2Fcategories&post=297"},{"taxonomy":"post_tag","embeddable":true,"href":"https:\/\/variances.eu\/index.php?rest_route=%2Fwp%2Fv2%2Ftags&post=297"}],"curies":[{"name":"wp","href":"https:\/\/api.w.org\/{rel}","templated":true}]}}