{"id":2961,"date":"2018-03-06T17:19:15","date_gmt":"2018-03-06T15:19:15","guid":{"rendered":"http:\/\/variances.eu\/?p=2961"},"modified":"2018-03-08T10:24:40","modified_gmt":"2018-03-08T08:24:40","slug":"au-revoir-malakoff-1975-2017-bonjour-palaiseau-2017","status":"publish","type":"post","link":"https:\/\/variances.eu\/?p=2961","title":{"rendered":"Au revoir Malakoff (1975-2017), bonjour Palaiseau (2017-&#8230;.)"},"content":{"rendered":"<p>[et_pb_section transparent_background=\u00a0\u00bboff\u00a0\u00bb allow_player_pause=\u00a0\u00bboff\u00a0\u00bb inner_shadow=\u00a0\u00bboff\u00a0\u00bb parallax=\u00a0\u00bboff\u00a0\u00bb parallax_method=\u00a0\u00bbon\u00a0\u00bb make_fullwidth=\u00a0\u00bboff\u00a0\u00bb use_custom_width=\u00a0\u00bboff\u00a0\u00bb width_unit=\u00a0\u00bboff\u00a0\u00bb custom_width_px=\u00a0\u00bb1080px\u00a0\u00bb custom_width_percent=\u00a0\u00bb80%\u00a0\u00bb make_equal=\u00a0\u00bboff\u00a0\u00bb use_custom_gutter=\u00a0\u00bboff\u00a0\u00bb fullwidth=\u00a0\u00bboff\u00a0\u00bb specialty=\u00a0\u00bboff\u00a0\u00bb admin_label=\u00a0\u00bbsection\u00a0\u00bb disabled=\u00a0\u00bboff\u00a0\u00bb][et_pb_row make_fullwidth=\u00a0\u00bboff\u00a0\u00bb use_custom_width=\u00a0\u00bboff\u00a0\u00bb width_unit=\u00a0\u00bboff\u00a0\u00bb custom_width_px=\u00a0\u00bb1080px\u00a0\u00bb custom_width_percent=\u00a0\u00bb80%\u00a0\u00bb use_custom_gutter=\u00a0\u00bboff\u00a0\u00bb gutter_width=\u00a0\u00bb3&Prime; custom_padding=\u00a0\u00bb18.9531px|0px|0px|0px\u00a0\u00bb allow_player_pause=\u00a0\u00bboff\u00a0\u00bb parallax=\u00a0\u00bboff\u00a0\u00bb parallax_method=\u00a0\u00bbon\u00a0\u00bb make_equal=\u00a0\u00bboff\u00a0\u00bb parallax_1=\u00a0\u00bboff\u00a0\u00bb parallax_method_1=\u00a0\u00bbon\u00a0\u00bb parallax_2=\u00a0\u00bboff\u00a0\u00bb parallax_method_2=\u00a0\u00bbon\u00a0\u00bb parallax_3=\u00a0\u00bboff\u00a0\u00bb parallax_method_3=\u00a0\u00bbon\u00a0\u00bb parallax_4=\u00a0\u00bboff\u00a0\u00bb parallax_method_4=\u00a0\u00bbon\u00a0\u00bb admin_label=\u00a0\u00bbrow\u00a0\u00bb disabled=\u00a0\u00bboff\u00a0\u00bb][et_pb_column type=\u00a0\u00bb4_4&Prime; disabled=\u00a0\u00bboff\u00a0\u00bb parallax=\u00a0\u00bboff\u00a0\u00bb parallax_method=\u00a0\u00bbon\u00a0\u00bb][et_pb_text background_layout=\u00a0\u00bblight\u00a0\u00bb text_orientation=\u00a0\u00bbleft\u00a0\u00bb admin_label=\u00a0\u00bbTexte\u00a0\u00bb use_border_color=\u00a0\u00bboff\u00a0\u00bb border_style=\u00a0\u00bbsolid\u00a0\u00bb disabled=\u00a0\u00bboff\u00a0\u00bb]<\/p>\n<h3><b>Un retour sur les derni\u00e8res d\u00e9cennies<\/b><\/h3>\n<p>Le 1<sup>er<\/sup> janvier 1975, l\u2019ENSAE (division SEA et division CGSA) quittait la rue de Montmorency pour s\u2019installer dans les locaux neufs du b\u00e2timent INSEE \u00e0 Malakoff.<\/p>\n<p>En 1983, la croissance des effectifs d\u2019\u00e9l\u00e8ves, d\u2019enseignants-chercheurs et de personnel administratif et technique ne permettait plus de rester dans les locaux de Malakoff, amenant ainsi la direction de l\u2019ENSAE d\u2019envisager une d\u00e9cohabitation de la division CGSA.<\/p>\n<p>Pendant la dizaine d\u2019ann\u00e9es qui a suivi, la direction de l\u2019ENSAE a \u00e9tudi\u00e9, sans succ\u00e8s, deux projets d\u2019installation sur un terrain du Minist\u00e8re des Finances, situ\u00e9 dans la Cit\u00e9 Descartes, zone scientifique de Marne la Vall\u00e9e et mitoyen de l\u2019Ecole Nationale des Ponts et Chauss\u00e9es.<\/p>\n<p>Apr\u00e8s deux ans de r\u00e9flexion, la d\u00e9cision fut prise de transformer les deux divisions SEA et CGSA en deux \u00e9coles autonomes\u00a0formalis\u00e9e par un d\u00e9cret publi\u00e9 au Journal Officiel du 29 juin 1994, portant la cr\u00e9ation et l\u2019organisation du Groupe des Ecoles Nationales d\u2019Economie et Statistique (GENES). Cette nouvelle organisation rempla\u00e7ait l\u2019entit\u00e9 Ecole Nationale de la Statistique et de l\u2019Administration Economique (ENSAE) dans l\u2019organigramme de l\u2019Institut National de la Statistique et de l\u2019Administration Economique (INSEE).<\/p>\n<p>Le GENES est compos\u00e9, \u00e0 cette date, de quatre directions\u00a0:<\/p>\n<ul>\n<li>Ecole Nationale de la Statistique et de l\u2019Administration Economique (ENSAE ex-division SEA)\u00a0;<\/li>\n<li>Ecole Nationale de la Statistique et de l\u2019Analyse de l\u2019Information (ENSAI ex-division CGSA)\u00a0;<\/li>\n<li>Centre d\u2019Etudes des Programmes Economiques (CEPE)\u00a0;<\/li>\n<li>Centre de Recherche en Economie et Statistique (CREST).<\/li>\n<\/ul>\n<p>Dans le cadre de sa r\u00e9union annuelle du 20 septembre 1994 \u00e0 Troyes, le comit\u00e9 de d\u00e9centralisation charg\u00e9 de proposer une meilleure r\u00e9partition g\u00e9ographique des activit\u00e9s du secteur public, a propos\u00e9 l\u2019installation de l\u2019ENSAI \u00e0 Rennes et l\u2019ENSAE \u00e0 Marne la Vall\u00e9e.<\/p>\n<p>D\u2019octobre 1994 au 1<sup>er<\/sup> septembre 1996, avec l\u2019aide du conseil g\u00e9n\u00e9ral d\u2019Ille et Vilaine, l\u2019op\u00e9ration de construction du b\u00e2timent ENSAI sur le campus de KER LANN (commune de BRUZ &#8211; 35) a \u00e9t\u00e9 r\u00e9alis\u00e9e en partenariat financier des collectivit\u00e9s territoriales (R\u00e9gion, D\u00e9partement, District).<\/p>\n<p>Suite \u00e0 une r\u00e9flexion engag\u00e9e par la direction du GENES et de sa tutelle en vue du rapprochement de l\u2019ENSAE et de l\u2019Ecole Polytechnique de Palaiseau, le Directeur G\u00e9n\u00e9ral de l\u2019INSEE a propos\u00e9 de modifier la d\u00e9cision de Troyes par un transfert de l\u2019\u00e9cole sur le site de Palaiseau.<\/p>\n<p>Dans un courrier du 28 septembre 2004, adress\u00e9 au Directeur G\u00e9n\u00e9ral de l\u2019INSEE, le comit\u00e9 pour l\u2019implantation territoriale des emplois publics (CITEP) a consid\u00e9r\u00e9 que l\u2019installation \u00e0 Palaiseau dans l\u2019environnement de l\u2019Ecole Polytechnique constituait une alternative pertinente \u00e0 l\u2019op\u00e9ration de transfert initialement pr\u00e9vue, d\u00e8s que les questions financi\u00e8res auraient trouv\u00e9 une solution.<\/p>\n<p>Au premier semestre 2006, les instances d\u00e9cisionnelles de l\u2019ENSAE et du CREST ont \u00e9t\u00e9 interrog\u00e9es sur les orientations souhaitables pour leurs unit\u00e9s, suite \u00e0 un rapport sur le fonctionnement et la localisation r\u00e9dig\u00e9 par l\u2019Inspection G\u00e9n\u00e9rale de l\u2019Institut.<\/p>\n<p>A la suite des avis du conseil de perfectionnement de l\u2019ENSAE et du conseil de la recherche du CREST, le comit\u00e9 de direction de l\u2019INSEE a d\u00e9cid\u00e9, sur proposition de la direction du GENES, de transf\u00e9rer les unit\u00e9s parisiennes du GENES sur le plateau de Palaiseau, afin d\u2019approfondir les collaborations avec l\u2019Ecole Polytechnique (E.P.) et de d\u00e9velopper celles avec l\u2019Ecole des Hautes Etudes Commerciales (HEC).<\/p>\n<p>D\u2019autre part, sur demande de l\u2019Institut, le Secr\u00e9tariat G\u00e9n\u00e9ral de l\u2019INSEE et le Secr\u00e9tariat G\u00e9n\u00e9ral du GENES ont entrepris en parall\u00e8le deux d\u00e9marches, une fonci\u00e8re avec l\u2019Ecole Polytechnique et l\u2019autre, financi\u00e8re avec la Direction du Budget du Minist\u00e8re des Finances.<\/p>\n<p>Le choix du terrain\u00a0 de 10000 m\u00b2, retenu par le GENES et le service du patrimoine de l\u2019Ecole Polytechnique sur son espace foncier (parking sud des \u00e9l\u00e8ves), ratifi\u00e9 par le conseil d\u2019administration de l\u2019Ecole et des instances de ses autorit\u00e9s de tutelle, a permis au Directeur G\u00e9n\u00e9ral de l\u2019Ecole Polytechnique de proposer, le 17 mai 2007 au Directeur g\u00e9n\u00e9ral de l\u2019INSEE, la mise \u00e0 disposition du foncier par une simple convention de transfert en gestion cosign\u00e9e par les ministres des finances et de la d\u00e9fense.<\/p>\n<p>En novembre 2008, les premi\u00e8res propositions gouvernementales apparaissent pour d\u00e9velopper un cluster scientifique et technologique de rang mondial sur le plateau de Saclay. En mars 2009, sont publi\u00e9s, d\u2019une part le d\u00e9cret fixant le p\u00e9rim\u00e8tre d\u00e9finitif de l\u2019op\u00e9ration d\u2019int\u00e9r\u00eat national (OIN) couvrant 27 communes du plateau dont celle de Palaiseau et, d\u2019autre part, l\u2019annonce d\u2019une dotation de 850 millions pour l\u2019enseignement et la recherche pour ce campus.<\/p>\n<p>La loi du 3 juin 2010 cr\u00e9e en son titre, l\u2019\u00e9tablissement public Paris-Saclay (EPPS) ayant pour mission l\u2019am\u00e9nagement du territoire, le d\u00e9veloppement \u00e9conomique et la conduite des op\u00e9rations immobili\u00e8res du cluster Paris-Saclay en particulier les trois zones d\u2019am\u00e9nagement concert\u00e9 (ZAC) autour de Polytechnique, Sup\u00e9lec et Versailles-Saclay.<\/p>\n<p>Apr\u00e8s divers \u00e9changes courant 2010, l\u2019emplacement et les contours du foncier pour le GENES ont fait l\u2019objet d\u2019un accord d\u00e9finitif de l\u2019EPPS \u00e0 la mi-janvier 2011, sur les propositions mises au point lors des accords avec l\u2019Ecole Polytechnique mis en r\u00e9serve depuis.<\/p>\n<p>Une d\u00e9cision du premier ministre du 12 juin 2011 autorisait l\u2019Agence Nationale de la Recherche (ANR) \u00e0 contractualiser avec le\u00a0 GENES sur la construction de son b\u00e2timent sur le plateau de Saclay (convention sign\u00e9e le 25 janvier 2012) dans la limite d\u2019une participation des investissements d\u2019avenir \u00e0 hauteur d\u2019une dotation maximale de 47\u00a0400\u00a0000 \u20ac.<\/p>\n<p>A la mi-2011, le GENES dispose du terrain et de l\u2019argent pour commencer les \u00e9tudes pour la r\u00e9alisation de son b\u00e2timent \u00e0 la hauteur de ses objectifs de d\u00e9veloppement de ses unit\u00e9s parisiennes.<\/p>\n<h3><strong>Un projet \u00e0 longue gestation<\/strong><\/h3>\n<p>&nbsp;<\/p>\n<h5>PREAMBULE\u00a0:<\/h5>\n<p>La conception du b\u00e2timent repose sur une mutualisation des diff\u00e9rentes institutions pr\u00e9sentes ou futures du Plateau de Saclay. Il est enti\u00e8rement centr\u00e9 sur les activit\u00e9s d\u2019enseignement et de recherche en \u00e9conomie, statistique, finance, assurance et sociologie. Il regroupe donc en son sein, les \u00e9quipes d\u2019enseignants et de chercheurs de l\u2019ENSAE et du d\u00e9partement d\u2019\u00e9conomie de l\u2019Ecole Polytechnique. Il ne comporte aucun \u00ab\u00a0espace\u00a0\u00bb de vie pour les utilisateurs, qu\u2019il s\u2019agisse des \u00e9quipements de restauration, de sports et de logement.<\/p>\n<p>La direction du GENES compte sur l\u2019am\u00e9nagement du campus pour b\u00e9n\u00e9ficier de tous les services annexes mutualis\u00e9s pour l\u2019am\u00e9lioration de la vie professionnelle des occupants du b\u00e2timent.<\/p>\n<h5>PROGRAMME\u00a0:<\/h5>\n<p>Le programme, valid\u00e9 par l\u2019INSEE, le GENES et l\u2019Ecole Polytechnique fin 2011 a port\u00e9 sur la construction d\u2019un ensemble d\u2019environ 11\u00a0000 m\u00b2 de surface utile \u00e0 comparer aux 4000 m\u00b2 de surfaces utiles dispers\u00e9s dans les sites de l\u2019INSEE \u00e0 Malakoff.<\/p>\n<p>L\u2019\u00e9volution des surfaces par nature des locaux entre les deux environnements est\u00a0: doublement des surfaces de bureaux, des surfaces p\u00e9dagogiques de formation initiale et continue, de l\u2019espace de la salle de documentation sp\u00e9cialis\u00e9e, quadruplement de l\u2019espace activit\u00e9s \u00e9l\u00e8ves avec salle de musique, cr\u00e9ation des locaux de d\u00e9tente, d\u2019une salle des professeurs et d\u2019une caf\u00e9t\u00e9ria externalis\u00e9e.<\/p>\n<h5>CONSTRUCTION\u00a0:<\/h5>\n<p><em>ETUDES<\/em><\/p>\n<p>Le b\u00e2timent a \u00e9t\u00e9 construit dans le cadre de la loi MOP apr\u00e8s organisation d\u2019un concours de ma\u00eetrise d\u2019\u0153uvre sur esquisse apr\u00e8s avis d\u2019appel public \u00e0 la concurrence en vue du recensement pr\u00e9alable des cinq candidats admis \u00e0 soumettre un projet.<\/p>\n<p>L\u2019instruction des dossiers permettant de s\u00e9lectionner le laur\u00e9at du concours de ma\u00eetrise d\u2019\u0153uvre parmi les 180 groupements ayant fait acte de candidatures dont des grands noms fran\u00e7ais et \u00e9trangers de la profession a eu lieu du 16 novembre 2011 au 11 juillet 2012.<\/p>\n<p>La mise au point du march\u00e9 ayant pour objet l\u2019ensemble des prestations intellectuelles (\u00e9tudes et suivi de chantier) n\u00e9cessaires \u00e0 l\u2019exercice du r\u00f4le de ma\u00eetrise d\u2019\u0153uvre pour la r\u00e9alisation du b\u00e2timent GENES\u00a0 a \u00e9t\u00e9 n\u00e9goci\u00e9e au 4<sup>\u00e8<\/sup><sup>me<\/sup> trimestre de 2012.<\/p>\n<p>Le pouvoir adjudicateur a sign\u00e9 avec le groupement, le 27 novembre 2012, le march\u00e9 qui se terminera \u00e0 la fin du d\u00e9lai de parfait ach\u00e8vement de la construction, soit un an apr\u00e8s la r\u00e9ception des travaux valid\u00e9s le 28 f\u00e9vrier 2017.<\/p>\n<h3 style=\"font-style: normal; font-variant-ligatures: normal; font-variant-caps: normal;\"><strong>UN B\u00c2TIMENT INNOVANT<\/strong><\/h3>\n<h5 style=\"font-style: normal; font-variant-ligatures: normal; font-variant-caps: normal;\">PREAMBULE\u00a0:<\/h5>\n<p style=\"font-style: normal; font-variant-ligatures: normal; font-variant-caps: normal; font-weight: 400; font-size: 14px; font-family: 'Open Sans', sans-serif;\">Le projet propose un b\u00e2timent en \u00e9querre sur deux niveaux (rez-de-chauss\u00e9e et 1er\u00a0\u00e9tage), rappelant l\u2019image d\u2019un clo\u00eetre sur lequel repose une structure en forme de cube de trois niveaux dont deux c\u00f4t\u00e9s sont reli\u00e9s par une bande centrale Est-Ouest \u00e0 partir du 2\u00e8me\u00a0\u00e9tage, cr\u00e9ant deux patios in\u00e9gaux, l\u2019un v\u00e9g\u00e9tal au rez-de-chauss\u00e9e, l\u2019autre min\u00e9ral au niveau 2.<\/p>\n<h3><\/h3>\n<p>[\/et_pb_text][\/et_pb_column][\/et_pb_row][et_pb_row make_fullwidth=\u00a0\u00bboff\u00a0\u00bb use_custom_width=\u00a0\u00bboff\u00a0\u00bb width_unit=\u00a0\u00bboff\u00a0\u00bb custom_width_px=\u00a0\u00bb1080px\u00a0\u00bb custom_width_percent=\u00a0\u00bb80%\u00a0\u00bb use_custom_gutter=\u00a0\u00bboff\u00a0\u00bb gutter_width=\u00a0\u00bb3&Prime; custom_padding=\u00a0\u00bb2px|0px|0px|0px\u00a0\u00bb allow_player_pause=\u00a0\u00bboff\u00a0\u00bb parallax=\u00a0\u00bboff\u00a0\u00bb parallax_method=\u00a0\u00bbon\u00a0\u00bb make_equal=\u00a0\u00bboff\u00a0\u00bb parallax_1=\u00a0\u00bboff\u00a0\u00bb parallax_method_1=\u00a0\u00bbon\u00a0\u00bb parallax_2=\u00a0\u00bboff\u00a0\u00bb parallax_method_2=\u00a0\u00bbon\u00a0\u00bb parallax_3=\u00a0\u00bboff\u00a0\u00bb parallax_method_3=\u00a0\u00bbon\u00a0\u00bb parallax_4=\u00a0\u00bboff\u00a0\u00bb parallax_method_4=\u00a0\u00bbon\u00a0\u00bb disabled=\u00a0\u00bboff\u00a0\u00bb][et_pb_column type=\u00a0\u00bb4_4&Prime; disabled=\u00a0\u00bboff\u00a0\u00bb parallax=\u00a0\u00bboff\u00a0\u00bb parallax_method=\u00a0\u00bbon\u00a0\u00bb][et_pb_image src=\u00a0\u00bbhttp:\/\/variances.eu\/wp-content\/uploads\/2018\/03\/DSC_0076.jpg\u00a0\u00bb show_in_lightbox=\u00a0\u00bbon\u00a0\u00bb url_new_window=\u00a0\u00bboff\u00a0\u00bb use_overlay=\u00a0\u00bboff\u00a0\u00bb animation=\u00a0\u00bboff\u00a0\u00bb sticky=\u00a0\u00bboff\u00a0\u00bb align=\u00a0\u00bbleft\u00a0\u00bb force_fullwidth=\u00a0\u00bboff\u00a0\u00bb always_center_on_mobile=\u00a0\u00bbon\u00a0\u00bb use_border_color=\u00a0\u00bboff\u00a0\u00bb border_color=\u00a0\u00bb#ffffff\u00a0\u00bb border_width=\u00a0\u00bb1px\u00a0\u00bb border_style=\u00a0\u00bbsolid\u00a0\u00bb disabled=\u00a0\u00bboff\u00a0\u00bb][\/et_pb_image][\/et_pb_column][\/et_pb_row][et_pb_row make_fullwidth=\u00a0\u00bboff\u00a0\u00bb use_custom_width=\u00a0\u00bboff\u00a0\u00bb width_unit=\u00a0\u00bboff\u00a0\u00bb custom_width_px=\u00a0\u00bb1080px\u00a0\u00bb custom_width_percent=\u00a0\u00bb80%\u00a0\u00bb use_custom_gutter=\u00a0\u00bboff\u00a0\u00bb gutter_width=\u00a0\u00bb3&Prime; custom_padding=\u00a0\u00bb1px|0px|0px|0px\u00a0\u00bb allow_player_pause=\u00a0\u00bboff\u00a0\u00bb parallax=\u00a0\u00bboff\u00a0\u00bb parallax_method=\u00a0\u00bbon\u00a0\u00bb make_equal=\u00a0\u00bboff\u00a0\u00bb parallax_1=\u00a0\u00bboff\u00a0\u00bb parallax_method_1=\u00a0\u00bbon\u00a0\u00bb parallax_2=\u00a0\u00bboff\u00a0\u00bb parallax_method_2=\u00a0\u00bbon\u00a0\u00bb parallax_3=\u00a0\u00bboff\u00a0\u00bb parallax_method_3=\u00a0\u00bbon\u00a0\u00bb parallax_4=\u00a0\u00bboff\u00a0\u00bb parallax_method_4=\u00a0\u00bbon\u00a0\u00bb disabled=\u00a0\u00bboff\u00a0\u00bb][et_pb_column type=\u00a0\u00bb4_4&Prime; disabled=\u00a0\u00bboff\u00a0\u00bb parallax=\u00a0\u00bboff\u00a0\u00bb parallax_method=\u00a0\u00bbon\u00a0\u00bb][et_pb_text background_layout=\u00a0\u00bblight\u00a0\u00bb text_orientation=\u00a0\u00bbleft\u00a0\u00bb use_border_color=\u00a0\u00bboff\u00a0\u00bb border_style=\u00a0\u00bbsolid\u00a0\u00bb disabled=\u00a0\u00bboff\u00a0\u00bb]<\/p>\n<h3><strong><\/strong><\/h3>\n<\/p>\n<h5>DESCRIPTION&nbsp;:<\/h5>\n<\/p>\n<p>L&rsquo;immeuble est con&ccedil;u en structure poteaux-poutres. Les fa&ccedil;ades se composent d&rsquo;une exo-structure m&eacute;tallique, organis&eacute;e sur une trame de 2,10 m&nbsp;; elle est constitu&eacute;e de profiles-poutres HEB 240 implant&eacute;s au-devant des fa&ccedil;ades en mur rideau et reli&eacute;s, deux par deux, par des traverses horizontales d&rsquo;&eacute;cartement 3,30 m correspondant &agrave; la hauteur standard des diff&eacute;rents &eacute;tages. Dans l&rsquo;espace libre de l&rsquo;exo-structure, les concepteurs ont int&eacute;gr&eacute; des brise-soleils ou ventelles motoris&eacute;s&nbsp; (7300 environ), en verres s&eacute;rigraphi&eacute;s r&eacute;glables, pilot&eacute;s par des capteurs de lumi&egrave;re install&eacute;s sur la toiture. Ce dispositif permet une optimisation du flux thermique et de l&rsquo;&eacute;nergie lumineuse.<\/p>\n<\/p>\n<p>A l&rsquo;int&eacute;rieur, la structure m&eacute;tallique est laiss&eacute;e apparente, s&rsquo;accordant avec la sobri&eacute;t&eacute; des mat&eacute;riaux utilis&eacute;s pour le second &oelig;uvre, plafond m&eacute;tallique peint, r&eacute;seaux apparents, rev&ecirc;tement plastique pour le sol et cloisonnement brut en fermacell (m&eacute;lange de gypse et fibre papier).<\/p>\n<\/p>\n<h5>ORGANISATION FONCTIONNELLE ET SPATIALE&nbsp;:<\/h5>\n<\/p>\n<p>Le b&acirc;timent se d&eacute;veloppe sur un &nbsp;sous-sol et 5 &eacute;tages&nbsp;:<\/p>\n<\/p>\n<ul>\n<li>Au niveau du sous-sol, a &eacute;t&eacute; pr&eacute;vu un parc de stationnement pouvant accueillir 150 automobiles dont 4 &eacute;lectriques, une dizaine de places pour les deux roues et les v&eacute;hicules de livraison avec un acc&egrave;s direct, par un monte-charge, aux &eacute;tages sup&eacute;rieurs ainsi que l&rsquo;ensemble des locaux techniques positionn&eacute;s dans cet espace afin d&rsquo;&eacute;viter leurs installations en toiture. Les v&eacute;hicules acc&egrave;dent &agrave; cet espace par une rampe contr&ocirc;l&eacute;e par un portier &agrave; badge.<\/li>\n<\/ul>\n<ul>\n<li>Le rez-de-chauss&eacute;e s&rsquo;organise autour d&rsquo;un hall-exposition en double hauteur et de deux amphith&eacute;&acirc;tres dispos&eacute;s en miroir autour d&rsquo;une double cloison acoustique, qui s&rsquo;adaptent pour des op&eacute;rations sp&eacute;cifiques en un auditorium unique. Sont &eacute;galement disponibles au rez-de-chauss&eacute;e, le foyer des &eacute;l&egrave;ves associ&eacute;s avec les bureaux des associations &eacute;tudiantes, une salle de musique et les bureaux gestionnaires des structures administratives et fonci&egrave;res des activit&eacute;s du b&acirc;timent.<\/li>\n<\/ul>\n<p>[\/et_pb_text][\/et_pb_column][\/et_pb_row][et_pb_row make_fullwidth=\u00a0\u00bboff\u00a0\u00bb use_custom_width=\u00a0\u00bboff\u00a0\u00bb width_unit=\u00a0\u00bboff\u00a0\u00bb custom_width_px=\u00a0\u00bb1080px\u00a0\u00bb custom_width_percent=\u00a0\u00bb80%\u00a0\u00bb use_custom_gutter=\u00a0\u00bboff\u00a0\u00bb gutter_width=\u00a0\u00bb3&Prime; custom_padding=\u00a0\u00bb0px|0px|0px|0px\u00a0\u00bb allow_player_pause=\u00a0\u00bboff\u00a0\u00bb parallax=\u00a0\u00bboff\u00a0\u00bb parallax_method=\u00a0\u00bbon\u00a0\u00bb make_equal=\u00a0\u00bboff\u00a0\u00bb parallax_1=\u00a0\u00bboff\u00a0\u00bb parallax_method_1=\u00a0\u00bbon\u00a0\u00bb parallax_2=\u00a0\u00bboff\u00a0\u00bb parallax_method_2=\u00a0\u00bbon\u00a0\u00bb parallax_3=\u00a0\u00bboff\u00a0\u00bb parallax_method_3=\u00a0\u00bbon\u00a0\u00bb parallax_4=\u00a0\u00bboff\u00a0\u00bb parallax_method_4=\u00a0\u00bbon\u00a0\u00bb disabled=\u00a0\u00bboff\u00a0\u00bb][et_pb_column type=\u00a0\u00bb1_2&Prime; disabled=\u00a0\u00bboff\u00a0\u00bb parallax=\u00a0\u00bboff\u00a0\u00bb parallax_method=\u00a0\u00bbon\u00a0\u00bb][et_pb_image src=\u00a0\u00bbhttp:\/\/variances.eu\/wp-content\/uploads\/2018\/03\/DSC_0494.jpg\u00a0\u00bb show_in_lightbox=\u00a0\u00bbon\u00a0\u00bb url_new_window=\u00a0\u00bboff\u00a0\u00bb use_overlay=\u00a0\u00bboff\u00a0\u00bb animation=\u00a0\u00bboff\u00a0\u00bb sticky=\u00a0\u00bboff\u00a0\u00bb align=\u00a0\u00bbleft\u00a0\u00bb force_fullwidth=\u00a0\u00bboff\u00a0\u00bb always_center_on_mobile=\u00a0\u00bbon\u00a0\u00bb use_border_color=\u00a0\u00bboff\u00a0\u00bb border_color=\u00a0\u00bb#ffffff\u00a0\u00bb border_width=\u00a0\u00bb1px\u00a0\u00bb border_style=\u00a0\u00bbsolid\u00a0\u00bb disabled=\u00a0\u00bboff\u00a0\u00bb][\/et_pb_image][\/et_pb_column][et_pb_column type=\u00a0\u00bb1_2&Prime; disabled=\u00a0\u00bboff\u00a0\u00bb parallax=\u00a0\u00bboff\u00a0\u00bb parallax_method=\u00a0\u00bbon\u00a0\u00bb][et_pb_image src=\u00a0\u00bbhttp:\/\/variances.eu\/wp-content\/uploads\/2018\/03\/DSC_0498.jpg\u00a0\u00bb show_in_lightbox=\u00a0\u00bbon\u00a0\u00bb url_new_window=\u00a0\u00bboff\u00a0\u00bb use_overlay=\u00a0\u00bboff\u00a0\u00bb animation=\u00a0\u00bboff\u00a0\u00bb sticky=\u00a0\u00bboff\u00a0\u00bb align=\u00a0\u00bbleft\u00a0\u00bb force_fullwidth=\u00a0\u00bboff\u00a0\u00bb always_center_on_mobile=\u00a0\u00bbon\u00a0\u00bb use_border_color=\u00a0\u00bboff\u00a0\u00bb border_color=\u00a0\u00bb#ffffff\u00a0\u00bb border_width=\u00a0\u00bb1px\u00a0\u00bb border_style=\u00a0\u00bbsolid\u00a0\u00bb disabled=\u00a0\u00bboff\u00a0\u00bb][\/et_pb_image][\/et_pb_column][\/et_pb_row][et_pb_row make_fullwidth=\u00a0\u00bboff\u00a0\u00bb use_custom_width=\u00a0\u00bboff\u00a0\u00bb width_unit=\u00a0\u00bboff\u00a0\u00bb custom_width_px=\u00a0\u00bb1080px\u00a0\u00bb custom_width_percent=\u00a0\u00bb80%\u00a0\u00bb use_custom_gutter=\u00a0\u00bboff\u00a0\u00bb gutter_width=\u00a0\u00bb3&Prime; custom_padding=\u00a0\u00bb18.9531px|0px|0px|0px\u00a0\u00bb allow_player_pause=\u00a0\u00bboff\u00a0\u00bb parallax=\u00a0\u00bboff\u00a0\u00bb parallax_method=\u00a0\u00bbon\u00a0\u00bb make_equal=\u00a0\u00bboff\u00a0\u00bb parallax_1=\u00a0\u00bboff\u00a0\u00bb parallax_method_1=\u00a0\u00bbon\u00a0\u00bb parallax_2=\u00a0\u00bboff\u00a0\u00bb parallax_method_2=\u00a0\u00bbon\u00a0\u00bb parallax_3=\u00a0\u00bboff\u00a0\u00bb parallax_method_3=\u00a0\u00bbon\u00a0\u00bb parallax_4=\u00a0\u00bboff\u00a0\u00bb parallax_method_4=\u00a0\u00bbon\u00a0\u00bb disabled=\u00a0\u00bboff\u00a0\u00bb][et_pb_column type=\u00a0\u00bb4_4&Prime; disabled=\u00a0\u00bboff\u00a0\u00bb parallax=\u00a0\u00bboff\u00a0\u00bb parallax_method=\u00a0\u00bbon\u00a0\u00bb][et_pb_text background_layout=\u00a0\u00bblight\u00a0\u00bb text_orientation=\u00a0\u00bbleft\u00a0\u00bb use_border_color=\u00a0\u00bboff\u00a0\u00bb border_style=\u00a0\u00bbsolid\u00a0\u00bb disabled=\u00a0\u00bboff\u00a0\u00bb]<\/p>\n<p>A l&rsquo;angle nord-ouest du b&acirc;timent, les utilisateurs (personnel, &eacute;tudiants et visiteurs) acc&egrave;dent aux locaux &agrave; partir d&rsquo;un accueil s&eacute;curis&eacute; (badge et visuel). Un local de stationnement s&eacute;curis&eacute; et &eacute;quip&eacute; de douches et vestiaires est mis &agrave; la disposition des usagers utilisant le v&eacute;lo pour leurs d&eacute;placements travail-domicile ou pour les pauses d&eacute;tente.<\/p>\n<p>Au m&ecirc;me niveau mais ind&eacute;pendant du b&acirc;timent principal, un concessionnaire sp&eacute;cialis&eacute; a pris en charge l&rsquo;am&eacute;nagement, la d&eacute;coration int&eacute;rieure et l&rsquo;activit&eacute; journali&egrave;re d&rsquo;un local, afin d&rsquo;assurer un service de caf&eacute;t&eacute;ria et restauration rapide &agrave; destination du personnel et des &eacute;tudiants du GENES.<\/p>\n<ul>\n<li>Au 1<sup>er<\/sup> &eacute;tage, une mezzanine permet l&rsquo;acc&egrave;s &agrave; la partie sup&eacute;rieure des amphith&eacute;&acirc;tres, &agrave; quatre grandes salles de formation, aux bureaux et aux salles de formation du service ENSAE-ENSAI formation continue (CEPE) charg&eacute; de proposer et dispenser des formations professionnelles dans les domaines sp&eacute;cifiques des &eacute;coles et aux bureaux du centre d&rsquo;acc&egrave;s s&eacute;curis&eacute; aux donn&eacute;es (CASD) dont la vocation est de permettre aux chercheurs l&rsquo;acc&egrave;s &agrave; des donn&eacute;es confidentielles sur les individus, les m&eacute;nages et les entreprises dans des conditions de s&eacute;curit&eacute; maximales.<\/li>\n<li>Au 2<sup>&egrave;me<\/sup> &eacute;tage, prend place le p&ocirc;le enseignement avec des salles de cours (formation initiale et informatique) et des salles sp&eacute;cifiques (visio-conf&eacute;rence, professeurs, march&eacute;s..) dispos&eacute;es de part et d&rsquo;autre d&rsquo;un couloir prenant l&rsquo;image d&rsquo;une all&eacute;e centrale.Au m&ecirc;me niveau, dans l&rsquo;espace de la liaison centrale Est-Ouest, sont am&eacute;nag&eacute;es la biblioth&egrave;que et ses r&eacute;serves o&ugrave; l&rsquo;on retrouve l&rsquo;association de l&rsquo;acier pour les rayonnages et les pi&eacute;tements et le bois pour les tables de lecture. La situation g&eacute;ographique et l&rsquo;organisation de l&rsquo;espace documentaire permettent &agrave; l&rsquo;ensemble des utilisateurs &eacute;l&egrave;ves et enseignants-chercheurs, un acc&egrave;s agr&eacute;able et ais&eacute; au fond documentaire.<\/li>\n<\/ul>\n<p><\/p>\n<p><\/p>\n<p>[\/et_pb_text][\/et_pb_column][\/et_pb_row][et_pb_row make_fullwidth=\u00a0\u00bboff\u00a0\u00bb use_custom_width=\u00a0\u00bboff\u00a0\u00bb width_unit=\u00a0\u00bboff\u00a0\u00bb custom_width_px=\u00a0\u00bb1080px\u00a0\u00bb custom_width_percent=\u00a0\u00bb80%\u00a0\u00bb use_custom_gutter=\u00a0\u00bboff\u00a0\u00bb gutter_width=\u00a0\u00bb3&Prime; custom_padding=\u00a0\u00bb0px|0px|0px|0px\u00a0\u00bb allow_player_pause=\u00a0\u00bboff\u00a0\u00bb parallax=\u00a0\u00bboff\u00a0\u00bb parallax_method=\u00a0\u00bbon\u00a0\u00bb make_equal=\u00a0\u00bboff\u00a0\u00bb parallax_1=\u00a0\u00bboff\u00a0\u00bb parallax_method_1=\u00a0\u00bbon\u00a0\u00bb parallax_2=\u00a0\u00bboff\u00a0\u00bb parallax_method_2=\u00a0\u00bbon\u00a0\u00bb parallax_3=\u00a0\u00bboff\u00a0\u00bb parallax_method_3=\u00a0\u00bbon\u00a0\u00bb parallax_4=\u00a0\u00bboff\u00a0\u00bb parallax_method_4=\u00a0\u00bbon\u00a0\u00bb disabled=\u00a0\u00bboff\u00a0\u00bb][et_pb_column type=\u00a0\u00bb4_4&Prime; disabled=\u00a0\u00bboff\u00a0\u00bb parallax=\u00a0\u00bboff\u00a0\u00bb parallax_method=\u00a0\u00bbon\u00a0\u00bb][et_pb_image src=\u00a0\u00bbhttp:\/\/variances.eu\/wp-content\/uploads\/2018\/03\/DSC_0501.jpg\u00a0\u00bb show_in_lightbox=\u00a0\u00bbon\u00a0\u00bb url_new_window=\u00a0\u00bboff\u00a0\u00bb use_overlay=\u00a0\u00bboff\u00a0\u00bb animation=\u00a0\u00bboff\u00a0\u00bb sticky=\u00a0\u00bboff\u00a0\u00bb align=\u00a0\u00bbleft\u00a0\u00bb force_fullwidth=\u00a0\u00bboff\u00a0\u00bb always_center_on_mobile=\u00a0\u00bbon\u00a0\u00bb use_border_color=\u00a0\u00bboff\u00a0\u00bb border_color=\u00a0\u00bb#ffffff\u00a0\u00bb border_width=\u00a0\u00bb1px\u00a0\u00bb border_style=\u00a0\u00bbsolid\u00a0\u00bb disabled=\u00a0\u00bboff\u00a0\u00bb][\/et_pb_image][\/et_pb_column][\/et_pb_row][et_pb_row make_fullwidth=\u00a0\u00bboff\u00a0\u00bb use_custom_width=\u00a0\u00bboff\u00a0\u00bb width_unit=\u00a0\u00bboff\u00a0\u00bb custom_width_px=\u00a0\u00bb1080px\u00a0\u00bb custom_width_percent=\u00a0\u00bb80%\u00a0\u00bb use_custom_gutter=\u00a0\u00bboff\u00a0\u00bb gutter_width=\u00a0\u00bb3&Prime; allow_player_pause=\u00a0\u00bboff\u00a0\u00bb parallax=\u00a0\u00bboff\u00a0\u00bb parallax_method=\u00a0\u00bbon\u00a0\u00bb make_equal=\u00a0\u00bboff\u00a0\u00bb parallax_1=\u00a0\u00bboff\u00a0\u00bb parallax_method_1=\u00a0\u00bbon\u00a0\u00bb parallax_2=\u00a0\u00bboff\u00a0\u00bb parallax_method_2=\u00a0\u00bbon\u00a0\u00bb parallax_3=\u00a0\u00bboff\u00a0\u00bb parallax_method_3=\u00a0\u00bbon\u00a0\u00bb parallax_4=\u00a0\u00bboff\u00a0\u00bb parallax_method_4=\u00a0\u00bbon\u00a0\u00bb disabled=\u00a0\u00bboff\u00a0\u00bb][et_pb_column type=\u00a0\u00bb4_4&Prime; disabled=\u00a0\u00bboff\u00a0\u00bb parallax=\u00a0\u00bboff\u00a0\u00bb parallax_method=\u00a0\u00bbon\u00a0\u00bb][et_pb_text background_layout=\u00a0\u00bblight\u00a0\u00bb text_orientation=\u00a0\u00bbleft\u00a0\u00bb use_border_color=\u00a0\u00bboff\u00a0\u00bb border_style=\u00a0\u00bbsolid\u00a0\u00bb disabled=\u00a0\u00bboff\u00a0\u00bb]<\/p>\n<p>Les enseignants et les \u00e9tudiants ont la possibilit\u00e9, pendant les p\u00e9riodes d\u2019intercours, d\u2019acc\u00e9der \u00e0 deux espaces internes de convivialit\u00e9 donnant sur une terrasse am\u00e9nag\u00e9e.<\/p>\n<ul>\n<li>Les deux derniers niveaux abritent l\u2019ensemble des bureaux et des salles de r\u00e9union des administratifs et enseignants-chercheurs de la direction g\u00e9n\u00e9rale du GENES et de la direction de l\u2019ENSAE au niveau 3 et des enseignants-chercheurs de l\u2019unit\u00e9 de recherche UMR-CREST et des consultants en expertise en analyse quantitative de Datastorm au niveau 4.<\/li>\n<\/ul>\n<p>[\/et_pb_text][\/et_pb_column][\/et_pb_row][et_pb_row make_fullwidth=\u00a0\u00bboff\u00a0\u00bb use_custom_width=\u00a0\u00bboff\u00a0\u00bb width_unit=\u00a0\u00bboff\u00a0\u00bb custom_width_px=\u00a0\u00bb1080px\u00a0\u00bb custom_width_percent=\u00a0\u00bb80%\u00a0\u00bb use_custom_gutter=\u00a0\u00bboff\u00a0\u00bb gutter_width=\u00a0\u00bb3&Prime; custom_padding=\u00a0\u00bb0px|0px|18.9531px|0px\u00a0\u00bb allow_player_pause=\u00a0\u00bboff\u00a0\u00bb parallax=\u00a0\u00bboff\u00a0\u00bb parallax_method=\u00a0\u00bbon\u00a0\u00bb make_equal=\u00a0\u00bboff\u00a0\u00bb parallax_1=\u00a0\u00bboff\u00a0\u00bb parallax_method_1=\u00a0\u00bbon\u00a0\u00bb parallax_2=\u00a0\u00bboff\u00a0\u00bb parallax_method_2=\u00a0\u00bbon\u00a0\u00bb parallax_3=\u00a0\u00bboff\u00a0\u00bb parallax_method_3=\u00a0\u00bbon\u00a0\u00bb parallax_4=\u00a0\u00bboff\u00a0\u00bb parallax_method_4=\u00a0\u00bbon\u00a0\u00bb disabled=\u00a0\u00bboff\u00a0\u00bb][et_pb_column type=\u00a0\u00bb1_2&Prime; disabled=\u00a0\u00bboff\u00a0\u00bb parallax=\u00a0\u00bboff\u00a0\u00bb parallax_method=\u00a0\u00bbon\u00a0\u00bb][et_pb_image src=\u00a0\u00bbhttp:\/\/variances.eu\/wp-content\/uploads\/2018\/03\/DSC_0479.jpg\u00a0\u00bb show_in_lightbox=\u00a0\u00bbon\u00a0\u00bb url_new_window=\u00a0\u00bboff\u00a0\u00bb use_overlay=\u00a0\u00bboff\u00a0\u00bb animation=\u00a0\u00bboff\u00a0\u00bb sticky=\u00a0\u00bboff\u00a0\u00bb align=\u00a0\u00bbleft\u00a0\u00bb force_fullwidth=\u00a0\u00bboff\u00a0\u00bb always_center_on_mobile=\u00a0\u00bbon\u00a0\u00bb use_border_color=\u00a0\u00bboff\u00a0\u00bb border_color=\u00a0\u00bb#ffffff\u00a0\u00bb border_width=\u00a0\u00bb1px\u00a0\u00bb border_style=\u00a0\u00bbsolid\u00a0\u00bb disabled=\u00a0\u00bboff\u00a0\u00bb][\/et_pb_image][\/et_pb_column][et_pb_column type=\u00a0\u00bb1_2&Prime; disabled=\u00a0\u00bboff\u00a0\u00bb parallax=\u00a0\u00bboff\u00a0\u00bb parallax_method=\u00a0\u00bbon\u00a0\u00bb][et_pb_image src=\u00a0\u00bbhttp:\/\/variances.eu\/wp-content\/uploads\/2018\/03\/DSC_0503.jpg\u00a0\u00bb show_in_lightbox=\u00a0\u00bbon\u00a0\u00bb url_new_window=\u00a0\u00bboff\u00a0\u00bb use_overlay=\u00a0\u00bboff\u00a0\u00bb animation=\u00a0\u00bboff\u00a0\u00bb sticky=\u00a0\u00bboff\u00a0\u00bb align=\u00a0\u00bbleft\u00a0\u00bb force_fullwidth=\u00a0\u00bboff\u00a0\u00bb always_center_on_mobile=\u00a0\u00bbon\u00a0\u00bb use_border_color=\u00a0\u00bboff\u00a0\u00bb border_color=\u00a0\u00bb#ffffff\u00a0\u00bb border_width=\u00a0\u00bb1px\u00a0\u00bb border_style=\u00a0\u00bbsolid\u00a0\u00bb disabled=\u00a0\u00bboff\u00a0\u00bb][\/et_pb_image][\/et_pb_column][\/et_pb_row][et_pb_row make_fullwidth=\u00a0\u00bboff\u00a0\u00bb use_custom_width=\u00a0\u00bboff\u00a0\u00bb width_unit=\u00a0\u00bboff\u00a0\u00bb custom_width_px=\u00a0\u00bb1080px\u00a0\u00bb custom_width_percent=\u00a0\u00bb80%\u00a0\u00bb use_custom_gutter=\u00a0\u00bboff\u00a0\u00bb gutter_width=\u00a0\u00bb3&Prime; custom_padding=\u00a0\u00bb2px|0px|18.9531px|0px\u00a0\u00bb allow_player_pause=\u00a0\u00bboff\u00a0\u00bb parallax=\u00a0\u00bboff\u00a0\u00bb parallax_method=\u00a0\u00bbon\u00a0\u00bb make_equal=\u00a0\u00bboff\u00a0\u00bb parallax_1=\u00a0\u00bboff\u00a0\u00bb parallax_method_1=\u00a0\u00bbon\u00a0\u00bb parallax_2=\u00a0\u00bboff\u00a0\u00bb parallax_method_2=\u00a0\u00bbon\u00a0\u00bb parallax_3=\u00a0\u00bboff\u00a0\u00bb parallax_method_3=\u00a0\u00bbon\u00a0\u00bb parallax_4=\u00a0\u00bboff\u00a0\u00bb parallax_method_4=\u00a0\u00bbon\u00a0\u00bb disabled=\u00a0\u00bboff\u00a0\u00bb][et_pb_column type=\u00a0\u00bb4_4&Prime; disabled=\u00a0\u00bboff\u00a0\u00bb parallax=\u00a0\u00bboff\u00a0\u00bb parallax_method=\u00a0\u00bbon\u00a0\u00bb][et_pb_text background_layout=\u00a0\u00bblight\u00a0\u00bb text_orientation=\u00a0\u00bbleft\u00a0\u00bb use_border_color=\u00a0\u00bboff\u00a0\u00bb border_style=\u00a0\u00bbsolid\u00a0\u00bb disabled=\u00a0\u00bboff\u00a0\u00bb]<\/p>\n<p>Les larges circulations de ces deux niveaux ont permis au ma\u00eetre d\u2019\u0153uvre en accord avec la maitrise d\u2019ouvrage d\u2019installer des alv\u00e9oles ou \u00ab\u00a0plug\u00a0\u00bb offrant \u00e0 deux ou trois occupants, des bureaux riverains, des espaces de travail afin de s\u2019isoler de leur environnement professionnel.<\/p>\n<p>Ces deux derniers niveaux sont compl\u00e9t\u00e9s par quatre grandes loggias en double hauteur qui sont des lieux de convivialit\u00e9 ext\u00e9rieurs pour les occupants du 3<sup>\u00e8me<\/sup> niveau. Les utilisateurs du 4<sup>\u00e8me<\/sup> \u00e9tage disposent \u00e9galement d\u2019une terrasse am\u00e9nag\u00e9e sur la bande centrale Est-Ouest. Ces zones ext\u00e9rieures sont compl\u00e9t\u00e9es, \u00e0 chaque niveau, de deux espaces internes de convivialit\u00e9 am\u00e9nag\u00e9s d\u2019une part, de distributeurs de boissons chaudes ou froides et d\u2019en-cas et, d\u2019autre part, de mobiliers\u00a0: tables basses, mange-debout, chaises hautes, fauteuils et canap\u00e9s.<\/p>\n<p>Egalement au 3<sup>\u00e8me<\/sup> niveau dans la branche centrale Est-Ouest en mezzanine de la salle de lecture de la biblioth\u00e8que, sont disponibles sur r\u00e9servation, 15 salles de travail collaboratif, \u00e9quip\u00e9es de mobilier modulaire et l\u00e9ger permettant \u00e0 2, 3 ou 4 \u00e9tudiants ou chercheurs de se r\u00e9unir en petits de groupes de r\u00e9flexion.<\/p>\n<p>La direction du GENES a appliqu\u00e9 la disposition l\u00e9gale dite du \u00ab\u00a01% artistique\u00a0\u00bb ou parfois \u00ab\u00a01% culturel\u00a0\u00bb, pr\u00e9voyant que un pourcent des sommes consacr\u00e9es par l\u2019Etat pour chaque construction immobili\u00e8re soit investi dans la r\u00e9alisation d\u2019une \u0153uvre d\u2019art int\u00e9gr\u00e9e au projet architectural.<\/p>\n<p>La proposition de Laurent GRASSO, artiste fran\u00e7ais, retenue par le jury sp\u00e9cialement d\u00e9sign\u00e9 pour cette op\u00e9ration, consiste en la r\u00e9alisation de deux types d\u2019objets en marbre, des bancs et des volumes en formes g\u00e9om\u00e9triques \u00e0 trois dimensions ayant des faces planes polygonales (poly\u00e8dre).<\/p>\n<p>Les trois bancs ont \u00e9t\u00e9 positionn\u00e9s devant les trois blocs du grand hall. Les vingt-cinq poly\u00e8dres d\u00e9corent, par groupes de cinq ou de trois, les espaces de convivialit\u00e9 internes des \u00e9tages 2, 3 et 4.<\/p>\n<h3><strong>Un nouveau d\u00e9part\u00a0<\/strong><\/h3>\n<p>Apr\u00e8s 5 ans d\u2019\u00e9tudes et de travaux, le b\u00e2timent de PALAISEAU accueillait le 4 septembre 2017 pour sa sixi\u00e8me localisation depuis sa cr\u00e9ation, les \u00e9tudiants de l\u2019ENSAE apr\u00e8s que les anciens ENSAE-ALUMNI eurent connu LYON, PARIS (rue de la banque, Quai Branly, rue Montmorency) et MALAKOFF.<\/p>\n<p>Dans ce nouveau b\u00e2timent pleinement int\u00e9gr\u00e9 dans l\u2019environnement acad\u00e9mique et scientifique du campus de Palaiseau, les \u00e9tudiants et les enseignants-chercheurs du GENES trouveront avec leurs homologues de l\u2019Ecole Polytechnique, HEC, ENSTA, et ENSTELECOM un p\u00f4le d\u2019excellence dans les domaines des sciences humaines et des sciences dures.<\/p>\n<p>[\/et_pb_text][\/et_pb_column][\/et_pb_row][\/et_pb_section]<\/p>\n","protected":false},"excerpt":{"rendered":"<p>Un retour sur les derni\u00e8res d\u00e9cennies Le 1er janvier 1975, l\u2019ENSAE (division SEA et division CGSA) quittait la rue de Montmorency pour s\u2019installer dans les locaux neufs du b\u00e2timent INSEE \u00e0 Malakoff. En 1983, la croissance des effectifs d\u2019\u00e9l\u00e8ves, d\u2019enseignants-chercheurs et de personnel administratif et technique ne permettait plus de rester dans les locaux de [&hellip;]<\/p>\n","protected":false},"author":135,"featured_media":2969,"comment_status":"open","ping_status":"open","sticky":false,"template":"","format":"standard","meta":{"_et_pb_use_builder":"on","_et_pb_old_content":"<h3><b>Un retour sur les derni\u00e8res d\u00e9cennies<\/b><\/h3><p>Le 1<sup>er<\/sup> janvier 1975, l\u2019ENSAE (division SEA et division CGSA) quittait la rue de Montmorency pour s\u2019installer dans les locaux neufs du b\u00e2timent INSEE \u00e0 Malakoff.<\/p><p>En 1983, la croissance des effectifs d\u2019\u00e9l\u00e8ves, d\u2019enseignants-chercheurs et de personnel administratif et technique ne permettait plus de rester dans les locaux de Malakoff, amenant ainsi la direction de l\u2019ENSAE d\u2019envisager une d\u00e9cohabitation de la division CGSA.<\/p><p>Pendant la dizaine d\u2019ann\u00e9es qui a suivi, la direction de l\u2019ENSAE a \u00e9tudi\u00e9, sans succ\u00e8s, deux projets d\u2019installation sur un terrain du Minist\u00e8re des Finances, situ\u00e9 dans la Cit\u00e9 Descartes, zone scientifique de Marne la Vall\u00e9e et mitoyen de l\u2019Ecole Nationale des Ponts et Chauss\u00e9es.<\/p><p>Apr\u00e8s deux ans de r\u00e9flexion, la d\u00e9cision fut prise de transformer les deux divisions SEA et CGSA en deux \u00e9coles autonomes\u00a0formalis\u00e9e par un d\u00e9cret publi\u00e9 au Journal Officiel du 29 juin 1994, portant la cr\u00e9ation et l\u2019organisation du Groupe des Ecoles Nationales d\u2019Economie et Statistique (GENES). Cette nouvelle organisation rempla\u00e7ait l\u2019entit\u00e9 Ecole Nationale de la Statistique et de l\u2019Administration Economique (ENSAE) dans l\u2019organigramme de l\u2019Institut National de la Statistique et de l\u2019Administration Economique (INSEE).<\/p><p>Le GENES est compos\u00e9, \u00e0 cette date, de quatre directions\u00a0:<\/p><ul><li>Ecole Nationale de la Statistique et de l\u2019Administration Economique (ENSAE ex-division SEA)\u00a0;<\/li><li>Ecole Nationale de la Statistique et de l\u2019Analyse de l\u2019Information (ENSAI ex-division CGSA)\u00a0;<\/li><li>Centre d\u2019Etudes des Programmes Economiques (CEPE)\u00a0;<\/li><li>Centre de Recherche en Economie et Statistique (CREST).<\/li><\/ul><p>Dans le cadre de sa r\u00e9union annuelle du 20 septembre 1994 \u00e0 Troyes, le comit\u00e9 de d\u00e9centralisation charg\u00e9 de proposer une meilleure r\u00e9partition g\u00e9ographique des activit\u00e9s du secteur public, a propos\u00e9 l\u2019installation de l\u2019ENSAI \u00e0 Rennes et l\u2019ENSAE \u00e0 Marne la Vall\u00e9e.<\/p><p>D\u2019octobre 1994 au 1<sup>er<\/sup> septembre 1996, avec l\u2019aide du conseil g\u00e9n\u00e9ral d\u2019Ille et Vilaine, l\u2019op\u00e9ration de construction du b\u00e2timent ENSAI sur le campus de KER LANN (commune de BRUZ - 35) a \u00e9t\u00e9 r\u00e9alis\u00e9e en partenariat financier des collectivit\u00e9s territoriales (R\u00e9gion, D\u00e9partement, District).<\/p><p>Suite \u00e0 une r\u00e9flexion engag\u00e9e par la direction du GENES et de sa tutelle en vue du rapprochement de l\u2019ENSAE et de l\u2019Ecole Polytechnique de Palaiseau, le Directeur G\u00e9n\u00e9ral de l\u2019INSEE a propos\u00e9 de modifier la d\u00e9cision de Troyes par un transfert de l\u2019\u00e9cole sur le site de Palaiseau.<\/p><p>Dans un courrier du 28 septembre 2004, adress\u00e9 au Directeur G\u00e9n\u00e9ral de l\u2019INSEE, le comit\u00e9 pour l\u2019implantation territoriale des emplois publics (CITEP) a consid\u00e9r\u00e9 que l\u2019installation \u00e0 Palaiseau dans l\u2019environnement de l\u2019Ecole Polytechnique constituait une alternative pertinente \u00e0 l\u2019op\u00e9ration de transfert initialement pr\u00e9vue, d\u00e8s que les questions financi\u00e8res auraient trouv\u00e9 une solution.<\/p><p>Au premier semestre 2006, les instances d\u00e9cisionnelles de l\u2019ENSAE et du CREST ont \u00e9t\u00e9 interrog\u00e9es sur les orientations souhaitables pour leurs unit\u00e9s, suite \u00e0 un rapport sur le fonctionnement et la localisation r\u00e9dig\u00e9 par l\u2019Inspection G\u00e9n\u00e9rale de l\u2019Institut.<\/p><p>A la suite des avis du conseil de perfectionnement de l\u2019ENSAE et du conseil de la recherche du CREST, le comit\u00e9 de direction de l\u2019INSEE a d\u00e9cid\u00e9, sur proposition de la direction du GENES, de transf\u00e9rer les unit\u00e9s parisiennes du GENES sur le plateau de Palaiseau, afin d\u2019approfondir les collaborations avec l\u2019Ecole Polytechnique (E.P.) et de d\u00e9velopper celles avec l\u2019Ecole des Hautes Etudes Commerciales (HEC).<\/p><p>D\u2019autre part, sur demande de l\u2019Institut, le Secr\u00e9tariat G\u00e9n\u00e9ral de l\u2019INSEE et le Secr\u00e9tariat G\u00e9n\u00e9ral du GENES ont entrepris en parall\u00e8le deux d\u00e9marches, une fonci\u00e8re avec l\u2019Ecole Polytechnique et l\u2019autre, financi\u00e8re avec la Direction du Budget du Minist\u00e8re des Finances.<\/p><p>Le choix du terrain\u00a0 de 10000 m\u00b2, retenu par le GENES et le service du patrimoine de l\u2019Ecole Polytechnique sur son espace foncier (parking sud des \u00e9l\u00e8ves), ratifi\u00e9 par le conseil d\u2019administration de l\u2019Ecole et des instances de ses autorit\u00e9s de tutelle, a permis au Directeur G\u00e9n\u00e9ral de l\u2019Ecole Polytechnique de proposer, le 17 mai 2007 au Directeur g\u00e9n\u00e9ral de l\u2019INSEE, la mise \u00e0 disposition du foncier par une simple convention de transfert en gestion cosign\u00e9e par les ministres des finances et de la d\u00e9fense.<\/p><p>En novembre 2008, les premi\u00e8res propositions gouvernementales apparaissent pour d\u00e9velopper un cluster scientifique et technologique de rang mondial sur le plateau de Saclay. En mars 2009, sont publi\u00e9s, d\u2019une part le d\u00e9cret fixant le p\u00e9rim\u00e8tre d\u00e9finitif de l\u2019op\u00e9ration d\u2019int\u00e9r\u00eat national (OIN) couvrant 27 communes du plateau dont celle de Palaiseau et, d\u2019autre part, l\u2019annonce d\u2019une dotation de 850 millions pour l\u2019enseignement et la recherche pour ce campus.<\/p><p>La loi du 3 juin 2010 cr\u00e9e en son titre, l\u2019\u00e9tablissement public Paris-Saclay (EPPS) ayant pour mission l\u2019am\u00e9nagement du territoire, le d\u00e9veloppement \u00e9conomique et la conduite des op\u00e9rations immobili\u00e8res du cluster Paris-Saclay en particulier les trois zones d\u2019am\u00e9nagement concert\u00e9 (ZAC) autour de Polytechnique, Sup\u00e9lec et Versailles-Saclay.<\/p><p>Apr\u00e8s divers \u00e9changes courant 2010, l\u2019emplacement et les contours du foncier pour le GENES ont fait l\u2019objet d\u2019un accord d\u00e9finitif de l\u2019EPPS \u00e0 la mi-janvier 2011, sur les propositions mises au point lors des accords avec l\u2019Ecole Polytechnique mis en r\u00e9serve depuis.<\/p><p>Une d\u00e9cision du premier ministre du 12 juin 2011 autorisait l\u2019Agence Nationale de la Recherche (ANR) \u00e0 contractualiser avec le\u00a0 GENES sur la construction de son b\u00e2timent sur le plateau de Saclay (convention sign\u00e9e le 25 janvier 2012) dans la limite d\u2019une participation des investissements d\u2019avenir \u00e0 hauteur d\u2019une dotation maximale de 47\u00a0400\u00a0000 \u20ac.<\/p><p>A la mi-2011, le GENES dispose du terrain et de l\u2019argent pour commencer les \u00e9tudes pour la r\u00e9alisation de son b\u00e2timent \u00e0 la hauteur de ses objectifs de d\u00e9veloppement de ses unit\u00e9s parisiennes.<\/p><h3><strong>Un projet \u00e0 longue gestation<\/strong><\/h3><h5>PREAMBULE\u00a0:<\/h5><p>La conception du b\u00e2timent repose sur une mutualisation des diff\u00e9rentes institutions pr\u00e9sentes ou futures du Plateau de Saclay. Il est enti\u00e8rement centr\u00e9 sur les activit\u00e9s d\u2019enseignement et de recherche en \u00e9conomie, statistique, finance, assurance et sociologie. Il regroupe donc en son sein, les \u00e9quipes d\u2019enseignants et de chercheurs de l\u2019ENSAE et du d\u00e9partement d\u2019\u00e9conomie de l\u2019Ecole Polytechnique. Il ne comporte aucun \u00ab\u00a0espace\u00a0\u00bb de vie pour les utilisateurs, qu\u2019il s\u2019agisse des \u00e9quipements de restauration, de sports et de logement.<\/p><p>La direction du GENES compte sur l\u2019am\u00e9nagement du campus pour b\u00e9n\u00e9ficier de tous les services annexes mutualis\u00e9s pour l\u2019am\u00e9lioration de la vie professionnelle des occupants du b\u00e2timent.<\/p><h5>PROGRAMME\u00a0:<\/h5><p>Le programme, valid\u00e9 par l\u2019INSEE, le GENES et l\u2019Ecole Polytechnique fin 2011 a port\u00e9 sur la construction d\u2019un ensemble d\u2019environ 11\u00a0000 m\u00b2 de surface utile \u00e0 comparer aux 4000 m\u00b2 de surfaces utiles dispers\u00e9s dans les sites de l\u2019INSEE \u00e0 Malakoff.<\/p><p>L\u2019\u00e9volution des surfaces par nature des locaux entre les deux environnements est\u00a0: doublement des surfaces de bureaux, des surfaces p\u00e9dagogiques de formation initiale et continue, de l\u2019espace de la salle de documentation sp\u00e9cialis\u00e9e, quadruplement de l\u2019espace activit\u00e9s \u00e9l\u00e8ves avec salle de musique, cr\u00e9ation des locaux de d\u00e9tente, d\u2019une salle des professeurs et d\u2019une caf\u00e9t\u00e9ria externalis\u00e9e.<\/p><h5>CONSTRUCTION\u00a0:<\/h5><p><em>ETUDES<\/em><\/p><p>Le b\u00e2timent a \u00e9t\u00e9 construit dans le cadre de la loi MOP apr\u00e8s organisation d\u2019un concours de ma\u00eetrise d\u2019\u0153uvre sur esquisse apr\u00e8s avis d\u2019appel public \u00e0 la concurrence en vue du recensement pr\u00e9alable des cinq candidats admis \u00e0 soumettre un projet.<\/p><p>L\u2019instruction des dossiers permettant de s\u00e9lectionner le laur\u00e9at du concours de ma\u00eetrise d\u2019\u0153uvre parmi les 180 groupements ayant fait acte de candidatures dont des grands noms fran\u00e7ais et \u00e9trangers de la profession a eu lieu du 16 novembre 2011 au 11 juillet 2012.<\/p><p>La mise au point du march\u00e9 ayant pour objet l\u2019ensemble des prestations intellectuelles (\u00e9tudes et suivi de chantier) n\u00e9cessaires \u00e0 l\u2019exercice du r\u00f4le de ma\u00eetrise d\u2019\u0153uvre pour la r\u00e9alisation du b\u00e2timent GENES\u00a0 a \u00e9t\u00e9 n\u00e9goci\u00e9e au 4<sup>\u00e8<\/sup><sup>me<\/sup> trimestre de 2012.<\/p><p>Le pouvoir adjudicateur a sign\u00e9 avec le groupement, le 27 novembre 2012, le march\u00e9 qui se terminera \u00e0 la fin du d\u00e9lai de parfait ach\u00e8vement de la construction, soit un an apr\u00e8s la r\u00e9ception des travaux valid\u00e9s le 28 f\u00e9vrier 2017.<\/p><h3><strong>Un b\u00e2timent innovant<\/strong><\/h3><h5>PREAMBULE\u00a0:<\/h5><p>Le projet propose un b\u00e2timent en \u00e9querre sur deux niveaux (rez-de-chauss\u00e9e et 1<sup>er<\/sup> \u00e9tage), rappelant l\u2019image d\u2019un clo\u00eetre sur lequel repose une structure en forme de cube de trois niveaux dont deux c\u00f4t\u00e9s sont reli\u00e9s par une bande centrale Est-Ouest \u00e0 partir du 2<sup>\u00e8<\/sup><sup>me<\/sup> \u00e9tage, cr\u00e9ant deux patios in\u00e9gaux, l\u2019un v\u00e9g\u00e9tal au rez-de-chauss\u00e9e, l\u2019autre min\u00e9ral au niveau 2.<\/p><h5>DESCRIPTION\u00a0:<\/h5><p>L\u2019immeuble est con\u00e7u en structure poteaux-poutres. Les fa\u00e7ades se composent d\u2019une exo-structure m\u00e9tallique, organis\u00e9e sur une trame de 2,10 m\u00a0; elle est constitu\u00e9e de profiles-poutres HEB 240 implant\u00e9s au-devant des fa\u00e7ades en mur rideau et reli\u00e9s, deux par deux, par des traverses horizontales d\u2019\u00e9cartement 3,30 m correspondant \u00e0 la hauteur standard des diff\u00e9rents \u00e9tages. Dans l\u2019espace libre de l\u2019exo-structure, les concepteurs ont int\u00e9gr\u00e9 des brise-soleils ou ventelles motoris\u00e9s\u00a0 (7300 environ), en verres s\u00e9rigraphi\u00e9s r\u00e9glables, pilot\u00e9s par des capteurs de lumi\u00e8re install\u00e9s sur la toiture. Ce dispositif permet une optimisation du flux thermique et de l\u2019\u00e9nergie lumineuse.<\/p><p>A l\u2019int\u00e9rieur, la structure m\u00e9tallique est laiss\u00e9e apparente, s\u2019accordant avec la sobri\u00e9t\u00e9 des mat\u00e9riaux utilis\u00e9s pour le second \u0153uvre, plafond m\u00e9tallique peint, r\u00e9seaux apparents, rev\u00eatement plastique pour le sol et cloisonnement brut en fermacell (m\u00e9lange de gypse et fibre papier).<\/p><h5>ORGANISATION FONCTIONNELLE ET SPATIALE\u00a0:<\/h5><p>Le b\u00e2timent se d\u00e9veloppe sur un \u00a0sous-sol et 5 \u00e9tages\u00a0:<\/p><ul><li>Au niveau du sous-sol, a \u00e9t\u00e9 pr\u00e9vu un parc de stationnement pouvant accueillir 150 automobiles dont 4 \u00e9lectriques, une dizaine de places pour les deux roues et les v\u00e9hicules de livraison avec un acc\u00e8s direct, par un monte-charge, aux \u00e9tages sup\u00e9rieurs ainsi que l\u2019ensemble des locaux techniques positionn\u00e9s dans cet espace afin d\u2019\u00e9viter leurs installations en toiture. Les v\u00e9hicules acc\u00e8dent \u00e0 cet espace par une rampe contr\u00f4l\u00e9e par un portier \u00e0 badge.<\/li><\/ul><ul><li>Le rez-de-chauss\u00e9e s\u2019organise autour d\u2019un hall-exposition en double hauteur et de deux amphith\u00e9\u00e2tres dispos\u00e9s en miroir autour d\u2019une double cloison acoustique, qui s\u2019adaptent pour des op\u00e9rations sp\u00e9cifiques en un auditorium unique. Sont \u00e9galement disponibles au rez-de-chauss\u00e9e, le foyer des \u00e9l\u00e8ves associ\u00e9s avec les bureaux des associations \u00e9tudiantes, une salle de musique et les bureaux gestionnaires des structures administratives et fonci\u00e8res des activit\u00e9s du b\u00e2timent.<\/li><\/ul><p>A l\u2019angle nord-ouest du b\u00e2timent, les utilisateurs (personnel, \u00e9tudiants et visiteurs) acc\u00e8dent aux locaux \u00e0 partir d\u2019un accueil s\u00e9curis\u00e9 (badge et visuel). Un local de stationnement s\u00e9curis\u00e9 et \u00e9quip\u00e9 de douches et vestiaires est mis \u00e0 la disposition des usagers utilisant le v\u00e9lo pour leurs d\u00e9placements travail-domicile ou pour les pauses d\u00e9tente.<\/p><p>Au m\u00eame niveau mais ind\u00e9pendant du b\u00e2timent principal, un concessionnaire sp\u00e9cialis\u00e9 a pris en charge l\u2019am\u00e9nagement, la d\u00e9coration int\u00e9rieure et l\u2019activit\u00e9 journali\u00e8re d\u2019un local, afin d\u2019assurer un service de caf\u00e9t\u00e9ria et restauration rapide \u00e0 destination du personnel et des \u00e9tudiants du GENES.<\/p><ul><li>Au 1<sup>er<\/sup> \u00e9tage, une mezzanine permet l\u2019acc\u00e8s \u00e0 la partie sup\u00e9rieure des amphith\u00e9\u00e2tres, \u00e0 quatre grandes salles de formation, aux bureaux et aux salles de formation du service ENSAE-ENSAI formation continue (CEPE) charg\u00e9 de proposer et dispenser des formations professionnelles dans les domaines sp\u00e9cifiques des \u00e9coles et aux bureaux du centre d\u2019acc\u00e8s s\u00e9curis\u00e9 aux donn\u00e9es (CASD) dont la vocation est de permettre aux chercheurs l\u2019acc\u00e8s \u00e0 des donn\u00e9es confidentielles sur les individus, les m\u00e9nages et les entreprises dans des conditions de s\u00e9curit\u00e9 maximales.<\/li><\/ul><ul><li>Au 2<sup>\u00e8me<\/sup> \u00e9tage, prend place le p\u00f4le enseignement avec des salles de cours (formation initiale et informatique) et des salles sp\u00e9cifiques (visio-conf\u00e9rence, professeurs, march\u00e9s..) dispos\u00e9es de part et d\u2019autre d\u2019un couloir prenant l\u2019image d\u2019une all\u00e9e centrale.<\/li><\/ul><p>Au m\u00eame niveau, dans l\u2019espace de la liaison centrale Est-Ouest, sont am\u00e9nag\u00e9es la biblioth\u00e8que et ses r\u00e9serves o\u00f9 l\u2019on retrouve l\u2019association de l\u2019acier pour les rayonnages et les pi\u00e9tements et le bois pour les tables de lecture. La situation g\u00e9ographique et l\u2019organisation de l\u2019espace documentaire permettent \u00e0 l\u2019ensemble des utilisateurs \u00e9l\u00e8ves et enseignants-chercheurs, un acc\u00e8s agr\u00e9able et ais\u00e9 au fond documentaire.<\/p><p>Les enseignants et les \u00e9tudiants ont la possibilit\u00e9, pendant les p\u00e9riodes d\u2019intercours, d\u2019acc\u00e9der \u00e0 deux espaces internes de convivialit\u00e9 donnant sur une terrasse am\u00e9nag\u00e9e.<\/p><ul><li>Les deux derniers niveaux abritent l\u2019ensemble des bureaux et des salles de r\u00e9union des administratifs et enseignants-chercheurs de la direction g\u00e9n\u00e9rale du GENES et de la direction de l\u2019ENSAE au niveau 3 et des enseignants-chercheurs de l\u2019unit\u00e9 de recherche UMR-CREST et des consultants en expertise en analyse quantitative de Datastorm au niveau 4.<\/li><\/ul><p>Les larges circulations de ces deux niveaux ont permis au ma\u00eetre d\u2019\u0153uvre en accord avec la maitrise d\u2019ouvrage d\u2019installer des alv\u00e9oles ou \u00ab\u00a0plug\u00a0\u00bb offrant \u00e0 deux ou trois occupants, des bureaux riverains, des espaces de travail afin de s\u2019isoler de leur environnement professionnel.<\/p><p>Ces deux derniers niveaux sont compl\u00e9t\u00e9s par quatre grandes loggias en double hauteur qui sont des lieux de convivialit\u00e9 ext\u00e9rieurs pour les occupants du 3<sup>\u00e8me<\/sup> niveau. Les utilisateurs du 4<sup>\u00e8me<\/sup> \u00e9tage disposent \u00e9galement d\u2019une terrasse am\u00e9nag\u00e9e sur la bande centrale Est-Ouest. Ces zones ext\u00e9rieures sont compl\u00e9t\u00e9es, \u00e0 chaque niveau, de deux espaces internes de convivialit\u00e9 am\u00e9nag\u00e9s d\u2019une part, de distributeurs de boissons chaudes ou froides et d\u2019en-cas et, d\u2019autre part, de mobiliers\u00a0: tables basses, mange-debout, chaises hautes, fauteuils et canap\u00e9s.<\/p><p>Egalement au 3<sup>\u00e8me<\/sup> niveau dans la branche centrale Est-Ouest en mezzanine de la salle de lecture de la biblioth\u00e8que, sont disponibles sur r\u00e9servation, 15 salles de travail collaboratif, \u00e9quip\u00e9es de mobilier modulaire et l\u00e9ger permettant \u00e0 2, 3 ou 4 \u00e9tudiants ou chercheurs de se r\u00e9unir en petits de groupes de r\u00e9flexion.<\/p><p>La direction du GENES a appliqu\u00e9 la disposition l\u00e9gale dite du \"1% artistique\" ou parfois \"1% culturel\", pr\u00e9voyant que un pourcent des sommes consacr\u00e9es par l\u2019Etat pour chaque construction immobili\u00e8re soit investi dans la r\u00e9alisation d\u2019une \u0153uvre d\u2019art int\u00e9gr\u00e9e au projet architectural.<\/p><p>La proposition de Laurent GRASSO, artiste fran\u00e7ais, retenue par le jury sp\u00e9cialement d\u00e9sign\u00e9 pour cette op\u00e9ration, consiste en la r\u00e9alisation de deux types d\u2019objets en marbre, des bancs et des volumes en formes g\u00e9om\u00e9triques \u00e0 trois dimensions ayant des faces planes polygonales (poly\u00e8dre).<\/p><p>Les trois bancs ont \u00e9t\u00e9 positionn\u00e9s devant les trois blocs du grand hall. Les vingt-cinq poly\u00e8dres d\u00e9corent, par groupes de cinq ou de trois, les espaces de convivialit\u00e9 internes des \u00e9tages 2, 3 et 4.<\/p><h3><strong>Un nouveau d\u00e9part\u00a0<\/strong><\/h3><p>Apr\u00e8s 5 ans d\u2019\u00e9tudes et de travaux, le b\u00e2timent de PALAISEAU accueillait le 4 septembre 2017 pour sa sixi\u00e8me localisation depuis sa cr\u00e9ation, les \u00e9tudiants de l\u2019ENSAE apr\u00e8s que les anciens ENSAE-ALUMNI eurent connu LYON, PARIS (rue de la banque, Quai Branly, rue Montmorency) et MALAKOFF.<\/p><p>Dans ce nouveau b\u00e2timent pleinement int\u00e9gr\u00e9 dans l\u2019environnement acad\u00e9mique et scientifique du campus de Palaiseau, les \u00e9tudiants et les enseignants-chercheurs du GENES trouveront avec leurs homologues de l\u2019Ecole Polytechnique, HEC, ENSTA, et ENSTELECOM un p\u00f4le d\u2019excellence dans les domaines des sciences humaines et des sciences dures.<\/p>","_et_gb_content_width":"","_exactmetrics_skip_tracking":false,"_exactmetrics_sitenote_active":false,"_exactmetrics_sitenote_note":"","_exactmetrics_sitenote_category":0,"footnotes":""},"categories":[75],"tags":[],"class_list":["post-2961","post","type-post","status-publish","format-standard","has-post-thumbnail","hentry","category-vie-de-lecole","et-has-post-format-content","et_post_format-et-post-format-standard"],"_links":{"self":[{"href":"https:\/\/variances.eu\/index.php?rest_route=\/wp\/v2\/posts\/2961","targetHints":{"allow":["GET"]}}],"collection":[{"href":"https:\/\/variances.eu\/index.php?rest_route=\/wp\/v2\/posts"}],"about":[{"href":"https:\/\/variances.eu\/index.php?rest_route=\/wp\/v2\/types\/post"}],"author":[{"embeddable":true,"href":"https:\/\/variances.eu\/index.php?rest_route=\/wp\/v2\/users\/135"}],"replies":[{"embeddable":true,"href":"https:\/\/variances.eu\/index.php?rest_route=%2Fwp%2Fv2%2Fcomments&post=2961"}],"version-history":[{"count":0,"href":"https:\/\/variances.eu\/index.php?rest_route=\/wp\/v2\/posts\/2961\/revisions"}],"wp:featuredmedia":[{"embeddable":true,"href":"https:\/\/variances.eu\/index.php?rest_route=\/wp\/v2\/media\/2969"}],"wp:attachment":[{"href":"https:\/\/variances.eu\/index.php?rest_route=%2Fwp%2Fv2%2Fmedia&parent=2961"}],"wp:term":[{"taxonomy":"category","embeddable":true,"href":"https:\/\/variances.eu\/index.php?rest_route=%2Fwp%2Fv2%2Fcategories&post=2961"},{"taxonomy":"post_tag","embeddable":true,"href":"https:\/\/variances.eu\/index.php?rest_route=%2Fwp%2Fv2%2Ftags&post=2961"}],"curies":[{"name":"wp","href":"https:\/\/api.w.org\/{rel}","templated":true}]}}