{"id":295,"date":"2016-09-19T15:38:26","date_gmt":"2016-09-19T13:38:26","guid":{"rendered":"http:\/\/variances.eu\/?p=295"},"modified":"2017-09-25T12:24:39","modified_gmt":"2017-09-25T10:24:39","slug":"le-referendum-sur-le-brexit-va-t-il-faire-basculer-la-vie-politique-italienne-2","status":"publish","type":"post","link":"https:\/\/variances.eu\/?p=295","title":{"rendered":"Le r\u00e9f\u00e9rendum sur le Brexit va-t-il faire basculer la vie politique italienne ?"},"content":{"rendered":"<p>[et_pb_section transparent_background=\u00a0\u00bboff\u00a0\u00bb allow_player_pause=\u00a0\u00bboff\u00a0\u00bb inner_shadow=\u00a0\u00bboff\u00a0\u00bb parallax=\u00a0\u00bboff\u00a0\u00bb parallax_method=\u00a0\u00bbon\u00a0\u00bb padding_mobile=\u00a0\u00bboff\u00a0\u00bb make_fullwidth=\u00a0\u00bboff\u00a0\u00bb use_custom_width=\u00a0\u00bboff\u00a0\u00bb width_unit=\u00a0\u00bboff\u00a0\u00bb custom_width_px=\u00a0\u00bb1080px\u00a0\u00bb custom_width_percent=\u00a0\u00bb80%\u00a0\u00bb make_equal=\u00a0\u00bboff\u00a0\u00bb use_custom_gutter=\u00a0\u00bboff\u00a0\u00bb fullwidth=\u00a0\u00bboff\u00a0\u00bb specialty=\u00a0\u00bboff\u00a0\u00bb admin_label=\u00a0\u00bbsection\u00a0\u00bb disabled=\u00a0\u00bboff\u00a0\u00bb][et_pb_row make_fullwidth=\u00a0\u00bboff\u00a0\u00bb use_custom_width=\u00a0\u00bboff\u00a0\u00bb width_unit=\u00a0\u00bboff\u00a0\u00bb custom_width_px=\u00a0\u00bb1080px\u00a0\u00bb custom_width_percent=\u00a0\u00bb80%\u00a0\u00bb use_custom_gutter=\u00a0\u00bboff\u00a0\u00bb gutter_width=\u00a0\u00bb3&Prime; custom_padding=\u00a0\u00bb18.9531px|0px|0px|0px\u00a0\u00bb padding_mobile=\u00a0\u00bboff\u00a0\u00bb allow_player_pause=\u00a0\u00bboff\u00a0\u00bb parallax=\u00a0\u00bboff\u00a0\u00bb parallax_method=\u00a0\u00bbon\u00a0\u00bb make_equal=\u00a0\u00bboff\u00a0\u00bb column_padding_mobile=\u00a0\u00bbon\u00a0\u00bb parallax_1=\u00a0\u00bboff\u00a0\u00bb parallax_method_1=\u00a0\u00bbon\u00a0\u00bb parallax_2=\u00a0\u00bboff\u00a0\u00bb parallax_method_2=\u00a0\u00bbon\u00a0\u00bb parallax_3=\u00a0\u00bboff\u00a0\u00bb parallax_method_3=\u00a0\u00bbon\u00a0\u00bb parallax_4=\u00a0\u00bboff\u00a0\u00bb parallax_method_4=\u00a0\u00bbon\u00a0\u00bb admin_label=\u00a0\u00bbrow\u00a0\u00bb disabled=\u00a0\u00bboff\u00a0\u00bb][et_pb_column type=\u00a0\u00bb4_4&Prime; disabled=\u00a0\u00bboff\u00a0\u00bb parallax=\u00a0\u00bboff\u00a0\u00bb parallax_method=\u00a0\u00bbon\u00a0\u00bb column_padding_mobile=\u00a0\u00bbon\u00a0\u00bb][et_pb_text background_layout=\u00a0\u00bblight\u00a0\u00bb text_orientation=\u00a0\u00bbleft\u00a0\u00bb admin_label=\u00a0\u00bbTexte\u00a0\u00bb use_border_color=\u00a0\u00bboff\u00a0\u00bb border_style=\u00a0\u00bbsolid\u00a0\u00bb disabled=\u00a0\u00bboff\u00a0\u00bb]<\/p>\n<p>La volont\u00e9 de retrait du projet europ\u00e9en exprim\u00e9e par les \u00e9lecteurs britanniques le 23 juin dernier pourrait bien faire des vagues sur l\u2019\u00e9chiquier politique d\u2019autres grands pays europ\u00e9ens, en donnant un coup de pouce aux formations eurosceptiques, et en particulier en Italie, o\u00f9 le Mouvement 5 \u00e9toiles a de plus en plus le vent en poupe.<\/p>\n<p><span style=\"border-radius: 2px; text-indent: 20px; width: auto; padding: 0px 4px 0px 0px; text-align: center; font: bold 11px\/20px 'Helvetica Neue',Helvetica,sans-serif; color: #ffffff; background: #bd081c no-repeat scroll 3px 50% \/ 14px 14px; position: absolute; opacity: 1; z-index: 8675309; display: none; cursor: pointer; top: 820px; left: 691px;\">Enregistrer<\/span><\/p>\n<p>[\/et_pb_text][\/et_pb_column][\/et_pb_row][et_pb_row make_fullwidth=\u00a0\u00bboff\u00a0\u00bb use_custom_width=\u00a0\u00bboff\u00a0\u00bb width_unit=\u00a0\u00bboff\u00a0\u00bb custom_width_px=\u00a0\u00bb1080px\u00a0\u00bb custom_width_percent=\u00a0\u00bb80%\u00a0\u00bb use_custom_gutter=\u00a0\u00bboff\u00a0\u00bb gutter_width=\u00a0\u00bb3&Prime; custom_padding=\u00a0\u00bb18.9531px|0px|0px|0px\u00a0\u00bb padding_mobile=\u00a0\u00bboff\u00a0\u00bb allow_player_pause=\u00a0\u00bboff\u00a0\u00bb parallax=\u00a0\u00bboff\u00a0\u00bb parallax_method=\u00a0\u00bbon\u00a0\u00bb make_equal=\u00a0\u00bboff\u00a0\u00bb column_padding_mobile=\u00a0\u00bbon\u00a0\u00bb parallax_1=\u00a0\u00bboff\u00a0\u00bb parallax_method_1=\u00a0\u00bbon\u00a0\u00bb parallax_2=\u00a0\u00bboff\u00a0\u00bb parallax_method_2=\u00a0\u00bbon\u00a0\u00bb parallax_3=\u00a0\u00bboff\u00a0\u00bb parallax_method_3=\u00a0\u00bbon\u00a0\u00bb parallax_4=\u00a0\u00bboff\u00a0\u00bb parallax_method_4=\u00a0\u00bbon\u00a0\u00bb admin_label=\u00a0\u00bbrow\u00a0\u00bb disabled=\u00a0\u00bboff\u00a0\u00bb][et_pb_column type=\u00a0\u00bb1_2&Prime; disabled=\u00a0\u00bboff\u00a0\u00bb parallax=\u00a0\u00bboff\u00a0\u00bb parallax_method=\u00a0\u00bbon\u00a0\u00bb column_padding_mobile=\u00a0\u00bbon\u00a0\u00bb][et_pb_text background_layout=\u00a0\u00bblight\u00a0\u00bb text_orientation=\u00a0\u00bbleft\u00a0\u00bb admin_label=\u00a0\u00bbTexte\u00a0\u00bb use_border_color=\u00a0\u00bboff\u00a0\u00bb border_style=\u00a0\u00bbsolid\u00a0\u00bb disabled=\u00a0\u00bboff\u00a0\u00bb]<\/p>\n<p style=\"text-align: justify;\"><strong>En novembre, les &eacute;lecteurs italiens seront amen&eacute;s &agrave; se prononcer par r&eacute;f&eacute;rendum sur la r&eacute;forme constitutionnelle port&eacute;e par Matteo Renzi.<\/strong> Les principaux points de la r&eacute;forme sur lesquels portera le r&eacute;f&eacute;rendum sont&nbsp;: 1) une r&eacute;forme territoriale renfor&ccedil;ant les pouvoirs de l&rsquo;Etat au d&eacute;triment des r&eacute;gions et 2) une r&eacute;forme du S&eacute;nat qui r&eacute;duirait le nombre de s&eacute;nateurs de 321 &agrave; 100, non plus &eacute;lus au suffrage direct mais par les conseillers r&eacute;gionaux.<\/p>\n<p style=\"text-align: justify;\"><strong>Les enjeux du r&eacute;f&eacute;rendum sont &eacute;lev&eacute;s&nbsp;: <\/strong><\/p>\n<ul style=\"text-align: justify;\">\n<li><strong>Sur le long terme.<\/strong> L&rsquo;instabilit&eacute; politique constitue une vraie faiblesse pour un pays qui doit faire face &agrave; de nombreux d&eacute;fis (vieillissement de la population, marasme &eacute;conomique) et qui devra prendre des mesures structurelles de grande ampleur dans les ann&eacute;es &agrave; venir. Depuis 1946, pas moins de 63 gouvernements se sont succ&eacute;d&eacute;, avec une dur&eacute;e moyenne &agrave; peine sup&eacute;rieure &agrave; un an. Le record de long&eacute;vit&eacute; n&rsquo;est que de 3 ans et 10 mois (le gouvernement Berlusconi 2 entre juin 2001 et avril 2005). Aucun gouvernement n&rsquo;est parvenu &agrave; atteindre la dur&eacute;e &laquo;&nbsp;normale&nbsp;&raquo; de la l&eacute;gislature qui est de 5 ans. Cette instabilit&eacute; constitue naturellement un frein &agrave; l&rsquo;adoption de r&eacute;formes d&rsquo;envergure.<\/li>\n<li><strong>Sur le court terme.<\/strong> Une victoire du &laquo; non&nbsp;&raquo; pourrait pr&eacute;cipiter la chute de Matteo Renzi. En effet, ce dernier a fait de ce r&eacute;f&eacute;rendum un test de soutien de la population &agrave; son action en d&eacute;clarant qu&rsquo;il d&eacute;missionnerait en cas d&rsquo;&eacute;chec, ce qui pourrait donner lieu &agrave; une nouvelle p&eacute;riode d&rsquo;instabilit&eacute; politique. Il est par la suite revenu sur ses d&eacute;clarations en disant par exemple le 21 mai&nbsp;: &laquo;&nbsp;Les Italiens doivent savoir que &ccedil;a n&rsquo;est pas la r&eacute;forme d&rsquo;une seule personne mais une r&eacute;forme qui aidera l&rsquo;Italie&nbsp;&raquo; et plus r&eacute;cemment, le 21 ao&ucirc;t&nbsp;: &laquo;&nbsp;les &eacute;lections g&eacute;n&eacute;rales auront lieu en 2018, quelle que soit l&rsquo;issue du referendum&nbsp;&raquo;.<\/li>\n<\/ul>\n<p style=\"text-align: justify;\"><strong>Que disent les sondages&nbsp;? <\/strong><\/p>\n<p style=\"text-align: justify;\">Au d&eacute;part, les sondages donnaient le &laquo;&nbsp;oui&nbsp;&raquo; gagnant mais le &laquo;&nbsp;oui&nbsp;&raquo; et le &laquo;&nbsp;non&nbsp;&raquo; sont d&eacute;sormais dans un mouchoir de poche depuis fin juin. La part des ind&eacute;cis est encore consid&eacute;rable, aux alentours de 35 % des sond&eacute;s. Mais la victoire du Brexit au Royaume-Uni semble avoir modifi&eacute; le rapport de forces bien au-del&agrave; de la question de la r&eacute;forme constitutionnelle.<\/p>\n<p style=\"text-align: justify;\"><strong>La victoire du Brexit a donn&eacute; des ailes au Mouvement 5 &eacute;toiles&nbsp;! <\/strong><\/p>\n<p style=\"text-align: justify;\">La victoire du Brexit a donn&eacute; des ailes au tr&egrave;s eurosceptique Mouvement 5 &eacute;toiles de l&rsquo;humoriste Beppe Grillo. Ce dernier a indiqu&eacute; le 22 juin, veille du vote sur le Brexit, qu&rsquo;il souhaitait un r&eacute;f&eacute;rendum sur l&rsquo;euro&nbsp;; or il convient d&rsquo;avoir &agrave; l&rsquo;esprit que l&rsquo;Italie est le pays de la zone euro pour lequel l&rsquo;attachement des citoyens &agrave; la monnaie commune est le plus faible. L&rsquo;issue d&rsquo;un r&eacute;f&eacute;rendum sur l&rsquo;appartenance &agrave; l&rsquo;euro serait tr&egrave;s incertaine et un r&eacute;sultat n&eacute;gatif serait potentiellement explosif pour l&rsquo;Europe.&nbsp;<\/p>\n<p style=\"text-align: justify;\"><strong style=\"font-style: normal; font-variant: normal; font-size: 14px; line-height: 23.8px; font-family: 'Open Sans', sans-serif;\">Ce coup de vent dans le dos du mouvement 5 &eacute;toiles que constitue la victoire du Brexit est tr&egrave;s clair dans les sondages.<\/strong><span style=\"font-style: normal; font-variant: normal; font-weight: normal; font-size: 14px; line-height: 23.8px; font-family: 'Open Sans', sans-serif;\">&nbsp;En effet, si des &eacute;lections g&eacute;n&eacute;rales &eacute;taient tenues aujourd&rsquo;hui, le Parti D&eacute;mocrate et le Mouvement 5 &eacute;toiles finiraient largement en t&ecirc;te au premier tour, sans toutefois obtenir 40 % des suffrages. Au second tour, les sondages donneraient le Mouvement 5 &eacute;toiles gagnant. Notons que le Mouvement 5 &eacute;toiles a connu une acc&eacute;l&eacute;ration dans les sondages suite au vote des Britanniques sur le Brexit. Notons &eacute;galement au passage &nbsp;que le v&eacute;t&eacute;ran de la sc&egrave;ne politique italienne Silvio Berlusconi n&rsquo;aurait pas int&eacute;r&ecirc;t &agrave; des &eacute;lections anticip&eacute;es car son parti ne tourne qu&rsquo;&agrave; environ 10 % des intentions de votes alors qu&rsquo;il avait obtenu 29,5 % des suffrages lors des &eacute;lections g&eacute;n&eacute;rales de 2013.<\/span><\/p>\n<p><span style=\"border-radius: 2px; text-indent: 20px; width: auto; padding: 0px 4px 0px 0px; text-align: center; font: bold 11px\/20px 'Helvetica Neue',Helvetica,sans-serif; color: #ffffff; background: #bd081c no-repeat scroll 3px 50% \/ 14px 14px; position: absolute; opacity: 1; z-index: 8675309; display: none; cursor: pointer; top: 820px; left: 691px;\">Enregistrer<\/span><\/p>\n<p>[\/et_pb_text][\/et_pb_column][et_pb_column type=\u00a0\u00bb1_2&Prime; disabled=\u00a0\u00bboff\u00a0\u00bb parallax=\u00a0\u00bboff\u00a0\u00bb parallax_method=\u00a0\u00bbon\u00a0\u00bb column_padding_mobile=\u00a0\u00bbon\u00a0\u00bb][et_pb_image src=\u00a0\u00bbhttp:\/\/variances.eu\/wp-content\/uploads\/2016\/09\/Variance1.png\u00a0\u00bb show_in_lightbox=\u00a0\u00bboff\u00a0\u00bb url_new_window=\u00a0\u00bboff\u00a0\u00bb use_overlay=\u00a0\u00bboff\u00a0\u00bb sticky=\u00a0\u00bboff\u00a0\u00bb align=\u00a0\u00bbright\u00a0\u00bb force_fullwidth=\u00a0\u00bboff\u00a0\u00bb always_center_on_mobile=\u00a0\u00bbon\u00a0\u00bb use_border_color=\u00a0\u00bboff\u00a0\u00bb border_color=\u00a0\u00bb#ffffff\u00a0\u00bb border_width=\u00a0\u00bb1px\u00a0\u00bb border_style=\u00a0\u00bbsolid\u00a0\u00bb disabled=\u00a0\u00bboff\u00a0\u00bb][\/et_pb_image][et_pb_image src=\u00a0\u00bbhttp:\/\/variances.eu\/wp-content\/uploads\/2016\/09\/Variance2.png\u00a0\u00bb show_in_lightbox=\u00a0\u00bboff\u00a0\u00bb url_new_window=\u00a0\u00bboff\u00a0\u00bb use_overlay=\u00a0\u00bboff\u00a0\u00bb sticky=\u00a0\u00bboff\u00a0\u00bb align=\u00a0\u00bbright\u00a0\u00bb force_fullwidth=\u00a0\u00bboff\u00a0\u00bb always_center_on_mobile=\u00a0\u00bbon\u00a0\u00bb use_border_color=\u00a0\u00bboff\u00a0\u00bb border_color=\u00a0\u00bb#ffffff\u00a0\u00bb border_width=\u00a0\u00bb1px\u00a0\u00bb border_style=\u00a0\u00bbsolid\u00a0\u00bb disabled=\u00a0\u00bboff\u00a0\u00bb][\/et_pb_image][et_pb_image src=\u00a0\u00bbhttp:\/\/variances.eu\/wp-content\/uploads\/2016\/09\/Variance3.png\u00a0\u00bb show_in_lightbox=\u00a0\u00bboff\u00a0\u00bb url_new_window=\u00a0\u00bboff\u00a0\u00bb use_overlay=\u00a0\u00bboff\u00a0\u00bb sticky=\u00a0\u00bboff\u00a0\u00bb align=\u00a0\u00bbright\u00a0\u00bb force_fullwidth=\u00a0\u00bboff\u00a0\u00bb always_center_on_mobile=\u00a0\u00bbon\u00a0\u00bb use_border_color=\u00a0\u00bboff\u00a0\u00bb border_color=\u00a0\u00bb#ffffff\u00a0\u00bb border_width=\u00a0\u00bb1px\u00a0\u00bb border_style=\u00a0\u00bbsolid\u00a0\u00bb disabled=\u00a0\u00bboff\u00a0\u00bb][\/et_pb_image][et_pb_image src=\u00a0\u00bbhttp:\/\/variances.eu\/wp-content\/uploads\/2016\/09\/Variance4.png\u00a0\u00bb show_in_lightbox=\u00a0\u00bboff\u00a0\u00bb url_new_window=\u00a0\u00bboff\u00a0\u00bb use_overlay=\u00a0\u00bboff\u00a0\u00bb sticky=\u00a0\u00bboff\u00a0\u00bb align=\u00a0\u00bbright\u00a0\u00bb force_fullwidth=\u00a0\u00bboff\u00a0\u00bb always_center_on_mobile=\u00a0\u00bbon\u00a0\u00bb use_border_color=\u00a0\u00bboff\u00a0\u00bb border_color=\u00a0\u00bb#ffffff\u00a0\u00bb border_width=\u00a0\u00bb1px\u00a0\u00bb border_style=\u00a0\u00bbsolid\u00a0\u00bb disabled=\u00a0\u00bboff\u00a0\u00bb][\/et_pb_image][\/et_pb_column][\/et_pb_row][et_pb_row make_fullwidth=\u00a0\u00bboff\u00a0\u00bb use_custom_width=\u00a0\u00bboff\u00a0\u00bb width_unit=\u00a0\u00bboff\u00a0\u00bb custom_width_px=\u00a0\u00bb1080px\u00a0\u00bb custom_width_percent=\u00a0\u00bb80%\u00a0\u00bb use_custom_gutter=\u00a0\u00bboff\u00a0\u00bb gutter_width=\u00a0\u00bb3&Prime; custom_padding=\u00a0\u00bb0px|0px|18.9531px|0px\u00a0\u00bb padding_mobile=\u00a0\u00bboff\u00a0\u00bb allow_player_pause=\u00a0\u00bboff\u00a0\u00bb parallax=\u00a0\u00bboff\u00a0\u00bb parallax_method=\u00a0\u00bbon\u00a0\u00bb make_equal=\u00a0\u00bboff\u00a0\u00bb column_padding_mobile=\u00a0\u00bbon\u00a0\u00bb parallax_1=\u00a0\u00bboff\u00a0\u00bb parallax_method_1=\u00a0\u00bbon\u00a0\u00bb parallax_2=\u00a0\u00bboff\u00a0\u00bb parallax_method_2=\u00a0\u00bbon\u00a0\u00bb parallax_3=\u00a0\u00bboff\u00a0\u00bb parallax_method_3=\u00a0\u00bbon\u00a0\u00bb parallax_4=\u00a0\u00bboff\u00a0\u00bb parallax_method_4=\u00a0\u00bbon\u00a0\u00bb admin_label=\u00a0\u00bbrow\u00a0\u00bb disabled=\u00a0\u00bboff\u00a0\u00bb][et_pb_column type=\u00a0\u00bb4_4&Prime; disabled=\u00a0\u00bboff\u00a0\u00bb parallax=\u00a0\u00bboff\u00a0\u00bb parallax_method=\u00a0\u00bbon\u00a0\u00bb column_padding_mobile=\u00a0\u00bbon\u00a0\u00bb][et_pb_text background_layout=\u00a0\u00bblight\u00a0\u00bb text_orientation=\u00a0\u00bbleft\u00a0\u00bb admin_label=\u00a0\u00bbTexte\u00a0\u00bb use_border_color=\u00a0\u00bboff\u00a0\u00bb border_style=\u00a0\u00bbsolid\u00a0\u00bb disabled=\u00a0\u00bboff\u00a0\u00bb]<\/p>\n<p>Matteo Renzi a manifestement bien compris qu&rsquo;il &eacute;tait une mauvaise id&eacute;e de trop lier son destin et celui de son gouvernement &agrave; ce r&eacute;f&eacute;rendum constitutionnel. C&rsquo;est vraisemblablement pour cela qu&rsquo;il est revenu sur des d&eacute;clarations de d&eacute;mission dans l&rsquo;hypoth&egrave;se o&ugrave; le &laquo;&nbsp;non&nbsp;&raquo; l&rsquo;emporterait lors du r&eacute;f&eacute;rendum. Qu&rsquo;il d&eacute;missionne ou non, il est probable que le pr&eacute;sident de la r&eacute;publique Sergio Mattarella fasse en sorte qu&rsquo;il n&rsquo;y ait pas d&rsquo;&eacute;lections anticip&eacute;es et un possible triomphe du Mouvement 5 &eacute;toiles. Cependant, <strong>deux &eacute;l&eacute;ments sont &agrave; garder &agrave; l&rsquo;esprit&nbsp;:<\/strong><\/p>\n<ul>\n<li><strong>La victoire du Brexit a ind&eacute;niablement d&eacute;j&agrave; eu un impact sur la sc&egrave;ne politique italienne&nbsp;<\/strong>(marche arri&egrave;re de Renzi) et peut donner un coup de pouce aux mouvements eurosceptiques un peu partout en Europe.<\/li>\n<li>Les prochaines &eacute;lections italiennes, pr&eacute;vues pour 2018, arriveront bien assez t&ocirc;t et <strong>l&rsquo;hypoth&egrave;se d&rsquo;un gouvernement dirig&eacute; par le Mouvement 5 &eacute;toiles d&rsquo;ici quelques ann&eacute;es a gagn&eacute; en probabilit&eacute;&hellip; <\/strong>avec toutes les incertitudes que cela impliquerait au niveau du projet europ&eacute;en.<\/li>\n<\/ul>\n<p>Bastien Drut<\/p>\n<p><span style=\"border-radius: 2px; text-indent: 20px; width: auto; padding: 0px 4px 0px 0px; text-align: center; font: bold 11px\/20px 'Helvetica Neue',Helvetica,sans-serif; color: #ffffff; background: #bd081c no-repeat scroll 3px 50% \/ 14px 14px; position: absolute; opacity: 1; z-index: 8675309; display: none; cursor: pointer; top: 820px; left: 691px;\">Enregistrer<\/span><\/p>\n<p>[\/et_pb_text][\/et_pb_column][\/et_pb_row][\/et_pb_section]<\/p>\n","protected":false},"excerpt":{"rendered":"<p>La volont\u00e9 de retrait du projet europ\u00e9en exprim\u00e9e par les \u00e9lecteurs britanniques le 23 juin dernier pourrait bien faire des vagues sur l\u2019\u00e9chiquier politique d\u2019autres grands pays europ\u00e9ens, en donnant un coup de pouce aux formations eurosceptiques, et en particulier en Italie, o\u00f9 le Mouvement 5 \u00e9toiles a de plus en plus le vent en [&hellip;]<\/p>\n","protected":false},"author":13,"featured_media":1383,"comment_status":"closed","ping_status":"open","sticky":false,"template":"","format":"standard","meta":{"_et_pb_use_builder":"on","_et_pb_old_content":"<p>La volont\u00e9 de retrait du projet europ\u00e9en exprim\u00e9e par les \u00e9lecteurs britanniques le 23 juin dernier pourrait bien faire des vagues sur l\u2019\u00e9chiquier politique d\u2019autres grands pays europ\u00e9ens, en donnant un coup de pouce aux formations eurosceptiques, et en particulier en Italie, o\u00f9 le Mouvement 5 \u00e9toiles a de plus en plus le vent en poupe.<\/p><p><strong>En novembre, les \u00e9lecteurs italiens seront amen\u00e9s \u00e0 se prononcer par r\u00e9f\u00e9rendum sur la r\u00e9forme constitutionnelle port\u00e9e par Matteo Renzi.<\/strong> Les principaux points de la r\u00e9forme sur lesquels portera le r\u00e9f\u00e9rendum sont\u00a0: 1) une r\u00e9forme territoriale renfor\u00e7ant les pouvoirs de l\u2019Etat au d\u00e9triment des r\u00e9gions et 2) une r\u00e9forme du S\u00e9nat qui r\u00e9duirait le nombre de s\u00e9nateurs de 321 \u00e0 100, non plus \u00e9lus au suffrage direct mais par les conseillers r\u00e9gionaux.<\/p><p><strong>Les enjeux du r\u00e9f\u00e9rendum sont \u00e9lev\u00e9s\u00a0: <\/strong><\/p><ul><li><strong>Sur le long terme.<\/strong> L\u2019instabilit\u00e9 politique constitue une vraie faiblesse pour un pays qui doit faire face \u00e0 de nombreux d\u00e9fis (vieillissement de la population, marasme \u00e9conomique) et qui devra prendre des mesures structurelles de grande ampleur dans les ann\u00e9es \u00e0 venir. Depuis 1946, pas moins de 63 gouvernements se sont succ\u00e9d\u00e9, avec une dur\u00e9e moyenne \u00e0 peine sup\u00e9rieure \u00e0 un an. Le record de long\u00e9vit\u00e9 n\u2019est que de 3 ans et 10 mois (le gouvernement Berlusconi 2 entre juin 2001 et avril 2005). Aucun gouvernement n\u2019est parvenu \u00e0 atteindre la dur\u00e9e \u00ab\u00a0normale\u00a0\u00bb de la l\u00e9gislature qui est de 5 ans. Cette instabilit\u00e9 constitue naturellement un frein \u00e0 l\u2019adoption de r\u00e9formes d\u2019envergure.<\/li><li><strong>Sur le court terme.<\/strong> Une victoire du \u00ab non\u00a0\u00bb pourrait pr\u00e9cipiter la chute de Matteo Renzi. En effet, ce dernier a fait de ce r\u00e9f\u00e9rendum un test de soutien de la population \u00e0 son action en d\u00e9clarant qu\u2019il d\u00e9missionnerait en cas d\u2019\u00e9chec, ce qui pourrait donner lieu \u00e0 une nouvelle p\u00e9riode d\u2019instabilit\u00e9 politique. Il est par la suite revenu sur ses d\u00e9clarations en disant par exemple le 21 mai\u00a0: \u00ab\u00a0Les Italiens doivent savoir que \u00e7a n\u2019est pas la r\u00e9forme d\u2019une seule personne mais une r\u00e9forme qui aidera l\u2019Italie\u00a0\u00bb et plus r\u00e9cemment, le 21 ao\u00fbt\u00a0: \u00ab\u00a0les \u00e9lections g\u00e9n\u00e9rales auront lieu en 2018, quelle que soit l\u2019issue du referendum\u00a0\u00bb.<\/li><\/ul><p><strong>Que disent les sondages\u00a0? <\/strong><\/p><p>Au d\u00e9part, les sondages donnaient le \u00ab\u00a0oui\u00a0\u00bb gagnant mais le \u00ab\u00a0oui\u00a0\u00bb et le \u00ab\u00a0non\u00a0\u00bb sont d\u00e9sormais dans un mouchoir de poche depuis fin juin. La part des ind\u00e9cis est encore consid\u00e9rable, aux alentours de 35 % des sond\u00e9s. Mais la victoire du Brexit au Royaume-Uni semble avoir modifi\u00e9 le rapport de forces bien au-del\u00e0 de la question de la r\u00e9forme constitutionnelle.<\/p><p><strong>La victoire du Brexit a donn\u00e9 des ailes au Mouvement 5 \u00e9toiles\u00a0! <\/strong><\/p><p>La victoire du Brexit a donn\u00e9 des ailes au tr\u00e8s eurosceptique Mouvement 5 \u00e9toiles de l\u2019humoriste Beppe Grillo. Ce dernier a indiqu\u00e9 le 22 juin, veille du vote sur le Brexit, qu\u2019il souhaitait un r\u00e9f\u00e9rendum sur l\u2019euro\u00a0; or il convient d\u2019avoir \u00e0 l\u2019esprit que l\u2019Italie est le pays de la zone euro pour lequel l\u2019attachement des citoyens \u00e0 la monnaie commune est le plus faible. L\u2019issue d\u2019un r\u00e9f\u00e9rendum sur l\u2019appartenance \u00e0 l\u2019euro serait tr\u00e8s incertaine et un r\u00e9sultat n\u00e9gatif serait potentiellement explosif pour l\u2019Europe.<\/p><p><strong>Ce coup de vent dans le dos du mouvement 5 \u00e9toiles que constitue la victoire du Brexit est tr\u00e8s clair dans les sondages.<\/strong> En effet, si des \u00e9lections g\u00e9n\u00e9rales \u00e9taient tenues aujourd\u2019hui, le Parti D\u00e9mocrate et le Mouvement 5 \u00e9toiles finiraient largement en t\u00eate au premier tour, sans toutefois obtenir 40 % des suffrages. Au second tour, les sondages donneraient le Mouvement 5 \u00e9toiles gagnant. Notons que le Mouvement 5 \u00e9toiles a connu une acc\u00e9l\u00e9ration dans les sondages suite au vote des Britanniques sur le Brexit. Notons \u00e9galement au passage \u00a0que le v\u00e9t\u00e9ran de la sc\u00e8ne politique italienne Silvio Berlusconi n\u2019aurait pas int\u00e9r\u00eat \u00e0 des \u00e9lections anticip\u00e9es car son parti ne tourne qu\u2019\u00e0 environ 10 % des intentions de votes alors qu\u2019il avait obtenu 29,5 % des suffrages lors des \u00e9lections g\u00e9n\u00e9rales de 2013.<\/p><p>Matteo Renzi a manifestement bien compris qu\u2019il \u00e9tait une mauvaise id\u00e9e de trop lier son destin et celui de son gouvernement \u00e0 ce r\u00e9f\u00e9rendum constitutionnel. C\u2019est vraisemblablement pour cela qu\u2019il est revenu sur des d\u00e9clarations de d\u00e9mission dans l\u2019hypoth\u00e8se o\u00f9 le \u00ab\u00a0non\u00a0\u00bb l\u2019emporterait lors du r\u00e9f\u00e9rendum. Qu\u2019il d\u00e9missionne ou non, il est probable que le pr\u00e9sident de la r\u00e9publique Sergio Mattarella fasse en sorte qu\u2019il n\u2019y ait pas d\u2019\u00e9lections anticip\u00e9es et un possible triomphe du Mouvement 5 \u00e9toiles. Cependant, <strong>deux \u00e9l\u00e9ments sont \u00e0 garder \u00e0 l\u2019esprit\u00a0:<\/strong><\/p><ul><li><strong>La victoire du Brexit a ind\u00e9niablement d\u00e9j\u00e0 eu un impact sur la sc\u00e8ne politique italienne <\/strong>(marche arri\u00e8re de Renzi) et peut donner un coup de pouce aux mouvements eurosceptiques un peu partout en Europe.<\/li><li>Les prochaines \u00e9lections italiennes, pr\u00e9vues pour 2018, arriveront bien assez t\u00f4t et <strong>l\u2019hypoth\u00e8se d\u2019un gouvernement dirig\u00e9 par le Mouvement 5 \u00e9toiles d\u2019ici quelques ann\u00e9es a gagn\u00e9 en probabilit\u00e9\u2026 <\/strong>avec toutes les incertitudes que cela impliquerait au niveau du projet europ\u00e9en.<img class=\"alignnone size-medium wp-image-275\" src=\"http:\/\/variances.eu\/wp-content\/uploads\/2016\/09\/Variance1-293x300.png\" alt=\"variance1\" width=\"293\" height=\"300\" \/> <img class=\"alignnone size-medium wp-image-276\" src=\"http:\/\/variances.eu\/wp-content\/uploads\/2016\/09\/Variance2-282x300.png\" alt=\"variance2\" width=\"282\" height=\"300\" \/> <img class=\"alignnone size-medium wp-image-277\" src=\"http:\/\/variances.eu\/wp-content\/uploads\/2016\/09\/Variance3-279x300.png\" alt=\"variance3\" width=\"279\" height=\"300\" \/> <img class=\"alignnone size-medium wp-image-278\" src=\"http:\/\/variances.eu\/wp-content\/uploads\/2016\/09\/Variance4-278x300.png\" alt=\"variance4\" width=\"278\" height=\"300\" \/><\/li><\/ul><p>Bastien Drut<\/p><p><span style=\"border-radius: 2px; text-indent: 20px; width: auto; padding: 0px 4px 0px 0px; text-align: center; font: bold 11px\/20px 'Helvetica Neue',Helvetica,sans-serif; color: #ffffff; background: #bd081c no-repeat scroll 3px 50% \/ 14px 14px; position: absolute; opacity: 1; z-index: 8675309; display: none; cursor: pointer; top: 820px; left: 691px;\">Enregistrer<\/span><\/p>","_et_gb_content_width":"","_exactmetrics_skip_tracking":false,"_exactmetrics_sitenote_active":false,"_exactmetrics_sitenote_note":"","_exactmetrics_sitenote_category":0,"footnotes":""},"categories":[98,5,11,3,133],"tags":[],"class_list":["post-295","post","type-post","status-publish","format-standard","has-post-thumbnail","hentry","category-brexit","category-gestion-dactifs","category-macroeconomie","category-politique-economique","category-themes","et-has-post-format-content","et_post_format-et-post-format-standard"],"_links":{"self":[{"href":"https:\/\/variances.eu\/index.php?rest_route=\/wp\/v2\/posts\/295","targetHints":{"allow":["GET"]}}],"collection":[{"href":"https:\/\/variances.eu\/index.php?rest_route=\/wp\/v2\/posts"}],"about":[{"href":"https:\/\/variances.eu\/index.php?rest_route=\/wp\/v2\/types\/post"}],"author":[{"embeddable":true,"href":"https:\/\/variances.eu\/index.php?rest_route=\/wp\/v2\/users\/13"}],"replies":[{"embeddable":true,"href":"https:\/\/variances.eu\/index.php?rest_route=%2Fwp%2Fv2%2Fcomments&post=295"}],"version-history":[{"count":0,"href":"https:\/\/variances.eu\/index.php?rest_route=\/wp\/v2\/posts\/295\/revisions"}],"wp:featuredmedia":[{"embeddable":true,"href":"https:\/\/variances.eu\/index.php?rest_route=\/wp\/v2\/media\/1383"}],"wp:attachment":[{"href":"https:\/\/variances.eu\/index.php?rest_route=%2Fwp%2Fv2%2Fmedia&parent=295"}],"wp:term":[{"taxonomy":"category","embeddable":true,"href":"https:\/\/variances.eu\/index.php?rest_route=%2Fwp%2Fv2%2Fcategories&post=295"},{"taxonomy":"post_tag","embeddable":true,"href":"https:\/\/variances.eu\/index.php?rest_route=%2Fwp%2Fv2%2Ftags&post=295"}],"curies":[{"name":"wp","href":"https:\/\/api.w.org\/{rel}","templated":true}]}}