{"id":2813,"date":"2018-01-12T09:36:00","date_gmt":"2018-01-12T07:36:00","guid":{"rendered":"http:\/\/variances.eu\/?p=2813"},"modified":"2018-01-12T14:04:42","modified_gmt":"2018-01-12T12:04:42","slug":"dynamique-duberisation-marche-bureaux-demande-attend-reveil-de-loffre-gisement-dopportunites","status":"publish","type":"post","link":"https:\/\/variances.eu\/?p=2813","title":{"rendered":"Une dynamique d\u2019ub\u00e9risation du march\u00e9 des bureaux\u00a0 par la demande qui attend le r\u00e9veil de l\u2019offre\u00a0: un gisement d\u2019opportunit\u00e9s"},"content":{"rendered":"<h3>Ub\u00e9risation ou pas\u00a0?<\/h3>\n<p>Ne cherche-t-on pas trop \u00e0 parler d\u2019ub\u00e9risation dans tous les champs de l\u2019\u00e9conomie alors que le march\u00e9 des bureaux en serait trop \u00e9loign\u00e9\u00a0?<\/p>\n<p>Se poser la question sur le tertiaire immobilier est pleinement l\u00e9gitime. D\u2019abord,\u00a0 l\u2019immobilier, dans sa vocation r\u00e9sidentielle, a \u00e9t\u00e9 un des premiers secteurs, avec les transports, dont les pratiques et les usages ont \u00e9t\u00e9 r\u00e9volutionn\u00e9s, notamment par AirBnB. Ensuite, des mod\u00e8les m\u00e9diatis\u00e9s comme WeWork montrent que les co\u00fbts variables, \u00e0 la demande ou \u00e0 l\u2019usage, sont en train de se mettre en place. Enfin, Le <em>flex<\/em> <a href=\"#_ftn1\" name=\"_ftnref1\">[1]<\/a>qui se g\u00e9n\u00e9ralise dans les entreprises offre un potentiel de mise \u00e0 disposition des espaces en fonction des usages qui pr\u00e9pare un mode de facturation \u00e0 l\u2019usage.<\/p>\n<h3>Le flex office r\u00e9duit les surfaces sous engagement par un seul occupant et intensifie l\u2019usage au m<sup>2<\/sup><\/h3>\n<p>Aujourd\u2019hui, refl\u00e9ter la strat\u00e9gie des groupes, c\u2019est permettre davantage de transversalit\u00e9, favoriser l\u2019agilit\u00e9 des espaces collaboratifs r\u00e9serv\u00e9s et des espaces collaboratifs spontan\u00e9s, o\u00f9 les rencontres sur des temps improductifs peuvent devenir productives en favorisant la transversalit\u00e9. Si la configuration des espaces en \u00ab\u00a0flex\u00a0\u00bb, \u00ab\u00a0bureaux dynamiques\u00a0\u00bb ou autres appellations, est une attente g\u00e9n\u00e9ralis\u00e9e des occupants, au fur et \u00e0 mesure de son d\u00e9ploiement, elle r\u00e9v\u00e8le de nouvelles pratiques qui viennent changer les \u00e9quilibres de march\u00e9.<\/p>\n<p>D\u2019une part le \u00ab\u00a0Flex Office\u00a0\u00bb consiste \u00e0 favoriser de nouvelles pratiques de travail dans une logique d\u2019espaces plus collaboratifs, et invite l\u2019utilisateur \u00e0 entrer dans une exp\u00e9rience servicielle de ses bureaux. Du point de vue des utilisateurs, il consiste \u00e0 savoir adopter des m\u00e9thodes de travail plus collaboratives et \u00e0 s\u2019int\u00e9grer dans une vision plus transverse de l\u2019entreprise. D\u00e8s lors, l\u2019utilisateur suit un mouvement g\u00e9n\u00e9ral de notre soci\u00e9t\u00e9, ne souhaitant plus \u00eatre engag\u00e9 au-del\u00e0 de ses besoins imm\u00e9diats.<\/p>\n<p>D\u2019autre part et surtout, le flex s\u2019inscrit dans une logique \u00e9conomique d\u2019optimisation des espaces. La mise en place du flex permet de \u00ab\u00a0densifier\u00a0\u00bb les occupants de mani\u00e8re habile, en b\u00e9n\u00e9ficiant des temps de non-occupation et de rotation. La cons\u00e9quence imm\u00e9diate est que les entreprises qui mettent en place le flex lib\u00e8rent d\u00e9j\u00e0 des espaces qu\u2019elles cherchent \u00e0 r\u00e9allouer\u00a0sous forme de remise sur le march\u00e9 en sous-location (Ex\u00a0: Engie qui lib\u00e8re la Tour T2 \u00e0 La D\u00e9fense ou Atos qui confie les m2 lib\u00e9r\u00e9s \u00e0 Nexity Blue Office \u00e0 Bezons) ou sous forme de r\u00e9allocation \u00e0 d\u2019autres vocations (ex\u00a0: IBM qui affecte un espace pour l\u2019accueil de start-ups).<\/p>\n<p>Enfin, le flex fait d\u00e9couvrir \u00e0 chacun l\u2019univers des possibles offerts par la flexibilit\u00e9.<\/p>\n<p>Pour ce qui concerne les surfaces, la question de la flexibilit\u00e9 peut se poser en termes classiques\u00a0: selon la surface lib\u00e9r\u00e9e et les possibilit\u00e9s offertes de r\u00e9duire les engagements et de r\u00e9ellement b\u00e9n\u00e9ficier de cette r\u00e9duction de surfaces en gain \u00e9conomiques \u2013 ce que tous les baux ne permettent pas et qui engage une n\u00e9gociation avec le bailleur-, l\u2019arbitrage pourra se faire en faveur d\u2019un maintien r\u00e9duit sur site ou d\u2019une lib\u00e9ration des surfaces pour trouver un bien mieux adapt\u00e9. La question qui se pose alors pour l\u2019occupant est\u00a0:\u00a0le maintien sur site est-il plus int\u00e9ressant qu\u2019un d\u00e9m\u00e9nagement\u00a0? Le pendant pour le propri\u00e9taire est\u00a0: un cong\u00e9 de mon locataire ob\u00e8re-t-il ma rentabilit\u00e9 (p\u00e9riode de vacance locative, frais de commercialisation)\u00a0?<\/p>\n<p>Mais pour les surfaces, l\u2019\u00e9quation peut se poser en termes plus subtils que leur simple lib\u00e9ration. Comment valoriser les surfaces lib\u00e9r\u00e9es : par ou pour le preneur? Quelles sont les possibilit\u00e9s de proposer des espaces lib\u00e9r\u00e9s au march\u00e9 avec une flexibilit\u00e9 de type h\u00f4telier\u00a0? En somme il s\u2019agit d\u2019accompagner le besoin de flexibilit\u00e9 par une souplesse d\u2019occupation des espaces.<\/p>\n<h3>Une ub\u00e9risation par la demande qui attend le r\u00e9veil de l\u2019offre<\/h3>\n<p>Classiquement, les march\u00e9s touch\u00e9s par l\u2019ub\u00e9risation sont souvent historiques (le transport de personnes en ville, l\u2019h\u00f4tellerie), anciennement dans un cadre r\u00e9glementaire rigide (r\u00e9glementation de licence ou de droit au bail) et d\u00e9stabilis\u00e9s par une offre qui cr\u00e9e de la demande (plate-forme digitale qui ouvre de nouveaux usages).<\/p>\n<p>C\u2019est ainsi que dans l\u2019immobilier de bureaux, la demande est d\u00e9j\u00e0 pr\u00eate \u00e0 une flexibilisation des pratiques. Or, \u00e0 ce jour, cette flexibilit\u00e9 ne s\u2019offre pas au-del\u00e0 de la premi\u00e8re fronti\u00e8re interne et de quelques exemples comme WeWork.<\/p>\n<p>Il nous semble qu\u2019il existe une opportunit\u00e9 r\u00e9elle offerte aux propri\u00e9taires (fonci\u00e8res, bailleurs). Elle consiste \u00e0 proposer une offre permettant de r\u00e9pondre aux besoins des utilisateurs tant en termes de services que de flexibilit\u00e9 du cadre. Ces acteurs amont \u00ab\u00a0classiques\u00a0\u00bb de l\u2019immobilier pourraient \u00eatre \u00e0 l\u2019initiative d\u2019un mod\u00e8le davantage orient\u00e9 vers le service et ainsi cr\u00e9er de la valeur plut\u00f4t que subir la flexibilisation de leurs surfaces mises en location.<\/p>\n<p>Il s\u2019agit donc de trouver un mod\u00e8le qui propose de la flexibilit\u00e9 par l\u2019offre classique, avant que cette offre ne se fasse \u00ab\u00a0ub\u00e9riser\u00a0\u00bb avec un risque de perte de valeur.<\/p>\n<h3>De la flexibilit\u00e9 physique \u00e0 la flexibilit\u00e9 des contrats<\/h3>\n<p>Plusieurs propri\u00e9taires s\u2019inscrivent dans cette d\u00e9marche de flexibilit\u00e9 : certains proposent des services suppl\u00e9mentaires dans les espaces lib\u00e9r\u00e9s ouverts aux occupants ou \u00e0 l\u2019ext\u00e9rieur (cr\u00e9ation de salle de r\u00e9unions, de point de rencontre\u2026.), d\u2019autres proposent des partenariats avec des structures g\u00e9rant jusqu\u2019\u00e0 pr\u00e9sent des centre d\u2019affaires, etc.<\/p>\n<p>On cr\u00e9e ainsi les conditions d\u2019une flexibilit\u00e9 du cadre juridique et de la gestion des immeubles.<\/p>\n<p>Les propri\u00e9taires qui construisent leur strat\u00e9gie et leur business plan autour des notions de remplissage et de s\u00e9curisation des revenus doivent penser \u00e0 s\u00e9curiser leurs ressources et donc \u00e0 \u00e9viter toute rupture d\u2019occupation. La flexibilit\u00e9 ramen\u00e9e au cadre juridique aurait un impact \u00e9vident sur la lisibilit\u00e9 du business plan. Pour autant, des pratiques vont dans le sens d\u2019une souplesse contractuelle\u00a0:<\/p>\n<ul>\n<li>En mati\u00e8re de flexibilit\u00e9 des espaces entendue ici comme la lib\u00e9ration d\u2019espaces (et donc un processus continu d\u2019optimisation de l\u2019occupation)\u00a0: l\u2019outil existe, il s\u2019agit de favoriser la sous-location et d\u2019en lib\u00e9rer les pratiques pour les preneurs (assumant les charges et efforts induits). Mais on peut imaginer une synergie entre propri\u00e9taire et preneur pour favoriser cette sous-location (pratique de recherche de successeur, partage des \u00e9conomies, affectation d\u2019espaces de co-working ouverts, )\u00a0;<\/li>\n<\/ul>\n<ul>\n<li>Sur la flexibilit\u00e9 de la dur\u00e9e\u00a0: cela revient \u00e0 interroger la question de la dur\u00e9e ferme des engagements. Les textes pr\u00e9paratoires aux dispositions de la loi PINEL avaient envisag\u00e9 d\u2019emp\u00eacher les dur\u00e9es fermes pour revenir au cong\u00e9 triennal puis l\u2019autorisant pour les locaux \u00e0 usage exclusif de bureaux (les propri\u00e9taires ayant relay\u00e9 leur inqui\u00e9tude et besoin de s\u00e9curit\u00e9). L\u2019\u00e9volution des comportements aura peut-\u00eatre pour effet d\u2019introduire de la souplesse dans l\u2019engagement temporel. S\u2019il est peu probable que cela aboutisse \u00e0 une libert\u00e9 totale, c\u2019est-\u00e0-dire une facult\u00e9 de r\u00e9siliation dans un court d\u00e9lai, des temp\u00e9raments pourraient en revanche \u00eatre envisag\u00e9s dans le cadre de n\u00e9gociations\u00a0: limit\u00e9s \u00e0 certains espaces ou proportions par exemple (ils existent d\u00e9j\u00e0 lorsque l\u2019on raisonne \u00e0 l\u2019\u00e9chelle d\u2019un patrimoine important).<\/li>\n<\/ul>\n<p>Au fond, pouss\u00e9e \u00e0 son extr\u00eame, la flexibilit\u00e9 des espaces et des dur\u00e9es pourrait aboutir \u00e0 une gestion h\u00f4teli\u00e8re des espaces de bureaux, promue par l\u2019amont plut\u00f4t que par l\u2019aval.<\/p>\n<h3>Vers une gestion h\u00f4teli\u00e8re\u00a0?<\/h3>\n<p>A proprement parler la gestion h\u00f4teli\u00e8re des espaces de bureaux existe d\u00e9j\u00e0\u00a0:\u00a0 incubateurs ou p\u00e9pini\u00e8re d\u2019entreprises, centres d\u2019affaires,\u00a0 espaces de coworking (Nextdoor, Wework).<\/p>\n<p>Ce qui pourrait s\u2019amplifier c\u2019est\u00a0:<\/p>\n<ul>\n<li>L\u2019immixtion du ph\u00e9nom\u00e8ne pour les espaces lib\u00e9r\u00e9s dans le cadre d\u2019une flexibilit\u00e9 de surface ou de dur\u00e9e (ou conjointe) qui serait une alternative \u00e0 la sous-location (pertinente parfois selon les besoins)\u00a0;<\/li>\n<\/ul>\n<ul>\n<li>L\u2019importance prise par certains espaces dans des immeubles de bureaux (notamment la multiplication des besoins de salles de r\u00e9union) qui supposent une valorisation et une gestion de l\u2019occupation (rendue possible par la technologie).<\/li>\n<\/ul>\n<p>En somme, on pourrait passer d\u2019une logique de cash-flow selon un mod\u00e8le de s\u00e9curisation des flux \u00e0 une logique int\u00e9grant une gestion du remplissage. Dans tous les cas, ce ph\u00e9nom\u00e8ne conduit d\u2019ores et d\u00e9j\u00e0 \u00e0 trouver une fonction plus valorisante \u00e0 des espaces moins \u00ab\u00a0standards\u00a0\u00bb en terme d\u2019usage tertiaire.<\/p>\n<p>Cette tendance \u00e0 la flexibilit\u00e9 trouvera donc certainement un relais de croissance dans l\u2019accompagnement client et la logique servicielle qui, \u00e0 terme, permettront tr\u00e8s certainement de mieux moderniser le patrimoine par \u00ab\u00a0touches\u00a0\u00bb sur la proportion des surfaces lib\u00e9r\u00e9es, et donc vraisemblablement de mieux le valoriser.<\/p>\n<hr \/>\n<p><em><a href=\"#_ftnref1\" name=\"_ftn1\">[1]<\/a> Le <strong>flex office<\/strong> est une organisation du travail qui se veut dynamique. L&rsquo;environnement du salari\u00e9 ne se pr\u00e9sente plus comme un cadre contraint, mais comme une panoplie de solutions \u00e0 la carte pour le collaborateur<\/em><\/p>\n","protected":false},"excerpt":{"rendered":"<p>Ub\u00e9risation ou pas\u00a0? Ne cherche-t-on pas trop \u00e0 parler d\u2019ub\u00e9risation dans tous les champs de l\u2019\u00e9conomie alors que le march\u00e9 des bureaux en serait trop \u00e9loign\u00e9\u00a0? Se poser la question sur le tertiaire immobilier est pleinement l\u00e9gitime. D\u2019abord,\u00a0 l\u2019immobilier, dans sa vocation r\u00e9sidentielle, a \u00e9t\u00e9 un des premiers secteurs, avec les transports, dont les pratiques [&hellip;]<\/p>\n","protected":false},"author":116,"featured_media":2816,"comment_status":"open","ping_status":"open","sticky":false,"template":"","format":"standard","meta":{"_et_pb_use_builder":"","_et_pb_old_content":"","_et_gb_content_width":"","_exactmetrics_skip_tracking":false,"_exactmetrics_sitenote_active":false,"_exactmetrics_sitenote_note":"","_exactmetrics_sitenote_category":0,"footnotes":""},"categories":[140,133],"tags":[],"class_list":["post-2813","post","type-post","status-publish","format-standard","has-post-thumbnail","hentry","category-immobilier","category-themes","et-has-post-format-content","et_post_format-et-post-format-standard"],"_links":{"self":[{"href":"https:\/\/variances.eu\/index.php?rest_route=\/wp\/v2\/posts\/2813","targetHints":{"allow":["GET"]}}],"collection":[{"href":"https:\/\/variances.eu\/index.php?rest_route=\/wp\/v2\/posts"}],"about":[{"href":"https:\/\/variances.eu\/index.php?rest_route=\/wp\/v2\/types\/post"}],"author":[{"embeddable":true,"href":"https:\/\/variances.eu\/index.php?rest_route=\/wp\/v2\/users\/116"}],"replies":[{"embeddable":true,"href":"https:\/\/variances.eu\/index.php?rest_route=%2Fwp%2Fv2%2Fcomments&post=2813"}],"version-history":[{"count":0,"href":"https:\/\/variances.eu\/index.php?rest_route=\/wp\/v2\/posts\/2813\/revisions"}],"wp:featuredmedia":[{"embeddable":true,"href":"https:\/\/variances.eu\/index.php?rest_route=\/wp\/v2\/media\/2816"}],"wp:attachment":[{"href":"https:\/\/variances.eu\/index.php?rest_route=%2Fwp%2Fv2%2Fmedia&parent=2813"}],"wp:term":[{"taxonomy":"category","embeddable":true,"href":"https:\/\/variances.eu\/index.php?rest_route=%2Fwp%2Fv2%2Fcategories&post=2813"},{"taxonomy":"post_tag","embeddable":true,"href":"https:\/\/variances.eu\/index.php?rest_route=%2Fwp%2Fv2%2Ftags&post=2813"}],"curies":[{"name":"wp","href":"https:\/\/api.w.org\/{rel}","templated":true}]}}