{"id":2603,"date":"2017-10-18T10:39:30","date_gmt":"2017-10-18T08:39:30","guid":{"rendered":"http:\/\/variances.eu\/?p=2603"},"modified":"2017-11-27T11:50:57","modified_gmt":"2017-11-27T09:50:57","slug":"spirale-declassement-societe-illusions","status":"publish","type":"post","link":"https:\/\/variances.eu\/?p=2603","title":{"rendered":"\u00ab La Spirale du D\u00e9classement &#8211; Essai sur la soci\u00e9t\u00e9 des illusions \u00bb"},"content":{"rendered":"<p>Louis Chauvel, sociologue luxembourgeois chercheur associ\u00e9 \u00e0 Sciences Po, approfondit dans ce livre son diagnostic du d\u00e9classement des classes moyennes, d\u00e9j\u00e0 port\u00e9 dans <em>Les classes moyennes \u00e0 la d\u00e9rive <\/em>(Editions du seuil, 2006, 108 pages). La place que tient l\u2019immobilier dans son analyse, comme la qualit\u00e9 du livre, justifient une recension dans ce dossier Immobilier de Variances.<\/p>\n<h3><strong>La repatrimonialisation<\/strong><\/h3>\n<p>Le point de d\u00e9part de Louis Chauvel converge avec les analyses de Thomas Piketty\u00a0: nous assistons \u00e0 une remont\u00e9e des in\u00e9galit\u00e9s \u00e0 travers ce que l\u2019auteur appelle une repatrimonialisation.<\/p>\n<p>Apr\u00e8s la guerre, le prestige des classes moyennes \u00e9tait au plus haut, les in\u00e9galit\u00e9s salariales au plus bas et le patrimoine pouvait \u00eatre consid\u00e9r\u00e9 comme la forme r\u00e9siduelle d\u2019un pass\u00e9 en voie de r\u00e9sorption. Mais le rapport du patrimoine au revenu augmente \u00e0 nouveau depuis un point bas de 2 ans en 1980 pour atteindre d\u00e9sormais 6 ans\u00a0: un triplement moyen qui ne rend pas compte du sommet de la pyramide o\u00f9 l\u2019in\u00e9galit\u00e9 (re)devient sid\u00e9rale. Il l\u2019illustre par les \u00e9carts de taille entre les d\u00e9ciles extr\u00eames des hommes petits et grands\u00a0: une trentaine de centim\u00e8tres seulement. A cette \u00e9chelle, les r\u00e9ussites aux tests scolaires repr\u00e9sentent un \u00e9cart de taille d\u2019un m\u00e8tre\u00a0; les revenus un \u00e9cart de 5 m\u00e8tres (on peut encore se parler en criant\u2026)\u00a0; et les patrimoines un \u00e9cart de taille de 500 m\u00e8tres, et m\u00eame la distance de la terre \u00e0 la lune, si on raisonne sur les individus et plus sur les d\u00e9ciles\u00a0!<\/p>\n<p>L\u2019auteur souligne la capacit\u00e9 des organisations humaines \u00e0 construire un \u00e9difice social hi\u00e9rarchique \u00e9crasant avec une concurrence forte \u00e0 chaque niveau\u00a0; ce qu\u2019il appelle la verticale du pouvoir socio-\u00e9conomique. L\u2019Egypte ou Rome montrent comment des in\u00e9galit\u00e9s extr\u00eames sont stables si chaque niveau est capable d\u2019exercer une pression extr\u00eame sur le niveau d\u2019en dessous. D\u2019autant que l\u2019impression de mobilit\u00e9 est paradoxalement plus forte dans ces soci\u00e9t\u00e9s o\u00f9 les mouvements ascendants sont moins nombreux mais plus amples (cf le succ\u00e8s des loteries tr\u00e8s perdantes en moyenne mais promettant des lots \u00e9normes).<\/p>\n<h3><strong>Le d\u00e9classement des classes moyennes<\/strong><\/h3>\n<p>L\u2019auteur multiplie les raisons du sentiment de d\u00e9classement des classes moyennes (qu\u2019il assimile aux Professions Interm\u00e9diaires de la nomenclature Insee). Elles ont subi 8% de perte de pouvoir d\u2019achat entre 1975 et 1995 puis une stagnation rapprochant leur pouvoir d\u2019achat des ouvriers et de la moyenne. Leur ch\u00f4mage, de n\u00e9gligeable, est aujourd\u2019hui celui des ouvriers en 1982, consid\u00e9r\u00e9 alors comme consid\u00e9rable.<\/p>\n<p>L\u2019augmentation forte des dipl\u00f4mes s\u2019\u00e9tait accompagn\u00e9e d\u2019une \u00e9volution correspondante de la qualit\u00e9 des emplois jusqu\u2019en 1982 mais plus depuis\u00a0: une part croissante des professions interm\u00e9diaires sont des d\u00e9class\u00e9s scolaires qui auraient pu acc\u00e9der \u00e0 la cat\u00e9gorie sup\u00e9rieure. Le mod\u00e8le des classes moyennes est cass\u00e9, qui suppose un niveau de formation croissant alimentant une mobilit\u00e9 sociale ascendante, d\u2019autant que les in\u00e9galit\u00e9s patrimoniales viennent biaiser le jeu en faveur des enfants de l\u2019\u00e9lite, avec le retour de strat\u00e9gies familiales de connivence.<\/p>\n<p>Les classes moyennes ressentent d\u00e9sormais, comme les classes populaires, la menace des comp\u00e9tences des classes moyennes des pays \u00e9mergents, ce qui renforce leur sentiment de d\u00e9classement.<\/p>\n<p>Le d\u00e9classement est d\u2019autant plus douloureux qu\u2019il est ni\u00e9 par la majorit\u00e9 des sp\u00e9cialistes (d\u2019o\u00f9 le sous-titre de l\u2019ouvrage sur la Soci\u00e9t\u00e9 des Illusions). Faute de discours explicatif et de reconnaissance, il est v\u00e9cu comme un \u00e9chec personnel.<\/p>\n<h3><strong>La dimension g\u00e9n\u00e9rationnelle<\/strong><\/h3>\n<p>Le d\u00e9classement a une dimension g\u00e9n\u00e9rationnelle tr\u00e8s forte.<\/p>\n<p>Les premiers n\u00e9s du baby-boom, les cohortes n\u00e9es autour de 1950, sont 10% au-dessus de la tendance longue d\u2019\u00e9volution du niveau de vie. Celles n\u00e9es en 1930 ou 1980 sont 5 \u00e0 10% au-dessous\u00a0: des \u00e9carts entre g\u00e9n\u00e9rations du m\u00eame ordre qu\u2019entre immigr\u00e9s et non immigr\u00e9s.<\/p>\n<p>La nouvelle g\u00e9n\u00e9ration a des besoins sup\u00e9rieurs mais des moyens \u00e9conomiques d\u00e9clinants\u00a0: ch\u00f4mage de masse et perte de valeur des dipl\u00f4mes cr\u00e9ent une concurrence fr\u00e9n\u00e9tique entre jeunes dipl\u00f4m\u00e9s, et encore plus en France o\u00f9 les travailleurs plus \u00e2g\u00e9s sont mieux prot\u00e9g\u00e9s par leur statut.<\/p>\n<p>Les jeunes des ann\u00e9es 70 ont pu maintenir leur position par l\u2019\u00e9l\u00e9vation des dipl\u00f4mes\u00a0:\u00a0 cette strat\u00e9gie n\u2019est plus disponible pour leurs successeurs, confront\u00e9s au d\u00e9classement absolu. Le prestige de l\u2019emploi d\u2019un dipl\u00f4m\u00e9 du sup\u00e9rieur long est aujourd\u2019hui \u00e9quivalent \u00e0 celui de l\u2019emploi d\u2019un dipl\u00f4m\u00e9 d\u2019un DEUG de la g\u00e9n\u00e9ration de ses parents.<\/p>\n<p>Le vieillissement de notre classe politique a contribu\u00e9 \u00e0 notre aveuglement face \u00e0 cette dimension g\u00e9n\u00e9rationnelle\u00a0: en 1981 (ann\u00e9e il est vrai exceptionnelle), il y avait 2 fois plus de d\u00e9put\u00e9s moins de 45 ans que de plus de 60 ans, le rapport s\u2019\u00e9tait invers\u00e9 en 2012 dans la derni\u00e8re chambre.<\/p>\n<h3><strong>Le r\u00f4le fort de l\u2019immobilier dans la dynamique du d\u00e9classement<\/strong><\/h3>\n<p>France et Royaume-Uni ont connu un quasi-doublement des prix immobiliers entre 2000 et 2010 (les \u00e9volutions sont compl\u00e8tement diff\u00e9rentes en Allemagne, du fait d\u2019une moindre pression d\u00e9mographique, d\u2019un syst\u00e8me bancaire plus orient\u00e9 vers l\u2019investissement industriel, et sans capitale-monde). Ce doublement moyen sous-estime la r\u00e9alit\u00e9, compte tenu du grand \u00e9cart entre l\u2019immobilier des grands centres d\u2019activit\u00e9 et celui des zones en difficult\u00e9.<\/p>\n<p>L\u2019inflation de l\u2019immobilier a provoqu\u00e9 un doublement de la taille moyenne des patrimoines sur la p\u00e9riode, et apport\u00e9 des plus-values \u00e9quivalentes \u00e0 la moiti\u00e9 de leur revenu aux titulaires d\u2019un patrimoine de plus de 200\u00a0000 euros.<\/p>\n<p>Elle a contribu\u00e9 fortement au d\u00e9classement des classes moyennes\u00a0: sauf aide familiale, elles doivent s\u2019endetter plus et plus longuement, habiter plus loin, ou vivre dans moins de m\u00e8tres carr\u00e9s. Et elle a aggrav\u00e9 le d\u00e9classement g\u00e9n\u00e9rationnel\u00a0avec un troisi\u00e8me choc (avec le ch\u00f4mage de masse et l\u2019inflation des dipl\u00f4mes)\u00a0: un choc positif pour les m\u00e9nages \u00e2g\u00e9s ais\u00e9s, structurellement propri\u00e9taires\u00a0; et tr\u00e8s n\u00e9gatif pour les nouvelles g\u00e9n\u00e9rations qui subissent un co\u00fbt croissant et un endettement croissant, source d\u2019un risque consid\u00e9rable face aux al\u00e9as \u00e9conomiques ou de la vie.<\/p>\n<p>L\u2019auteur regrette la pauvret\u00e9 des donn\u00e9es permettant de rapprocher finement les donn\u00e9es des m\u00e9nages (\u00e2ge, dipl\u00f4me\u2026) et la qualit\u00e9 du patrimoine immobilier d\u00e9tenu. Il a construit un \u00ab\u00a0score de prestige\u00a0\u00bb du lieu de r\u00e9sidence\u00a0: la baisse subie par les moins de 35 ans des classes moyennes, est \u00e9quivalente \u00e0 la moiti\u00e9 de l\u2019avantage de score qu\u2019avaient en 1999 ces classes interm\u00e9diaires\u00a0sur les employ\u00e9s, alors m\u00eame que la part de leur budget consacr\u00e9 au logement augmentait. Un professeur agr\u00e9g\u00e9 avec une ann\u00e9e de salaire pouvait se payer 9m2 \u00e0 Paris en 1980 contre moins de 3 aujourd\u2019hui.<\/p>\n<h3><strong>Et demain\u00a0?<\/strong><\/h3>\n<p>Louis Chauvel h\u00e9site sur l\u2019avenir\u00a0: nouvelle lutte des classes\u00a0? Ou baisse des attentes des nouvelles g\u00e9n\u00e9rations, qui se r\u00e9fugieraient dans les religions et les sectes\u00a0? On peut \u00eatre plus optimiste et penser que les jeunes des classes moyennes des pays riches sauront faire le tri entre ce qui est in\u00e9luctable dans l\u2019ajustement douloureux que d\u00e9crit l\u2019auteur (le ralentissement de la croissance \u00e9conomique et le rattrapage des classes moyennes des pays \u00e9mergents) et ce qui ne l\u2019est pas du tout (la repatrimonialisation obsc\u00e8ne).<\/p>\n<p>Et constater un rajeunissement brutal de la classe politique\u00a0quelques mois apr\u00e8s la parution du livre : nous avons en 2017 une chambre plus jeune encore qu\u2019en 1981, avec deux fois plus de d\u00e9put\u00e9s de moins de 40 ans que de d\u00e9put\u00e9s de plus de 60 ans.<\/p>\n<p>Ouvrage publi\u00e9 aux <span style=\"color: #0000ff;\"><a href=\"http:\/\/www.seuil.com\/ouvrage\/la-spirale-du-declassement-louis-chauvel\/9782021072846\">\u00e9ditions du Seuil<\/a><\/span><\/p>\n","protected":false},"excerpt":{"rendered":"<p>Louis Chauvel, sociologue luxembourgeois chercheur associ\u00e9 \u00e0 Sciences Po, approfondit dans ce livre son diagnostic du d\u00e9classement des classes moyennes, d\u00e9j\u00e0 port\u00e9 dans Les classes moyennes \u00e0 la d\u00e9rive (Editions du seuil, 2006, 108 pages). La place que tient l\u2019immobilier dans son analyse, comme la qualit\u00e9 du livre, justifient une recension dans ce dossier Immobilier [&hellip;]<\/p>\n","protected":false},"author":96,"featured_media":2606,"comment_status":"open","ping_status":"open","sticky":false,"template":"","format":"standard","meta":{"_et_pb_use_builder":"","_et_pb_old_content":"","_et_gb_content_width":"","_exactmetrics_skip_tracking":false,"_exactmetrics_sitenote_active":false,"_exactmetrics_sitenote_note":"","_exactmetrics_sitenote_category":0,"footnotes":""},"categories":[140,133],"tags":[],"class_list":["post-2603","post","type-post","status-publish","format-standard","has-post-thumbnail","hentry","category-immobilier","category-themes","et-has-post-format-content","et_post_format-et-post-format-standard"],"_links":{"self":[{"href":"https:\/\/variances.eu\/index.php?rest_route=\/wp\/v2\/posts\/2603","targetHints":{"allow":["GET"]}}],"collection":[{"href":"https:\/\/variances.eu\/index.php?rest_route=\/wp\/v2\/posts"}],"about":[{"href":"https:\/\/variances.eu\/index.php?rest_route=\/wp\/v2\/types\/post"}],"author":[{"embeddable":true,"href":"https:\/\/variances.eu\/index.php?rest_route=\/wp\/v2\/users\/96"}],"replies":[{"embeddable":true,"href":"https:\/\/variances.eu\/index.php?rest_route=%2Fwp%2Fv2%2Fcomments&post=2603"}],"version-history":[{"count":0,"href":"https:\/\/variances.eu\/index.php?rest_route=\/wp\/v2\/posts\/2603\/revisions"}],"wp:featuredmedia":[{"embeddable":true,"href":"https:\/\/variances.eu\/index.php?rest_route=\/wp\/v2\/media\/2606"}],"wp:attachment":[{"href":"https:\/\/variances.eu\/index.php?rest_route=%2Fwp%2Fv2%2Fmedia&parent=2603"}],"wp:term":[{"taxonomy":"category","embeddable":true,"href":"https:\/\/variances.eu\/index.php?rest_route=%2Fwp%2Fv2%2Fcategories&post=2603"},{"taxonomy":"post_tag","embeddable":true,"href":"https:\/\/variances.eu\/index.php?rest_route=%2Fwp%2Fv2%2Ftags&post=2603"}],"curies":[{"name":"wp","href":"https:\/\/api.w.org\/{rel}","templated":true}]}}