{"id":2386,"date":"2017-07-17T11:03:11","date_gmt":"2017-07-17T09:03:11","guid":{"rendered":"http:\/\/variances.eu\/?p=2386"},"modified":"2018-01-03T12:01:38","modified_gmt":"2018-01-03T10:01:38","slug":"statut-dauto-entrepreneur-passerelle-vers-lemploi-stigmate","status":"publish","type":"post","link":"https:\/\/variances.eu\/?p=2386","title":{"rendered":"Le statut d\u2019auto-entrepreneur : passerelle vers l\u2019emploi ou stigmate ?*"},"content":{"rendered":"<h2><\/h2>\n<h2>\u00c9valuer le r\u00e9gime de l\u2019auto-entrepreneur<\/h2>\n<h4>La progression du travail ind\u00e9pendant<\/h4>\n<p>En France se c\u00f4toient classiquement deux types d\u2019emploi : l\u2019emploi salari\u00e9 et l\u2019emploi ind\u00e9pendant. Les ind\u00e9pendants se distinguent par le fait \u00ab qu\u2019ils n\u2019ont pas de lien de subordination \u00e0 l\u2019\u00e9gard d\u2019un donneur d\u2019ordre \u00bb (d\u00e9finition Insee). On y retrouve notamment les agriculteurs, les artisans et les commer\u00e7ants.<\/p>\n<p>Si l\u2019emploi salari\u00e9 constitue la norme pour pr\u00e8s de 90 % des actifs occup\u00e9s<a href=\"#_ftn1\" name=\"_ftnref1\">[1]<\/a>, la part du travail ind\u00e9pendant augmente dans de nombreux pays depuis les ann\u00e9es 1980 (Arum et M\u00fcller, 2009). La part des professions lib\u00e9rales est plut\u00f4t stable mais de nombreuses formes de travail pr\u00e9caires comme les emplois \u00e0 dur\u00e9e d\u00e9termin\u00e9e ou temporaires se d\u00e9veloppent. Ce ph\u00e9nom\u00e8ne semble corroborer \u00ab la d\u00e9stabilisation des stables \u00bb (qu\u2019elle soit volontaire ou non), pour reprendre la formule du sociologue Robert Castel.<\/p>\n<h4>Les motivations d\u2019un nouveau r\u00e9gime<\/h4>\n<p>Le r\u00e9gime de l\u2019auto-entrepreneur a \u00e9t\u00e9 cr\u00e9\u00e9 en 2009 \u00e0 la suite du rapport <em>En faveur d\u2019une meilleure reconnaissance du travail ind\u00e9pendant<\/em> (Fran\u00e7ois Hurel, 2008). Il fournit un cadre simplifi\u00e9 \u00e0 la d\u00e9claration et au paiement des diff\u00e9rentes contributions sociales, mais aussi pour l\u2019immatriculation et la comptabilit\u00e9 de ces entreprises. En revanche, il ne remplace pas les statuts ant\u00e9rieurs d\u2019entrepreneur. En particulier, les recettes g\u00e9n\u00e9r\u00e9es par cette activit\u00e9 ne peuvent exc\u00e9der un plafond annuel. Au-del\u00e0 de ce plafond, le travailleur doit repasser sous un r\u00e9gime plus standard d\u2019ind\u00e9pendant. Ce r\u00e9gime a fusionn\u00e9 avec celui de la micro-entreprise au 1<sup>er<\/sup> janvier 2016.<\/p>\n<p>Ce dispositif vise \u00e0 faciliter la cr\u00e9ation de sa propre entreprise, mais offre aussi la possibilit\u00e9 de recevoir un revenu d\u2019appoint via une activit\u00e9 compl\u00e9mentaire. En outre, la hausse significative du ch\u00f4mage en France (6,8 % d\u00e9but 2008, 9,1 % fin 2009<a href=\"#_ftn2\" name=\"_ftnref2\">[2]<\/a>) am\u00e8ne \u00e0 consid\u00e9rer l\u2019auto-entrepreneuriat comme un moyen de lutter contre le ch\u00f4mage. Ce r\u00e9gime s\u2019adresse par exemple aux exclus du march\u00e9 du travail, notamment en r\u00e9solvant et en contournant la dichotomie <em>insiders \/ outsiders<\/em> (Lindbeck et Snower, 1989).<\/p>\n<p>Comme le rappelle Sarah Abdelnour (2017), des politiques d\u2019incitations \u00e0 la cr\u00e9ation d\u2019entreprise ont \u00e9t\u00e9 prises pour les cadres dans les ann\u00e9es 1970. Aujourd\u2019hui, ce m\u00eame type de politique est \u00e9tendu \u00e0 l\u2019ensemble du corps social. Ce r\u00e9gime a eu du succ\u00e8s, puisqu\u2019on d\u00e9nombrait environ un million d\u2019auto-entrepreneurs en 2011 (Omalek et Rioux, 2015).<\/p>\n<h4>\u00c9valuation du dispositif<\/h4>\n<p>La mise en place du r\u00e9gime des auto-entrepreneurs \u00e9tant relativement r\u00e9cente, il a \u00e9t\u00e9 encore peu \u00e9tudi\u00e9. Or, 40,2 % des entreprises sont aujourd\u2019hui cr\u00e9\u00e9es dans ce cadre, contre 34,1 % sous forme soci\u00e9taire et 25,7 % d\u2019entreprises individuelles hors auto-entrepreneur (Insee, 2017). Cette forme de travail n\u2019est donc plus atypique et se d\u00e9veloppe fortement. Pour autant, est-ce un bon instrument dans la lutte contre le ch\u00f4mage et est-il un marchepied vers l\u2019emploi stable, qu\u2019il soit salari\u00e9 ou ind\u00e9pendant\u00a0?<\/p>\n<h2><\/h2>\n<h2>Les mod\u00e8les de transitions sur le march\u00e9 du travail<\/h2>\n<p>Dans le cadre du march\u00e9 du travail, la litt\u00e9rature \u00e9conomique veut \u00e9valuer si les dispositifs mis en place constituent un tremplin ou une trappe (vers le salariat, l\u2019emploi durable, la pr\u00e9carit\u00e9, etc.). L\u2019approche que nous adoptons se focalise sur le parcours des individus en prenant en compte les diff\u00e9rents \u00e9tats possibles (ch\u00f4meur, salari\u00e9, etc.) et en \u00e9tudiant les transitions d\u2019un \u00e9tat vers un autre (voir par exemple Carrasco (1999))<\/p>\n<p>Ce type de mod\u00e9lisation ne permet pas de distinguer les d\u00e9pendances d\u2019\u00e9tat (impact d\u2019un \u00e9tat sur un autre) des caract\u00e9ristiques individuelles. Les individus ont en effet des caract\u00e9ristiques propres et inobservables qui vont expliquer la probabilit\u00e9 d\u2019occuper un \u00e9tat \u00e0 la suite d\u2019un autre, ind\u00e9pendamment de la d\u00e9pendance d\u2019\u00e9tat en elle-m\u00eame. Pour r\u00e9pondre \u00e0 cette probl\u00e9matique, Magnac (2000) propose une m\u00e9thode, qui \u00e9tend le <em>logit<\/em> conditionnel de Chamberlain (1984).<\/p>\n<p>Cette m\u00e9thode est reprise par Berton, Devicienti et Pacelli (2007 et 2011) qui \u00e9tudient si les emplois temporaires sont une porte d\u2019entr\u00e9e ou non vers l\u2019emploi permanent. Ils montrent d\u2019abord que l\u2019h\u00e9t\u00e9rog\u00e9n\u00e9it\u00e9 individuelle explique une partie des probabilit\u00e9s de transitions qui sont le plus souvent surestim\u00e9es. Ensuite, la d\u00e9pendance \u00e0 l\u2019\u00e9tat existe, et les contrats de formation professionnelle, l\u2019apprentissage et les contrats temporaires constituent des portes d\u2019entr\u00e9e vers les emplois durables.<\/p>\n<p>En France, Givord et Wilner (2009) appliquent aussi cette m\u00e9thode pour \u00e9valuer les effets des contrats temporaires vers un emploi stable ou non. Ils montrent qu\u2019il y a un l\u00e9ger effet tremplin vers l\u2019emploi stable des contrats temporaires par rapport au ch\u00f4mage.<\/p>\n<h2><\/h2>\n<h2>La population des auto-entrepreneurs<\/h2>\n<p>Les donn\u00e9es de l\u2019Enqu\u00eate Emploi en continu (EEC) sont collect\u00e9es aupr\u00e8s d\u2019un \u00e9chantillon de m\u00e9nages dont les personnes de 15 ans et plus sont interrog\u00e9es six trimestres de suite. Au total, nous disposons de donn\u00e9es depuis le premier trimestre 2013 jusqu\u2019au troisi\u00e8me trimestre 2016.<\/p>\n<p>L\u2019\u00e9tude est restreinte aux individus ayant entre 18 et 60 ans lors de chacune des interrogations en France M\u00e9tropolitaine, en ne gardant que ceux qui ont r\u00e9pondu six fois afin de disposer d\u2019une base cylindr\u00e9e. Nous consid\u00e9rons 5 \u00e9tats possibles sur le march\u00e9 du travail\u00a0: inactif, ch\u00f4meur, salari\u00e9 d\u2019une entreprise, ind\u00e9pendant hors auto-entrepreneur et auto-entrepreneur. Nous nous int\u00e9ressons aux activit\u00e9s principales des agents. Nous excluons donc l\u2019auto-entrepreneuriat exerc\u00e9 en compl\u00e9ment d\u2019une autre activit\u00e9.<\/p>\n<p>Les auto-entrepreneurs sont en moyenne plus jeunes que les ind\u00e9pendants et les salari\u00e9s. En revanche, ils sont plus \u00e2g\u00e9s que les ch\u00f4meurs. Il y a plus d\u2019hommes auto-entrepreneurs (60 %) et encore davantage d\u2019ind\u00e9pendants (69 %). 48 % des auto-entrepreneurs sont mari\u00e9es contre 43 % qui sont c\u00e9libataires, ce qui les rapproche des salari\u00e9s (64 % des ind\u00e9pendants sont mari\u00e9s). C\u2019est \u00e9galement le cas pour la pr\u00e9sence d\u2019enfant ou non. Les auto-entrepreneurs sont moins souvent titulaires d\u2019un bac+2\u00a0 que les ind\u00e9pendants (14,8 % contre 18,2 %), et la part de sans dipl\u00f4me est sup\u00e9rieure de 3 points chez les auto-entrepreneurs. Ces derniers sont encore proches des salari\u00e9s.<\/p>\n<p>Les auto-entrepreneurs et les ind\u00e9pendants sont majoritairement artisans (36 % et 26 %) et commer\u00e7ants (25 % et 20 %), mais aussi professions lib\u00e9rales (10 % et 11 %). N\u00e9anmoins, les agriculteurs repr\u00e9sentent 20 % des ind\u00e9pendants et \u00e0 peine 1 % des auto-entrepreneurs. On retrouve ensuite les professions interm\u00e9diaires de sant\u00e9 et de travail social, et les professions interm\u00e9diaires administratives et commerciales des entreprises.<\/p>\n<p>Les trois\u00a0 secteurs d\u2019activit\u00e9 principaux des auto-entrepreneurs sont la construction, le secteur du commerce et les autres activit\u00e9s de services administratifs (respectivement 18 %, 16 % et 14%). Viennent ensuite les secteurs de la sant\u00e9, de l\u2019enseignement, des services administratifs, des autres activit\u00e9s sp\u00e9cialis\u00e9es, scientifiques et techniques, mais aussi des activit\u00e9s juridiques.<\/p>\n<p>Depuis 2013, la part des femmes s\u2019accro\u00eet nettement chez les auto-entrepreneurs. Elle augmente de pr\u00e8s de 10 points, passant de 45 % \u00e0 55 %. De plus, la part des sans dipl\u00f4me et des titulaires du Bac chez les auto-entrepreneurs baisse de 5 points. A l\u2019inverse, le poids des titulaires des CAP et BEP a progress\u00e9 de 10 points. On note \u00e9galement que la part des commer\u00e7ants a augment\u00e9 au cours de la p\u00e9riode. Enfin, les secteurs de la construction, de la sant\u00e9 et de l\u2019enseignement ont baiss\u00e9, tandis que le secteur des autres activit\u00e9s de services a progress\u00e9 de pr\u00e8s de 8 points.<\/p>\n<h2><\/h2>\n<h2>Estimations des probabilit\u00e9s de transition<\/h2>\n<h4>Les auto-entrepreneurs avantag\u00e9s en apparence<\/h4>\n<p>Nous estimons d\u2019abord les probabilit\u00e9s de transition sans tenir compte des caract\u00e9ristiques individuelles inobserv\u00e9es. On constate une forte persistance de l\u2019\u00e9tat : les chances d\u2019\u00eatre dans la m\u00eame situation d\u2019emploi d\u2019un trimestre \u00e0 l\u2019autre sont importantes, notamment pour les auto-entrepreneurs et les ind\u00e9pendants (ils peuvent avoir un co\u00fbt fixe \u00e0 abandonner leur activit\u00e9).<\/p>\n<p>Les auto-entrepreneurs ont respectivement 1,6 et 19,6 chances de plus que les ch\u00f4meurs de devenir respectivement salari\u00e9 ou ind\u00e9pendant, plut\u00f4t que ch\u00f4meur au trimestre suivant. Ce r\u00e9gime semblerait donc efficace pour lutter contre le ch\u00f4mage.<\/p>\n<h4>Un avantage en r\u00e9alit\u00e9 sans lien avec le r\u00e9gime<\/h4>\n<p>Cependant, en introduisant des effets fixes individuels (estimation des coefficients avec la m\u00e9thode de Magnac (2000), la persistance de l\u2019\u00e9tat est encore importante mais plus faible qu\u2019\u00e0 la premi\u00e8re estimation. Les ind\u00e9pendants et auto-entrepreneurs ont une nouvelle fois plus de chances que les autres de conserver leur statut par rapport aux ch\u00f4meurs.<\/p>\n<p>On montre ainsi que les auto-entrepreneurs ont respectivement 1,6 et 7,6 chances de moins que les ch\u00f4meurs de devenir respectivement salari\u00e9 et ind\u00e9pendant plut\u00f4t que ch\u00f4meur. L\u2019avantage ant\u00e9rieurement mesur\u00e9 n\u2019est donc pas li\u00e9 \u00e0 l\u2019\u00e9tat (m\u00eame si le r\u00e9sultat sur la transition vers ind\u00e9pendant est plus fragile). Ainsi, en lui-m\u00eame, le r\u00e9gime de l\u2019auto-entrepreneur est int\u00e9ressant pour les agents dont il est l\u2019objectif. En revanche, le ch\u00f4mage constitue une meilleure transition vers le salariat ou la cr\u00e9ation d\u2019une entreprise classique.<\/p>\n<p>L\u2019interpr\u00e9tation \u00e9conomique de ce r\u00e9sultat peut \u00eatre en lien avec les mod\u00e8les de s\u00e9lection adverse (Akerlof, 1970) appliqu\u00e9s au march\u00e9 du travail. Le statut d\u2019auto-entrepreneur semble \u00eatre un mauvais signal (Spence, 1973) vis-\u00e0-vis de l\u2019employeur, lequel pr\u00e9f\u00e8re recruter un individu d\u00e9j\u00e0 \u00ab\u00a0reconnu \u00bb par un autre employeur auparavant. Par ailleurs, les auto-entrepreneurs sont en moyenne plus dipl\u00f4m\u00e9s que les ch\u00f4meurs. Pourtant, dans une optique de retour au salariat, ils semblent avoir une certaine difficult\u00e9 \u00e0 valoriser ce statut, au-del\u00e0 du signal donn\u00e9 par le dipl\u00f4me.<\/p>\n<p>Dans un rapport commun, l\u2019Inspection G\u00e9n\u00e9rale des Affaires Sociales et l\u2019Inspection G\u00e9n\u00e9rale des Finances (Deprost <em>et al.<\/em> 2013) distinguent quatre types d\u2019auto-entrepreneurs : ceux ayant un v\u00e9ritable projet entrepreneurial, ceux souhaitant cr\u00e9er leur propre emploi et tester leur projet, ceux cherchant une source de revenus compl\u00e9mentaire et ceux souhaitant demeurer auto-entrepreneurs. Barruel <em>et al.<\/em> (2014) retrouvent des profils similaires en 2010 entre le souhait de cr\u00e9er une \u00ab activit\u00e9 de compl\u00e9ment \u00bb (33 %), \u00ab son propre emploi \u00bb (36 %) ou une \u00ab entreprise classique \u00bb (31 %). Nos estimations sugg\u00e8rent que ce r\u00e9gime est le plus adapt\u00e9 pour les agents dont il est la finalit\u00e9.<\/p>\n<hr \/>\n<p>*\u00a0<strong>Cet article est issu d\u2019un rapport de Statistique appliqu\u00e9e sous la direction de B\u00e9atrice Boutchenik et Sophie Maillard<\/strong><\/p>\n<p><em><a href=\"#_ftnref1\" name=\"_ftn1\">[1]<\/a>Champ : France m\u00e9tropolitaine, personnes de 15 ans ou plus occupant un emploi et vivant en m\u00e9nage ordinaire. Source : Insee, enqu\u00eate Emploi 2015.<\/em><\/p>\n<p><em><a href=\"#_ftnref2\" name=\"_ftn2\">[2]<\/a>Taux de ch\u00f4mage au sens du BIT. Champ : France m\u00e9tropolitaine. Donn\u00e9es CVS, en moyenne trimestrielle. Source : Insee, enqu\u00eate Emploi.<\/em><\/p>\n<hr \/>\n<p><em><strong>R\u00e9f\u00e9rences<\/strong><\/em><\/p>\n<p><em>Akerlof, G. A. (1970)\u00a0: \u00ab The market for \u00ab\u00a0lemons\u00a0\u00bb : Quality uncertainty and the market mechanism \u00bb, The quarterly journal of economics, pp. 488\u2013500.<\/em><\/p>\n<p><em>Arum, R., et W. M\u00fcller (2009)\u00a0: \u00ab The reemergence of self-employment : a comparative study of self-employment dynamics and social inequality \u00bb, Princeton University Press.<\/em><\/p>\n<p><em>Barruel, F., Thomas, S., Filatriau, O., &amp; Mariotte, O. (2014)\u00a0: \u00ab Cr\u00e9ateurs d\u2019entreprises : avec l\u2019auto-entreprenariat, de nouveaux profils \u00bb, Insee premi\u00e8re, 1487.<\/em><\/p>\n<p><em>Berton, F., Devicienti, F., &amp; Pacelli, L. (2007)\u00a0: \u00ab Temporary jobs : Port of entry, trap, or just unobserved heterogeneity ? \u00bb, LABORatorio Revelli Working Paper, 68.<\/em><\/p>\n<p><em>Berton, F., Devicienti, F., &amp; Pacelli, L. (2011) : \u00ab Are temporary jobs a port of entry into permanent employment ? Evidence from matched employer-employee \u00bb, International Journal of Manpower, 32(8), 879-899.<\/em><\/p>\n<p><em>Carrasco, R. (1999)\u00a0: \u00ab Transitions to and from self-employment in Spain : an empirical analysis \u00bb, oxford Bulletin of Economics and Statistics, 61(3), 315\u2013341.<\/em><\/p>\n<p><em>Chamberlain, G. (1984)\u00a0: \u00ab Panel data \u00bb, chapter 22 in Handbook of econometrics, vol. 2, 1247\u20131318.<\/em><\/p>\n<p><em>Deprost, P., Laffon, P., &amp; AUD, D. (2013)\u00a0: \u00ab \u00c9valuation du r\u00e9gime de l\u2019auto-entrepreneur \u00bb, Rapport de l\u2019Inspection g\u00e9n\u00e9rale des finances et de l\u2019Inspection g\u00e9n\u00e9rale des affaires sociales.<\/em><\/p>\n<p><em>Givord, P., et L. Wilner (2009)\u00a0: \u00ab Les contrats temporaires\u00a0: trappe ou marchepied vers l\u2019emploi stable\u00a0? \u00bb, Documents de Travail de la DESE.<\/em><\/p>\n<p><em>Hurel, F. (2008)\u00a0: \u00ab Rapport \u00e0 Herv\u00e9 Novelli, Secr\u00e9taire d\u2019Etat en charge des entreprises et du commerce ext\u00e9rieur, en faveur d\u2019une meilleure reconnaissance du travail ind\u00e9pendant \u00bb, Secr\u00e9tariat d\u2019\u00c9tat aux entreprises et au commerce ext\u00e9rieur, Paris, Minist\u00e8re de l\u2019\u00c9conomie, des Finances et de l\u2019Emploi.<\/em><\/p>\n<p><em>Insee (2017)\u00a0: \u00ab Principaux indicateurs \u00bb, Informations Rapides, n\u00b012.<\/em><\/p>\n<p><em>Lindbeck, A., et D. Snower (1989)\u00a0: \u00ab The Insider-outsider Theory of Employment and Unemployment \u00bb, MIT Press.<\/em><\/p>\n<p><em>Magnac, T. (2000)\u00a0: \u00ab Subsidised training and youth employment : distinguishing unobserved heterogeneity from state dependence in labour market histories \u00bb, The Economic Journal, 110(466), 805\u2013837.<\/em><\/p>\n<p><em>Omalek, L., et L. Rioux (2015)\u00a0: \u00ab Panorama de l\u2019emploi et des revenus des non-salari\u00e9s \u00bb, Emploi et revenus des ind\u00e9pendants, \u00c9dition, pp. 11\u201328.<\/em><\/p>\n<p><em>Spence, M. (1973)\u00a0: \u00ab Job market signaling \u00bb, The quarterly journal of Economics, 87(3), 355\u2013374.<\/em><\/p>\n<p><a href=\"#_ftnref1\" name=\"_ftn1\"><\/a><\/p>\n","protected":false},"excerpt":{"rendered":"<p>\u00c9valuer le r\u00e9gime de l\u2019auto-entrepreneur La progression du travail ind\u00e9pendant En France se c\u00f4toient classiquement deux types d\u2019emploi : l\u2019emploi salari\u00e9 et l\u2019emploi ind\u00e9pendant. Les ind\u00e9pendants se distinguent par le fait \u00ab qu\u2019ils n\u2019ont pas de lien de subordination \u00e0 l\u2019\u00e9gard d\u2019un donneur d\u2019ordre \u00bb (d\u00e9finition Insee). On y retrouve notamment les agriculteurs, les artisans [&hellip;]<\/p>\n","protected":false},"author":82,"featured_media":2388,"comment_status":"open","ping_status":"open","sticky":false,"template":"","format":"standard","meta":{"_et_pb_use_builder":"","_et_pb_old_content":"","_et_gb_content_width":"","_exactmetrics_skip_tracking":false,"_exactmetrics_sitenote_active":false,"_exactmetrics_sitenote_note":"","_exactmetrics_sitenote_category":0,"footnotes":""},"categories":[138,136,152,133],"tags":[],"class_list":["post-2386","post","type-post","status-publish","format-standard","has-post-thumbnail","hentry","category-les-etudiants-sengagent","category-ressources-humaines-nos-dossiers","category-juil2017","category-themes","et-has-post-format-content","et_post_format-et-post-format-standard"],"_links":{"self":[{"href":"https:\/\/variances.eu\/index.php?rest_route=\/wp\/v2\/posts\/2386","targetHints":{"allow":["GET"]}}],"collection":[{"href":"https:\/\/variances.eu\/index.php?rest_route=\/wp\/v2\/posts"}],"about":[{"href":"https:\/\/variances.eu\/index.php?rest_route=\/wp\/v2\/types\/post"}],"author":[{"embeddable":true,"href":"https:\/\/variances.eu\/index.php?rest_route=\/wp\/v2\/users\/82"}],"replies":[{"embeddable":true,"href":"https:\/\/variances.eu\/index.php?rest_route=%2Fwp%2Fv2%2Fcomments&post=2386"}],"version-history":[{"count":0,"href":"https:\/\/variances.eu\/index.php?rest_route=\/wp\/v2\/posts\/2386\/revisions"}],"wp:featuredmedia":[{"embeddable":true,"href":"https:\/\/variances.eu\/index.php?rest_route=\/wp\/v2\/media\/2388"}],"wp:attachment":[{"href":"https:\/\/variances.eu\/index.php?rest_route=%2Fwp%2Fv2%2Fmedia&parent=2386"}],"wp:term":[{"taxonomy":"category","embeddable":true,"href":"https:\/\/variances.eu\/index.php?rest_route=%2Fwp%2Fv2%2Fcategories&post=2386"},{"taxonomy":"post_tag","embeddable":true,"href":"https:\/\/variances.eu\/index.php?rest_route=%2Fwp%2Fv2%2Ftags&post=2386"}],"curies":[{"name":"wp","href":"https:\/\/api.w.org\/{rel}","templated":true}]}}