{"id":2305,"date":"2017-06-21T11:39:20","date_gmt":"2017-06-21T09:39:20","guid":{"rendered":"http:\/\/variances.eu\/?p=2305"},"modified":"2017-06-21T11:39:54","modified_gmt":"2017-06-21T09:39:54","slug":"impots-histoire-dune-folie-francaise-de-jean-marc-daniel","status":"publish","type":"post","link":"https:\/\/variances.eu\/?p=2305","title":{"rendered":"\u00ab Les Impots &#8211; Histoire d&rsquo;une Folie Fran\u00e7aise \u00bb de Jean-Marc Daniel"},"content":{"rendered":"<p><strong>Pr\u00e9sentation de l\u2019\u00e9diteur :<\/strong><\/p>\n<p>Le constat est s\u00e9v\u00e8re : la France arrive au deuxi\u00e8me rang des pays o\u00f9 la pression fiscale est la plus haute, avec un taux de 45 % du PIB ; les pr\u00e9l\u00e8vements augmentent plus vite en France qu\u2019ailleurs ; le code g\u00e9n\u00e9ral des imp\u00f4ts compte plus de 4 000 articles et il change sans arr\u00eat. On ne sait plus \u00e0 quoi servent nos imp\u00f4ts\u2026<br \/>\nPourquoi depuis plus de soixante ans chaque gouvernement de droite comme de gauche a-t-il ajout\u00e9 des imp\u00f4ts, aboutissant aujourd\u2019hui \u00e0 une charge insupportable et provoquant un v\u00e9ritable ras-le-bol fiscal ? Pourquoi notre pays est-il une exception en mati\u00e8re de fiscalit\u00e9 ? Que penser du pr\u00e9l\u00e8vement \u00e0 la source ? Faut-il baisser l\u2019imp\u00f4t sur les soci\u00e9t\u00e9s ou l\u2019imp\u00f4t sur le revenu ? Pourquoi la taxation du capital semble-t-elle tr\u00e8s (trop) \u00e9lev\u00e9e ? Faut-il la r\u00e9duire pour relancer la croissance ? Comment diminuer l\u2019imp\u00f4t sur le revenu sans creuser le d\u00e9ficit ?<br \/>\nDans cet essai \u00e0 la fois s\u00e9rieux et un brin provocateur, Jean-Marc Daniel retrace, gr\u00e2ce \u00e0 son expertise, soixante ans de \u00ab matraquage fiscal \u00bb.<br \/>\nVoici l\u2019histoire d\u2019une folie bien fran\u00e7aise.<\/p>\n<p>Ancien \u00e9l\u00e8ve de l\u2019\u00c9cole polytechnique, de l\u2019ENSAE et de Sciences Po, Jean-Marc Daniel est professeur d\u2019\u00e9conomie \u00e0 l\u2019ESCP Europe et chroniqueur sur la matinale de BFM. Il est notamment l\u2019auteur d\u2019Un g\u00e2chis fran\u00e7ais (2015), d\u2019une Histoire vivante de la pens\u00e9e \u00e9conomique (2010) et des 8 le\u00e7ons d\u2019histoire \u00e9conomique (2012).<\/p>\n<p>Ouvrage \u00e9dit\u00e9 aux <a href=\"https:\/\/www.tallandier.com\/livre-9791021020559.htm\">\u00e9ditions Tallandier<\/a><\/p>\n","protected":false},"excerpt":{"rendered":"<p>Pr\u00e9sentation de l\u2019\u00e9diteur : Le constat est s\u00e9v\u00e8re : la France arrive au deuxi\u00e8me rang des pays o\u00f9 la pression fiscale est la plus haute, avec un taux de 45 % du PIB ; les pr\u00e9l\u00e8vements augmentent plus vite en France qu\u2019ailleurs ; le code g\u00e9n\u00e9ral des imp\u00f4ts compte plus de 4 000 articles et [&hellip;]<\/p>\n","protected":false},"author":11,"featured_media":2306,"comment_status":"open","ping_status":"open","sticky":false,"template":"","format":"standard","meta":{"_et_pb_use_builder":"","_et_pb_old_content":"","_et_gb_content_width":"","_exactmetrics_skip_tracking":false,"_exactmetrics_sitenote_active":false,"_exactmetrics_sitenote_note":"","_exactmetrics_sitenote_category":0,"footnotes":""},"categories":[31,12],"tags":[],"class_list":["post-2305","post","type-post","status-publish","format-standard","has-post-thumbnail","hentry","category-dans-les-rayons","category-alumni","et-has-post-format-content","et_post_format-et-post-format-standard"],"_links":{"self":[{"href":"https:\/\/variances.eu\/index.php?rest_route=\/wp\/v2\/posts\/2305","targetHints":{"allow":["GET"]}}],"collection":[{"href":"https:\/\/variances.eu\/index.php?rest_route=\/wp\/v2\/posts"}],"about":[{"href":"https:\/\/variances.eu\/index.php?rest_route=\/wp\/v2\/types\/post"}],"author":[{"embeddable":true,"href":"https:\/\/variances.eu\/index.php?rest_route=\/wp\/v2\/users\/11"}],"replies":[{"embeddable":true,"href":"https:\/\/variances.eu\/index.php?rest_route=%2Fwp%2Fv2%2Fcomments&post=2305"}],"version-history":[{"count":0,"href":"https:\/\/variances.eu\/index.php?rest_route=\/wp\/v2\/posts\/2305\/revisions"}],"wp:featuredmedia":[{"embeddable":true,"href":"https:\/\/variances.eu\/index.php?rest_route=\/wp\/v2\/media\/2306"}],"wp:attachment":[{"href":"https:\/\/variances.eu\/index.php?rest_route=%2Fwp%2Fv2%2Fmedia&parent=2305"}],"wp:term":[{"taxonomy":"category","embeddable":true,"href":"https:\/\/variances.eu\/index.php?rest_route=%2Fwp%2Fv2%2Fcategories&post=2305"},{"taxonomy":"post_tag","embeddable":true,"href":"https:\/\/variances.eu\/index.php?rest_route=%2Fwp%2Fv2%2Ftags&post=2305"}],"curies":[{"name":"wp","href":"https:\/\/api.w.org\/{rel}","templated":true}]}}