{"id":2280,"date":"2017-06-16T11:35:37","date_gmt":"2017-06-16T09:35:37","guid":{"rendered":"http:\/\/variances.eu\/?p=2280"},"modified":"2017-06-16T11:38:32","modified_gmt":"2017-06-16T09:38:32","slug":"ecouter-salaries-enjeu-strategique-competitivite-entreprises","status":"publish","type":"post","link":"https:\/\/variances.eu\/?p=2280","title":{"rendered":"Ecouter les salari\u00e9s\u00a0: un enjeu strat\u00e9gique pour la comp\u00e9titivit\u00e9 des entreprises"},"content":{"rendered":"<p><em>Nous vivons une \u00e9poque formidable. Alors qu\u2019autrefois le travail \u00e9tait un \u00ab\u00a0dur labeur\u00a0\u00bb, partout se multiplient les initiatives en faveur du \u00ab\u00a0bonheur au travail\u00a0\u00bb. Autrefois, les entreprises chronom\u00e9traient et contr\u00f4laient les actions, aujourd\u2019hui elles \u00ab\u00a0lib\u00e8rent\u00a0\u00bb leurs salari\u00e9s\u00a0! Les attentes des salari\u00e9s rencontreraient les besoins des entreprises\u2026 Bonheur des salari\u00e9s, joie des entreprises, heureuse conjonction, voici venue l\u2019heure de l\u2019entreprise \u00ab\u00a0aspirationnelle\u00a0\u00bb\u00a0! Ce temps pourrait m\u00eame \u00eatre appel\u00e9 \u00e0 durer\u00a0: si l\u2019on en cro\u00eet les analyses, les entreprises ne font pas cela par grandeur d\u2019\u00e2me\u00a0: la cr\u00e9ation de valeur dans l\u2019\u00e9conomie contemporaine repose de plus en plus sur la capacit\u00e9 d\u2019innovation, la qualit\u00e9 de service, le sens du d\u00e9tail\u2026 Tous ces \u00e9l\u00e9ments renvoient moins \u00e0 la capacit\u00e9 des entreprises \u00e0 traquer le moindre euro de d\u00e9pense superflue qu\u2019\u00e0 l\u2019engagement et au savoir-faire de leurs salari\u00e9s.<\/em><\/p>\n<h3><strong>Les entreprises misent sur des salari\u00e9s \u00ab\u00a0lib\u00e9r\u00e9s\u00a0\u00bb<\/strong><\/h3>\n<p>Mais si les entreprises s\u2019attachent autant \u00e0 la \u00ab\u00a0qualit\u00e9 de vie au travail\u00a0\u00bb, c\u2019est aussi que sous le d\u00e9licieux vocable de \u00ab\u00a0risques psycho-sociaux\u00a0\u00bb, ces derni\u00e8res ann\u00e9es ont aussi vu une explosion des d\u00e9pressions, <em>burn-in, burn-out<\/em> voire suicides. C\u2019est que la poursuite de la productivit\u00e9 ne s\u2019est pas arr\u00eat\u00e9e pour autant\u00a0: dans une \u00e9conomie marqu\u00e9e par une concurrence exacerb\u00e9e, les instruments de pilotage \u00e9conomiques et financiers s\u2019imposent comme des fins en soi. Dans ce constat, ce n\u2019est pas tant les gains de productivit\u00e9 qui sont en cause, que les fins auxquelles ils sont r\u00e9alis\u00e9s\u00a0: au nom de quoi faisons-nous ces efforts\u00a0? Pour qui et pour quoi\u00a0?<\/p>\n<p>Ces questions peuvent para\u00eetre pure philosophie, mais ce serait oublier que la question du travail est devenue centrale\u00a0: de la loi travail de 2016 \u00e0 celle qui s\u2019annonce, en passant par la primaire de la gauche et les propositions largement d\u00e9battues sur le revenu universel, nous ne cessons de nous interroger collectivement sur le r\u00f4le du travail dans nos soci\u00e9t\u00e9s.<\/p>\n<h3><strong>Le travail en qu\u00eate de sens<\/strong><\/h3>\n<p>Bien s\u00fbr, plus de 25 millions de nos concitoyens ont un emploi, 85% de ces emplois sont en CDI, et les 5200 plus grandes entreprises du pays emploient plus de la moiti\u00e9 des salari\u00e9s \u2026 mais le temps \u00ab\u00a0hors-travail\u00a0\u00bb ne cesse de cro\u00eetre. Avant l\u2019entr\u00e9e dans la vie active (\u00e9tudes, gal\u00e8re, etc.), pendant celle-ci (ch\u00f4mage, baisse tendancielle des dur\u00e9es de travail, formation tout au long de la vie, ub\u00e9risation des activit\u00e9s, etc.) et apr\u00e8s (retraites, esp\u00e9rance de vie, etc.), le temps travaill\u00e9 le dispute en permanence au temps non-travaill\u00e9\u2026 Cela n\u2019att\u00e9nue pas l\u2019importance du travail mais cela change la nature de l\u2019investissement de chacun\u00a0: il nous faut bien donner un sens au temps qui s\u2019\u00e9coule quand nous ne travaillons pas et il nous faut bien aussi trouver du sens aux heures pass\u00e9es \u00e0 travailler. Pour chacun, les fronti\u00e8res deviennent poreuses et le travail se charge de valeurs dont il pouvait bien se passer auparavant. Si le travail reste structurant au del\u00e0 des heures travaill\u00e9es c\u2019est aussi que, dans un monde en profonde transformation o\u00f9 tous les rep\u00e8res sont attaqu\u00e9s, l\u2019entreprise reste une institution collective o\u00f9 peut encore se construire un espace de confiance et d\u2019engagement. L\u2019enqu\u00eate \u00ab\u00a0Parlons travail\u00a0\u00bb publi\u00e9e au printemps par la CFDT le montre clairement\u00a0: 77% des Fran\u00e7ais aiment leur travail. Les enqu\u00eates d\u2019opinion le confirment\u00a0: selon l\u2019\u00e9tude internationale \u00ab\u00a0<em>Edelman Trust barometer\u00a0<\/em>\u00bb, les Fran\u00e7ais font d\u00e9sormais plus confiance aux entreprises qu\u2019aux hommes politiques pour am\u00e9liorer leur sort\u00a0! Les Fran\u00e7ais \u00e9mettent toutefois des r\u00e9serves\u00a0: 79 % d\u2019entre eux conditionnent leur confiance \u00e0 l\u2019engagement du manager \u00e0 faire progresser la soci\u00e9t\u00e9 en g\u00e9n\u00e9ral, en exer\u00e7ant sur elle une influence positive\u2026 Or, 46% des salari\u00e9s fran\u00e7ais seulement ont confiance dans leur propre entreprise. Ils attendent de leur entreprise qu\u2019elle soit int\u00e8gre, engag\u00e9e socialement vis-\u00e0-vis de ses collaborateurs, que ses produits soient de qualit\u00e9, qu\u2019elle prot\u00e8ge l\u2019environnement\u2026 bref, que son \u00ab\u00a0projet\u00a0\u00bb soit en accord avec les valeurs dont eux-m\u00eames sont porteurs.<\/p>\n<p>On ne peut donc se plaindre que les entreprises se soucient (fut-ce dans leur seul int\u00e9r\u00eat) du bien-\u00eatre de leurs salari\u00e9s et il se trouve que celles qui le font affichent des r\u00e9ussites spectaculaires. Dans le monde des mutuelles et assurances, le cas de la Maif est exemplaire de cela. Force est toutefois de constater que la culture du \u00ab\u00a0projet d\u2019entreprise\u00a0\u00bb qui s\u2019est d\u00e9velopp\u00e9e depuis des ann\u00e9es ne parvient pas \u00e0 r\u00e9soudre la question d\u00e9cisive de l\u2019engagement \u00ab\u00a0sinc\u00e8re \u00bb des salari\u00e9s dans leur entreprise. Il y a ind\u00e9niablement une mutation \u00e0 accomplir pour les dirigeants dans la fa\u00e7on de conduire et construire le d\u00e9veloppement de leur entreprise.<\/p>\n<h3><strong>\u00ab\u00a0Partagez mon projet\u00a0\u00bb ou : les d\u00e9rives de la participation<\/strong><\/h3>\n<p>Si les salari\u00e9s restent dubitatifs sur la qualit\u00e9 de l\u2019engagement de leur entreprise et ne lui font majoritairement pas confiance, c\u2019est en partie parce que les pratiques \u00ab\u00a0participatives\u00a0\u00bb d\u00e9di\u00e9es aux salari\u00e9s restent tr\u00e8s souvent au stade de l\u2019habillage\u00a0: la direction g\u00e9n\u00e9rale d\u00e9finit le projet, les RH en traitent les cons\u00e9quences pour les salari\u00e9s et la communication interne habille le tout en mettant plus ou moins de vernis. Ce n\u2019est pas simplement un probl\u00e8me de m\u00e9thode, c\u2019est un probl\u00e8me de fond\u00a0: il s\u2019agit de revoir sur quoi porte la concertation, comment elle touche au projet et \u00e0 son sens. Ce qu\u2019il s\u2019agit de discuter avec les salari\u00e9s, c\u2019est plus le \u00ab\u00a0pourquoi\u00a0\u00bb que le \u00ab\u00a0comment\u00a0\u00bb. Il ne suffit pas de se dire \u00ab\u00a0entreprise\u00a0lib\u00e9r\u00e9e\u00a0\u00bb pour l\u2019\u00eatre, ni de proposer aux salari\u00e9s des ateliers de co-working pour qu\u2019ils aient r\u00e9ellement l\u2019impression que leur parole compte. Au contraire\u00a0: la multiplication des formes de participation ludiques et d\u00e9rivatives par rapport au c\u0153ur du projet de l\u2019entreprise peut ab\u00eemer la relation de confiance\u00a0: \u00ab\u00a0<em>on nous consulte mais c\u2019est pour la forme, \u00e7a ne sert \u00e0 rien<\/em>\u00a0\u00bb, ou bien encore \u00ab\u00a0<em>on nous consulte sur les d\u00e9tails, mais quand \u00e7a compte <\/em><em>vraiment,on ne vient pas nous voir<\/em>\u00a0\u00bb\u2026 Par \u00ab\u00a0vision partag\u00e9e\u00a0\u00bb les directions d\u2019entreprise entendent que les salari\u00e9s doivent partager leur vision, pas l\u2019enrichir, pas l\u2019infl\u00e9chir, pas peser\u2026 L\u00e0 est le probl\u00e8me\u2026 Ecouter les salari\u00e9s sur les enjeux strat\u00e9giques, partir du sens de l\u2019engagement professionnel de chacun pour construire une vision partag\u00e9e des valeurs port\u00e9es par l\u2019entreprise, voil\u00e0 le vrai enjeu\u00a0!<\/p>\n<p>Le sens d\u2019un travail, le \u00ab\u00a0Pour quoi\u00a0\u00bb est central dans l\u2019engagement pour une entreprise. Aussi paradoxal que cela puisse para\u00eetre, c\u2019est pourtant rarement ce qui est mis en d\u00e9bat depuis que le pilotage strat\u00e9gique des entreprises est pass\u00e9 \u00ab\u00a0en mode projet\u00a0\u00bb. Si l\u2019on se penche sur la m\u00e9thode, cet \u00e9cart devient limpide. Dans toutes les entreprises, les s\u00e9quences se r\u00e9p\u00e8tent en effet sur un m\u00eame rythme\u00a0: 1- on identifie les d\u00e9fis futurs qui se dressent devant l&rsquo;entreprise \u00e0 l&rsquo;occasion de groupes de travail \u00ab\u00a0prospective 20XX\u00a0\u00bb. 2- un cabinet de conseil \u00e9labore en relation \u00e9troite avec le DG un \u00ab\u00a0projet\u00a0\u00bb ou un \u00ab\u00a0plan\u00a0\u00bb (Transform, puis Perform, etc) c&rsquo;est-\u00e0-dire une solution permettant de restructurer l&rsquo;entreprise pour la rendre apte \u00e0 anticiper et relever ces d\u00e9fis\u00a0; 3- un d\u00e9ploiement de communication est organis\u00e9\u00a0pour diffuser la culture associ\u00e9e \u00e0 ce nouveau projet\u00a0: c&rsquo;est le temps des grandes messes et du \u00ab\u00a0partage du projet\u00a0\u00bb. Le dernier mot \u2013 horrible \u2013 \u00e0\u00a0 la mode pour qualifier ce temps de partage est le \u00ab\u00a0<em>cascading<\/em>\u00a0\u00bb<a href=\"#_ftn1\" name=\"_ftnref1\">[1]<\/a>\u00a0: pour commencer, la direction g\u00e9n\u00e9rale partage le projet avec le comex pour le tester. Ensuite, le projet est partag\u00e9 avec le Top 100 ou 200 en exclusivit\u00e9, puis avec le Top 800 ou 1200 pour pr\u00e9parer son d\u00e9ploiement\u2026 Le management \u00ab\u00a0de proximit\u00e9\u00a0\u00bb est alors convoqu\u00e9 pour le sensibiliser au travail d\u2019appropriation qui devra \u00eatre men\u00e9. Enfin, les salari\u00e9s peuvent prendre connaissance et faire part de leurs questions. Il peut arriver \u00e0 ce moment-l\u00e0 qu\u2019il y ait des s\u00e9ances d\u2019ateliers pour que chacun puisse contribuer, sur la base des sujets d\u00e9finis par la direction et le cabinet de conseil, en apportant des id\u00e9es ou remarques pratiques. Dans ces d\u00e9roul\u00e9s savamment agenc\u00e9s, aucun moment n\u2019offre de v\u00e9ritable espace pour discuter de mani\u00e8re ouverte des grandes orientations, valeurs et hypoth\u00e8ses de base du projet\u00a0: on imagine comment serait re\u00e7u un salari\u00e9 qui, apr\u00e8s tout ce travail, prendrait la parole pour formuler une remarque sur le sens g\u00e9n\u00e9ral du moment v\u00e9cu par l\u2019entreprise et son environnement concurrentiel.<\/p>\n<h3><strong>Evitez les cascades hi\u00e9rarchiques : le sens se cr\u00e9e et se partage largement<\/strong><\/h3>\n<p>Chaque nouvelle direction d\u00e9ploie son projet et le partage \u00e0 son tour avec des \u00e9quipes de managers qui, elles, n&rsquo;ont pas chang\u00e9 et ont v\u00e9cu le pr\u00e9c\u00e9dent projet strat\u00e9gique \u00e0 20 ans r\u00e9alis\u00e9 par la pr\u00e9c\u00e9dente direction 3 \u00e0 4 ans auparavant et ces managers ont ensuite \u00e0 faire la \u00ab\u00a0p\u00e9dagogie du projet\u00a0\u00bb pour des salari\u00e9s de plus en plus dubitatifs. Au final tout le monde (sauf peut-\u00eatre le responsable du projet) se demande\u00a0\u00a0\u00ab\u00a0\u00e0 quoi cela va-t-il servir?\u00a0\u00bb. Et effectivement, on peut leur donner raison : le projet d&rsquo;entreprise fait office d&rsquo;exercice formel et n&rsquo;est jamais \u00e9valu\u00e9 sur sa capacit\u00e9 \u00e0 transformer vraiment la fa\u00e7on de travailler. <em>In fine <\/em>l&rsquo;objectif semble \u00eatre le plan en lui-m\u00eame ou parfois, plus sournoisement, une fa\u00e7on de faire passer une rationalisation de l&rsquo;organisation&#8230; en aucun cas, on ne compte sur le projet en tant que tel pour mettre en mouvement l&rsquo;entreprise. Au plus, esp\u00e8re-t-on, \u00ab\u00a0mobiliser les troupes\u00a0\u00bb (avec le constat que, de toutes mani\u00e8res, leur implication, de fait, ne change rien \u00e0 un projet d\u00e9j\u00e0 boucl\u00e9&#8230;). Il y a, dans ces simulacres de projets partag\u00e9s, un double malentendu :<\/p>\n<ul>\n<li>on fournit du sens aux salari\u00e9s et managers, on \u00ab\u00a0partage\u00a0\u00bb avec eux un projet que l&rsquo;on a construit sans eux alors que le sens collectif se trouve pr\u00e9cis\u00e9ment dans l&rsquo;exercice de construction\u00a0: ce n\u2019est pas tant le projet qu\u2019il s&rsquo;agit de partager, c\u2019est la construction du projet. C&rsquo;est dans l&rsquo;exercice de questionnement que le sens du collectif est \u00e9prouv\u00e9, beaucoup plus que dans un message aux troupes qui rappelle des pratiques d\u2019un autre temps&#8230;<\/li>\n<li>on ne peut pas, en m\u00eame temps, demander de l&rsquo;innovation, de l&rsquo;esprit d&rsquo;initiative, de la prise de risque aux salari\u00e9s, c&rsquo;est \u00e0 dire s&rsquo;appuyer au quotidien sur leur intelligence strat\u00e9gique et imaginer qu&rsquo;ils ne saisiront pas le caract\u00e8re profond\u00e9ment artificiel de la convention et du projet qui leur seront pr\u00e9sent\u00e9s&#8230; Cette pratique est schizophr\u00e8ne pour les salari\u00e9s et ne peut que d\u00e9sorienter les managers\u00a0!<\/li>\n<\/ul>\n<p>Et pourtant, l\u2019intelligence collective, \u00e7a paye\u00a0! Pleinement mobiliser les salari\u00e9s suppose toutefois quelques \u00e9volutions dans les pratiques. Il y a besoin \u00e0 la fois de les associer plus et diff\u00e9remment en amont et de profond\u00e9ment changer les codes de communication interne.<\/p>\n<h3><strong>Associer les salari\u00e9s en amont, d\u00e8s la d\u00e9finition des enjeux strat\u00e9giques<\/strong><\/h3>\n<p>Plus associer les salari\u00e9s, cela signifie les associer plus t\u00f4t et plus massivement. Plus t\u00f4t, c\u2019est \u00e0 dire qu\u2019il faut consulter les salari\u00e9s tout en amont, aller \u00e9couter leur diagnostic sur les valeurs et enjeux de l\u2019entreprise et sur la fa\u00e7on dont ils sont bouscul\u00e9s ou confort\u00e9s par l\u2019\u00e9volution du contexte dans lequel \u00e9volue l\u2019entreprise .<\/p>\n<ul>\n<li>c\u2019est utile car le ressenti de l\u2019ensemble des salari\u00e9s ou des agents est fondamental pour mesurer qualitativement la disponibilit\u00e9 de l\u2019ensemble du corps social au changement\u2026 et souvent les syndicats et le management sont des relais particuli\u00e8rement biais\u00e9s de cette pulsation interne de l\u2019entreprise. Parce qu\u2019ils sont eux-m\u00eames en crise profonde, ils faussent la vision qu\u2019ils sont cens\u00e9s refl\u00e9ter du corps social sans m\u00eame avoir la volont\u00e9 de le faire\u2026<\/li>\n<li>c\u2019est \u00e9galement fondamental car c\u2019est la garantie de ne pas oublier de mettre au c\u0153ur du projet les valeurs auxquelles les salari\u00e9s sont attach\u00e9s\u2026 Tout ce qui peut les emmener \u00e0 consid\u00e9rer que leur parole est utile, qu\u2019elle p\u00e8se et que parler est une fa\u00e7on de contribuer \u00e0 l\u2019avanc\u00e9e du projet de l\u2019entreprise,\u00a0est une r\u00e9ponse directe au besoin de sens dans son travail que les entreprises doivent aujourd\u2019hui prendre en compte&#8230; La libert\u00e9 de parole, c\u2019est le moteur de l\u2019entreprise.<\/li>\n<\/ul>\n<p>Il ne s\u2019agit pas de pr\u00e9tendre que les dirigeants ne seraient pas \u00e0 m\u00eame d&rsquo;identifier les bonnes questions et que les salari\u00e9s conna\u00eetraient mieux l&rsquo;entreprise, c\u2019est simplement qu\u2019il faut laisser une chance aux salari\u00e9s de faire eux-m\u00eames le diagnostic que porte la direction. Assez souvent, \u00a0les \u00e9tats des enjeux et des urgences produits par la \u00ab\u00a0base\u00a0\u00bb et par la \u00ab\u00a0direction\u00a0\u00bb sont tr\u00e8s convergents\u00a0: \u00e0 l\u2019issue d\u2019un travail men\u00e9 il y a quelques ann\u00e9es pour la FNAC, Denis Olivennes\u00a0 faisait le constat suivant\u00a0: \u00ab\u00a0<em>le probl\u00e8me que nous avons c\u2019est que vous, les salari\u00e9s, vous vous int\u00e9ressez \u00e0 des sujets qui nous int\u00e9ressent nous aussi mais nous ne le savons pas, et nous, la direction, on traite de sujets qui vous int\u00e9ressent mais vous ne le savez pas\u00a0<\/em>\u00bb\u2026 Que le constat sur les enjeux strat\u00e9giques pour l\u2019avenir de l\u2019entreprise soit formul\u00e9 directement par les salari\u00e9s, avec leurs mots et \u00e0 partir de leur vision des enjeux prioritaires de l\u2019entreprise change en effet totalement la dynamique d\u2019\u00e9change autour des transformations \u00e0 engager. Cela ouvre des sujets de discussions qui \u00e9taient suppos\u00e9s tabous, impossibles \u00e0 traiter faute d\u2019une vision pertinente par la hi\u00e9rarchie des urgences que les salari\u00e9s ont en t\u00eate pour l\u2019entreprise dans son ensemble et pas seulement pour eux. Ce que change la parole des salari\u00e9s, c\u2019est ainsi moins le diagnostic que les chantiers que la d\u00e9marche autorise l\u00e9gitimement \u00e0 ouvrir\u00a0: on est plus enclin \u00e0 s\u2019engager positivement dans des transformations massives et \u00e0 \u00eatre attach\u00e9 \u00e0 leur r\u00e9ussite quand on a \u00e9t\u00e9 pour partie \u00e0 l\u2019initiative du processus.<\/p>\n<h3><strong>D\u00e9ployer des processus massifs : viser la totalit\u00e9 des salari\u00e9s !<\/strong><\/h3>\n<p>Modifier le rapport de force interne \u00e0 l\u2019entreprise autour des enjeux de transformation, cela suppose aussi que ces processus soient vraiment massifs\u00a0: il ne s\u2019agit pas d\u2019\u00e9couter un panel de salari\u00e9s pour ensuite revenir vers tous les personnels en se pr\u00e9valant d\u2019une \u00e9coute repr\u00e9sentative. Les salari\u00e9s, comme les citoyens au demeurant, ne croient plus \u00e0 la sinc\u00e9rit\u00e9 de ces d\u00e9marches. La seule fa\u00e7on de bouger le rapport des salari\u00e9s au changement de leur entreprise, c\u2019est d\u2019agir directement sur chacun d\u2019eux\u2026 et pas au moyen d\u2019internet\u00a0: les consultations en ligne sont int\u00e9ressantes mais elles restent dans le domaine de l\u2019opinion. Les \u00e9tudes montrent que les d\u00e9bats en ligne confortent des communaut\u00e9s d\u2019id\u00e9e ferm\u00e9es, c\u2019est un probl\u00e8me en soi dont le monde politique et la vie d\u00e9mocratique p\u00e2tissent lourdement. Mais c\u2019est encore plus \u00e9vident en entreprise dans la mesure o\u00f9 on ne peut d\u00e9passer les opinions simplistes sur le rapport aux valeurs, sur la r\u00e9alit\u00e9 de la libert\u00e9 ou du contr\u00f4le que par de la confrontation au cours de laquelle chacun entend les positions des autres et o\u00f9 la direction peut tenter de d\u00e9passer ces contradictions. Pour que les d\u00e9marches de projet partag\u00e9es aient une r\u00e9elle plus value sur la qualit\u00e9 de la relation direction-salari\u00e9s-managers et qu\u2019elles changent vraiment la disposition d\u2019esprit au sein de l\u2019entreprise, il faut en faire de v\u00e9ritables \u00e9v\u00e9nements, des moments puissants et marquants dans la vie de l\u2019institution, dont chaque participant pourra se dire qu\u2019il en \u00e9tait. C\u2019est peut-\u00eatre un niveau d\u2019engagement fort demand\u00e9 \u00e0 la direction, mais sinon pourquoi faire un projet \u00ab\u00a0de plus\u00a0\u00bb\u00a0?<\/p>\n<h3><strong>Miser au long cours sur la confiance, l&rsquo;ind\u00e9pendance et l&rsquo;intelligence strat\u00e9gique des salari\u00e9s<\/strong><\/h3>\n<p>Un dernier \u00e9l\u00e9ment \u00e0 avoir en t\u00eate, c\u2019est qu\u2019une fois engag\u00e9es ces transformations, il n\u2019est plus possible de continuer \u00e0 communiquer comme avant\u00a0: la communication interne ne peut plus se comporter comme une antenne des agences de publicit\u00e9. Les salari\u00e9s ne croient plus \u00e0 ces messages, voire ils contribuent \u00e0 d\u00e9cr\u00e9dibiliser la direction\u00a0en la montrant d\u00e9connect\u00e9e de leur r\u00e9alit\u00e9. Une communication interne, pour \u00eatre moderne, doit \u00eatre la plus \u00ab\u00a0remontante\u00a0\u00bb possible, elle doit \u00eatre incarn\u00e9e, sinc\u00e8re et directe. Les outils num\u00e9riques permettent aujourd\u2019hui un partage large de l\u2019information au sein des entreprises. Ce que les r\u00e9seaux internes organisent en mati\u00e8re d\u2019outils, de solutions professionnelles ou de groupes de travail, il faut en trouver l\u2019\u00e9cho dans la communication\u00a0: blogs partag\u00e9s, WebTV, etc. Le r\u00e9cit de l\u2019entreprise doit aujourd\u2019hui \u00eatre port\u00e9 par les salari\u00e9s eux-m\u00eames\u00a0! Charge \u00e0 la communication d\u2019assurer que tout ceci sera intelligemment \u00e9ditorialis\u00e9, mais ce n\u2019est plus \u00e0 elle de produire le r\u00e9cit. Dans une interview donn\u00e9e aux Echos, Eric Lombard, alors DG de G\u00e9n\u00e9rali France, expliquait m\u00eame que la WebTV de son entreprise lui \u00e9tait utile \u00e0 lui, directeur g\u00e9n\u00e9ral, pour \u00eatre au courant en direct de l\u2019\u00e9tat d\u2019esprit des salari\u00e9s et que c\u2019\u00e9tait un des outils de pilotage dont il se servait pour conduire le changement. Des \u00e9l\u00e9ments de com\u2019 issus des salari\u00e9s et utilis\u00e9s par la direction\u2026 le monde \u00e0 l\u2019envers\u00a0? Peut-\u00eatre par rapport aux canons du XXe si\u00e8cle mais c\u2019est bel et bien le monde dans lequel nous sommes aujourd\u2019hui\u00a0!<\/p>\n<p>Beaucoup d\u2019entreprises ont mis \u00ab\u00a0le client au centre\u00a0\u00bb. Moins nombreuses sont celles qui en ont tir\u00e9 toutes les cons\u00e9quences internes\u00a0: on ne peut pas dire \u00ab\u00a0le client au centre\u00a0\u00bb, demander un service attentionn\u00e9 et traiter les plus front office des salari\u00e9s en variables d\u2019ajustement et\/ou en robots \u00e0 qui on demande de suivre des scripts, des proc\u00e9dures. Sur eux reposent l\u2019image de l\u2019entreprise, son agilit\u00e9, mais aussi le rep\u00e9rage des besoins autant que des d\u00e9tails qui achoppent dans les offres\u2026 La moindre t\u00e2che peut requ\u00e9rir des comp\u00e9tences qui d\u00e9passent largement celles inscrites sur la feuille de poste. C\u2019est une chance pour un pays comme la France dont la population est massivement tr\u00e8s qualifi\u00e9e. C\u2019est aussi une chance pour les entreprises et les dirigeants qui sauront saisir cette attente de rep\u00e8res et de valeurs partag\u00e9s pour faire une place r\u00e9elle aux salari\u00e9s dans la construction de leur projet et l\u2019animation de leur vie interne.<\/p>\n<hr \/>\n<p><em><a href=\"#_ftnref1\" name=\"_ftn1\"><strong>[1]<\/strong><\/a> Le cascading, c\u2019est comme l\u2019explication donn\u00e9e au PCF sur le centralisme d\u00e9mocratique\u00a0: pour l\u2019expliquer \u00e0 un nouvel adh\u00e9rent, Georges Marchais prend un seau d\u2019eau, monte au deuxi\u00e8me \u00e9tage Place du Colonel Fabien. Il\u00a0 demande \u00e0 l\u2019adh\u00e9rent n\u00e9ophyte de se mettre sous la fen\u00eatre. L\u00e0 il lui dit, \u00ab\u00a0je vais t\u00a0\u2018expliquer le fonctionnement du centralisme d\u00e9mocratique\u00a0\u00bb, il balance la flotte sur le camarade et lui dit \u00ab\u00a0et maintenant, renvoie-moi l\u2019eau\u00a0\u00bb\u2026\u00a0 \u00a0<\/em><\/p>\n","protected":false},"excerpt":{"rendered":"<p>Nous vivons une \u00e9poque formidable. Alors qu\u2019autrefois le travail \u00e9tait un \u00ab\u00a0dur labeur\u00a0\u00bb, partout se multiplient les initiatives en faveur du \u00ab\u00a0bonheur au travail\u00a0\u00bb. Autrefois, les entreprises chronom\u00e9traient et contr\u00f4laient les actions, aujourd\u2019hui elles \u00ab\u00a0lib\u00e8rent\u00a0\u00bb leurs salari\u00e9s\u00a0! Les attentes des salari\u00e9s rencontreraient les besoins des entreprises\u2026 Bonheur des salari\u00e9s, joie des entreprises, heureuse conjonction, voici [&hellip;]<\/p>\n","protected":false},"author":78,"featured_media":2282,"comment_status":"open","ping_status":"open","sticky":false,"template":"","format":"standard","meta":{"_et_pb_use_builder":"","_et_pb_old_content":"","_et_gb_content_width":"","_exactmetrics_skip_tracking":false,"_exactmetrics_sitenote_active":false,"_exactmetrics_sitenote_note":"","_exactmetrics_sitenote_category":0,"footnotes":""},"categories":[136,133],"tags":[],"class_list":["post-2280","post","type-post","status-publish","format-standard","has-post-thumbnail","hentry","category-ressources-humaines-nos-dossiers","category-themes","et-has-post-format-content","et_post_format-et-post-format-standard"],"_links":{"self":[{"href":"https:\/\/variances.eu\/index.php?rest_route=\/wp\/v2\/posts\/2280","targetHints":{"allow":["GET"]}}],"collection":[{"href":"https:\/\/variances.eu\/index.php?rest_route=\/wp\/v2\/posts"}],"about":[{"href":"https:\/\/variances.eu\/index.php?rest_route=\/wp\/v2\/types\/post"}],"author":[{"embeddable":true,"href":"https:\/\/variances.eu\/index.php?rest_route=\/wp\/v2\/users\/78"}],"replies":[{"embeddable":true,"href":"https:\/\/variances.eu\/index.php?rest_route=%2Fwp%2Fv2%2Fcomments&post=2280"}],"version-history":[{"count":0,"href":"https:\/\/variances.eu\/index.php?rest_route=\/wp\/v2\/posts\/2280\/revisions"}],"wp:featuredmedia":[{"embeddable":true,"href":"https:\/\/variances.eu\/index.php?rest_route=\/wp\/v2\/media\/2282"}],"wp:attachment":[{"href":"https:\/\/variances.eu\/index.php?rest_route=%2Fwp%2Fv2%2Fmedia&parent=2280"}],"wp:term":[{"taxonomy":"category","embeddable":true,"href":"https:\/\/variances.eu\/index.php?rest_route=%2Fwp%2Fv2%2Fcategories&post=2280"},{"taxonomy":"post_tag","embeddable":true,"href":"https:\/\/variances.eu\/index.php?rest_route=%2Fwp%2Fv2%2Ftags&post=2280"}],"curies":[{"name":"wp","href":"https:\/\/api.w.org\/{rel}","templated":true}]}}