{"id":2272,"date":"2017-06-12T11:25:11","date_gmt":"2017-06-12T09:25:11","guid":{"rendered":"http:\/\/variances.eu\/?p=2272"},"modified":"2018-01-03T12:00:13","modified_gmt":"2018-01-03T10:00:13","slug":"portrait-eric-michel-1986-artiste-multimedia","status":"publish","type":"post","link":"https:\/\/variances.eu\/?p=2272","title":{"rendered":"Portrait : Eric MICHEL (1986) &#8211; Artiste Multim\u00e9dia"},"content":{"rendered":"<p style=\"text-align: justify;\"><img loading=\"lazy\" decoding=\"async\" class=\"alignright wp-image-2274 size-full\" src=\"http:\/\/variances.eu\/wp-content\/uploads\/2017\/06\/YIA-Basel_web.jpg\" alt=\"\" width=\"340\" height=\"454\" srcset=\"https:\/\/variances.eu\/wp-content\/uploads\/2017\/06\/YIA-Basel_web.jpg 340w, https:\/\/variances.eu\/wp-content\/uploads\/2017\/06\/YIA-Basel_web-225x300.jpg 225w\" sizes=\"(max-width: 340px) 100vw, 340px\" \/><span style=\"color: #0000ff;\">Nous avions publi\u00e9 il y a d\u00e9j\u00e0 7 ans, dans le num\u00e9ro 38 de Variances, le portrait d\u2019un alumni au parcours atypique devenu artiste multim\u00e9dia. Il nous a paru int\u00e9ressant de mettre en ligne cet entretien, qui ne nous semble pas avoir perdu de son actualit\u00e9.<\/span><\/p>\n<p style=\"text-align: justify;\"><span style=\"color: #0000ff;\">Eric Michel, puisque c\u2019est de lui qu\u2019il s\u2019agit, y r\u00e9pondait \u00e0 nos questions sur son exp\u00e9rience \u00e0 l\u2019\u00e9cole, son parcours, ses exp\u00e9riences, ses choix de vie qui l\u2019ont men\u00e9 d\u2019une premi\u00e8re carri\u00e8re dans la finance internationale vers une trajectoire dans l\u2019art contemporain en tant qu\u2019artiste multim\u00e9dia sp\u00e9cialis\u00e9 dans la lumi\u00e8re.<\/span><\/p>\n<p style=\"text-align: justify;\"><span style=\"color: #0000ff;\">A l\u2019\u00e9poque, Eric \u00e9tait en train de d\u00e9ployer son \u0153uvre p\u00e9renne \u00ab\u00a0Les Moulins de Lumi\u00e8re\u00a0\u00bb, visible d\u00e9sormais tous les soirs sur le site des Grands Moulins de Pantin. Ces derni\u00e8res ann\u00e9es, il a \u00e9galement r\u00e9alis\u00e9 de nombreuses installations lumineuses en dialogue avec l\u2019architecture, notamment pour le si\u00e8ge d\u2019Iliad (Free), le Mus\u00e9e d\u2019Art Moderne et d\u2019Art Contemporain (MAMAC) de Nice, Les Cures Marines de Trouville\u2026<\/span><\/p>\n<p style=\"text-align: justify;\"><span style=\"color: #0000ff;\">En 2015, le Comit\u00e9 National de \u00ab\u00a02015 Ann\u00e9e Internationale de la Lumi\u00e8re\u00a0\u00bb lui a confi\u00e9 une mission de conseiller artistique et culturel, et le CNRS lui a confi\u00e9 la cr\u00e9ation de l\u2019\u0153uvre monumentale \u00ab\u00a0Platonium\u00a0\u00bb pour la f\u00eate des Lumi\u00e8res de Lyon. Cette \u0153uvre \u00ab\u00a0arts &amp; sciences\u00a0\u00bb a \u00e9t\u00e9 couronn\u00e9e par le \u00ab\u00a0prix Recylum des lumi\u00e8res durables\u00a0\u00bb et sillonne depuis le monde\u00a0: Bruxelles en f\u00e9vrier dernier \u00e0 l\u2019occasion du festival Bright Brussels, et Quito en ao\u00fbt prochain pour la Fiesta de la Luz\u2026<\/span><\/p>\n<p style=\"text-align: justify;\"><span style=\"color: #0000ff;\">Eric a renforc\u00e9 depuis son engagement pour la transversalit\u00e9 entre l\u2019art, la recherche et l\u2019innovation, en cr\u00e9ant notamment un projet \u00ab\u00a0arts &amp; sciences\u00a0\u00bb au sein de l\u2019Institut d\u2019Optique Graduate School qu\u2019il anime depuis maintenant 3 ans. Il donne r\u00e9guli\u00e8rement des conf\u00e9rences et des masters classes en \u00e9coles de commerce, \u00e9coles d\u2019ing\u00e9nieurs et \u00e9coles d\u2019architecture, sur des th\u00e8mes li\u00e9s \u00e0 l\u2019innovation, l\u2019art, la perception, la lumi\u00e8re\u2026<\/span><\/p>\n<p style=\"text-align: justify;\"><span style=\"color: #0000ff;\">Il est \u00e9galement conseiller artistique du bateau \u00ab\u00a0Energy Observer\u00a0\u00bb, le \u00ab\u00a0Solar Impulse des mers\u00a0\u00bb qui vient d\u2019\u00eatre mis \u00e0 l\u2019eau \u00e0 Saint Malo et sera pr\u00e9sent\u00e9 \u00e0 Paris d\u00e9but juillet.<\/span><\/p>\n<p style=\"text-align: justify;\"><span style=\"color: #0000ff;\">Une des ses cr\u00e9ations (photo) sera pr\u00e9sent\u00e9e en \u00ab\u00a0focus\u00a0\u00bb de la foire d\u2019art contemporain YIA \u2013 Young International Artists \u2013 \u00e0 B\u00e2le du 13 au 18 juin prochain.<\/span><\/p>\n<p><span style=\"color: #0000ff;\">contatc@ericmichel.net \/\u00a0<\/span><span style=\"color: #0000ff;\">www.ericmichel.net<\/span><\/p>\n<hr \/>\n<p style=\"text-align: justify;\">Eric Michel, un parcours original et brillant qui depuis l\u2019enfance conjugue rationnel et artistique, math\u00e9matiques et musique, finance et peinture pour \u00eatre aujourd\u2019hui devenu un artiste multim\u00e9dia, riche de son identit\u00e9 multiple.<\/p>\n<p style=\"text-align: justify;\"><span style=\"color: #0000ff;\"><em>Variances &#8211; Eric, ce que tu vis aujourd\u2019hui puise ses racines dans une enfance d\u00e9j\u00e0 duelle. <\/em><\/span><\/p>\n<p style=\"text-align: justify;\"><strong>Eric Michel<\/strong> &#8211; Effectivement, mes parents m\u2019ont inscrit tr\u00e8s jeune dans une Ecole d\u2019Art Martenot o\u00f9 j\u2019ai suivi des cours d\u2019\u00e9veil musical et d\u2019arts plastiques, en parall\u00e8le \u00e0 mon cursus scolaire traditionnel. Cela a d\u00e9clench\u00e9 un attrait irr\u00e9sistible pour le domaine artistique, de l\u2019ordre d\u2019une n\u00e9cessit\u00e9 int\u00e9rieure qui ne m\u2019a jamais quitt\u00e9. En marge de mes \u00e9tudes, j\u2019ai continu\u00e9 dans un premier temps mon cheminement dans la musique &#8211; le piano -, puis le jazz et le rock. En classes pr\u00e9paratoires au lyc\u00e9e Louis le Grand, j\u2019ai r\u00e9ussi \u00e0 obtenir un piano pour les internes, et j\u2019ai fait de m\u00eame \u00e0 mon arriv\u00e9e \u00e0 l\u2019ENSAE. Nous avons m\u00eame form\u00e9 un groupe de rock qui r\u00e9p\u00e9tait dans le bureau des \u00e9l\u00e8ves et se produisait lors des f\u00eates de l\u2019\u00e9cole\u2026 !<\/p>\n<p style=\"text-align: justify;\"><span style=\"color: #0000ff;\"><em>V.- Tu choisis l\u2019ENSAE de pr\u00e9f\u00e9rence \u00e0 d\u2019autres \u00e9coles, pourquoi ? Que t\u2019ont apport\u00e9 tes ann\u00e9es d\u2019\u00e9tudes ? <\/em><\/span><\/p>\n<p style=\"text-align: justify;\"><strong>E.M.<\/strong> &#8211; En classes pr\u00e9paratoires, j\u2019\u00e9tais tr\u00e8s proche des litt\u00e9raires, gr\u00e2ce \u00e0 un ami qui \u00e9tait venu avec moi du lyc\u00e9e Montmajour d\u2019Arles\u2026 un petit cercle s\u2019est cr\u00e9\u00e9, qui m\u2019a sensibilis\u00e9 \u00e0 la philosophie, aux sciences sociales, et a renforc\u00e9 mon int\u00e9r\u00eat pour l\u2019art, en contrepoint de ma passion pour les math\u00e9matiques.<\/p>\n<p style=\"text-align: justify;\">J\u2019avais par ailleurs un int\u00e9r\u00eat tr\u00e8s marqu\u00e9 pour l\u2019international. Je souhaitais donc privil\u00e9gier les \u00e9coles g\u00e9n\u00e9ralistes, et l\u2019ENSAE \u00e9tait l\u2019une des rares \u00e9coles \u00e0 rassembler la plupart de mes domaines de pr\u00e9dilection. Mais au final, il ne faut pas se le cacher, ce sont les concours qui tranchent. On a beau avoir des objectifs, se pr\u00e9parer, les concours restent encore une grande loterie qui brasse les talents de mani\u00e8re parfois chaotique. Je consid\u00e8re que j\u2019ai eu de la chance. D\u2019autant plus que l\u2019ENSAE m\u2019a permis de rencontrer Val\u00e9rie, ma femme et de me forger des amiti\u00e9s durables.<\/p>\n<p style=\"text-align: justify;\">Je n\u2019ai pas non plus \u00e9t\u00e9 d\u00e9\u00e7u par l\u2019ouverture vers l\u2019international puisqu\u2019en premi\u00e8re ann\u00e9e, gr\u00e2ce \u00e0 mon p\u00e8re, j\u2019ai pu faire un stage \u00e0 Chicago sur les options. Et en seconde ann\u00e9e, \u00e0 l\u2019initiative d\u2019Alain Trognon et Jacques Mistral, un voyage d\u2019\u00e9tude au Japon a \u00e9t\u00e9 organis\u00e9. Les \u00e9l\u00e8ves \u00e9taient s\u00e9lectionn\u00e9s sur des m\u00e9moires de motivation et nous avons rassembl\u00e9 nos \u00e9nergies pour trouver le financement de ce voyage. Cette aventure a \u00e9t\u00e9 d\u00e9terminante puisque j\u2019ai pass\u00e9 sept ans de ma vie dans ce pays\u2026<\/p>\n<p style=\"text-align: justify;\">Du point de vue de la formation, j\u2019ai appr\u00e9ci\u00e9 le bon \u00e9quilibre entre math\u00e9matiques et \u00e9conomie qui m\u2019a fourni des fondations solides pour mon exp\u00e9rience en entreprise, mais je garde \u00e9galement en t\u00eate ce grain de folie qui r\u00e9gnait parfois autour de la Kf\u00eat, l\u2019\u00e9nergie de la Junior Entreprise, sans oublier le club photo et les soir\u00e9es\u2026 Je trouve que l\u2019\u00e9cole a su tisser un lien sp\u00e9cial avec les Anciens. J\u2019ai \u00e9t\u00e9 amen\u00e9 \u00e0 y revenir pour animer un groupe de travail sur les options, et d\u00e8s que cela m\u2019a \u00e9t\u00e9 possible j\u2019ai h\u00e9berg\u00e9 des stagiaires et embauch\u00e9 de jeunes dipl\u00f4m\u00e9s. Certains anciens ENSAE sont devenus des amis proches qui m\u2019ont soutenu dans les diff\u00e9rentes p\u00e9riodes de ma vie. C\u2019est donc avec plaisir que je r\u00e9ponds aujourd\u2019hui \u00e0 l\u2019invitation de Variances et j\u2019en profite pour saluer amicalement ceux qui liront ces lignes.<\/p>\n<p style=\"text-align: justify;\"><span style=\"color: #0000ff;\"><em> V. &#8211; A la sortie de l\u2019\u00e9cole, au lieu de te lancer dans la musique avec ton groupe de rock, tu choisis une carri\u00e8re de financier international que tu m\u00e8nes brillamment pendant 17 ans. <\/em><\/span><\/p>\n<p style=\"text-align: justify;\"><strong>E.M.<\/strong> &#8211; C\u2019est vrai que j\u2019ai song\u00e9 s\u00e9rieusement \u00e0 me lancer dans le rock ! Notre groupe avait un d\u00e9but de succ\u00e8s et nous avions gagn\u00e9 un concours qui nous avait permis d\u2019enregistrer quelques titres dans un studio renomm\u00e9. Malheureusement, l\u2019\u00e9ch\u00e9ance du service militaire est arriv\u00e9e et il a fallu prendre des d\u00e9cisions. Le batteur est parti en coop\u00e9ration aux USA et moi au Japon. Le groupe s\u2019est dissous, reform\u00e9 pour quelques occasions, a essaim\u00e9\u2026l\u2019histoire n\u2019est peut-\u00eatre pas finie\u2026<\/p>\n<p style=\"text-align: justify;\">Toujours est-il qu\u2019au Japon commence effectivement pour moi une carri\u00e8re dans la finance, initialement au Cr\u00e9dit Agricole centr\u00e9e sur la mod\u00e9lisation, les options, la gestion d\u2019actifs, et qui s\u2019est poursuivie chez State Street dans la gestion quantitative. Au fil des ann\u00e9es, je suis rest\u00e9 tr\u00e8s impliqu\u00e9 dans la recherche, mais mes fonctions se sont tourn\u00e9es peu \u00e0 peu vers le management. En 1998 je suis reparti au Japon pour prendre la direction de State Street Global Advisors Japan et j\u2019ai eu la chance de pouvoir participer de pr\u00e8s \u00e0 la refonte du syst\u00e8me japonais des retraites, une r\u00e9forme d\u2019une ampleur comparable \u00e0 celles de l\u2019\u00e8re Meiji.<\/p>\n<p style=\"text-align: justify;\">Cette p\u00e9riode d\u2019\u00e9panouissement professionnel a \u00e9t\u00e9 d\u00e9cisive pour moi \u00e0 bien des \u00e9gards puisqu\u2019elle m\u2019a \u00e9galement permis de redonner un \u00e9lan particulier \u00e0 mon activit\u00e9 artistique. A mon retour en France, j\u2019ai continu\u00e9 un temps ma carri\u00e8re en tant que membre de la direction de State Street Global Advisors Europe jusqu\u2019en 2003, mais ma passion pour l\u2019art avait alors d\u00e9finitivement pris le pas sur mon int\u00e9r\u00eat pour la finance\u2026<\/p>\n<p style=\"text-align: justify;\"><span style=\"color: #0000ff;\"><em> V. &#8211; Pendant toutes ces ann\u00e9es de vie professionnelle intense et passionnante, tu continues \u00e0 peindre et \u00e0 faire de la musique. C\u2019est une forme d\u2019expression identitaire qui t\u2019est n\u00e9cessaire au m\u00eame titre que ton activit\u00e9 professionnelle te permet de satisfaire ta curiosit\u00e9 intellectuelle.<\/em><\/span><\/p>\n<p style=\"text-align: justify;\"><strong>E.M.<\/strong> &#8211; C\u2019est certainement mon c\u00f4t\u00e9 G\u00e9meaux, ma double personnalit\u00e9 ! \u2026 S\u00e9rieusement, j\u2019ai toujours cru \u00e0 la recherche d\u2019un \u00e9quilibre entre les diff\u00e9rentes facettes de mon d\u00e9veloppement personnel. Curieux de nature, j\u2019ai toujours refus\u00e9 de sacrifier l\u2019une ou l\u2019autre de mes activit\u00e9s privil\u00e9gi\u00e9es : la recherche, sous toutes ses formes, et la cr\u00e9ation. Mon identit\u00e9 s\u2019est construite dans la relation dynamique qui anime ces deux p\u00f4les.<\/p>\n<p style=\"text-align: justify;\">Pour comprendre mon parcours personnel, il ne faut pas chercher \u00e0 s\u00e9parer ma vie professionnelle dans la finance de ma vie d\u2019artiste actuelle. L\u2019\u00e9volution s\u2019est faite par phases, et les moteurs intellectuels \u00e0 l\u2019\u0153uvre dans la mod\u00e9lisation quantitative et le management ne sont pas forc\u00e9ment si \u00e9loign\u00e9s de ceux d\u00e9ploy\u00e9s dans la cr\u00e9ation artistique. En revanche, celle-ci se situe clairement \u00e0 un niveau de sensibilit\u00e9 tr\u00e8s diff\u00e9rent.<\/p>\n<p style=\"text-align: justify;\">Pendant de nombreuses ann\u00e9es, j\u2019ai pu mener les deux de front ; cela m\u2019a demand\u00e9 un peu d\u2019organisation et une certaine capacit\u00e9 de d\u00e9- doublement. D\u00e8s que je sortais du travail, je retrouvais mon studio de musique qui me servait \u00e9galement d\u2019atelier, souvent la nuit. Cet espace de libert\u00e9 indispensable m\u2019a permis de m\u00fbrir mes projets artistiques, pendant que je me construisais une s\u00e9curit\u00e9 financi\u00e8re qui m\u2019assure aujourd\u2019hui une libert\u00e9 d\u2019action appr\u00e9ciable dans ma vie d\u2019artiste.<\/p>\n<p style=\"text-align: justify;\"><span style=\"color: #0000ff;\"><em> V. &#8211; Un jour, tu oses passer le cap : c\u2019est une \u00e9volution naturelle pour toi, m\u00eame si cela para\u00eet \u00e0 beaucoup une rupture existentielle. <\/em><\/span><\/p>\n<p style=\"text-align: justify;\"><strong>E.M.<\/strong> &#8211; Effectivement, tout ne s\u2019est pas fait en un jour, loin s\u2019en faut. Au d\u00e9part, il y avait cette pr\u00e9disposition, qui me faisait dire que l\u2019art n\u2019\u00e9tait pas pour moi un simple passe-temps mais une v\u00e9ritable vocation, un espace d\u2019\u00e9panouissement. J\u2019ai parl\u00e9 tr\u00e8s t\u00f4t \u00e0 ma femme, \u00e0 mes amis proches, de ma volont\u00e9 de me consacrer un jour \u00e0 l\u2019art, sans me fixer d\u2019objectifs pr\u00e9cis ni dans le temps ni dans la nature de mes activit\u00e9s futures. Je peignais, je faisais de la musique et \u00e7a m\u2019allait tr\u00e8s bien. Et puis les choses ont pris forme, en trois temps.<\/p>\n<p style=\"text-align: justify;\">En 2000, Val\u00e9rie m\u2019a montr\u00e9 un article faisant appel \u00e0 candidature dans un journal japonais, \u00e9quivalent des Inrockuptibles, pour une exposition intitul\u00e9e Design Festa. Elle est parvenue \u00e0 me convaincre que le temps \u00e9tait peut-\u00eatre venu d\u2019exposer mes \u0153uvres. Mon dossier a \u00e9t\u00e9 retenu et j\u2019ai mis en place un box multim\u00e9dia (vid\u00e9o, peinture, collages, musique techno) qui a retenu l\u2019attention du public et des m\u00e9dia. J\u2019ai gagn\u00e9 un prix m\u2019offrant une exposition en galerie et un passage sur une cha\u00eene c\u00e2bl\u00e9e. D\u2019autres expositions ont suivi et j\u2019ai pris conscience \u00e0 ce moment-l\u00e0 que mes \u0153uvres, initialement cr\u00e9\u00e9es dans une simple d\u00e9marche personnelle, pouvaient prendre vie aux yeux des autres et gagner ainsi une forme d\u2019autonomie\u2026<\/p>\n<p style=\"text-align: justify;\">En septembre 2001, c\u2019est le tournant. Les Twin Towers s\u2019effondrent emmenant avec elles cinq employ\u00e9s japonais d\u2019une compagnie avec laquelle j\u2019avais mont\u00e9 une joint-venture. Je reste sans nouvelles pendant 24 heures d\u2019un de mes meilleurs amis, camarade de promotion, heureusement sauv\u00e9 car il \u00e9tait arriv\u00e9 en retard ce matin-l\u00e0. Au m\u00eame moment, notre fils est frapp\u00e9 par une maladie grave qui nous conduit \u00e0 rentrer en France par le premier avion. Et devant son courage, au rythme des chimioth\u00e9rapies, je prends conscience que le moment est venu de renverser mes priorit\u00e9s et de donner une place centrale \u00e0 l\u2019art.<\/p>\n<p style=\"text-align: justify;\">En 2003, je re\u00e7ois dans la nuit un appel d\u2019un ami sculpteur japonais qui m\u2019annonce que je suis s\u00e9- lectionn\u00e9 pour participer \u00e0 la biennale de Kawasaki. Si je dois donner une date charni\u00e8re dans ma vie, ce serait probablement celle-l\u00e0, d\u2019autant plus qu\u2019elle correspond \u00e0 l\u2019arr\u00eat de ma carri\u00e8re dans la finance. Il m\u2019est arriv\u00e9 d\u2019agir ponctuellement en tant que conseiller, par exemple pour Axa au Japon de 2005 \u00e0 2009 ou pour Veuve Clicquot de 2007 \u00e0 2009, mais je peux dire que depuis 2003, ma vie est d\u00e9sormais consacr\u00e9e \u00e0 l\u2019art.<\/p>\n<p style=\"text-align: justify;\"><span style=\"color: #0000ff;\"><em> V. &#8211; Depuis 2003, tu donnes la priorit\u00e9 \u00e0 ta vie artistique. <\/em><\/span><\/p>\n<p style=\"text-align: justify;\"><strong>E.M.<\/strong> &#8211; Apr\u00e8s la biennale de Kawasaki, j\u2019ai pu obtenir quelques expositions et j\u2019en ai profit\u00e9 pour d\u00e9couvrir le monde de l\u2019art et ses rouages, aussi bien en France qu\u2019\u00e0 l\u2019\u00e9tranger. Il m\u2019a fallu deux ou trois ans pour constituer un r\u00e9seau de galeries qui me repr\u00e9sentent maintenant en France, \u00e0 Londres, New York, Gen\u00e8ve, Rome\u2026 Mais le plus difficile aura \u00e9t\u00e9 de franchir le seuil des mus\u00e9es, v\u00e9ritables institutions assez peu ouvertes aux artistes n\u2019ayant pas fr\u00e9quent\u00e9 les bancs des \u00e9coles de Beaux-Arts. C\u2019est d\u00e9sormais chose faite avec une premi\u00e8re vid\u00e9o r\u00e9alis\u00e9e \u00e0 l\u2019occasion des JO de P\u00e9kin et pr\u00e9sent\u00e9e au MOCA de Shanghai, une premi\u00e8re r\u00e9trospective au Mus\u00e9e d\u2019Histoire et d\u2019Art de Villeneuve-Loubet en 2008, et une installation l\u2019an dernier au MAMAC, le Mus\u00e9e d\u2019Art Moderne et d\u2019Art Contemporain de Nice. L\u2019entr\u00e9e dans un mus\u00e9e n\u2019est pas une fin en soi, bien s\u00fbr, mais elle offre une visibilit\u00e9, une forme de cr\u00e9dibilit\u00e9 qui permet de passer \u00e0 une autre \u00e9chelle. Ainsi, je travaille depuis juillet 2009 sur un projet de mise en valeur du site des Grands Moulins de Pantin \u00e0 travers une installation lumineuse d\u2019envergure, et je tiens ici \u00e0 remercier Florence, une amie de l\u2019ENSAE qui m\u2019a pr\u00e9- sent\u00e9 aux diff\u00e9rents acteurs de cette aventure architecturale\u2026<\/p>\n<p style=\"text-align: justify;\"><span style=\"color: #0000ff;\"><em> V. &#8211; Si tu devais d\u00e9finir ton activit\u00e9 artistique, comment la qualifierais-tu ?<\/em><\/span><\/p>\n<p style=\"text-align: justify;\"><strong>E.M<\/strong>. &#8211; Je dirais que je suis un artiste multim\u00e9dia, au sens strict du terme. A l\u2019instar de ma formation pluridisciplinaire, ma palette inclut les m\u00e9dia traditionnels (peinture, sculpture\u2026) tout aussi bien que la photographie, la vid\u00e9o, la musique (samples, compositions). Ce qui guide mon choix est la direction de mon travail, essentiellement centr\u00e9 aujourd\u2019hui sur la lumi\u00e8re et la dualit\u00e9 mat\u00e9- riel\/immat\u00e9riel. La lumi\u00e8re est un vecteur id\u00e9al pour explorer cette fronti\u00e8re en raison de la dualit\u00e9 corpusculaire\/ondulatoire du photon. M\u00eame si mon travail est souvent apparent\u00e9 au courant minimaliste et aux recherches de Dan Flavin, je me sens plus proche d\u2019Yves Klein et James Turrell par leur sensibilit\u00e9, pr\u00e9cis\u00e9ment \u00e0 la fronti\u00e8re entre mat\u00e9riel et immat\u00e9riel. La lumi\u00e8re est cette double peau qui unit les deux facettes d\u2019un m\u00eame monde, comme un passage \u2013 le Miroir d\u2019Alice. Mes Portes de Lumi\u00e8re sont en quelque sorte une invitation au voyage\u2026<\/p>\n<p style=\"text-align: justify;\"><span style=\"color: #0000ff;\"><em> V. &#8211; Tu insistes sur le lien qui te guide entre recherche, sous toutes ses formes, et cr\u00e9ation. <\/em><\/span><\/p>\n<p style=\"text-align: justify;\"><strong>E.M.<\/strong> &#8211; Dans le processus de cr\u00e9ation, ce qui m\u2019importe c\u2019est la recherche de r\u00e9sonance, de vibration, de sensibilit\u00e9 pure qui peut \u00e9maner \u00e0 tout moment de n\u2019importe quel m\u00e9dium, ou de l\u2019interaction entre plusieurs m\u00e9dia. Ce ph\u00e9- nom\u00e8ne est particuli\u00e8rement palpable dans mes \u0153uvres d\u2019immersion, qui plongent le spectateur dans un univers fluorescent hypnotique, telles que celles r\u00e9alis\u00e9es pour Nuit Blanche \u00e0 Paris en 2006, \u00e0 La Sapienza \u00e0 Rome, ou plus r\u00e9cemment aux Archives Yves Klein \u00e0 Montparnasse. Mes installations se pr\u00e9sentent souvent sous forme de modules, \u00e0 g\u00e9om\u00e9tries variables en fonction du site, que ce soit un mus\u00e9e, une chapelle, ou le domicile d\u2019un collectionneur\u2026<\/p>\n<p style=\"text-align: justify;\">Pour finir, j\u2019aimerais parler de mon cheminement actuel qui se rapproche de l\u2019\u00e9pist\u00e9mologie. Pour p\u00e9n\u00e9trer plus avant dans le myst\u00e8re du monde et de sa repr\u00e9sentation, je me suis replong\u00e9 d\u2019un c\u00f4t\u00e9 dans la s\u00e9mantique g\u00e9n\u00e9rale d\u2019Alfred Korzybski (\u00ab La carte n\u2019est pas le territoire \u00bb) et de l\u2019autre dans les fondements de la m\u00e9canique quantique (notamment \u00ab Le Tao de la Physique \u00bb de Fritjof Capra). Cela m\u2019a conduit \u00e0 me rapprocher du p\u00f4le Minatec de Grenoble et des chercheurs en optique quantique et bioluminescence, un retour vers la recherche fondamentale sur la lumi\u00e8re qui me conduira, je l\u2019esp\u00e8re, vers de nouvelles cr\u00e9ations\u2026<\/p>\n<p style=\"text-align: justify;\"><span style=\"color: #0000ff;\"><em> V. &#8211; Pour conclure, as-tu envie d\u2019adresser aux \u00e9tudiants futurs dipl\u00f4m\u00e9s de l\u2019ENSAE un message particulier que t\u2019inspire la mani\u00e8re tr\u00e8s originale dont ta vie s\u2019est d\u00e9roul\u00e9e depuis ta sortie de l\u2019\u00e9cole ? <\/em><\/span><\/p>\n<p style=\"text-align: justify;\"><strong>E.M.<\/strong> &#8211; Je leur dirais qu\u2019il est important de ne pas trop chercher \u00e0 planifier sa vie, de toujours se m\u00e9nager un espace d\u2019\u00e9panouissement personnel, et surtout de savoir suivre le chemin du c\u0153ur.<\/p>\n<p style=\"text-align: justify;\"><span style=\"color: #0000ff;\"><em>Interview r\u00e9alis\u00e9e par Catherine Grandcoing<\/em><\/span><\/p>\n","protected":false},"excerpt":{"rendered":"<p>Nous avions publi\u00e9 il y a d\u00e9j\u00e0 7 ans, dans le num\u00e9ro 38 de Variances, le portrait d\u2019un alumni au parcours atypique devenu artiste multim\u00e9dia. Il nous a paru int\u00e9ressant de mettre en ligne cet entretien, qui ne nous semble pas avoir perdu de son actualit\u00e9. Eric Michel, puisque c\u2019est de lui qu\u2019il s\u2019agit, y [&hellip;]<\/p>\n","protected":false},"author":11,"featured_media":2273,"comment_status":"open","ping_status":"open","sticky":false,"template":"","format":"standard","meta":{"_et_pb_use_builder":"","_et_pb_old_content":"","_et_gb_content_width":"","_exactmetrics_skip_tracking":false,"_exactmetrics_sitenote_active":false,"_exactmetrics_sitenote_note":"","_exactmetrics_sitenote_category":0,"footnotes":""},"categories":[12,26,151],"tags":[],"class_list":["post-2272","post","type-post","status-publish","format-standard","has-post-thumbnail","hentry","category-alumni","category-portraits","category-juin2017","et-has-post-format-content","et_post_format-et-post-format-standard"],"_links":{"self":[{"href":"https:\/\/variances.eu\/index.php?rest_route=\/wp\/v2\/posts\/2272","targetHints":{"allow":["GET"]}}],"collection":[{"href":"https:\/\/variances.eu\/index.php?rest_route=\/wp\/v2\/posts"}],"about":[{"href":"https:\/\/variances.eu\/index.php?rest_route=\/wp\/v2\/types\/post"}],"author":[{"embeddable":true,"href":"https:\/\/variances.eu\/index.php?rest_route=\/wp\/v2\/users\/11"}],"replies":[{"embeddable":true,"href":"https:\/\/variances.eu\/index.php?rest_route=%2Fwp%2Fv2%2Fcomments&post=2272"}],"version-history":[{"count":0,"href":"https:\/\/variances.eu\/index.php?rest_route=\/wp\/v2\/posts\/2272\/revisions"}],"wp:featuredmedia":[{"embeddable":true,"href":"https:\/\/variances.eu\/index.php?rest_route=\/wp\/v2\/media\/2273"}],"wp:attachment":[{"href":"https:\/\/variances.eu\/index.php?rest_route=%2Fwp%2Fv2%2Fmedia&parent=2272"}],"wp:term":[{"taxonomy":"category","embeddable":true,"href":"https:\/\/variances.eu\/index.php?rest_route=%2Fwp%2Fv2%2Fcategories&post=2272"},{"taxonomy":"post_tag","embeddable":true,"href":"https:\/\/variances.eu\/index.php?rest_route=%2Fwp%2Fv2%2Ftags&post=2272"}],"curies":[{"name":"wp","href":"https:\/\/api.w.org\/{rel}","templated":true}]}}