{"id":2234,"date":"2017-05-15T11:16:25","date_gmt":"2017-05-15T09:16:25","guid":{"rendered":"http:\/\/variances.eu\/?p=2234"},"modified":"2017-05-15T11:17:15","modified_gmt":"2017-05-15T09:17:15","slug":"portrait-sylviane-gastaldo-1988","status":"publish","type":"post","link":"https:\/\/variances.eu\/?p=2234","title":{"rendered":"Portrait : Sylviane Gastaldo (1988)"},"content":{"rendered":"<p>[et_pb_section transparent_background=\u00a0\u00bboff\u00a0\u00bb allow_player_pause=\u00a0\u00bboff\u00a0\u00bb inner_shadow=\u00a0\u00bboff\u00a0\u00bb parallax=\u00a0\u00bboff\u00a0\u00bb parallax_method=\u00a0\u00bbon\u00a0\u00bb custom_padding=\u00a0\u00bb37.9063px|0px|0px|0px\u00a0\u00bb make_fullwidth=\u00a0\u00bboff\u00a0\u00bb use_custom_width=\u00a0\u00bboff\u00a0\u00bb width_unit=\u00a0\u00bboff\u00a0\u00bb custom_width_px=\u00a0\u00bb1080px\u00a0\u00bb custom_width_percent=\u00a0\u00bb80%\u00a0\u00bb make_equal=\u00a0\u00bboff\u00a0\u00bb use_custom_gutter=\u00a0\u00bboff\u00a0\u00bb fullwidth=\u00a0\u00bboff\u00a0\u00bb specialty=\u00a0\u00bboff\u00a0\u00bb admin_label=\u00a0\u00bbsection\u00a0\u00bb disabled=\u00a0\u00bboff\u00a0\u00bb][et_pb_row make_fullwidth=\u00a0\u00bboff\u00a0\u00bb use_custom_width=\u00a0\u00bboff\u00a0\u00bb width_unit=\u00a0\u00bboff\u00a0\u00bb custom_width_px=\u00a0\u00bb1080px\u00a0\u00bb custom_width_percent=\u00a0\u00bb80%\u00a0\u00bb use_custom_gutter=\u00a0\u00bboff\u00a0\u00bb gutter_width=\u00a0\u00bb3&Prime; custom_padding=\u00a0\u00bb18.9531px|0px|0px|0px\u00a0\u00bb allow_player_pause=\u00a0\u00bboff\u00a0\u00bb parallax=\u00a0\u00bboff\u00a0\u00bb parallax_method=\u00a0\u00bbon\u00a0\u00bb make_equal=\u00a0\u00bboff\u00a0\u00bb parallax_1=\u00a0\u00bboff\u00a0\u00bb parallax_method_1=\u00a0\u00bbon\u00a0\u00bb parallax_2=\u00a0\u00bboff\u00a0\u00bb parallax_method_2=\u00a0\u00bbon\u00a0\u00bb parallax_3=\u00a0\u00bboff\u00a0\u00bb parallax_method_3=\u00a0\u00bbon\u00a0\u00bb parallax_4=\u00a0\u00bboff\u00a0\u00bb parallax_method_4=\u00a0\u00bbon\u00a0\u00bb admin_label=\u00a0\u00bbrow\u00a0\u00bb disabled=\u00a0\u00bboff\u00a0\u00bb][et_pb_column type=\u00a0\u00bb4_4&Prime; disabled=\u00a0\u00bboff\u00a0\u00bb parallax=\u00a0\u00bboff\u00a0\u00bb parallax_method=\u00a0\u00bbon\u00a0\u00bb][et_pb_text background_layout=\u00a0\u00bblight\u00a0\u00bb text_orientation=\u00a0\u00bbleft\u00a0\u00bb admin_label=\u00a0\u00bbTexte\u00a0\u00bb use_border_color=\u00a0\u00bboff\u00a0\u00bb border_style=\u00a0\u00bbsolid\u00a0\u00bb disabled=\u00a0\u00bboff\u00a0\u00bb]<\/p>\n<p><span style=\"color: #0000ff;\"><em>Variances\u00a0: tu es dipl\u00f4m\u00e9e de l\u2019Ecole Polytechnique et de l\u2019ENSAE, peux-tu nous en dire un peu plus sur ton parcours acad\u00e9mique\u00a0? Pourquoi avoir rejoint le corps des INSEE\u00a0? <\/em><\/span><\/p>\n<p>D\u2019abord le choix de la fonction publique\u00a0: fille de fonctionnaires, j\u2019ai souhait\u00e9 moi aussi travailler pour l\u2019Etat. Quant au corps des Administrateurs de l\u2019INSEE\u00a0: je savais ce que c\u2019\u00e9tait que la statistique et l\u2019\u00e9conomie quantitative et j\u2019avais une certaine app\u00e9tence pour ces mati\u00e8res.<\/p>\n<p><span style=\"color: #0000ff;\"><em>Variances\u00a0: une fois dipl\u00f4m\u00e9e, tu choisis un premier poste \u00e0 l\u2019ENSAE en tant qu\u2019assistante d\u2019enseignement en \u00e9conomie. D\u00e9j\u00e0 l\u2019envie de rester proche des \u00e9l\u00e8ves et de les aider \u00e0 mener \u00e0 bien leurs \u00e9tudes\u00a0? <\/em><\/span><\/p>\n<p>En fait, l\u2019envie de rester proche des \u00e9l\u00e8ves est venue pendant ce poste. Ce qui m\u2019a amen\u00e9 \u00e0 choisir ce poste, c\u2019est avant tout le go\u00fbt de transmettre et d\u2019enseigner. Et je n\u2019ai pas \u00e9t\u00e9 d\u00e9\u00e7ue\u00a0! Il faut aussi y voir une volont\u00e9 de ma part d\u2019approfondir certaines th\u00e9matiques \u00e9conomique.<\/p>\n<p>[\/et_pb_text][\/et_pb_column][\/et_pb_row][\/et_pb_section][et_pb_section transparent_background=\u00a0\u00bboff\u00a0\u00bb allow_player_pause=\u00a0\u00bboff\u00a0\u00bb inner_shadow=\u00a0\u00bboff\u00a0\u00bb parallax=\u00a0\u00bboff\u00a0\u00bb parallax_method=\u00a0\u00bbon\u00a0\u00bb custom_padding=\u00a0\u00bb26px|0px|0px|0px\u00a0\u00bb make_fullwidth=\u00a0\u00bboff\u00a0\u00bb use_custom_width=\u00a0\u00bboff\u00a0\u00bb width_unit=\u00a0\u00bboff\u00a0\u00bb custom_width_px=\u00a0\u00bb1080px\u00a0\u00bb custom_width_percent=\u00a0\u00bb80%\u00a0\u00bb make_equal=\u00a0\u00bboff\u00a0\u00bb use_custom_gutter=\u00a0\u00bboff\u00a0\u00bb fullwidth=\u00a0\u00bboff\u00a0\u00bb specialty=\u00a0\u00bboff\u00a0\u00bb admin_label=\u00a0\u00bbsection\u00a0\u00bb disabled=\u00a0\u00bboff\u00a0\u00bb][et_pb_row make_fullwidth=\u00a0\u00bboff\u00a0\u00bb use_custom_width=\u00a0\u00bboff\u00a0\u00bb width_unit=\u00a0\u00bboff\u00a0\u00bb custom_width_px=\u00a0\u00bb1080px\u00a0\u00bb custom_width_percent=\u00a0\u00bb80%\u00a0\u00bb use_custom_gutter=\u00a0\u00bboff\u00a0\u00bb gutter_width=\u00a0\u00bb3&Prime; custom_padding=\u00a0\u00bb0px|0px|0px|0px\u00a0\u00bb allow_player_pause=\u00a0\u00bboff\u00a0\u00bb parallax=\u00a0\u00bboff\u00a0\u00bb parallax_method=\u00a0\u00bbon\u00a0\u00bb make_equal=\u00a0\u00bboff\u00a0\u00bb parallax_1=\u00a0\u00bboff\u00a0\u00bb parallax_method_1=\u00a0\u00bbon\u00a0\u00bb parallax_2=\u00a0\u00bboff\u00a0\u00bb parallax_method_2=\u00a0\u00bbon\u00a0\u00bb parallax_3=\u00a0\u00bboff\u00a0\u00bb parallax_method_3=\u00a0\u00bbon\u00a0\u00bb parallax_4=\u00a0\u00bboff\u00a0\u00bb parallax_method_4=\u00a0\u00bbon\u00a0\u00bb admin_label=\u00a0\u00bbrow\u00a0\u00bb disabled=\u00a0\u00bboff\u00a0\u00bb][et_pb_column type=\u00a0\u00bb2_3&Prime; disabled=\u00a0\u00bboff\u00a0\u00bb parallax=\u00a0\u00bboff\u00a0\u00bb parallax_method=\u00a0\u00bbon\u00a0\u00bb][et_pb_text background_layout=\u00a0\u00bblight\u00a0\u00bb text_orientation=\u00a0\u00bbleft\u00a0\u00bb disabled_on=\u00a0\u00bbon|off|off\u00a0\u00bb admin_label=\u00a0\u00bbTexte\u00a0\u00bb use_border_color=\u00a0\u00bboff\u00a0\u00bb border_style=\u00a0\u00bbsolid\u00a0\u00bb disabled=\u00a0\u00bboff\u00a0\u00bb]<\/p>\n<p><span style=\"color: #0000ff;\"><em>Variances\u00a0: tu as occup\u00e9 3 postes sur l\u2019environnement. D\u2019abord \u00e0 l\u2019INSEE de 1991 \u00e0 1994 en tant que charg\u00e9e d\u2019\u00e9tudes \u00e9conomiques sur l\u2019environnement, puis \u00e0 Bercy de 1998 \u00e0 2000 en tant que chef du bureau Agriculture et environnement et enfin au minist\u00e8re en charge de l\u2019\u00e9cologie, de 2000 \u00e0 2004, en tant que sous-directrice de l\u2019Environnement, des r\u00e9gulations \u00e9conomiques et du d\u00e9veloppement durable. C\u2019est donc un sujet qui te tient particuli\u00e8rement \u00e0 c\u0153ur\u00a0? <\/em><\/span><\/p>\n<p>Effectivement, ce n\u2019est pas un hasard car j\u2019ai pu choisir mon sujet d\u2019\u00e9tudes en arrivant \u00e0 l\u2019INSEE en 1991. Et j\u2019ai choisi l\u2019environnement car les th\u00e8ses soutenues par les partis \u00e9cologistes commen\u00e7aient \u00e0 se faire entendre et le sujet m\u2019int\u00e9ressait. Je me suis aper\u00e7ue tr\u00e8s vite de l\u2019\u00e9tendue du sujet, et j\u2019ai \u00e9galement pu revenir aux fondamentaux de la micro\u00e9conomie. Je me suis rendue compte qu\u2019\u00e0 l\u2019\u00e9poque, aussi bien chez les verts, qu\u2019au minist\u00e8re en charge de l\u2019\u00e9cologie, on ne faisait pas d\u2019\u00e9conomie spontan\u00e9ment, une vrai terre d\u2019\u00e9vang\u00e9lisation pour les \u00e9conomistes donc. La t\u00e2che de travail a \u00e9t\u00e9 immense\u00a0: le protocole de Kyoto n\u2019existait pas encore, mais on parlait d\u00e9j\u00e0 de march\u00e9s de droits \u00e0 polluer dans certaines parties des Etats-Unis et leur march\u00e9 fonctionnait bien.<\/p>\n<p>[\/et_pb_text][\/et_pb_column][et_pb_column type=\u00a0\u00bb1_3&Prime; disabled=\u00a0\u00bboff\u00a0\u00bb parallax=\u00a0\u00bboff\u00a0\u00bb parallax_method=\u00a0\u00bbon\u00a0\u00bb][et_pb_testimonial url_new_window=\u00a0\u00bboff\u00a0\u00bb quote_icon=\u00a0\u00bbon\u00a0\u00bb use_background_color=\u00a0\u00bbon\u00a0\u00bb background_color=\u00a0\u00bb#f5f5f5&Prime; background_layout=\u00a0\u00bblight\u00a0\u00bb text_orientation=\u00a0\u00bbleft\u00a0\u00bb admin_label=\u00a0\u00bbT\u00e9moignage\u00a0\u00bb use_border_color=\u00a0\u00bboff\u00a0\u00bb border_style=\u00a0\u00bbsolid\u00a0\u00bb disabled=\u00a0\u00bboff\u00a0\u00bb]<\/p>\n<p style=\"text-align: center;\"><strong><em>Je me suis rendue compte qu\u2019\u00e0 l\u2019\u00e9poque, aussi bien chez les verts, qu\u2019au minist\u00e8re en charge de l\u2019\u00e9cologie, on ne faisait pas d\u2019\u00e9conomie spontan\u00e9ment<\/em><\/strong><\/p>\n<p>[\/et_pb_testimonial][\/et_pb_column][\/et_pb_row][\/et_pb_section][et_pb_section transparent_background=\u00a0\u00bboff\u00a0\u00bb allow_player_pause=\u00a0\u00bboff\u00a0\u00bb inner_shadow=\u00a0\u00bboff\u00a0\u00bb parallax=\u00a0\u00bboff\u00a0\u00bb parallax_method=\u00a0\u00bbon\u00a0\u00bb custom_padding=\u00a0\u00bb0px|0px|0px|0px\u00a0\u00bb make_fullwidth=\u00a0\u00bboff\u00a0\u00bb use_custom_width=\u00a0\u00bboff\u00a0\u00bb width_unit=\u00a0\u00bboff\u00a0\u00bb custom_width_px=\u00a0\u00bb1080px\u00a0\u00bb custom_width_percent=\u00a0\u00bb80%\u00a0\u00bb make_equal=\u00a0\u00bboff\u00a0\u00bb use_custom_gutter=\u00a0\u00bboff\u00a0\u00bb fullwidth=\u00a0\u00bboff\u00a0\u00bb specialty=\u00a0\u00bboff\u00a0\u00bb admin_label=\u00a0\u00bbsection\u00a0\u00bb disabled=\u00a0\u00bboff\u00a0\u00bb][et_pb_row make_fullwidth=\u00a0\u00bboff\u00a0\u00bb use_custom_width=\u00a0\u00bboff\u00a0\u00bb width_unit=\u00a0\u00bboff\u00a0\u00bb custom_width_px=\u00a0\u00bb1080px\u00a0\u00bb custom_width_percent=\u00a0\u00bb80%\u00a0\u00bb use_custom_gutter=\u00a0\u00bboff\u00a0\u00bb gutter_width=\u00a0\u00bb3&Prime; custom_padding=\u00a0\u00bb20px|0px|0px|0px\u00a0\u00bb allow_player_pause=\u00a0\u00bboff\u00a0\u00bb parallax=\u00a0\u00bboff\u00a0\u00bb parallax_method=\u00a0\u00bbon\u00a0\u00bb make_equal=\u00a0\u00bboff\u00a0\u00bb parallax_1=\u00a0\u00bboff\u00a0\u00bb parallax_method_1=\u00a0\u00bbon\u00a0\u00bb parallax_2=\u00a0\u00bboff\u00a0\u00bb parallax_method_2=\u00a0\u00bbon\u00a0\u00bb parallax_3=\u00a0\u00bboff\u00a0\u00bb parallax_method_3=\u00a0\u00bbon\u00a0\u00bb parallax_4=\u00a0\u00bboff\u00a0\u00bb parallax_method_4=\u00a0\u00bbon\u00a0\u00bb admin_label=\u00a0\u00bbrow\u00a0\u00bb disabled=\u00a0\u00bboff\u00a0\u00bb][et_pb_column type=\u00a0\u00bb4_4&Prime; disabled=\u00a0\u00bboff\u00a0\u00bb parallax=\u00a0\u00bboff\u00a0\u00bb parallax_method=\u00a0\u00bbon\u00a0\u00bb][et_pb_text background_layout=\u00a0\u00bblight\u00a0\u00bb text_orientation=\u00a0\u00bbleft\u00a0\u00bb admin_label=\u00a0\u00bbTexte\u00a0\u00bb use_border_color=\u00a0\u00bboff\u00a0\u00bb border_style=\u00a0\u00bbsolid\u00a0\u00bb disabled=\u00a0\u00bboff\u00a0\u00bb]<\/p>\n<p>En 1998, j\u2019ai rejoint la direction de la Pr\u00e9vision au minist\u00e8re en charge de l\u2019\u00e9conomie et il a fallu expliquer aux responsables politiques fran\u00e7ais (Dominique Voynet, alors ministre de l\u2019environnement) les impacts de la signature du protocole de Kyoto par la France. Pour la petite histoire, j\u2019ai aussi eu l\u2019occasion de travailler avec Nathalie Kosciusko-Morizet puisqu\u2019elle faisait partie de mon \u00e9quipe. Une femme dou\u00e9e, s\u00e9rieuse, et d\u00e9j\u00e0 tr\u00e8s politique.<\/p>\n<p>A l\u2019\u00e9t\u00e9 1998, j\u2019ai aid\u00e9 l\u2019Inspection g\u00e9n\u00e9rale de l\u2019INSEE dans le cadre d\u2019une mission sur la n\u00e9cessit\u00e9 d\u2019installer des \u00e9conomistes au minist\u00e8re de l\u2019environnement. A cette \u00e9poque, je connaissais plus le monde de l\u2019\u00e9conomie de l\u2019environnement que n\u2019importe qui \u00e0 l\u2019INSEE. Et en 2000, le minist\u00e8re de l\u2019environnement a justement souhait\u00e9 mettre en application les recommandations de notre mission d\u2019inspection en cr\u00e9ant une direction\u00a0en charge des th\u00e9matiques \u00e9conomiques, c\u2019est donc naturellement que j\u2019ai \u00e9t\u00e9 appel\u00e9e \u00e0 rejoindre ce minist\u00e8re.<\/p>\n<p>[\/et_pb_text][\/et_pb_column][\/et_pb_row][\/et_pb_section][et_pb_section transparent_background=\u00a0\u00bboff\u00a0\u00bb allow_player_pause=\u00a0\u00bboff\u00a0\u00bb inner_shadow=\u00a0\u00bboff\u00a0\u00bb parallax=\u00a0\u00bboff\u00a0\u00bb parallax_method=\u00a0\u00bbon\u00a0\u00bb custom_padding=\u00a0\u00bb0px|0px|0px|0px\u00a0\u00bb make_fullwidth=\u00a0\u00bboff\u00a0\u00bb use_custom_width=\u00a0\u00bboff\u00a0\u00bb width_unit=\u00a0\u00bboff\u00a0\u00bb custom_width_px=\u00a0\u00bb1080px\u00a0\u00bb custom_width_percent=\u00a0\u00bb80%\u00a0\u00bb make_equal=\u00a0\u00bboff\u00a0\u00bb use_custom_gutter=\u00a0\u00bboff\u00a0\u00bb fullwidth=\u00a0\u00bboff\u00a0\u00bb specialty=\u00a0\u00bboff\u00a0\u00bb admin_label=\u00a0\u00bbsection\u00a0\u00bb disabled=\u00a0\u00bboff\u00a0\u00bb][et_pb_row make_fullwidth=\u00a0\u00bboff\u00a0\u00bb use_custom_width=\u00a0\u00bboff\u00a0\u00bb width_unit=\u00a0\u00bboff\u00a0\u00bb custom_width_px=\u00a0\u00bb1080px\u00a0\u00bb custom_width_percent=\u00a0\u00bb80%\u00a0\u00bb use_custom_gutter=\u00a0\u00bboff\u00a0\u00bb gutter_width=\u00a0\u00bb3&Prime; custom_padding=\u00a0\u00bb18.9531px|0px|0px|0px\u00a0\u00bb allow_player_pause=\u00a0\u00bboff\u00a0\u00bb parallax=\u00a0\u00bboff\u00a0\u00bb parallax_method=\u00a0\u00bbon\u00a0\u00bb make_equal=\u00a0\u00bboff\u00a0\u00bb parallax_1=\u00a0\u00bboff\u00a0\u00bb parallax_method_1=\u00a0\u00bbon\u00a0\u00bb parallax_2=\u00a0\u00bboff\u00a0\u00bb parallax_method_2=\u00a0\u00bbon\u00a0\u00bb parallax_3=\u00a0\u00bboff\u00a0\u00bb parallax_method_3=\u00a0\u00bbon\u00a0\u00bb parallax_4=\u00a0\u00bboff\u00a0\u00bb parallax_method_4=\u00a0\u00bbon\u00a0\u00bb admin_label=\u00a0\u00bbrow\u00a0\u00bb disabled=\u00a0\u00bboff\u00a0\u00bb][et_pb_column type=\u00a0\u00bb4_4&Prime; disabled=\u00a0\u00bboff\u00a0\u00bb parallax=\u00a0\u00bboff\u00a0\u00bb parallax_method=\u00a0\u00bbon\u00a0\u00bb][et_pb_text background_layout=\u00a0\u00bblight\u00a0\u00bb text_orientation=\u00a0\u00bbleft\u00a0\u00bb admin_label=\u00a0\u00bbTexte\u00a0\u00bb use_border_color=\u00a0\u00bboff\u00a0\u00bb border_style=\u00a0\u00bbsolid\u00a0\u00bb disabled=\u00a0\u00bboff\u00a0\u00bb]<\/p>\n<p><span style=\"color: #0000ff;\"><em>Variances\u00a0: Dans le dernier portait Variances, Philippe Cun\u00e9o nous parlait de son exp\u00e9rience \u00e0 la direction des \u00e9tudes puis \u00e0 la direction de l\u2019ENSAE. Peux-tu \u00e9galement nous raconter ces deux postes que tu as occup\u00e9s\u00a0? Est-ce que cela a \u00e9t\u00e9 difficile d\u2019introduire l\u2019ENSAE dans le r\u00e9seau Paristech\u00a0? Dans l\u2019Ecole d\u2019\u00e9conomie de Paris\u00a0? <\/em><\/span><\/p>\n<p>[\/et_pb_text][\/et_pb_column][\/et_pb_row][\/et_pb_section][et_pb_section transparent_background=\u00a0\u00bboff\u00a0\u00bb allow_player_pause=\u00a0\u00bboff\u00a0\u00bb inner_shadow=\u00a0\u00bboff\u00a0\u00bb parallax=\u00a0\u00bboff\u00a0\u00bb parallax_method=\u00a0\u00bbon\u00a0\u00bb custom_padding=\u00a0\u00bb0px|0px|0px|0px\u00a0\u00bb make_fullwidth=\u00a0\u00bboff\u00a0\u00bb use_custom_width=\u00a0\u00bboff\u00a0\u00bb width_unit=\u00a0\u00bboff\u00a0\u00bb custom_width_px=\u00a0\u00bb1080px\u00a0\u00bb custom_width_percent=\u00a0\u00bb80%\u00a0\u00bb make_equal=\u00a0\u00bboff\u00a0\u00bb use_custom_gutter=\u00a0\u00bboff\u00a0\u00bb fullwidth=\u00a0\u00bboff\u00a0\u00bb specialty=\u00a0\u00bboff\u00a0\u00bb admin_label=\u00a0\u00bbsection\u00a0\u00bb disabled=\u00a0\u00bboff\u00a0\u00bb][et_pb_row make_fullwidth=\u00a0\u00bboff\u00a0\u00bb use_custom_width=\u00a0\u00bboff\u00a0\u00bb width_unit=\u00a0\u00bboff\u00a0\u00bb custom_width_px=\u00a0\u00bb1080px\u00a0\u00bb custom_width_percent=\u00a0\u00bb80%\u00a0\u00bb use_custom_gutter=\u00a0\u00bboff\u00a0\u00bb gutter_width=\u00a0\u00bb3&Prime; custom_padding=\u00a0\u00bb18.9531px|0px|0px|0px\u00a0\u00bb allow_player_pause=\u00a0\u00bboff\u00a0\u00bb parallax=\u00a0\u00bboff\u00a0\u00bb parallax_method=\u00a0\u00bbon\u00a0\u00bb make_equal=\u00a0\u00bboff\u00a0\u00bb parallax_1=\u00a0\u00bboff\u00a0\u00bb parallax_method_1=\u00a0\u00bbon\u00a0\u00bb parallax_2=\u00a0\u00bboff\u00a0\u00bb parallax_method_2=\u00a0\u00bbon\u00a0\u00bb parallax_3=\u00a0\u00bboff\u00a0\u00bb parallax_method_3=\u00a0\u00bbon\u00a0\u00bb parallax_4=\u00a0\u00bboff\u00a0\u00bb parallax_method_4=\u00a0\u00bbon\u00a0\u00bb admin_label=\u00a0\u00bbrow\u00a0\u00bb disabled=\u00a0\u00bboff\u00a0\u00bb][et_pb_column type=\u00a0\u00bb1_3&Prime; disabled=\u00a0\u00bboff\u00a0\u00bb parallax=\u00a0\u00bboff\u00a0\u00bb parallax_method=\u00a0\u00bbon\u00a0\u00bb][et_pb_testimonial url_new_window=\u00a0\u00bboff\u00a0\u00bb quote_icon=\u00a0\u00bbon\u00a0\u00bb use_background_color=\u00a0\u00bbon\u00a0\u00bb background_color=\u00a0\u00bb#f5f5f5&Prime; background_layout=\u00a0\u00bblight\u00a0\u00bb text_orientation=\u00a0\u00bbleft\u00a0\u00bb admin_label=\u00a0\u00bbT\u00e9moignage\u00a0\u00bb use_border_color=\u00a0\u00bboff\u00a0\u00bb border_style=\u00a0\u00bbsolid\u00a0\u00bb disabled=\u00a0\u00bboff\u00a0\u00bb]<\/p>\n<p style=\"text-align: center;\"><strong><em>J\u2019ai souhait\u00e9 prolonger le travail de mon pr\u00e9d\u00e9cesseur, c\u2019est ainsi que les doubles dipl\u00f4mes ENSAE\/HEC et ENSAE\/ESSEC ont \u00e9t\u00e9 cr\u00e9\u00e9s, et que l\u2019ENSAE a rejoint la fondation du risque (une ouverture n\u00e9cessaire \u00e0 l\u2019am\u00e9lioration du financement de nos chercheurs)<\/em><\/strong><\/p>\n<p>[\/et_pb_testimonial][\/et_pb_column][et_pb_column type=\u00a0\u00bb2_3&Prime; disabled=\u00a0\u00bboff\u00a0\u00bb parallax=\u00a0\u00bboff\u00a0\u00bb parallax_method=\u00a0\u00bbon\u00a0\u00bb][et_pb_text background_layout=\u00a0\u00bblight\u00a0\u00bb text_orientation=\u00a0\u00bbleft\u00a0\u00bb admin_label=\u00a0\u00bbTexte\u00a0\u00bb use_border_color=\u00a0\u00bboff\u00a0\u00bb border_style=\u00a0\u00bbsolid\u00a0\u00bb disabled=\u00a0\u00bboff\u00a0\u00bb]<\/p>\n<p>Pas vraiment car la machine \u00e9tait d\u00e9j\u00e0 largement enclench\u00e9e \u00e0 mon arriv\u00e9e gr\u00e2ce \u00e0 mon pr\u00e9d\u00e9cesseur St\u00e9phane Lollivier qui a eu l\u2019intuition que nous associer \u00e0 d\u2019autres \u00e9coles serait b\u00e9n\u00e9fique. L\u2019ENSAE faisait donc d\u00e9j\u00e0 partie de Paristech, qui \u00e9tait alors un \u00ab\u00a0club\u00a0\u00bb de directeurs d\u2019\u00e9coles. Mais quand Paristech s\u2019est transform\u00e9 et que c\u2019est devenu un \u00e9tablissement public, l\u00e0 \u00e7a a \u00e9t\u00e9 compliqu\u00e9 de rester parce que l\u2019ENSAE \u00e9tait un service de l\u2019INSEE et n\u2019avait pas de personnalit\u00e9 morale\u2026 Un d\u00e9tail juridique qui a bien failli nous co\u00fbter notre ticket dans cette aventure\u00a0! J\u2019ai souhait\u00e9 prolonger le travail de mon pr\u00e9d\u00e9cesseur, c\u2019est ainsi que les doubles dipl\u00f4mes ENSAE\/HEC et ENSAE\/ESSEC ont \u00e9t\u00e9 cr\u00e9\u00e9s, et que l\u2019ENSAE a rejoint la fondation du risque (une ouverture n\u00e9cessaire \u00e0 l\u2019am\u00e9lioration du financement de nos chercheurs).<\/p>\n<p>Sur l\u2019Ecole d\u2019\u00e9conomie de Paris\u00a0: le sujet a suscit\u00e9 beaucoup d\u2019\u00e9motions chez les anciens. Au d\u00e9but l\u2019ENSAE n\u2019en faisait pas forc\u00e9ment partie, et cette \u00e9cole s\u2019est cr\u00e9\u00e9e au moment o\u00f9 on commen\u00e7ait \u00e0 envisager la possibilit\u00e9 de rejoindre le plateau de Saclay. Or l\u2019Ecole d\u2019\u00e9conomie de Paris nous a rapidement fait comprendre qu\u2019il serait impossible de nous associer \u00e0 eux si nous partions pour Saclay et nous a m\u00eame propos\u00e9 d\u2019aller nous installer sur leur parking \u00e0 Boulevard Jourdan\u2026<\/p>\n<p>[\/et_pb_text][\/et_pb_column][\/et_pb_row][\/et_pb_section][et_pb_section transparent_background=\u00a0\u00bboff\u00a0\u00bb allow_player_pause=\u00a0\u00bboff\u00a0\u00bb inner_shadow=\u00a0\u00bboff\u00a0\u00bb parallax=\u00a0\u00bboff\u00a0\u00bb parallax_method=\u00a0\u00bbon\u00a0\u00bb custom_padding=\u00a0\u00bb13px|0px|0px|0px\u00a0\u00bb make_fullwidth=\u00a0\u00bboff\u00a0\u00bb use_custom_width=\u00a0\u00bboff\u00a0\u00bb width_unit=\u00a0\u00bboff\u00a0\u00bb custom_width_px=\u00a0\u00bb1080px\u00a0\u00bb custom_width_percent=\u00a0\u00bb80%\u00a0\u00bb make_equal=\u00a0\u00bboff\u00a0\u00bb use_custom_gutter=\u00a0\u00bboff\u00a0\u00bb fullwidth=\u00a0\u00bboff\u00a0\u00bb specialty=\u00a0\u00bboff\u00a0\u00bb admin_label=\u00a0\u00bbsection\u00a0\u00bb disabled=\u00a0\u00bboff\u00a0\u00bb][et_pb_row make_fullwidth=\u00a0\u00bboff\u00a0\u00bb use_custom_width=\u00a0\u00bboff\u00a0\u00bb width_unit=\u00a0\u00bboff\u00a0\u00bb custom_width_px=\u00a0\u00bb1080px\u00a0\u00bb custom_width_percent=\u00a0\u00bb80%\u00a0\u00bb use_custom_gutter=\u00a0\u00bboff\u00a0\u00bb gutter_width=\u00a0\u00bb3&Prime; custom_padding=\u00a0\u00bb0px|0px|16px|0px\u00a0\u00bb allow_player_pause=\u00a0\u00bboff\u00a0\u00bb parallax=\u00a0\u00bboff\u00a0\u00bb parallax_method=\u00a0\u00bbon\u00a0\u00bb make_equal=\u00a0\u00bboff\u00a0\u00bb parallax_1=\u00a0\u00bboff\u00a0\u00bb parallax_method_1=\u00a0\u00bbon\u00a0\u00bb parallax_2=\u00a0\u00bboff\u00a0\u00bb parallax_method_2=\u00a0\u00bbon\u00a0\u00bb parallax_3=\u00a0\u00bboff\u00a0\u00bb parallax_method_3=\u00a0\u00bbon\u00a0\u00bb parallax_4=\u00a0\u00bboff\u00a0\u00bb parallax_method_4=\u00a0\u00bbon\u00a0\u00bb admin_label=\u00a0\u00bbrow\u00a0\u00bb disabled=\u00a0\u00bboff\u00a0\u00bb][et_pb_column type=\u00a0\u00bb4_4&Prime; disabled=\u00a0\u00bboff\u00a0\u00bb parallax=\u00a0\u00bboff\u00a0\u00bb parallax_method=\u00a0\u00bbon\u00a0\u00bb][et_pb_text background_layout=\u00a0\u00bblight\u00a0\u00bb text_orientation=\u00a0\u00bbleft\u00a0\u00bb admin_label=\u00a0\u00bbTexte\u00a0\u00bb use_border_color=\u00a0\u00bboff\u00a0\u00bb border_style=\u00a0\u00bbsolid\u00a0\u00bb disabled=\u00a0\u00bboff\u00a0\u00bb]<\/p>\n<p>Nous avons finalement r\u00e9ussi \u00e0 trouver un \u00e9quilibre et avons \u00e9galement fait le choix de partir pour Saclay en 2006. Beaucoup de professeurs et d\u2019anciens ont estim\u00e9 que notre place \u00e9tait aupr\u00e8s d\u2019\u00e9coles compl\u00e9mentaires auxquelles nous pourrions proposer des enseignements qu\u2019elles ne dispensaient pas forc\u00e9ment. Je me souviens encore des propos du directeur g\u00e9n\u00e9ral de l\u2019INSEE Jean Michel Charpin\u00a0qui nous a dit en substance \u00ab\u00a0ce n\u2019est pas du tout la vision que j\u2019avais\u00a0mais je vous suivrai si c\u2019est la d\u00e9cision du conseil d\u2019administration\u00bb. J\u2019ai encore aujourd\u2019hui beaucoup de respect pour cette fa\u00e7on de suivre le collectif. Il a d\u2019ailleurs tenu parole et s\u2019est tourn\u00e9 vers Bercy pour obtenir le financement n\u00e9cessaire \u00e0 la construction d\u2019un nouveau b\u00e2timent.<\/p>\n<p>Nous avons donc pris des d\u00e9cisions tr\u00e8s importantes pendant cette p\u00e9riode, et seul le futur pourra nous dire si nous avions raison. \u00a0Il y a bien sur des inqui\u00e9tudes sur les conditions mat\u00e9rielles des \u00e9tudiants, notamment sur la cantine et sur le logement. Sur les transports en commun, il faudra \u00e9galement \u00eatre encore un peu patient. Mais sur la possibilit\u00e9 d\u2019avoir acc\u00e8s \u00e0 d\u2019autres disciplines, l\u2019objectif me semble atteint avec succ\u00e8s, la scolarit\u00e9 \u00e0 l\u2019ENSAE sera \u00e0 l\u2019avenir beaucoup plus ouverte, stimulante et enrichissante.<\/p>\n<p><span style=\"color: #0000ff;\"><em>Variances\u00a0: quel conseil de l\u2019ancienne directrice que tu es aux futurs \u00e9l\u00e8ves et personnels de l\u2019ENSAE sur le campus de Paris Saclay\u00a0? <\/em><\/span><\/p>\n<p>[\/et_pb_text][\/et_pb_column][\/et_pb_row][et_pb_row make_fullwidth=\u00a0\u00bboff\u00a0\u00bb use_custom_width=\u00a0\u00bboff\u00a0\u00bb width_unit=\u00a0\u00bboff\u00a0\u00bb custom_width_px=\u00a0\u00bb1080px\u00a0\u00bb custom_width_percent=\u00a0\u00bb80%\u00a0\u00bb use_custom_gutter=\u00a0\u00bboff\u00a0\u00bb gutter_width=\u00a0\u00bb3&Prime; custom_padding=\u00a0\u00bb1px|0px|0px|0px\u00a0\u00bb allow_player_pause=\u00a0\u00bboff\u00a0\u00bb parallax=\u00a0\u00bboff\u00a0\u00bb parallax_method=\u00a0\u00bbon\u00a0\u00bb make_equal=\u00a0\u00bboff\u00a0\u00bb parallax_1=\u00a0\u00bboff\u00a0\u00bb parallax_method_1=\u00a0\u00bbon\u00a0\u00bb parallax_2=\u00a0\u00bboff\u00a0\u00bb parallax_method_2=\u00a0\u00bbon\u00a0\u00bb parallax_3=\u00a0\u00bboff\u00a0\u00bb parallax_method_3=\u00a0\u00bbon\u00a0\u00bb parallax_4=\u00a0\u00bboff\u00a0\u00bb parallax_method_4=\u00a0\u00bbon\u00a0\u00bb admin_label=\u00a0\u00bbrow\u00a0\u00bb disabled=\u00a0\u00bboff\u00a0\u00bb][et_pb_column type=\u00a0\u00bb2_3&Prime; disabled=\u00a0\u00bboff\u00a0\u00bb parallax=\u00a0\u00bboff\u00a0\u00bb parallax_method=\u00a0\u00bbon\u00a0\u00bb][et_pb_text background_layout=\u00a0\u00bblight\u00a0\u00bb text_orientation=\u00a0\u00bbleft\u00a0\u00bb admin_label=\u00a0\u00bbTexte\u00a0\u00bb use_border_color=\u00a0\u00bboff\u00a0\u00bb border_style=\u00a0\u00bbsolid\u00a0\u00bb disabled=\u00a0\u00bboff\u00a0\u00bb]<\/p>\n<p>Profitez du campus, vous \u00eates \u00e0 c\u00f4t\u00e9 d\u2019autre \u00e9coles qui ont \u00e9galement des professeurs fabuleux, profitez-en pour vous ouvrir \u00e0 d\u2019autres cultures et \u00e0 un environnement intellectuellement riche. Une vraie vie d\u2019\u00e9cole sera enfin possible sur ce campus, ce que ne permet pas le b\u00e2timent actuel qui ferme \u00e0 20h. C\u2019est ce qui manquait \u00e0 l\u2019ENSAE pour \u00eatre une vraie grande \u00e9cole.<\/p>\n<p>Saclay c\u2019est la chance d\u2019\u00eatre dans un environnement favorable et dans des conditions normales pour les \u00e9tudiants d\u2019une grande \u00e9cole. Je fais le pari que dans 5 ans, on parlera d\u2019une \u00e9norme r\u00e9ussite.<\/p>\n<p>[\/et_pb_text][\/et_pb_column][et_pb_column type=\u00a0\u00bb1_3&Prime; disabled=\u00a0\u00bboff\u00a0\u00bb parallax=\u00a0\u00bboff\u00a0\u00bb parallax_method=\u00a0\u00bbon\u00a0\u00bb][et_pb_testimonial url_new_window=\u00a0\u00bboff\u00a0\u00bb quote_icon=\u00a0\u00bbon\u00a0\u00bb use_background_color=\u00a0\u00bbon\u00a0\u00bb background_color=\u00a0\u00bb#f5f5f5&Prime; background_layout=\u00a0\u00bblight\u00a0\u00bb text_orientation=\u00a0\u00bbleft\u00a0\u00bb admin_label=\u00a0\u00bbT\u00e9moignage\u00a0\u00bb use_border_color=\u00a0\u00bboff\u00a0\u00bb border_style=\u00a0\u00bbsolid\u00a0\u00bb disabled=\u00a0\u00bboff\u00a0\u00bb]<\/p>\n<p style=\"text-align: center;\"><strong><em>Saclay c\u2019est la chance d\u2019\u00eatre dans un environnement favorable et dans des conditions normales pour les \u00e9tudiants d\u2019une grande \u00e9cole. Je fais le pari que dans 5 ans, on parlera d\u2019une \u00e9norme r\u00e9ussite\u00a0<\/em><\/strong><\/p>\n<p>[\/et_pb_testimonial][\/et_pb_column][\/et_pb_row][\/et_pb_section][et_pb_section transparent_background=\u00a0\u00bboff\u00a0\u00bb allow_player_pause=\u00a0\u00bboff\u00a0\u00bb inner_shadow=\u00a0\u00bboff\u00a0\u00bb parallax=\u00a0\u00bboff\u00a0\u00bb parallax_method=\u00a0\u00bbon\u00a0\u00bb custom_padding=\u00a0\u00bb0px|0px|4px|0px\u00a0\u00bb make_fullwidth=\u00a0\u00bboff\u00a0\u00bb use_custom_width=\u00a0\u00bboff\u00a0\u00bb width_unit=\u00a0\u00bboff\u00a0\u00bb custom_width_px=\u00a0\u00bb1080px\u00a0\u00bb custom_width_percent=\u00a0\u00bb80%\u00a0\u00bb make_equal=\u00a0\u00bboff\u00a0\u00bb use_custom_gutter=\u00a0\u00bboff\u00a0\u00bb fullwidth=\u00a0\u00bboff\u00a0\u00bb specialty=\u00a0\u00bboff\u00a0\u00bb admin_label=\u00a0\u00bbsection\u00a0\u00bb disabled=\u00a0\u00bboff\u00a0\u00bb][et_pb_row make_fullwidth=\u00a0\u00bboff\u00a0\u00bb use_custom_width=\u00a0\u00bboff\u00a0\u00bb width_unit=\u00a0\u00bboff\u00a0\u00bb custom_width_px=\u00a0\u00bb1080px\u00a0\u00bb custom_width_percent=\u00a0\u00bb80%\u00a0\u00bb use_custom_gutter=\u00a0\u00bboff\u00a0\u00bb gutter_width=\u00a0\u00bb3&Prime; custom_padding=\u00a0\u00bb1px|0px|0px|0px\u00a0\u00bb allow_player_pause=\u00a0\u00bboff\u00a0\u00bb parallax=\u00a0\u00bboff\u00a0\u00bb parallax_method=\u00a0\u00bbon\u00a0\u00bb make_equal=\u00a0\u00bboff\u00a0\u00bb parallax_1=\u00a0\u00bboff\u00a0\u00bb parallax_method_1=\u00a0\u00bbon\u00a0\u00bb parallax_2=\u00a0\u00bboff\u00a0\u00bb parallax_method_2=\u00a0\u00bbon\u00a0\u00bb parallax_3=\u00a0\u00bboff\u00a0\u00bb parallax_method_3=\u00a0\u00bbon\u00a0\u00bb parallax_4=\u00a0\u00bboff\u00a0\u00bb parallax_method_4=\u00a0\u00bbon\u00a0\u00bb admin_label=\u00a0\u00bbrow\u00a0\u00bb disabled=\u00a0\u00bboff\u00a0\u00bb][et_pb_column type=\u00a0\u00bb1_3&Prime; disabled=\u00a0\u00bboff\u00a0\u00bb parallax=\u00a0\u00bboff\u00a0\u00bb parallax_method=\u00a0\u00bbon\u00a0\u00bb][et_pb_testimonial url_new_window=\u00a0\u00bboff\u00a0\u00bb quote_icon=\u00a0\u00bbon\u00a0\u00bb use_background_color=\u00a0\u00bbon\u00a0\u00bb background_color=\u00a0\u00bb#f5f5f5&Prime; background_layout=\u00a0\u00bblight\u00a0\u00bb text_orientation=\u00a0\u00bbleft\u00a0\u00bb admin_label=\u00a0\u00bbT\u00e9moignage\u00a0\u00bb use_border_color=\u00a0\u00bboff\u00a0\u00bb border_style=\u00a0\u00bbsolid\u00a0\u00bb disabled=\u00a0\u00bboff\u00a0\u00bb]<\/p>\n<p style=\"text-align: center;\"><strong><em>C&rsquo;est un vrai d\u00e9fi de faire monter en comp\u00e9tences les minist\u00e8res qui ne font pas forc\u00e9ment d\u2019\u00e9conomie en se demandant par exemple \u00ab\u00a0finalement, pourquoi est-ce que le contribuable paie pour construire des prisons\u00a0?\u00a0\u00bb<\/em><\/strong><\/p>\n<p>[\/et_pb_testimonial][\/et_pb_column][et_pb_column type=\u00a0\u00bb2_3&Prime; disabled=\u00a0\u00bboff\u00a0\u00bb parallax=\u00a0\u00bboff\u00a0\u00bb parallax_method=\u00a0\u00bbon\u00a0\u00bb][et_pb_text background_layout=\u00a0\u00bblight\u00a0\u00bb text_orientation=\u00a0\u00bbleft\u00a0\u00bb admin_label=\u00a0\u00bbTexte\u00a0\u00bb use_border_color=\u00a0\u00bboff\u00a0\u00bb border_style=\u00a0\u00bbsolid\u00a0\u00bb disabled=\u00a0\u00bboff\u00a0\u00bb]<\/p>\n<p>Comme ce qui s\u2019est pass\u00e9 pour le minist\u00e8re de l\u2019\u00e9cologie, j\u2019ai particip\u00e9 \u00e0 une mission sur le CGI depuis l\u2019Inspection g\u00e9n\u00e9rale de l\u2019INSEE. Notre mission s\u2019interrogeait sur la possibilit\u00e9 de confier au CGI la r\u00e9alisation d\u2019une \u00e9valuation socio\u00e9conomique des projets d\u2019investissements, avec contre-expertise pour les plus grands projets\u00a0; et on m\u2019a finalement demand\u00e9 de rejoindre le CGI pour mettre en \u0153uvre les recommandations de la mission.<\/p>\n<p>Mon travail est passionnant parce qu\u2019on apprend l\u2019\u00e9conomie \u00e0 des minist\u00e8res qui n\u2019en ont jamais fait. Je viens de recevoir un dossier qui s\u2019appelle \u00ab\u00a0\u00e9valuation socio\u00e9conomique\u00a0\u00bb pour une prison et il n\u2019y a rien d\u2019\u00e9conomique dedans\u00a0! Donc on organise des contre expertises, j\u2019envoie des experts pour expliquer ce que les minist\u00e8res peuvent faire. C\u2019est un peu le retour en terre d\u2019\u00e9vang\u00e9lisation<span style=\"font-family: 'Times New Roman', serif;\"><span style=\"font-size: 16px;\">\u00a0<\/span><\/span><\/p>\n<p>[\/et_pb_text][\/et_pb_column][\/et_pb_row][\/et_pb_section][et_pb_section transparent_background=\u00a0\u00bboff\u00a0\u00bb allow_player_pause=\u00a0\u00bboff\u00a0\u00bb inner_shadow=\u00a0\u00bboff\u00a0\u00bb parallax=\u00a0\u00bboff\u00a0\u00bb parallax_method=\u00a0\u00bbon\u00a0\u00bb custom_padding=\u00a0\u00bb0px|0px|0px|0px\u00a0\u00bb make_fullwidth=\u00a0\u00bboff\u00a0\u00bb use_custom_width=\u00a0\u00bboff\u00a0\u00bb width_unit=\u00a0\u00bboff\u00a0\u00bb custom_width_px=\u00a0\u00bb1080px\u00a0\u00bb custom_width_percent=\u00a0\u00bb80%\u00a0\u00bb make_equal=\u00a0\u00bboff\u00a0\u00bb use_custom_gutter=\u00a0\u00bboff\u00a0\u00bb fullwidth=\u00a0\u00bboff\u00a0\u00bb specialty=\u00a0\u00bboff\u00a0\u00bb admin_label=\u00a0\u00bbsection\u00a0\u00bb disabled=\u00a0\u00bboff\u00a0\u00bb][et_pb_row make_fullwidth=\u00a0\u00bboff\u00a0\u00bb use_custom_width=\u00a0\u00bboff\u00a0\u00bb width_unit=\u00a0\u00bboff\u00a0\u00bb custom_width_px=\u00a0\u00bb1080px\u00a0\u00bb custom_width_percent=\u00a0\u00bb80%\u00a0\u00bb use_custom_gutter=\u00a0\u00bboff\u00a0\u00bb gutter_width=\u00a0\u00bb3&Prime; custom_padding=\u00a0\u00bb3px|0px|0px|0px\u00a0\u00bb allow_player_pause=\u00a0\u00bboff\u00a0\u00bb parallax=\u00a0\u00bboff\u00a0\u00bb parallax_method=\u00a0\u00bbon\u00a0\u00bb make_equal=\u00a0\u00bboff\u00a0\u00bb parallax_1=\u00a0\u00bboff\u00a0\u00bb parallax_method_1=\u00a0\u00bbon\u00a0\u00bb parallax_2=\u00a0\u00bboff\u00a0\u00bb parallax_method_2=\u00a0\u00bbon\u00a0\u00bb parallax_3=\u00a0\u00bboff\u00a0\u00bb parallax_method_3=\u00a0\u00bbon\u00a0\u00bb parallax_4=\u00a0\u00bboff\u00a0\u00bb parallax_method_4=\u00a0\u00bbon\u00a0\u00bb admin_label=\u00a0\u00bbrow\u00a0\u00bb disabled=\u00a0\u00bboff\u00a0\u00bb][et_pb_column type=\u00a0\u00bb4_4&Prime; disabled=\u00a0\u00bboff\u00a0\u00bb parallax=\u00a0\u00bboff\u00a0\u00bb parallax_method=\u00a0\u00bbon\u00a0\u00bb][et_pb_text background_layout=\u00a0\u00bblight\u00a0\u00bb text_orientation=\u00a0\u00bbleft\u00a0\u00bb admin_label=\u00a0\u00bbTexte\u00a0\u00bb use_border_color=\u00a0\u00bboff\u00a0\u00bb border_style=\u00a0\u00bbsolid\u00a0\u00bb disabled=\u00a0\u00bboff\u00a0\u00bb]<\/p>\n<p>et c\u2019est un vrai d\u00e9fi de faire monter en comp\u00e9tences les minist\u00e8res qui ne font pas forc\u00e9ment d\u2019\u00e9conomie en se demandant par exemple \u00ab\u00a0finalement, pourquoi est-ce que le contribuable paie pour construire des prisons\u00a0?\u00a0\u00bb. C\u2019est un m\u00e9tier qui ne me rend pas forc\u00e9ment populaire, car j\u2019impose des contre expertises ind\u00e9pendantes. Le d\u00e9cret qui d\u00e9crit notre activit\u00e9 \u00e9voque une \u00e9valuation triennale de la direction, j\u2019ai donc demand\u00e9 en 2016 \u00e0 l\u2019Inspection g\u00e9n\u00e9rale des finances (IGF) de venir nous auditer. Cela a \u00e9t\u00e9 une vraie remise en question\u00a0: est-ce qu\u2019on continue de progresser dans la bonne direction\u00a0? Est-ce qu\u2019il vaut mieux tout arr\u00eater\u00a0? Finalement le rapport de l\u2019IGF publi\u00e9 en d\u00e9cembre dernier a largement valid\u00e9 nos m\u00e9thodes et nous a donn\u00e9 la p\u00eache pour continuer.<\/p>\n<p><span style=\"color: #0000ff;\"><em>Variances\u00a0: quel contexte particulier en cette p\u00e9riode d\u2019\u00e9lections\u00a0?<\/em><\/span><\/p>\n<p>Beaucoup consid\u00e8rent qu\u2019en p\u00e9riode d\u2019\u00e9lections\u00a0\u00ab\u00a0tout va s\u2019arr\u00eater\u00a0\u00bb. Et bien non\u00a0! Actuellement, nous r\u00e9alisons l\u2019audit d\u2019une prison, de deux universit\u00e9s et d\u2019une gare. Malgr\u00e9 la p\u00e9riode de r\u00e9serve qui d\u00e9marre pour les fonctionnaires, rien ne nous emp\u00eache de faire murir nos projets. Et dans la mesure o\u00f9 ce qu\u2019on fait est essentiellement technique, nos activit\u00e9s peuvent continuer.<\/p>\n<p>Sur les programmes d\u2019investissements d\u2019avenir (PIA), le 3<sup>i\u00e8me<\/sup> volet du PIA a \u00e9t\u00e9 vot\u00e9. Et le rapport r\u00e9cent de l\u2019IGF nous laisse confiants pour la suite. Une des conclusions de ce rapport \u00e9tait d\u2019ailleurs qu\u2019il faut renforcer les effectifs de ma direction, malheureusement cela n\u2019a pas encore \u00e9t\u00e9 mis en \u0153uvre. Le CGI est souvent consid\u00e9r\u00e9 comme un organisme richissime car nous distribuons, avec les PIA, de grosses sommes d\u2019argent. Mais en pratique, nous sommes une petite \u00e9quipe de 30 personnes\u00a0! Pour la plupart de nos missions de contre-expertise, nous embauchons des consultants issus de l\u2019administration qui travaillent en \u00ab\u00a0free-lance\u00a0\u00bb et que leurs chefs veulent bien mettre \u00e0 notre disposition pour une dizaine de jours de travail.<\/p>\n<p><span style=\"color: #0000ff;\"><em>Variances\u00a0: quels sont tes projets pour la suite\u00a0? Pourrais-tu rejoindre le priv\u00e9\u00a0? <\/em><\/span><\/p>\n<p>Apr\u00e8s mon poste de directrice de l\u2019ENSAE, qui a dur\u00e9 7 ans, j\u2019ai souhait\u00e9 me mettre \u00e0 temps partiel et j\u2019ai rejoint l\u2019Inspection g\u00e9n\u00e9rale de l\u2019INSEE. Je me vois tr\u00e8s bien y retourner lorsque je quitterai le CGI mais je suis \u00e9galement ouverte \u00e0 d\u2019autres opportunit\u00e9s. Je pourrais rejoindre le priv\u00e9 lorsque je prendrai ma retraite. Il se trouve que j\u2019ai failli ne pas pouvoir rejoindre le CGI car je n\u2019avais pas d\u2019exp\u00e9rience dans le priv\u00e9\u00a0: on m\u2019a demand\u00e9 en arrivant pourquoi je n\u2019avais travaill\u00e9 que pour le secteur public\u00a0! Dans tous les cas, j\u2019envisage la suite avec beaucoup de s\u00e9r\u00e9nit\u00e9.<\/p>\n<p>[\/et_pb_text][\/et_pb_column][\/et_pb_row][\/et_pb_section][et_pb_section transparent_background=\u00a0\u00bboff\u00a0\u00bb allow_player_pause=\u00a0\u00bboff\u00a0\u00bb inner_shadow=\u00a0\u00bboff\u00a0\u00bb parallax=\u00a0\u00bboff\u00a0\u00bb parallax_method=\u00a0\u00bbon\u00a0\u00bb custom_padding=\u00a0\u00bb0px|0px|0px|0px\u00a0\u00bb make_fullwidth=\u00a0\u00bboff\u00a0\u00bb use_custom_width=\u00a0\u00bboff\u00a0\u00bb width_unit=\u00a0\u00bboff\u00a0\u00bb custom_width_px=\u00a0\u00bb1080px\u00a0\u00bb custom_width_percent=\u00a0\u00bb80%\u00a0\u00bb make_equal=\u00a0\u00bboff\u00a0\u00bb use_custom_gutter=\u00a0\u00bboff\u00a0\u00bb fullwidth=\u00a0\u00bboff\u00a0\u00bb specialty=\u00a0\u00bboff\u00a0\u00bb admin_label=\u00a0\u00bbsection\u00a0\u00bb disabled=\u00a0\u00bboff\u00a0\u00bb][et_pb_row make_fullwidth=\u00a0\u00bboff\u00a0\u00bb use_custom_width=\u00a0\u00bboff\u00a0\u00bb width_unit=\u00a0\u00bboff\u00a0\u00bb custom_width_px=\u00a0\u00bb1080px\u00a0\u00bb custom_width_percent=\u00a0\u00bb80%\u00a0\u00bb use_custom_gutter=\u00a0\u00bboff\u00a0\u00bb gutter_width=\u00a0\u00bb3&Prime; custom_padding=\u00a0\u00bb18.9531px|0px|0px|0px\u00a0\u00bb allow_player_pause=\u00a0\u00bboff\u00a0\u00bb parallax=\u00a0\u00bboff\u00a0\u00bb parallax_method=\u00a0\u00bbon\u00a0\u00bb make_equal=\u00a0\u00bboff\u00a0\u00bb parallax_1=\u00a0\u00bboff\u00a0\u00bb parallax_method_1=\u00a0\u00bbon\u00a0\u00bb parallax_2=\u00a0\u00bboff\u00a0\u00bb parallax_method_2=\u00a0\u00bbon\u00a0\u00bb parallax_3=\u00a0\u00bboff\u00a0\u00bb parallax_method_3=\u00a0\u00bbon\u00a0\u00bb parallax_4=\u00a0\u00bboff\u00a0\u00bb parallax_method_4=\u00a0\u00bbon\u00a0\u00bb admin_label=\u00a0\u00bbrow\u00a0\u00bb disabled=\u00a0\u00bboff\u00a0\u00bb][et_pb_column type=\u00a0\u00bb4_4&Prime; disabled=\u00a0\u00bboff\u00a0\u00bb parallax=\u00a0\u00bboff\u00a0\u00bb parallax_method=\u00a0\u00bbon\u00a0\u00bb][et_pb_testimonial url_new_window=\u00a0\u00bboff\u00a0\u00bb quote_icon=\u00a0\u00bbon\u00a0\u00bb use_background_color=\u00a0\u00bbon\u00a0\u00bb background_color=\u00a0\u00bb#f5f5f5&Prime; background_layout=\u00a0\u00bblight\u00a0\u00bb text_orientation=\u00a0\u00bbleft\u00a0\u00bb admin_label=\u00a0\u00bbT\u00e9moignage\u00a0\u00bb use_border_color=\u00a0\u00bboff\u00a0\u00bb border_style=\u00a0\u00bbsolid\u00a0\u00bb disabled=\u00a0\u00bboff\u00a0\u00bb]<\/p>\n<p style=\"text-align: center;\"><strong><em>Si on a le sentiment que ce qu\u2019on fait ne sert \u00e0 rien, il faut arr\u00eater<\/em><\/strong><\/p>\n<p>[\/et_pb_testimonial][\/et_pb_column][\/et_pb_row][\/et_pb_section][et_pb_section transparent_background=\u00a0\u00bboff\u00a0\u00bb allow_player_pause=\u00a0\u00bboff\u00a0\u00bb inner_shadow=\u00a0\u00bboff\u00a0\u00bb parallax=\u00a0\u00bboff\u00a0\u00bb parallax_method=\u00a0\u00bbon\u00a0\u00bb custom_padding=\u00a0\u00bb0px|0px|0px|0px\u00a0\u00bb make_fullwidth=\u00a0\u00bboff\u00a0\u00bb use_custom_width=\u00a0\u00bboff\u00a0\u00bb width_unit=\u00a0\u00bboff\u00a0\u00bb custom_width_px=\u00a0\u00bb1080px\u00a0\u00bb custom_width_percent=\u00a0\u00bb80%\u00a0\u00bb make_equal=\u00a0\u00bboff\u00a0\u00bb use_custom_gutter=\u00a0\u00bboff\u00a0\u00bb fullwidth=\u00a0\u00bboff\u00a0\u00bb specialty=\u00a0\u00bboff\u00a0\u00bb admin_label=\u00a0\u00bbsection\u00a0\u00bb disabled=\u00a0\u00bboff\u00a0\u00bb][et_pb_row make_fullwidth=\u00a0\u00bboff\u00a0\u00bb use_custom_width=\u00a0\u00bboff\u00a0\u00bb width_unit=\u00a0\u00bboff\u00a0\u00bb custom_width_px=\u00a0\u00bb1080px\u00a0\u00bb custom_width_percent=\u00a0\u00bb80%\u00a0\u00bb use_custom_gutter=\u00a0\u00bboff\u00a0\u00bb gutter_width=\u00a0\u00bb3&Prime; custom_padding=\u00a0\u00bb2px|0px|0px|0px\u00a0\u00bb allow_player_pause=\u00a0\u00bboff\u00a0\u00bb parallax=\u00a0\u00bboff\u00a0\u00bb parallax_method=\u00a0\u00bbon\u00a0\u00bb make_equal=\u00a0\u00bboff\u00a0\u00bb parallax_1=\u00a0\u00bboff\u00a0\u00bb parallax_method_1=\u00a0\u00bbon\u00a0\u00bb parallax_2=\u00a0\u00bboff\u00a0\u00bb parallax_method_2=\u00a0\u00bbon\u00a0\u00bb parallax_3=\u00a0\u00bboff\u00a0\u00bb parallax_method_3=\u00a0\u00bbon\u00a0\u00bb parallax_4=\u00a0\u00bboff\u00a0\u00bb parallax_method_4=\u00a0\u00bbon\u00a0\u00bb admin_label=\u00a0\u00bbrow\u00a0\u00bb disabled=\u00a0\u00bboff\u00a0\u00bb][et_pb_column type=\u00a0\u00bb4_4&Prime; disabled=\u00a0\u00bboff\u00a0\u00bb parallax=\u00a0\u00bboff\u00a0\u00bb parallax_method=\u00a0\u00bbon\u00a0\u00bb][et_pb_text background_layout=\u00a0\u00bblight\u00a0\u00bb text_orientation=\u00a0\u00bbleft\u00a0\u00bb admin_label=\u00a0\u00bbTexte\u00a0\u00bb use_border_color=\u00a0\u00bboff\u00a0\u00bb border_style=\u00a0\u00bbsolid\u00a0\u00bb disabled=\u00a0\u00bboff\u00a0\u00bb]<\/p>\n<p><span style=\"color: #0000ff;\"><em>Variances\u00a0: pourrais-tu comme Jean Pisani Ferry, ouvertement rejoindre l\u2019\u00e9quipe de campagne d\u2019un candidat pour lui apporter ton expertise\u00a0? <\/em><\/span><\/p>\n<p>Je n\u2019ai pas souhait\u00e9 le faire jusqu\u2019ici car aucune \u00e9quipe ne m\u2019enthousiasmait et je ne suis pas engag\u00e9e en politique. J\u2019ai la chance de me sentir utile sur le poste que j\u2019occupe\u00a0: c\u2019est l\u2019avantage d\u2019un poste op\u00e9rationnel o\u00f9 on a des retours et des satisfactions quoi qu\u2019il arrive. Si on a le sentiment que ce qu\u2019on fait ne sert \u00e0 rien, il faut arr\u00eater.<\/p>\n<p>Ici au CGI, nous avons une petite \u00e9quipe, on se conna\u00eet tous, les portefeuilles sont vari\u00e9s et il n\u2019y a pas de lutte sur les p\u00e9rim\u00e8tres. La masse de travail est consid\u00e9rable mais on apprend \u00e9norm\u00e9ment aux c\u00f4t\u00e9s des commissaires et c\u2019est une chance de pouvoir \u00e9voluer \u00e0 leurs c\u00f4t\u00e9s.<\/p>\n<p><span style=\"color: #0000ff;\"><em>Variances\u00a0: plus personnellement, qu\u2019est ce qui est important pour toi\u00a0?<\/em><\/span><\/p>\n<p>Le weekend, je trouve mon \u00e9quilibre en confectionnant moi-m\u00eame des objets, je fais des bo\u00eetes avec du carton et des maedup (n\u0153uds d\u2019ornementation cor\u00e9ens faits avec des cordons de soie). C\u2019est ce qui me permet de rester aussi pers\u00e9v\u00e9rante et enthousiaste la semaine.<\/p>\n<p><em><span style=\"color: #0000ff;\">\u00a0<\/span><\/em><\/p>\n<p><em><span style=\"color: #0000ff;\">Propos recueillis par El\u00e9onore Trigano (2009)<\/span><\/em><\/p>\n<p>[\/et_pb_text][\/et_pb_column][\/et_pb_row][\/et_pb_section]<\/p>\n","protected":false},"excerpt":{"rendered":"<p>Variances\u00a0: tu es dipl\u00f4m\u00e9e de l\u2019Ecole Polytechnique et de l\u2019ENSAE, peux-tu nous en dire un peu plus sur ton parcours acad\u00e9mique\u00a0? Pourquoi avoir rejoint le corps des INSEE\u00a0? D\u2019abord le choix de la fonction publique\u00a0: fille de fonctionnaires, j\u2019ai souhait\u00e9 moi aussi travailler pour l\u2019Etat. Quant au corps des Administrateurs de l\u2019INSEE\u00a0: je savais ce [&hellip;]<\/p>\n","protected":false},"author":25,"featured_media":2224,"comment_status":"open","ping_status":"open","sticky":false,"template":"","format":"standard","meta":{"_et_pb_use_builder":"on","_et_pb_old_content":"","_et_gb_content_width":"","_exactmetrics_skip_tracking":false,"_exactmetrics_sitenote_active":false,"_exactmetrics_sitenote_note":"","_exactmetrics_sitenote_category":0,"footnotes":""},"categories":[12,26],"tags":[],"class_list":["post-2234","post","type-post","status-publish","format-standard","has-post-thumbnail","hentry","category-alumni","category-portraits","et-has-post-format-content","et_post_format-et-post-format-standard"],"_links":{"self":[{"href":"https:\/\/variances.eu\/index.php?rest_route=\/wp\/v2\/posts\/2234","targetHints":{"allow":["GET"]}}],"collection":[{"href":"https:\/\/variances.eu\/index.php?rest_route=\/wp\/v2\/posts"}],"about":[{"href":"https:\/\/variances.eu\/index.php?rest_route=\/wp\/v2\/types\/post"}],"author":[{"embeddable":true,"href":"https:\/\/variances.eu\/index.php?rest_route=\/wp\/v2\/users\/25"}],"replies":[{"embeddable":true,"href":"https:\/\/variances.eu\/index.php?rest_route=%2Fwp%2Fv2%2Fcomments&post=2234"}],"version-history":[{"count":0,"href":"https:\/\/variances.eu\/index.php?rest_route=\/wp\/v2\/posts\/2234\/revisions"}],"wp:featuredmedia":[{"embeddable":true,"href":"https:\/\/variances.eu\/index.php?rest_route=\/wp\/v2\/media\/2224"}],"wp:attachment":[{"href":"https:\/\/variances.eu\/index.php?rest_route=%2Fwp%2Fv2%2Fmedia&parent=2234"}],"wp:term":[{"taxonomy":"category","embeddable":true,"href":"https:\/\/variances.eu\/index.php?rest_route=%2Fwp%2Fv2%2Fcategories&post=2234"},{"taxonomy":"post_tag","embeddable":true,"href":"https:\/\/variances.eu\/index.php?rest_route=%2Fwp%2Fv2%2Ftags&post=2234"}],"curies":[{"name":"wp","href":"https:\/\/api.w.org\/{rel}","templated":true}]}}