{"id":1728,"date":"2016-12-02T10:00:05","date_gmt":"2016-12-02T08:00:05","guid":{"rendered":"http:\/\/variances.eu\/?p=1728"},"modified":"2017-09-25T12:20:23","modified_gmt":"2017-09-25T10:20:23","slug":"place-de-lelectricite-lutte-contre-changement-climatique","status":"publish","type":"post","link":"https:\/\/variances.eu\/?p=1728","title":{"rendered":"La place de l\u2019\u00e9lectricit\u00e9 dans la lutte contre le changement climatique"},"content":{"rendered":"<p><span style=\"color: #000000;\">L\u2019ambitieux projet de d\u00e9carboner l\u2019\u00e9conomie mondiale pour s\u2019inscrire sur une trajectoire \u00ab\u00a02\u00b0C\u00a0\u00bb se limite souvent dans les discours \u00e0 la question de l\u2019\u00e9lectricit\u00e9. En France par exemple, la controverse nucl\u00e9aire contre renouvelables ne faiblit pas, occultant trop souvent les autres enjeux. Hors de nos fronti\u00e8res, d\u00e9carboner l\u2019\u00e9conomie se traduit en g\u00e9n\u00e9ral par faire plus d\u2019\u00e9lectricit\u00e9, avec plus de moyens d\u00e9carbon\u00e9s, pour se substituer aux autres vecteurs \u00e9nerg\u00e9tiques comme les fossiles. <em>Mais est-ce vraiment la question centrale\u00a0?<\/em><\/span><\/p>\n<p>&nbsp;<\/p>\n<h3><span style=\"color: #000000;\"><strong>La place de l\u2019\u00e9lectricit\u00e9 dans le mix \u00e9nerg\u00e9tique aujourd\u2019hui<\/strong><\/span><\/h3>\n<p><span style=\"color: #000000;\">Rappelons que le maintien de la temp\u00e9rature en dessous de la barre des 2\u00b0C n\u00e9cessite de diviser par deux les \u00e9missions de GES en 2050 par rapport \u00e0 1990. Rappelons aussi que la combustion des \u00e9nergies fossiles compte pour 2\/3 du total (cf. figure ci-dessous). En pratique, cela revient \u00e0 passer de 32 \u00e0 11 GtCO<sub>2<\/sub> environ entre aujourd\u2019hui et 2050, pour les \u00e9missions de CO<sub>2<\/sub> li\u00e9es \u00e0 l\u2019usage de l\u2019\u00e9nergie. Soit de l\u2019ordre de 17 GtCO<sub>2<\/sub> en 2040.<\/span><\/p>\n<p><span style=\"color: #000000;\"><img loading=\"lazy\" decoding=\"async\" class=\"aligncenter size-full wp-image-1729\" src=\"http:\/\/variances.eu\/wp-content\/uploads\/2016\/11\/Figure-1.png\" alt=\"figure-1\" width=\"742\" height=\"550\" srcset=\"https:\/\/variances.eu\/wp-content\/uploads\/2016\/11\/Figure-1.png 742w, https:\/\/variances.eu\/wp-content\/uploads\/2016\/11\/Figure-1-300x222.png 300w, https:\/\/variances.eu\/wp-content\/uploads\/2016\/11\/Figure-1-600x445.png 600w\" sizes=\"(max-width: 742px) 100vw, 742px\" \/><\/span><\/p>\n<p style=\"text-align: center;\"><em><span style=\"color: #000000;\">Figure 1\u00a0: \u00e9volution des \u00e9missions de GES d\u2019origine anthropique (d\u2019apr\u00e8s GIEC AR5)<\/span><\/em><\/p>\n<p><span style=\"color: #000000;\">Revenons \u00e0 l\u2019\u00e9lectricit\u00e9. Si l\u2019on observe la situation actuelle, force est de constater que la part de l\u2019\u00e9lectricit\u00e9 dans le mix \u00e9nerg\u00e9tique final mondial est relativement modeste\u00a0: 18 % en 2013 (source\u00a0: AIE WEO 2015). M\u00eame dans les pays les plus avanc\u00e9s \/ riches comme le Japon, l\u2019Union Europ\u00e9enne ou les Etats-Unis, ce chiffre peine \u00e0 atteindre les 25 %. Ce chiffre tombe \u00e0 15 % en Inde, et se trouve \u00e0 des niveaux bien plus faibles dans la majorit\u00e9 des pays d\u2019Afrique \u2026<\/span><\/p>\n<p><span style=\"color: #000000;\">En ce qui concerne les \u00e9missions de CO<sub>2<\/sub> li\u00e9es aujourd\u2019hui \u00e0 l\u2019\u00e9lectricit\u00e9, on observe un grand \u00e9cart (sup\u00e9rieur \u00e0 un facteur 10) entre les pays (Norv\u00e8ge vs Chine par exemple), \u00e9cart qui se r\u00e9duit \u00e0 un facteur 2 environ entre les grandes r\u00e9gions du monde (environ 400 gCO<sub>2<\/sub>\/kWh en Europe, contre pr\u00e8s de 800 gCO<sub>2<\/sub>\/kWh en Chine + Inde). Ces extr\u00eames naissent de la grande vari\u00e9t\u00e9 existante de moyens de production de l\u2019\u00e9lectricit\u00e9, avec une panoplie qui va des moyens tr\u00e8s peu carbon\u00e9s comme nucl\u00e9aire et ENR, jusqu\u2019aux moyens les plus carbon\u00e9s (charbon et fioul lourd), en passant par des solutions interm\u00e9diaires comme le gaz naturel.<\/span><\/p>\n<p><span style=\"color: #000000;\">Au total, les \u00e9missions de CO<sub>2<\/sub> li\u00e9es \u00e0 l\u2019\u00e9lectricit\u00e9 contribuent pour pr\u00e8s de 45 % aux \u00e9missions totales de CO<sub>2<\/sub> dues \u00e0 l\u2019\u00e9nergie, contre 55 % pour l\u2019\u00e9nergie finale \u00ab\u00a0hors \u00e9lectricit\u00e9\u00a0\u00bb. Pour cette partie-ci de notre consommation, le facteur d\u2019\u00e9mission varie beaucoup moins entre les pays, car on trouve principalement l\u00e0 le transport (carburants p\u00e9troliers<a style=\"color: #000000;\" href=\"#_ftn1\" name=\"_ftnref1\">[1]<\/a>, les m\u00eames partout), le chauffage du r\u00e9sidentiel \/ tertiaire (gaz naturel<a style=\"color: #000000;\" href=\"#_ftn2\" name=\"_ftnref2\">[2]<\/a>, fioul1, biomasse) et l\u2019industrie lourde (surtout charbon<a style=\"color: #000000;\" href=\"#_ftn3\" name=\"_ftnref3\">[3]<\/a> et gaz naturel2, avec peu de variations entre pays).<\/span><\/p>\n<p><span style=\"color: #000000;\">Le tableau ci-apr\u00e8s fournit quelques chiffres \u00e0 titre d\u2019illustration\u00a0: la 1<sup>\u00e8re<\/sup> ligne concerne les facteurs d\u2019\u00e9missions de l\u2019\u00e9lectricit\u00e9, la 2<sup>\u00e8me<\/sup> ligne ceux de l\u2019\u00e9nergie finale hors \u00e9lectricit\u00e9<a style=\"color: #000000;\" href=\"#_ftn4\" name=\"_ftnref4\">[4]<\/a>, pour 2013.<\/span><\/p>\n<p><img loading=\"lazy\" decoding=\"async\" class=\"aligncenter size-full wp-image-1730\" src=\"http:\/\/variances.eu\/wp-content\/uploads\/2016\/11\/Tableau1.png\" alt=\"tableau1\" width=\"2536\" height=\"404\" srcset=\"https:\/\/variances.eu\/wp-content\/uploads\/2016\/11\/Tableau1.png 2536w, https:\/\/variances.eu\/wp-content\/uploads\/2016\/11\/Tableau1-300x48.png 300w, https:\/\/variances.eu\/wp-content\/uploads\/2016\/11\/Tableau1-1024x163.png 1024w, https:\/\/variances.eu\/wp-content\/uploads\/2016\/11\/Tableau1-600x96.png 600w, https:\/\/variances.eu\/wp-content\/uploads\/2016\/11\/Tableau1-1080x172.png 1080w\" sizes=\"(max-width: 2536px) 100vw, 2536px\" \/><\/p>\n<p style=\"text-align: center;\"><em><span style=\"color: #000000;\">Tableau 1\u00a0: facteurs d\u2019\u00e9missions de l\u2019\u00e9nergie en 2013 dans le monde et pour certaines r\u00e9gions \/ pays <\/span><\/em><em><span style=\"color: #000000;\">(d\u2019apr\u00e8s AIE WEO 2015, calculs Carbone 4)<a style=\"color: #000000;\" href=\"#_ftn5\" name=\"_ftnref5\"><strong>[5]<\/strong><\/a><\/span><\/em><\/p>\n<p>&nbsp;<\/p>\n<h3><span style=\"color: #000000;\"><strong>Un mix \u00e9nerg\u00e9tique pas forc\u00e9ment domin\u00e9 par l\u2019\u00e9lectricit\u00e9 dans un sc\u00e9nario 2\u00b0C<\/strong><\/span><\/h3>\n<p><span style=\"color: #000000;\">Mais cela ne dit \u00e9videmment rien de ce que l\u2019avenir nous r\u00e9serve\u00a0! Pla\u00e7ons-nous alors dans le cas de figure a priori le plus favorable, celui o\u00f9 se r\u00e9alise le sc\u00e9nario 450 de l\u2019AIE (compatible avec une trajectoire 2\u00b0C, cf. AIE WEO 2015). La part de l\u2019\u00e9lectricit\u00e9 va-t-elle doubler\u00a0? tripler\u00a0? quadrupler\u00a0? L\u2019Agence envisage dans ce sc\u00e9nario que cette part n\u2019augmenterait que d\u2019un tiers entre aujourd\u2019hui et 2040, passant ainsi de 18 \u00e0 \u2026 24 %\u00a0! Soit encore 76 % de notre \u00e9nergie finale reposant sur d\u2019autres vecteurs que l\u2019\u00e9lectricit\u00e9. Certes, partout l\u2019\u00e9lectrification du syst\u00e8me \u00e9nerg\u00e9tique progresserait gr\u00e2ce \u00e0 la substitution (dans le chauffage, dans les transports notamment) et la hausse des usages (plus un pays se modernise, plus la part de l\u2019\u00e9lectricit\u00e9 augmente), mais \u00e0 des niveaux d\u00e9passant rarement les 30 % (33 % au Japon, 31 % en Chine, 29 % aux USA, 38 % dans l\u2019Union Europ\u00e9enne, \u2026).<\/span><\/p>\n<p><span style=\"color: #000000;\">L\u2019AIE ne peut \u00eatre soup\u00e7onn\u00e9e d\u2019hostilit\u00e9 envers l\u2019\u00e9lectricit\u00e9. Il se pourrait n\u00e9anmoins qu\u2019elle soit prudente en termes de transferts d\u2019usages pour une raison assez l\u00e9gitime. Le conservatisme est de rigueur dans ce domaine et les investissements d\u2019\u00e9lectrification sont lourds. Des r\u00e9volutions pourraient arriver plus vite que pr\u00e9vu\u00a0; le secteur de l\u2019\u00e9lectro-mobilit\u00e9 semble d\u00e9coller apr\u00e8s des ann\u00e9es d&rsquo;ankylose\u00a0; les EnR \u00e9lectriques deviennent\u00a0 comp\u00e9titives et les progr\u00e8s technico-\u00e9conomiques du stockage de l\u2019\u00e9lectricit\u00e9 pourraient changer la donne. Enfin, la d\u00e9carbonation de l\u2019\u00e9conomie dans une trajectoire 2\u00b0C doit se poursuivre apr\u00e8s 2040 jusqu\u2019\u00e0 la neutralit\u00e9 carbone. Nous reviendrons sur ces questions\u00a0 en conclusion, mais \u00e0 ce stade nous faisons l\u2019hypoth\u00e8se que l\u2019AIE ne se trompe pas d\u2019ordre de grandeur sur un horizon de 25 ans.<\/span><\/p>\n<p><span style=\"color: #000000;\">La figure ci-dessous reprend ces donn\u00e9es et les compl\u00e8te par l\u2019\u00e9volution parall\u00e8le des \u00e9missions de CO<sub>2<\/sub> li\u00e9es \u00e0 l\u2019\u00e9nergie. On v\u00e9rifie bien que le point de passage en 2040 est \u00e0 environ 17 GtCO<sub>2<\/sub>\u00a0!<\/span><\/p>\n<p><img loading=\"lazy\" decoding=\"async\" class=\"aligncenter size-full wp-image-1731\" src=\"http:\/\/variances.eu\/wp-content\/uploads\/2016\/11\/Figure2.png\" alt=\"figure2\" width=\"985\" height=\"591\" srcset=\"https:\/\/variances.eu\/wp-content\/uploads\/2016\/11\/Figure2.png 985w, https:\/\/variances.eu\/wp-content\/uploads\/2016\/11\/Figure2-300x180.png 300w, https:\/\/variances.eu\/wp-content\/uploads\/2016\/11\/Figure2-600x360.png 600w, https:\/\/variances.eu\/wp-content\/uploads\/2016\/11\/Figure2-627x376.png 627w, https:\/\/variances.eu\/wp-content\/uploads\/2016\/11\/Figure2-440x264.png 440w\" sizes=\"(max-width: 985px) 100vw, 985px\" \/><\/p>\n<p style=\"text-align: center;\"><em><span style=\"color: #000000;\">Figure 2\u00a0: \u00e9volution mondiale de la part de l\u2019\u00e9lectricit\u00e9 dans la demande d\u2019\u00e9nergie finale et dans les \u00e9missions de CO<sub>2 <\/sub>dans le sc\u00e9nario 450 de l\u2019IEA (d\u2019apr\u00e8s AIE WEO 2015, calculs Carbone 4)<\/span><\/em><\/p>\n<p><span style=\"color: #000000;\">Ces chiffres nous montrent une chose. Pour r\u00e9ussir la transformation vers une \u00e9conomie \u00ab\u00a02\u00b0C compatible\u00a0\u00bb, il est imprudent de consid\u00e9rer que la solution passera uniquement par une forte substitution par l\u2019\u00e9lectricit\u00e9, doubl\u00e9e d\u2019une forte r\u00e9duction de son contenu en carbone. Ainsi, l\u2019AIE estime dans son sc\u00e9nario 450 que le facteur d\u2019\u00e9missions de l\u2019\u00e9lectricit\u00e9 devrait \u00eatre r\u00e9duit de 580 gCO<sub>2<\/sub>\/kWh aujourd\u2019hui \u00e0 environ 120g gCO<sub>2<\/sub>\/kWh en 2040 \u2026 soit une baisse vertigineuse d\u2019un facteur 5\u00a0! Mais, compte tenu de la contrainte associ\u00e9e \u00e0 la trajectoire 2\u00b0C, ce progr\u00e8s consid\u00e9rable ne suffirait toutefois pas \u00e0 atteindre l\u2019objectif\u00a0: il faudrait que le contenu carbone de la partie \u00ab\u00a0hors \u00e9lectricit\u00e9\u00a0\u00bb de notre \u00e9nergie finale baisse dans le m\u00eame temps de 25 % environ, passant de 190 \u00e0 150 gCO<sub>2<\/sub>\/kWh environ (cf. figure ci-dessous).<\/span><\/p>\n<p><img loading=\"lazy\" decoding=\"async\" class=\"aligncenter size-full wp-image-1734\" src=\"http:\/\/variances.eu\/wp-content\/uploads\/2016\/11\/Figure3-1.png\" alt=\"figure3\" width=\"945\" height=\"567\" srcset=\"https:\/\/variances.eu\/wp-content\/uploads\/2016\/11\/Figure3-1.png 945w, https:\/\/variances.eu\/wp-content\/uploads\/2016\/11\/Figure3-1-300x180.png 300w, https:\/\/variances.eu\/wp-content\/uploads\/2016\/11\/Figure3-1-600x360.png 600w, https:\/\/variances.eu\/wp-content\/uploads\/2016\/11\/Figure3-1-627x376.png 627w, https:\/\/variances.eu\/wp-content\/uploads\/2016\/11\/Figure3-1-440x264.png 440w\" sizes=\"(max-width: 945px) 100vw, 945px\" \/><\/p>\n<p style=\"text-align: center;\"><em><span style=\"color: #000000;\">Figure 3\u00a0: \u00e9volution mondiale des facteur d\u2019\u00e9missions de l\u2019\u00e9nergie, dans le sc\u00e9nario 450 de l\u2019IEA (d\u2019apr\u00e8s AIE WEO 2015, calculs Carbone 4)<\/span><\/em><\/p>\n<p>&nbsp;<\/p>\n<p><span style=\"color: #000000;\">Car avec encore \u00be de l\u2019\u00e9nergie finale en 2040, le sc\u00e9nario 450 de l\u2019AIE laisse une place finalement tr\u00e8s importante aux vecteurs \u00e9nerg\u00e9tiques hors \u00e9lectricit\u00e9\u00a0: il s\u2019agit de tous les produits \u00e0 base de fossiles (carburants p\u00e9troliers, gaz de r\u00e9seau \/ propane, etc.) et les autres renouvelables (biocarburants, biomasse pour chaleur, etc.). Pour cette partie-l\u00e0 de notre consommation, r\u00e9duire d\u2019un quart le facteur d\u2019\u00e9mission moyen est moins trivial que pour l\u2019\u00e9lectricit\u00e9\u00a0: substitution des fossiles par les renouvelables (la part de ces derniers dans l\u2019\u00e9nergie finale passant de 12 \u00e0 17%), meilleure performance de l\u2019amont du p\u00e9trole et du gaz, mais aussi probablement une part non n\u00e9gligeable de capture et s\u00e9questration du CO<sub>2<\/sub> dans l\u2019industrie lourde (ciment, sid\u00e9rurgie, etc.)<a style=\"color: #000000;\" href=\"#_ftn6\" name=\"_ftnref6\">[6]<\/a> \u2026 On pourrait s\u2019\u00e9tonner de la faible p\u00e9n\u00e9tration des renouvelables dans le hors-\u00e9lectricit\u00e9. La biomasse parfois imagin\u00e9e comme la voie royale pour sortir des \u00e9nergies fossiles devra \u00eatre utilis\u00e9e en priorit\u00e9 pour le stockage du carbone, la nourriture et les mat\u00e9riaux (bioindustrie et bois dans la construction). On voit mal qu\u2019elle joue un r\u00f4le massif dans la d\u00e9carbonation de l\u2019\u00e9nergie. Quant \u00e0 la g\u00e9othermie et au solaire thermique, leur potentiel est clairement limit\u00e9.<\/span><\/p>\n<p><span style=\"color: #000000;\">Retenons que cette r\u00e9duction appara\u00eet indispensable \u00e0 une trajectoire 2\u00b0C, comme le montre la figure ci-dessous (voir le dernier \u00ab\u00a0driver\u00a0\u00bb \u00e0 droite). Sans ce levier, les \u00e9missions de 2040 seraient plus proches de 22 que de 17 GtCO<sub>2<\/sub>\u00a0!<\/span><\/p>\n<p><img loading=\"lazy\" decoding=\"async\" class=\"aligncenter size-full wp-image-1735\" src=\"http:\/\/variances.eu\/wp-content\/uploads\/2016\/11\/Figure4.png\" alt=\"figure4\" width=\"985\" height=\"591\" srcset=\"https:\/\/variances.eu\/wp-content\/uploads\/2016\/11\/Figure4.png 985w, https:\/\/variances.eu\/wp-content\/uploads\/2016\/11\/Figure4-300x180.png 300w, https:\/\/variances.eu\/wp-content\/uploads\/2016\/11\/Figure4-600x360.png 600w, https:\/\/variances.eu\/wp-content\/uploads\/2016\/11\/Figure4-627x376.png 627w, https:\/\/variances.eu\/wp-content\/uploads\/2016\/11\/Figure4-440x264.png 440w\" sizes=\"(max-width: 985px) 100vw, 985px\" \/><\/p>\n<p style=\"text-align: center;\"><em><span style=\"color: #000000;\">Figure 4\u00a0: facteurs d\u2019\u00e9volution des \u00e9missions de CO<sub>2 <\/sub>dans le sc\u00e9nario 450 de l\u2019IEA, entre 2013 et 2040 (d\u2019apr\u00e8s AIE WEO 2015, calculs Carbone 4)<\/span><\/em><\/p>\n<p>&nbsp;<\/p>\n<h3><span style=\"color: #000000;\"><strong>Quid de la consommation d\u2019\u00e9nergie par habitant\u00a0?<\/strong><\/span><\/h3>\n<p><span style=\"color: #000000;\">La vision macro pr\u00e9sent\u00e9e ici masque cependant d\u2019autres implications qu\u2019il est important de souligner. R\u00e9ussir la transition vers une \u00e9conomie \u00ab\u00a02\u00b0C compatible\u00a0\u00bb n\u00e9cessite ainsi\u00a0:<\/span><\/p>\n<ul>\n<li><span style=\"color: #000000;\">de r\u00e9duire la demande d\u2019\u00e9nergie finale par habitant d\u2019environ 10% (1,17 contre 1,28 tep aujourd\u2019hui),<\/span><\/li>\n<li><span style=\"color: #000000;\">\u2026 en particulier sur le \u00ab\u00a0hors \u00e9lectricit\u00e9\u00a0\u00bb avec une baisse par habitant de 15% entre aujourd\u2019hui et 2040,<\/span><\/li>\n<li><span style=\"color: #000000;\">Compte tenu des disparit\u00e9s entre les niveaux de consommation entre les pays, cela sous-entend que les efforts des pays du Nord devront \u00eatre bien plus importants que cela\u00a0: la figure ci-dessous l\u2019illustre tr\u00e8s bien. Les habitants des pays \u00ab\u00a0riches\u00a0\u00bb comme ceux de l\u2019Union Europ\u00e9enne, des Etats-Unis ou du Japon devront r\u00e9duire de plus de 30% leur consommation d\u2019\u00e9nergie finale \u00ab\u00a0hors \u00e9lectricit\u00e9\u00a0\u00bb, alors qu\u2019un Indien moyen aura, lui, le droit de l\u2019augmenter de l\u2019ordre de 40%.<\/span><\/li>\n<li><span style=\"color: #000000;\">au sein m\u00eame de nos pays \u00ab\u00a0riches\u00a0\u00bb, cet objectif \u00e0 la baisse n\u00e9cessitera que les personnes des d\u00e9ciles \u00e9lev\u00e9s (CSP+) r\u00e9duisent encore davantage que cela (de l\u2019ordre de 40 \u00e0 50%), pour que celles des d\u00e9ciles les plus bas puissent augmenter l\u00e9g\u00e8rement leur consommation, signe de meilleures conditions de vie.<\/span><\/li>\n<\/ul>\n<p><img loading=\"lazy\" decoding=\"async\" class=\"aligncenter size-full wp-image-1736\" src=\"http:\/\/variances.eu\/wp-content\/uploads\/2016\/11\/Figure5.png\" alt=\"figure5\" width=\"985\" height=\"591\" srcset=\"https:\/\/variances.eu\/wp-content\/uploads\/2016\/11\/Figure5.png 985w, https:\/\/variances.eu\/wp-content\/uploads\/2016\/11\/Figure5-300x180.png 300w, https:\/\/variances.eu\/wp-content\/uploads\/2016\/11\/Figure5-600x360.png 600w, https:\/\/variances.eu\/wp-content\/uploads\/2016\/11\/Figure5-627x376.png 627w, https:\/\/variances.eu\/wp-content\/uploads\/2016\/11\/Figure5-440x264.png 440w\" sizes=\"(max-width: 985px) 100vw, 985px\" \/><\/p>\n<p style=\"text-align: center;\"><em><span style=\"color: #000000;\">Figure 5\u00a0: \u00e9volution de la consommation d\u2019\u00e9nergie finale \u00ab\u00a0hors \u00e9lectricit\u00e9\u00a0\u00bb par habitant entre 2013 et 2040, dans le sc\u00e9nario 450 de l\u2019IEA, pour le monde et dans certaines r\u00e9gions \/ pays (d\u2019apr\u00e8s IEA WEO 2015, calculs Carbone 4)<\/span><\/em><\/p>\n<p>&nbsp;<\/p>\n<h3><span style=\"color: #000000;\"><strong>En r\u00e9sum\u00e9 \u2026<\/strong><\/span><\/h3>\n<p><span style=\"color: #000000;\">Le vecteur \u00ab\u00a0\u00e9lectricit\u00e9\u00a0\u00bb est \u00e0 l\u2019\u00e9vidence un levier d\u2019action incontournable pour inscrire le monde sur une trajectoire 2\u00b0C. Le potentiel de r\u00e9duction des \u00e9missions au niveau de sa production est en effet consid\u00e9rable au regard des technologies disponibles (variation d\u2019un facteur 10 et plus entre mix au charbon et mix ENR\/nucl\u00e9aire). Une baisse du contenu en carbone de l\u2019\u00e9lectricit\u00e9 d\u2019un facteur 5 peut \u00eatre atteinte selon l\u2019AIE \u00e0 l\u2019horizon 2040.<\/span><\/p>\n<p><span style=\"color: #000000;\">M\u00eame si son facteur d\u2019\u00e9mission a moins de potentiel de r\u00e9duction, il est indispensable d\u2019agir sur l\u2019autre levier, celui de l\u2019\u00e9nergie finale \u00ab\u00a0hors \u00e9lectricit\u00e9\u00a0\u00bb car celle-ci va continuer de dominer le mix \u00e9nerg\u00e9tique pendant longtemps. L\u2019efficacit\u00e9 \u00e9nerg\u00e9tique devra donc y jouer un r\u00f4le encore plus d\u00e9terminant que pour l\u2019\u00e9lectricit\u00e9.<\/span><\/p>\n<p><span style=\"color: #000000;\">Ces objectifs de r\u00e9duction des facteurs d\u2019\u00e9missions ne doivent cependant pas masquer une autre conclusion essentielle\u00a0: il va falloir r\u00e9duire notre consommation d\u2019\u00e9nergie par habitant de mani\u00e8re sensible, notamment dans les pays riches, si l\u2019on veut conserver une chance de rester sous la barre des 2\u00b0C \u2026<\/span><\/p>\n<p><span style=\"color: #000000;\">Enfin, si l\u2019on se projette \u00e0 plus long terme, un monde neutre carbone sera sans doute un monde o\u00f9 les transferts d\u2019usage vers l\u2019\u00e9lectricit\u00e9 s\u2019accro\u00eetront encore. D\u00e8s lors la Recherche et D\u00e9veloppement doit toujours \u00eatre mobilis\u00e9e dans cette direction\u00a0: il en faut encore pour remplacer les vecteurs conventionnels (liquide et gaz )\u00a0 par l\u2019\u00a0\u00e9lectricit\u00e9 dans l\u2019industrie.<\/span><\/p>\n<p>&nbsp;<\/p>\n<p><span style=\"color: #000000;\"><strong>Article de\u00a0Alain Grandjean (1980) et St\u00e9phane Amant<\/strong><\/span><\/p>\n<p>&nbsp;<\/p>\n<hr \/>\n<p><span style=\"color: #000000;\"><em><a style=\"color: #000000;\" href=\"#_ftnref1\" name=\"_ftn1\">[1]<\/a> environ 220 gCO<sub>2<\/sub>\/kWh thermique, d\u00e9duit des donn\u00e9es AIE.<\/em><\/span><\/p>\n<p><span style=\"color: #000000;\"><em><a style=\"color: #000000;\" href=\"#_ftnref2\" name=\"_ftn2\">[2]<\/a> environ 190 gCO<sub>2<\/sub>\/kWh thermique, d\u00e9duit des donn\u00e9es AIE.<\/em><\/span><\/p>\n<p><span style=\"color: #000000;\"><em><a style=\"color: #000000;\" href=\"#_ftnref3\" name=\"_ftn3\">[3]<\/a> environ 315 gCO<sub>2<\/sub>\/kWh thermique, d\u00e9duit des donn\u00e9es AIE (valeur moyenne Monde, car les chiffres peuvent diff\u00e9rer sensiblement selon le type de charbon).<\/em><\/span><\/p>\n<p><span style=\"color: #000000;\"><em><a style=\"color: #000000;\" href=\"#_ftnref4\" name=\"_ftn4\">[4]<\/a> Ces facteurs d\u2019\u00e9missions sont issus des donn\u00e9es de l\u2019AIE (WEO 2015 en l\u2019occurrence). Pour l\u2019\u00e9lectricit\u00e9, il s\u2019agit du rapport entre les \u00e9missions \u00ab\u00a0Power generation\u00a0\u00bb et le chiffre de \u00ab\u00a0Total generation\u00a0\u00bb. Pour le \u00ab\u00a0hors \u00e9lectricit\u00e9\u00a0\u00bb, les valeurs sont calcul\u00e9es \u00e0 partir de l\u2019\u00e9nergie finale totale de laquelle est d\u00e9duite la part de l\u2019\u00e9lectricit\u00e9. En outre, on ne tient pas compte ici des \u00e9missions du secteur de la transformation \u00e9nerg\u00e9tique hors \u00e9lectricit\u00e9 (raffineries, etc.) qui ont un effet du second ordre pour notre analyse.<\/em><\/span><\/p>\n<p><span style=\"color: #000000;\"><em>Enfin, toujours pour l\u2019\u00e9nergie finale \u00ab\u00a0hors \u00e9lectricit\u00e9\u00a0\u00bb, le passage des tCO<sub>2<\/sub>\/tep aux kgCO<sub>2<\/sub>\/kWh se fait \u00e0 l\u2019aide du ratio de 11,63 MWh par tep.<\/em><\/span><\/p>\n<p><span style=\"color: #000000;\"><em><a style=\"color: #000000;\" href=\"#_ftnref5\" name=\"_ftn5\">[5]<\/a> Les facteurs d\u2019\u00e9missions reproduits dans ce tableau s\u2019appuient de mani\u00e8re implicite sur les FE fossiles ci-dessus. En outre, m\u00eame si cela n\u2019est pas stipul\u00e9 par l\u2019Agence, il est probable que tous les usages de la biomasse sont comptabilis\u00e9s avec un FE \u00e9gal \u00e0 z\u00e9ro (pas de CO<sub>2<\/sub> fossile dans les \u00e9missions directes), d\u2019apr\u00e8s nos propres calculs de coh\u00e9rence.<\/em><\/span><\/p>\n<p><span style=\"color: #000000;\"><em><a style=\"color: #000000;\" href=\"#_ftnref6\" name=\"_ftn6\">[6]<\/a> A l\u2019heure actuelle, cela reste encore un pari \u00e0 la fois technologique et \u00e9conomique tr\u00e8s incertain, du fait des probl\u00e9matiques g\u00e9ologiques, d\u2019investissement, de rentabilit\u00e9, de p\u00e9nalit\u00e9 \u00e9nerg\u00e9tique, etc.<\/em><\/span><\/p>\n","protected":false},"excerpt":{"rendered":"<p>L\u2019ambitieux projet de d\u00e9carboner l\u2019\u00e9conomie mondiale pour s\u2019inscrire sur une trajectoire \u00ab\u00a02\u00b0C\u00a0\u00bb se limite souvent dans les discours \u00e0 la question de l\u2019\u00e9lectricit\u00e9. En France par exemple, la controverse nucl\u00e9aire contre renouvelables ne faiblit pas, occultant trop souvent les autres enjeux. Hors de nos fronti\u00e8res, d\u00e9carboner l\u2019\u00e9conomie se traduit en g\u00e9n\u00e9ral par faire plus d\u2019\u00e9lectricit\u00e9, [&hellip;]<\/p>\n","protected":false},"author":30,"featured_media":1740,"comment_status":"closed","ping_status":"open","sticky":false,"template":"","format":"standard","meta":{"_et_pb_use_builder":"","_et_pb_old_content":"","_et_gb_content_width":"","_exactmetrics_skip_tracking":false,"_exactmetrics_sitenote_active":false,"_exactmetrics_sitenote_note":"","_exactmetrics_sitenote_category":0,"footnotes":""},"categories":[122,9,133],"tags":[123],"class_list":["post-1728","post","type-post","status-publish","format-standard","has-post-thumbnail","hentry","category-climat","category-economie","category-themes","tag-climat","et-has-post-format-content","et_post_format-et-post-format-standard"],"_links":{"self":[{"href":"https:\/\/variances.eu\/index.php?rest_route=\/wp\/v2\/posts\/1728","targetHints":{"allow":["GET"]}}],"collection":[{"href":"https:\/\/variances.eu\/index.php?rest_route=\/wp\/v2\/posts"}],"about":[{"href":"https:\/\/variances.eu\/index.php?rest_route=\/wp\/v2\/types\/post"}],"author":[{"embeddable":true,"href":"https:\/\/variances.eu\/index.php?rest_route=\/wp\/v2\/users\/30"}],"replies":[{"embeddable":true,"href":"https:\/\/variances.eu\/index.php?rest_route=%2Fwp%2Fv2%2Fcomments&post=1728"}],"version-history":[{"count":0,"href":"https:\/\/variances.eu\/index.php?rest_route=\/wp\/v2\/posts\/1728\/revisions"}],"wp:featuredmedia":[{"embeddable":true,"href":"https:\/\/variances.eu\/index.php?rest_route=\/wp\/v2\/media\/1740"}],"wp:attachment":[{"href":"https:\/\/variances.eu\/index.php?rest_route=%2Fwp%2Fv2%2Fmedia&parent=1728"}],"wp:term":[{"taxonomy":"category","embeddable":true,"href":"https:\/\/variances.eu\/index.php?rest_route=%2Fwp%2Fv2%2Fcategories&post=1728"},{"taxonomy":"post_tag","embeddable":true,"href":"https:\/\/variances.eu\/index.php?rest_route=%2Fwp%2Fv2%2Ftags&post=1728"}],"curies":[{"name":"wp","href":"https:\/\/api.w.org\/{rel}","templated":true}]}}