{"id":1409,"date":"2016-10-06T10:59:13","date_gmt":"2016-10-06T08:59:13","guid":{"rendered":"http:\/\/variances.eu\/?p=1409"},"modified":"2016-10-11T11:37:56","modified_gmt":"2016-10-11T09:37:56","slug":"jean-claude-milleron-1937-2016","status":"publish","type":"post","link":"https:\/\/variances.eu\/?p=1409","title":{"rendered":"Jean-Claude MILLERON (1937 \u2013 2016)"},"content":{"rendered":"<p>[et_pb_section admin_label=\u00a0\u00bbsection\u00a0\u00bb transparent_background=\u00a0\u00bboff\u00a0\u00bb allow_player_pause=\u00a0\u00bboff\u00a0\u00bb inner_shadow=\u00a0\u00bboff\u00a0\u00bb parallax=\u00a0\u00bboff\u00a0\u00bb parallax_method=\u00a0\u00bbon\u00a0\u00bb padding_mobile=\u00a0\u00bboff\u00a0\u00bb make_fullwidth=\u00a0\u00bboff\u00a0\u00bb use_custom_width=\u00a0\u00bboff\u00a0\u00bb width_unit=\u00a0\u00bboff\u00a0\u00bb custom_width_px=\u00a0\u00bb1080px\u00a0\u00bb custom_width_percent=\u00a0\u00bb80%\u00a0\u00bb make_equal=\u00a0\u00bboff\u00a0\u00bb use_custom_gutter=\u00a0\u00bboff\u00a0\u00bb fullwidth=\u00a0\u00bboff\u00a0\u00bb specialty=\u00a0\u00bboff\u00a0\u00bb disabled=\u00a0\u00bboff\u00a0\u00bb][et_pb_row admin_label=\u00a0\u00bbrow\u00a0\u00bb make_fullwidth=\u00a0\u00bboff\u00a0\u00bb use_custom_width=\u00a0\u00bboff\u00a0\u00bb width_unit=\u00a0\u00bboff\u00a0\u00bb custom_width_px=\u00a0\u00bb1080px\u00a0\u00bb custom_width_percent=\u00a0\u00bb80%\u00a0\u00bb use_custom_gutter=\u00a0\u00bboff\u00a0\u00bb gutter_width=\u00a0\u00bb3&Prime; custom_padding=\u00a0\u00bb18.9531px|0px|0px|0px\u00a0\u00bb padding_mobile=\u00a0\u00bboff\u00a0\u00bb allow_player_pause=\u00a0\u00bboff\u00a0\u00bb parallax=\u00a0\u00bboff\u00a0\u00bb parallax_method=\u00a0\u00bbon\u00a0\u00bb make_equal=\u00a0\u00bboff\u00a0\u00bb column_padding_mobile=\u00a0\u00bbon\u00a0\u00bb parallax_1=\u00a0\u00bboff\u00a0\u00bb parallax_method_1=\u00a0\u00bbon\u00a0\u00bb parallax_2=\u00a0\u00bboff\u00a0\u00bb parallax_method_2=\u00a0\u00bbon\u00a0\u00bb parallax_3=\u00a0\u00bboff\u00a0\u00bb parallax_method_3=\u00a0\u00bbon\u00a0\u00bb parallax_4=\u00a0\u00bboff\u00a0\u00bb parallax_method_4=\u00a0\u00bbon\u00a0\u00bb disabled=\u00a0\u00bboff\u00a0\u00bb][et_pb_column type=\u00a0\u00bb2_3&Prime;][et_pb_text admin_label=\u00a0\u00bbTexte\u00a0\u00bb background_layout=\u00a0\u00bblight\u00a0\u00bb text_orientation=\u00a0\u00bbleft\u00a0\u00bb use_border_color=\u00a0\u00bboff\u00a0\u00bb border_style=\u00a0\u00bbsolid\u00a0\u00bb disabled=\u00a0\u00bboff\u00a0\u00bb]<\/p>\n<p style=\"text-align: justify;\">Jean-Claude Milleron nous a quitt\u00e9s le 4 juillet 2016. Son aura et sa comp\u00e9tence, au cours de sa longue pr\u00e9sence \u00e0 l\u2019ENSAE, \u00e0 des titres divers, auront influenc\u00e9 de nombreux anciens \u00e9l\u00e8ves.<\/p>\n<p style=\"text-align: justify;\">N\u00e9 en 1937, Jean-Claude est un \u00e9tudiant brillant. Aimant le formalisme math\u00e9matique, dipl\u00f4m\u00e9 de l\u2019Ecole Polytechnique en 1961, il sort de l\u2019ENSAE dans le corps des Administrateurs de l\u2019INSEE en 1963. Il confirme son go\u00fbt pour l\u2019\u00e9conomie en compl\u00e9tant les cours de l\u2019ENSAE par un dipl\u00f4me d&rsquo;\u00e9tudes sup\u00e9rieures (DES) de Sciences Economiques de l&rsquo;Universit\u00e9 de Paris.<\/p>\n<p style=\"text-align: justify;\">L\u2019ENSAE et la recherche l\u2019attirent tr\u00e8s vite.<\/p>\n<p>[\/et_pb_text][\/et_pb_column][et_pb_column type=\u00a0\u00bb1_3&Prime;][et_pb_image admin_label=\u00a0\u00bbImage\u00a0\u00bb src=\u00a0\u00bbhttp:\/\/variances.eu\/wp-content\/uploads\/2016\/10\/milleron.jpg\u00a0\u00bb show_in_lightbox=\u00a0\u00bboff\u00a0\u00bb url_new_window=\u00a0\u00bboff\u00a0\u00bb use_overlay=\u00a0\u00bboff\u00a0\u00bb animation=\u00a0\u00bboff\u00a0\u00bb sticky=\u00a0\u00bbon\u00a0\u00bb align=\u00a0\u00bbcenter\u00a0\u00bb force_fullwidth=\u00a0\u00bboff\u00a0\u00bb always_center_on_mobile=\u00a0\u00bbon\u00a0\u00bb use_border_color=\u00a0\u00bboff\u00a0\u00bb border_color=\u00a0\u00bb#ffffff\u00a0\u00bb border_width=\u00a0\u00bb1px\u00a0\u00bb border_style=\u00a0\u00bbsolid\u00a0\u00bb disabled=\u00a0\u00bboff\u00a0\u00bb]<\/p>\n<p>[\/et_pb_image][\/et_pb_column][\/et_pb_row][et_pb_row admin_label=\u00a0\u00bbrow\u00a0\u00bb make_fullwidth=\u00a0\u00bboff\u00a0\u00bb use_custom_width=\u00a0\u00bboff\u00a0\u00bb width_unit=\u00a0\u00bboff\u00a0\u00bb custom_width_px=\u00a0\u00bb1080px\u00a0\u00bb custom_width_percent=\u00a0\u00bb80%\u00a0\u00bb use_custom_gutter=\u00a0\u00bboff\u00a0\u00bb gutter_width=\u00a0\u00bb3&Prime; custom_padding=\u00a0\u00bb21px|0px|18.9531px|0px\u00a0\u00bb padding_mobile=\u00a0\u00bboff\u00a0\u00bb allow_player_pause=\u00a0\u00bboff\u00a0\u00bb parallax=\u00a0\u00bboff\u00a0\u00bb parallax_method=\u00a0\u00bbon\u00a0\u00bb make_equal=\u00a0\u00bboff\u00a0\u00bb column_padding_mobile=\u00a0\u00bbon\u00a0\u00bb parallax_1=\u00a0\u00bboff\u00a0\u00bb parallax_method_1=\u00a0\u00bbon\u00a0\u00bb parallax_2=\u00a0\u00bboff\u00a0\u00bb parallax_method_2=\u00a0\u00bbon\u00a0\u00bb parallax_3=\u00a0\u00bboff\u00a0\u00bb parallax_method_3=\u00a0\u00bbon\u00a0\u00bb parallax_4=\u00a0\u00bboff\u00a0\u00bb parallax_method_4=\u00a0\u00bbon\u00a0\u00bb disabled=\u00a0\u00bboff\u00a0\u00bb][et_pb_column type=\u00a0\u00bb4_4&Prime;][et_pb_text admin_label=\u00a0\u00bbTexte\u00a0\u00bb background_layout=\u00a0\u00bblight\u00a0\u00bb text_orientation=\u00a0\u00bbleft\u00a0\u00bb use_border_color=\u00a0\u00bboff\u00a0\u00bb border_style=\u00a0\u00bbsolid\u00a0\u00bb disabled=\u00a0\u00bboff\u00a0\u00bb]<\/p>\n<p style=\"text-align: justify;\"><span style=\"font-family: 'Open Sans', sans-serif; font-size: 14px; font-style: normal; font-variant: normal; font-weight: normal; line-height: 23.8px; text-align: justify;\">Apr\u00e8s un rapide passage \u00e0 la division Conjoncture de l\u2019INSEE, il retourne \u00e0 l\u2019ENSAE d\u00e8s 1964 en tant qu\u2019assistant d\u2019\u00e9conomie, poste qu\u2019il occupe jusqu\u2019en 1968. Il rejoint alors Edmond Malinvaud, ancien directeur de l\u2019ENSAE de 1962 \u00e0 1966, au d\u00e9partement de la Recherche de l\u2019INSEE, jusqu\u2019en 1970. Il part ensuite deux ans \u00e0 Berkeley, dont il revient pour prendre le poste de directeur adjoint de l\u2019ENSAE, dans un premier temps, puis celui de directeur en 1972, succ\u00e9dant \u00e0 Marcel Croze.<\/span><\/p>\n<p style=\"text-align: justify;\">Il est \u00e0 la t\u00eate de l\u2019Ecole quand a lieu, au cours des vacances de No\u00ebl 1974, le d\u00e9m\u00e9nagement de la rue Montmorency et son historique h\u00f4tel particulier du 3<sup>\u00e8me<\/sup> arrondissement, pour les locaux flambant neuf de la rue Pierre Larousse de Malakoff.<\/p>\n<p style=\"text-align: justify;\">Durant sa direction, que j\u2019ai personnellement connue de 1974 \u00e0 1978 comme assistant, l\u2019ENSAE va d\u00e9velopper son corps enseignant permanent, assistants et professeurs, et renforcer encore ses enseignements de pointe en \u00e9conomie, \u00e9conom\u00e9trie et statistique math\u00e9matique. Jean-Claude assure un management moderne, souriant, \u00e9clair\u00e9, passant, avec la m\u00eame aisance et \u00e9l\u00e9gance, du pilotage de l\u2019institution ENSAE \u00e0 la lecture ou la r\u00e9daction de livres et d\u2019articles, sans oublier de partager des moments conviviaux de d\u00e9tente sur un court de tennis, souvent avec Paul Champsaur, Alain Monfort et moi-m\u00eame.<\/p>\n<p style=\"text-align: justify;\">Comment ne pas mentionner son go\u00fbt pour la diffusion des connaissances, la p\u00e9dagogie, via l\u2019\u00e9criture de nombreux ouvrages et articles d&rsquo;analyse \u00e9conomique, principalement dans les domaines de micro-\u00e9conomie th\u00e9orique et appliqu\u00e9e, de la th\u00e9orie des biens publics et de la politique \u00e9conomique\u00a0? Nous sommes nombreux \u00e0 avoir lu son \u00ab\u00a0Initiation \u00e0 la micro-\u00e9conomie\u00a0\u00bb, c\u00e9l\u00e8bre livre \u00e0 couverture jaune de Dunod, repris plus tard chez Economica, les \u00ab\u00a0Exercices de micro-\u00e9conomie\u00a0\u00bb avec Paul Champsaur, ou encore ses contributions aux c\u00e9l\u00e8bres \u00ab\u00a0Le\u00e7ons de th\u00e9orie micro-\u00e9conomique\u00a0\u00bb d\u2019Edmond Malinvaud.<\/p>\n<p style=\"text-align: justify;\">Son apport \u00e0 la recherche a \u00e9t\u00e9 reconnu par sa nomination, en 1979, comme \u00ab Fellow of the Econometric Society \u00bb.<\/p>\n<p style=\"text-align: justify;\">A 41 ans, Jean-Claude Milleron devient chef du Service Economique du Commissariat G\u00e9n\u00e9ral au Plan, le pr\u00e9d\u00e9cesseur de l\u2019actuel France Strat\u00e9gie. En 1982, il prend la direction de la Pr\u00e9vision au Minist\u00e8re de l\u2019Economie et des Finances, marchant \u00e0 nouveau dans les traces d\u2019Edmond Malinvaud qui avait occup\u00e9 cette fonction de 1972 \u00e0 1974.<\/p>\n<p style=\"text-align: justify;\">En 1987, il lui succ\u00e8de \u00e0 la t\u00eate de l\u2019INSEE, pendant cinq ans. Il met alors en place une r\u00e9flexion de grande ampleur sur l\u2019Institut, en lan\u00e7ant le c\u00e9l\u00e8bre PSP, projet de service public, \u00e0 la fois sur les m\u00e9tiers et l\u2019organisation, PSP dont les deux mots cl\u00e9s seront modernisation et avanc\u00e9e.<\/p>\n<p style=\"text-align: justify;\">C\u2019est \u00e0 cette \u00e9poque que, Jacques Mairesse dirigeant l\u2019ensemble Ecoles + CREST + CEPE, que se posent les bases de la future organisation ENSAE-ENSAI et GENES, notamment par le rapport Lesourne-Curien\u00a0; Jean-Claude Milleron, tr\u00e8s attach\u00e9 \u00e0 l\u2019enseignement et la recherche, regardera toujours cette \u00e9volution avec bienveillance.<\/p>\n<p style=\"text-align: justify;\">Au cours de cette p\u00e9riode, il a \u00e9galement pr\u00e9sid\u00e9 l&rsquo;Association Fran\u00e7aise de Science Economique, de 1989 \u00e0 1991.<\/p>\n<p style=\"text-align: justify;\">Il quitte l\u2019INSEE en 1992 pour devenir secr\u00e9taire g\u00e9n\u00e9ral adjoint des Nations Unies. Il sera aussi Administrateur repr\u00e9sentant la France au Fonds Mon\u00e9taire International et \u00e0 la Banque Mondiale de 1998 \u00e0 2001.<\/p>\n<p style=\"text-align: justify;\">Jean-Claude Milleron laisse \u00e0 de nombreuses promotions le souvenir d\u2019un enseignant de premier ordre, d\u2019un chercheur, d\u2019un directeur et organisateur performant, d\u2019un homme \u00e0 id\u00e9es, le tout avec sourire, charme, finesse et \u00e9l\u00e9gance.<\/p>\n<p>[\/et_pb_text][\/et_pb_column][\/et_pb_row][\/et_pb_section]<\/p>\n","protected":false},"excerpt":{"rendered":"<p>Jean-Claude Milleron nous a quitt\u00e9s le 4 juillet 2016. Son aura et sa comp\u00e9tence, au cours de sa longue pr\u00e9sence \u00e0 l\u2019ENSAE, \u00e0 des titres divers, auront influenc\u00e9 de nombreux anciens \u00e9l\u00e8ves. N\u00e9 en 1937, Jean-Claude est un \u00e9tudiant brillant. Aimant le formalisme math\u00e9matique, dipl\u00f4m\u00e9 de l\u2019Ecole Polytechnique en 1961, il sort de l\u2019ENSAE dans [&hellip;]<\/p>\n","protected":false},"author":18,"featured_media":1356,"comment_status":"closed","ping_status":"open","sticky":false,"template":"","format":"standard","meta":{"_et_pb_use_builder":"on","_et_pb_old_content":"<p>Jean-Claude Milleron nous a quitt\u00e9s le 4 juillet 2016. Son aura et sa comp\u00e9tence, au cours de sa longue pr\u00e9sence \u00e0 l\u2019ENSAE, \u00e0 des titres divers, auront influenc\u00e9 de nombreux anciens \u00e9l\u00e8ves.<\/p><p>N\u00e9 en 1937, Jean-Claude est un \u00e9tudiant brillant. Aimant le formalisme math\u00e9matique, dipl\u00f4m\u00e9 de l\u2019Ecole Polytechnique en 1961, il sort de l\u2019ENSAE dans le corps des Administrateurs de l\u2019INSEE en 1963. Il confirme son go\u00fbt pour l\u2019\u00e9conomie en compl\u00e9tant les cours de l\u2019ENSAE par un dipl\u00f4me d'\u00e9tudes sup\u00e9rieures (DES) de Sciences Economiques de l'Universit\u00e9 de Paris.<\/p><p>L\u2019ENSAE et la recherche l\u2019attirent tr\u00e8s vite.<\/p><p>Apr\u00e8s un rapide passage \u00e0 la division Conjoncture de l\u2019INSEE, il retourne \u00e0 l\u2019ENSAE d\u00e8s 1964 en tant qu\u2019assistant d\u2019\u00e9conomie, poste qu\u2019il occupe jusqu\u2019en 1968. Il rejoint alors Edmond Malinvaud, ancien directeur de l\u2019ENSAE de 1962 \u00e0 1966, au d\u00e9partement de la Recherche de l\u2019INSEE, jusqu\u2019en 1970. Il part ensuite deux ans \u00e0 Berkeley, dont il revient pour prendre le poste de directeur adjoint de l\u2019ENSAE, dans un premier temps, puis celui de directeur en 1972, succ\u00e9dant \u00e0 Marcel Croze.<\/p><p>Il est \u00e0 la t\u00eate de l\u2019Ecole quand a lieu, au cours des vacances de No\u00ebl 1974, le d\u00e9m\u00e9nagement de la rue Montmorency et son historique h\u00f4tel particulier du 3<sup>\u00e8me<\/sup> arrondissement, pour les locaux flambant neuf de la rue Pierre Larousse de Malakoff.<\/p><p>Durant sa direction, que j\u2019ai personnellement connue de 1974 \u00e0 1978 comme assistant, l\u2019ENSAE va d\u00e9velopper son corps enseignant permanent, assistants et professeurs, et renforcer encore ses enseignements de pointe en \u00e9conomie, \u00e9conom\u00e9trie et statistique math\u00e9matique. Jean-Claude assure un management moderne, souriant, \u00e9clair\u00e9, passant, avec la m\u00eame aisance et \u00e9l\u00e9gance, du pilotage de l\u2019institution ENSAE \u00e0 la lecture ou la r\u00e9daction de livres et d\u2019articles, sans oublier de partager des moments conviviaux de d\u00e9tente sur un court de tennis, souvent avec Paul Champsaur, Alain Monfort et moi-m\u00eame.<\/p><p>Comment ne pas mentionner son go\u00fbt pour la diffusion des connaissances, la p\u00e9dagogie, via l\u2019\u00e9criture de nombreux ouvrages et articles d'analyse \u00e9conomique, principalement dans les domaines de micro-\u00e9conomie th\u00e9orique et appliqu\u00e9e, de la th\u00e9orie des biens publics et de la politique \u00e9conomique\u00a0? Nous sommes nombreux \u00e0 avoir lu son \u00ab\u00a0Initiation \u00e0 la micro-\u00e9conomie\u00a0\u00bb, c\u00e9l\u00e8bre livre \u00e0 couverture jaune de Dunod, repris plus tard chez Economica, les \u00ab\u00a0Exercices de micro-\u00e9conomie\u00a0\u00bb avec Paul Champsaur, ou encore ses contributions aux c\u00e9l\u00e8bres \u00ab\u00a0Le\u00e7ons de th\u00e9orie micro-\u00e9conomique\u00a0\u00bb d\u2019Edmond Malinvaud.<\/p><p>Son apport \u00e0 la recherche a \u00e9t\u00e9 reconnu par sa nomination, en 1979, comme \u00ab Fellow of the Econometric Society \u00bb.<\/p><p>\u00a0<\/p><p>A 41 ans, Jean-Claude Milleron devient chef du Service Economique du Commissariat G\u00e9n\u00e9ral au Plan, le pr\u00e9d\u00e9cesseur de l\u2019actuel France Strat\u00e9gie. En 1982, il prend la direction de la Pr\u00e9vision au Minist\u00e8re de l\u2019Economie et des Finances, marchant \u00e0 nouveau dans les traces d\u2019Edmond Malinvaud qui avait occup\u00e9 cette fonction de 1972 \u00e0 1974.<\/p><p>\u00a0<\/p><p>En 1987, il lui succ\u00e8de \u00e0 la t\u00eate de l\u2019INSEE, pendant cinq ans. Il met alors en place une r\u00e9flexion de grande ampleur sur l\u2019Institut, en lan\u00e7ant le c\u00e9l\u00e8bre PSP, projet de service public, \u00e0 la fois sur les m\u00e9tiers et l\u2019organisation, PSP dont les deux mots cl\u00e9s seront modernisation et avanc\u00e9e.<\/p><p>C\u2019est \u00e0 cette \u00e9poque que, Jacques Mairesse dirigeant l\u2019ensemble Ecoles + CREST + CEPE, que se posent les bases de la future organisation ENSAE-ENSAI et GENES, notamment par le rapport Lesourne-Curien\u00a0; Jean-Claude Milleron, tr\u00e8s attach\u00e9 \u00e0 l\u2019enseignement et la recherche, regardera toujours cette \u00e9volution avec bienveillance.<\/p><p>Au cours de cette p\u00e9riode, il a \u00e9galement pr\u00e9sid\u00e9 l'Association Fran\u00e7aise de Science Economique, de 1989 \u00e0 1991.<\/p><p>\u00a0<\/p><p>Il quitte l\u2019INSEE en 1992 pour devenir secr\u00e9taire g\u00e9n\u00e9ral adjoint des Nations Unies. Il sera aussi Administrateur repr\u00e9sentant la France au Fonds Mon\u00e9taire International et \u00e0 la Banque Mondiale de 1998 \u00e0 2001.<\/p><p>\u00a0<\/p><p>Jean-Claude Milleron laisse \u00e0 de nombreuses promotions le souvenir d\u2019un enseignant de premier ordre, d\u2019un chercheur, d\u2019un directeur et organisateur performant, d\u2019un homme \u00e0 id\u00e9es, le tout avec sourire, charme, finesse et \u00e9l\u00e9gance.<\/p>","_et_gb_content_width":"","_exactmetrics_skip_tracking":false,"_exactmetrics_sitenote_active":false,"_exactmetrics_sitenote_note":"","_exactmetrics_sitenote_category":0,"footnotes":""},"categories":[12,26],"tags":[],"class_list":["post-1409","post","type-post","status-publish","format-standard","has-post-thumbnail","hentry","category-alumni","category-portraits","et-has-post-format-content","et_post_format-et-post-format-standard"],"_links":{"self":[{"href":"https:\/\/variances.eu\/index.php?rest_route=\/wp\/v2\/posts\/1409","targetHints":{"allow":["GET"]}}],"collection":[{"href":"https:\/\/variances.eu\/index.php?rest_route=\/wp\/v2\/posts"}],"about":[{"href":"https:\/\/variances.eu\/index.php?rest_route=\/wp\/v2\/types\/post"}],"author":[{"embeddable":true,"href":"https:\/\/variances.eu\/index.php?rest_route=\/wp\/v2\/users\/18"}],"replies":[{"embeddable":true,"href":"https:\/\/variances.eu\/index.php?rest_route=%2Fwp%2Fv2%2Fcomments&post=1409"}],"version-history":[{"count":0,"href":"https:\/\/variances.eu\/index.php?rest_route=\/wp\/v2\/posts\/1409\/revisions"}],"wp:featuredmedia":[{"embeddable":true,"href":"https:\/\/variances.eu\/index.php?rest_route=\/wp\/v2\/media\/1356"}],"wp:attachment":[{"href":"https:\/\/variances.eu\/index.php?rest_route=%2Fwp%2Fv2%2Fmedia&parent=1409"}],"wp:term":[{"taxonomy":"category","embeddable":true,"href":"https:\/\/variances.eu\/index.php?rest_route=%2Fwp%2Fv2%2Fcategories&post=1409"},{"taxonomy":"post_tag","embeddable":true,"href":"https:\/\/variances.eu\/index.php?rest_route=%2Fwp%2Fv2%2Ftags&post=1409"}],"curies":[{"name":"wp","href":"https:\/\/api.w.org\/{rel}","templated":true}]}}