{"id":130,"date":"2016-03-23T22:49:57","date_gmt":"2016-03-23T20:49:57","guid":{"rendered":"http:\/\/variances.eu\/?p=130"},"modified":"2017-01-23T16:11:36","modified_gmt":"2017-01-23T14:11:36","slug":"les-investisseurs-institutionnels-face-au-changement-climatique","status":"publish","type":"post","link":"https:\/\/variances.eu\/?p=130","title":{"rendered":"Les investisseurs institutionnels face au changement climatique"},"content":{"rendered":"<p><span style=\"color:#a62624\">Jo\u00ebl Prohin (1988), Responsable du Service Gestion actifs compte propre, Direction des Finances, Caisse des D\u00e9p\u00f4ts<br \/>\n<\/span><\/p>\n<p>\n\u00a0<\/p>\n<p style=\"text-align: justify\">Qui, il y a ne serait-ce que deux ans, aurait pens\u00e9 \u00e0 associer \u00ab finance \u00bb et \u00ab climat \u00bb ? Le r\u00e9chauffement climatique \u00e9tait certes un sujet m\u00e9diatis\u00e9, mais souvent cantonn\u00e9 \u00e0 la sph\u00e8re \u00e9cologique, loin des pr\u00e9occupations des investisseurs, focalis\u00e9s sur la crise grecque ou l&rsquo;action des banques centrales. Le prix du carbone en Europe avait atteint un plus bas, \u00e0 moins de 3 \u20ac et les horizons du GIEC<span style=\"font-size:5pt\">1 <\/span>semblaient bien loin des urgences conjoncturelles.\n<\/p>\n<p>\n\u00a0<\/p>\n<p style=\"text-align: justify\">Fin 2015, le panorama a significativement chang\u00e9 COP21 oblige, certes, mais pas seulement. Cet article vise \u00e0 brosser un tableau de l&rsquo;attitude des investisseurs institutionnels face au changement climatique, en partant du point de vue d&rsquo;un acteur fran\u00e7ais public, la Caisse des d\u00e9p\u00f4ts, engag\u00e9 depuis longtemps sur ces sujets, mais en cherchant aussi \u00e0 d\u00e9gager des lignes d&rsquo;\u00e9volution plus g\u00e9n\u00e9rales.\n<\/p>\n<p>\n\u00a0<\/p>\n<p style=\"text-align: justify\"><span style=\"color:#a62624;font-family:Calibri;font-size:12pt\"><strong>LE \u00ab Pourquoi \u00bb : LE Volontaire ET LE Contraint<\/strong><span style=\"color:black\"><br \/>\n\t\t\t<\/span><\/span><\/p>\n<p>\n\u00a0<\/p>\n<p style=\"text-align: justify\"><span style=\"color:#a62624;font-family:Calibri;font-size:12pt\"><strong>Le volontaire : une prise de conscience graduelle mais profonde<\/strong><span style=\"color:black\"><br \/>\n\t\t\t<\/span><\/span><\/p>\n<p>\n\u00a0<\/p>\n<p><span style=\"color:#a62624;font-family:Century Gothic\">Un consensus scientifique qui infuse la finance<span style=\"color:black\"><br \/>\n\t\t\t<\/span><\/span><\/p>\n<p>\n\u00a0<\/p>\n<p style=\"text-align: justify\">Interrog\u00e9s sur les principaux risques qui p\u00e8sent sur eux, les investisseurs ne citaient pas spontan\u00e9ment le risque climatique. Les risques de march\u00e9 ou g\u00e9opolitiques venaient bien avant. Lentement, mais s\u00fbrement, le risque climatique est remont\u00e9 dans la liste. La marginalisation croissante des climato-sceptiques (y compris chez les financiers\u2026) et la perception grandissante du lien entre finance et climat ont rendu le sujet incontournable. L&rsquo;agenda politique li\u00e9 \u00e0 la COP21 a encore renforc\u00e9 le mouvement.\n<\/p>\n<p>\n\u00a0<\/p>\n<p style=\"text-align: justify\">Henri de Castries, PDG d&rsquo;Axa, un des plus grands investisseurs institutionnels fran\u00e7ais et mondiaux, lors du <span style=\"font-family:Palatino Linotype\"><em>Climate Finance Day<\/em><\/span>, le 22 mai 2015 \u00e0 l&rsquo;Unesco, devant un parterre d&rsquo;investisseurs et de gestionnaires d&rsquo;actifs du monde entier, a affirm\u00e9 avec force qu&rsquo; \u00ab un monde \u00e0 +2\u00b0C pourrait encore \u00eatre assurable, un monde \u00e0 +4\u00b0C ne le serait certainement plus \u00bb.\n<\/p>\n<p>\n\u00a0<\/p>\n<p style=\"text-align: justify\">Pierre-Ren\u00e9 Lemas, directeur g\u00e9n\u00e9ral de la Caisse des D\u00e9p\u00f4ts a, quant \u00e0 lui, salu\u00e9 un changement qui va au-del\u00e0 des investisseurs qui mettaient traditionnellement au c\u0153ur de leur strat\u00e9gie les enjeux de responsabilit\u00e9 soci\u00e9tale. La mobilisation gagne petit \u00e0 petit l&rsquo;ensemble des acteurs fi\u00a0\u00a0\u00a0\u00a0dans le monde entier. Une d\u00e9claration commune de la place fi ci\u00e8re de Paris, publi\u00e9e lors du <span style=\"font-family:Palatino Linotype\"><em>Climate Finance Day <\/em><\/span>et r\u00e9it\u00e9r\u00e9e lors de la COP21, incite les investisseurs, les assureurs, les banquiers, les gestionnaires d&rsquo;actifs, \u00e0 prendre en compte le changement climatique dans leurs d\u00e9cisions d&rsquo;investissements et dans leurs interactions avec les entreprises.\n<\/p>\n<p>\n\u00a0<\/p>\n<p style=\"text-align: justify\"><span style=\"color:#a62624;font-family:Century Gothic\">l&rsquo;ambigu\u00eft\u00e9 de l&rsquo;horizon d&rsquo;investissement<span style=\"color:black\"><br \/>\n\t\t\t<\/span><\/span><\/p>\n<p>\n\u00a0<\/p>\n<p style=\"text-align: justify\">Les investisseurs institutionnels ont des horizons d&rsquo;investissement tr\u00e8s variables selon la nature de leurs engagements. Ces horizons se refl\u00e8tent par exemple dans la maturit\u00e9 de leurs investissements obligataires. Pour se limiter au contexte fran\u00e7ais, entre un assureur dommages en sant\u00e9 dont les provisions techniques ont une dur\u00e9e moyenne n&rsquo;exc\u00e9dant pas un an et un contrat PERP dont les derniers assur\u00e9s sortiront d&rsquo;ici plus de 60 ans, l&rsquo;\u00e9cart est \u00e9norme. M\u00eame si une moyenne fait souvent peu de sens, la maturit\u00e9 du passif est dans l&rsquo;ensemble nettement inf\u00e9rieure aux horizons fix\u00e9s par les scientifiques ou politiques pour passer \u00e0 une \u00e9conomie d\u00e9carbon\u00e9e. De ce fait, l&rsquo;incitation \u00e0 prendre en compte des \u00e9v\u00e9nements tr\u00e8s post\u00e9rieurs \u00e0 leur horizon d&rsquo;investissement en est r\u00e9duite.\n<\/p>\n<p>\n\u00a0<\/p>\n<p style=\"text-align: justify\">Pour autant, l&rsquo;\u00e9loignement de la date de passage \u00e0 une \u00e9conomie z\u00e9ro-carbone ne veut pas dire que les risques financiers sont eux aussi tr\u00e8s \u00e9loign\u00e9s. Les march\u00e9s financiers sont coutumiers de mouvements brusques lorsque les anticipations d&rsquo;un \u00e9v\u00e9nement, m\u00eame lointain, acqui\u00e8rent une cr\u00e9dibilit\u00e9 de court terme. Par exemple, les mod\u00e8les pr\u00e9voyant une remont\u00e9e r\u00e9guli\u00e8re du prix du carbone ont toutes les chances de se trouver d\u00e9jou\u00e9s : lorsque la contrainte sera jug\u00e9e suffisamment cr\u00e9dible, le prix risque de s&rsquo;ajuster rapidement \u00e0 un niveau proche de son prix cible.\n<\/p>\n<p>\n\u00a0<\/p>\n<p style=\"text-align: justify\">Il en est de m\u00eame sur la valorisation de certaines soci\u00e9t\u00e9s : si la rentabilit\u00e9 de certains investissements \u00e9nerg\u00e9tiques n&rsquo;est plus \u00e0 appr\u00e9cier sur la dur\u00e9e de vie \u00ab normale \u00bb de ces installations mais sur un horizon r\u00e9duit par la contrainte climatique, la valeur \u00e9conomique d&rsquo;un titre peut chuter brutalement d\u00e8s aujourd&rsquo;hui. \u00c0 titre d&rsquo;illustration, et m\u00eame si d&rsquo;autres facteurs que l&rsquo;anticipation climatique ont pu jouer, l&rsquo;indice am\u00e9ricain du secteur du charbon est pass\u00e9 de 500 mi-2011 \u00e0 20 fin 2015 (\u201396 %).\n<\/p>\n<p>\n\u00a0<\/p>\n<p style=\"text-align: justify\">Les investisseurs institutionnels sont donc incit\u00e9s, quel que soit leur horizon d&rsquo;investissement, \u00e0 ne pas n\u00e9gliger les risques climatiques. La performance \u00e0 court terme n&rsquo;est plus ind\u00e9pendante de ces enjeux \u00e0 long terme.\n<\/p>\n<p>\n\u00a0<\/p>\n<p><span style=\"color:#a62624;font-family:Calibri;font-size:12pt\"><strong>Le contraint : un environnement qui pousse \u00e0 l&rsquo;action<\/strong><span style=\"color:black\"><br \/>\n\t\t\t<\/span><\/span><\/p>\n<p>\n\u00a0<\/p>\n<p><span style=\"color:#a62624;font-family:Century Gothic\">la mise en avant de la responsabilit\u00e9 fiduciaire dans la prise en compte  du changement climatique<span style=\"color:black\"><br \/>\n\t\t\t<\/span><\/span><\/p>\n<p>\n\u00a0<\/p>\n<p style=\"text-align: justify\">Les investisseurs institutionnels ont une responsabilit\u00e9 fiduciaire vis-\u00e0-vis des \u00ab entit\u00e9s \u00bb (individus, entreprises, associations, etc.) qui leur ont confi\u00e9 des fonds. Moins d\u00e9finie en droit fran\u00e7ais que dans le monde anglo-saxon, cette notion tend \u00e0 se diffuser, y compris en France.\n<\/p>\n<p style=\"text-align: justify\">\n\u00a0<\/p>\n<p style=\"text-align: justify\">Dans un discours tr\u00e8s remarqu\u00e9 prononc\u00e9 le 29 septembre 2015, Mark Carney, qui est \u00e0 la fois gouverneur de la Banque d&rsquo;Angleterre et pr\u00e9sident du Conseil de stabilit\u00e9 financi\u00e8re, a martel\u00e9 qu&rsquo;il y avait urgence : les investisseurs sous-estiment les pertes potentielles li\u00e9es au r\u00e9chauffement climatique<span style=\"font-size:5pt\">2 <\/span>; ils risquent de se retrouver avec des actifs rendus sans valeur par la n\u00e9cessit\u00e9 de laisser en terre une large partie des r\u00e9serves de charbon, de p\u00e9trole ou de gaz<span style=\"font-size:5pt\">3 <\/span>; ils encourent enfin des risques de poursuite judiciaire si, connaissant le risque climatique, ils ne l&rsquo;ont pas suffisamment pris en compte dans leurs choix d&rsquo;investissement, contrevenant ainsi \u00e0 leur responsabilit\u00e9 fiduciaire. Si l&rsquo;horizon de la politique mon\u00e9taire est \u00e0 court terme (2 ou 3 ans), celui de la stabilit\u00e9 financi\u00e8re va au-del\u00e0 et, selon Mark Carney, \u00ab une fois que la question du changement climatique sera devenue d\u00e9terminante pour la stabilit\u00e9 financi\u00e8re, il pourrait bien \u00eatre d\u00e9j\u00e0 trop tard \u00bb. C&rsquo;est pourquoi le r\u00e9gulateur doit tenir compte de la fa\u00e7on dont les investisseurs institutionnels prennent en compte ce risque.\n<\/p>\n<p>\n\u00a0<\/p>\n<p style=\"text-align: justify\">Le nouveau gouverneur de la Banque de France lui a embo\u00eet\u00e9 le pas dans un discours prononc\u00e9 lors de la COP21 dans lequel il a annonc\u00e9 une prise en compte du risque climatique dans la r\u00e9gulation des \u00e9tablissements financiers via des <span style=\"font-family:Palatino Linotype\"><em>stress tests<\/em><\/span>.\n<\/p>\n<p>\n\u00a0<\/p>\n<p style=\"text-align: justify\"><span style=\"color:#a62624;font-family:Century Gothic\">La pouss\u00e9e de la contrainte r\u00e9glementaire<span style=\"color:black\"><br \/>\n\t\t\t<\/span><\/span><\/p>\n<p>\n\u00a0<\/p>\n<p>La loi pour la transition \u00e9nerg\u00e9tique vot\u00e9e \u00e0 l&rsquo;\u00e9t\u00e9 2015 comprend un article au num\u00e9ro d\u00e9j\u00e0 c\u00e9l\u00e8bre, le 173, qui fait obligation \u00e0 tout investisseur institutionnel fran\u00e7ais 1\u00b0 de d\u00e9crire qualitativement la fa\u00e7on dont il prend en compte\n<\/p>\n<p><img decoding=\"async\" src=\"http:\/\/variances.eu\/wp-content\/uploads\/2016\/03\/032316_2248_Lesinvestis1.jpg\" alt=\"\" \/>\n\t<\/p>\n<p style=\"text-align: justify\">les enjeux climatiques dans sa politique d&rsquo;investissement et 2\u00b0 de quantifier sa contribution \u00e0 la transition \u00e9nerg\u00e9tique au regard des objectifs nationaux et internationaux. Cette loi va agir comme un catalyseur : d\u00e8s 2016, tout assureur, toute caisse de retraite, devra se pr\u00e9occuper du sujet ! Les pr\u00e9curseurs en France (Ag2R-La Mondiale, AXA, CDC, Erafp, FRR, etc.) devront \u00eatre rejoints par l&rsquo;ensemble du peloton !\n<\/p>\n<p>\n\u00a0<\/p>\n<p style=\"text-align: justify\"><span style=\"color:#a62624;font-family:Century Gothic\">l&rsquo;influence de la \u00ab soci\u00e9t\u00e9 civile \u00bb<span style=\"color:black\"><br \/>\n\t\t\t<\/span><\/span><\/p>\n<p>\n\u00a0<\/p>\n<p style=\"text-align: justify\">Des activistes de nombreux pays militent de fa\u00e7on de plus en plus visible pour que les investisseurs r\u00e9duisent fortement leurs financements, voire sortent totalement des entreprises les plus carbo-intensives, en escomptant que la rar\u00e9faction et le rench\u00e9rissement de capitaux conduise \u00e0 limiter l&rsquo;exploitation de r\u00e9serves fossiles incompatible avec le cantonnement du\n<\/p>\n<p>changement  climatique. actions ont parfois le malh de cibler des institutionnels parmi les plus vertueux mais\n<\/p>\n<p style=\"text-align: justify\">trop visibles, mais elles contribuent \u00e0 pousser au mouvement.\n<\/p>\n<p>\n\u00a0<\/p>\n<p><span style=\"color:#a62624;font-family:Calibri;font-size:12pt\"><strong>LE \u00ab Comment \u00bb : AGIR DANS LE D\u00e9TAIL ET DANS LE G\u00e9N\u00e9RAL<\/strong><span style=\"color:black\"><br \/>\n\t\t\t<\/span><\/span><\/p>\n<p>\n\u00a0<\/p>\n<p><span style=\"color:#a62624;font-family:Calibri;font-size:12pt\"><strong>Agir sur le micro : Investir dans des actifs favorables au climat<\/strong><span style=\"color:black\"><br \/>\n\t\t\t<\/span><\/span><\/p>\n<p>\n\u00a0<\/p>\n<p style=\"text-align: justify\">La premi\u00e8re r\u00e9ponse des investisseurs est de chercher des actifs qui soient favorables \u00e0 la transition climatique. S&rsquo;ils existent et doivent \u00eatre vivement encourag\u00e9s, ils ne sont pas <strong>la <\/strong>seule solution du probl\u00e8me.\n<\/p>\n<p>\n\u00a0<\/p>\n<p style=\"text-align: justify\"><span style=\"color:#a62624;font-family:Century Gothic\">les obligations \u00ab vertes \u00bb<span style=\"color:black\"><br \/>\n\t\t\t<\/span><\/span><\/p>\n<p>\n\u00a0<\/p>\n<p style=\"text-align: justify\">Le march\u00e9 des obligations \u00ab vertes \u00bb<span style=\"font-size:5pt\">4 <\/span>ou <span style=\"font-family:Palatino Linotype\"><em>green bonds <\/em><\/span>est en fort d\u00e9veloppement et la plupart des investisseurs d\u00e9clarent souhaiter investir dans cette classe d&rsquo;actifs. Mais, actuellement, la demande semble exc\u00e9der l&rsquo;offre. Et, m\u00eame si des avanc\u00e9es notables ont \u00e9t\u00e9 faites concernant la cr\u00e9dibilit\u00e9 des all\u00e9gations environnementales de ces titres via la publication de standards volontaires tels que les <span style=\"font-family:Palatino Linotype\"><em>Green bonds principles<\/em><\/span><span style=\"font-size:5pt\">5<\/span>, la suspicion de \u00ab <span style=\"font-family:Palatino Linotype\"><em>green washing <\/em><\/span>\u00bb n&rsquo;a pas \u00e9t\u00e9 totalement \u00e9vacu\u00e9e. Cela reste n\u00e9anmoins des actifs prometteurs.\n<\/p>\n<p style=\"margin-left: 11pt\"><span style=\"color:#a62624;font-family:Century Gothic\">les fonds orient\u00e9s transition \u00e9cologique et \u00e9nerg\u00e9tique<span style=\"color:black\"><br \/>\n\t\t\t<\/span><\/span><\/p>\n<p>\n\u00a0<\/p>\n<p style=\"text-align: justify;margin-left: 11pt\">Une autre fa\u00e7on de financer la transition \u00e9cologique est d&rsquo;investir dans des actifs, ou des fonds, orient\u00e9s vers des actifs \u00ab verts \u00bb, comme des fermes solaires, des champs d&rsquo;\u00e9oliennes ou des syst\u00e8mes industriels r\u00e9ducteurs d&rsquo;\u00e9nergie. L\u00e0 encore, l&rsquo;abondance des annonces ne rencontre pas toujours la \u00ab mati\u00e8re premi\u00e8re \u00bb, qui reste souvent trop d\u00e9pendante de politiques et de subventions publiques. Osons esp\u00e9rer qu&rsquo;une offre p\u00e9renne et cr\u00e9dible continuera de se d\u00e9velopper.\n<\/p>\n<p>\n\u00a0<\/p>\n<p style=\"text-align: justify;margin-left: 11pt\"><span style=\"color:#a62624;font-family:Century Gothic\">les transformations de l&rsquo;immobilier<span style=\"color:black\"><br \/>\n\t\t\t<\/span><\/span><\/p>\n<p>\n\u00a0<\/p>\n<p style=\"margin-left: 11pt\">La r\u00e9glementation pousse les immeubles neufs \u00e0 adopter des standards exigeants en terme de consommation \u00e9nerg\u00e9tique et aucun investisseur n&rsquo;ach\u00e8te aujourd&rsquo;hui un actif neuf n&rsquo;ait pas d\u00fbment re\u00e7u les labels dispensables. Plus exigeante, la transformation du parc existant va devenir une n\u00e9cessit\u00e9 de plus en plus urgente, \u00e0 combiner avec une r\u00e9flexion urbanistique globale : est-il \u00ab climatiquement \u00bb rationnel d&rsquo;acheter en lointaine banlieue un immeuble de bureau \u00e0 \u00e9nergie positive o\u00f9 us les employ\u00e9s iront en voi, plut\u00f4t qu&rsquo;un immeuble en centre-ville moins performant mais o\u00f9 la majorit\u00e9 se rend en transports en commun ?\n<\/p>\n<p>\n\u00a0<\/p>\n<p style=\"margin-left: 11pt\"><span style=\"color:#a62624;font-family:Calibri;font-size:12pt\"><strong>Agir sur le macro : Adapter la masse de ses actifs au changement climatique<\/strong><span style=\"color:black\"><br \/>\n\t\t\t<\/span><\/span><\/p>\n<p>\n\u00a0<\/p>\n<p style=\"text-align: justify;margin-left: 11pt\">Si indispensables qu&rsquo;ils soient, les investissements \u00ab micro \u00bb \u00e9voqu\u00e9s ci-dessus ne repr\u00e9sentent actuellement qu&rsquo;une infime part du total des actifs des investisseurs institutionnels : m\u00eame chez les plus en pointe, ils n&rsquo;atteignent que quelques pourcents. L&rsquo;enjeu majeur est de faire \u00e9voluer la \u00ab masse \u00bb des actifs non sp\u00e9cifi\u00a0\u00a0\u00a0\u00a0\u00ab verts \u00bb de fa\u00e7on coh\u00e9rente avec une trajectoire d&rsquo;\u00e9missions de gaz \u00e0 effet de serre limitant \u00e0 +2 \u00b0C la hausse moyenne du r\u00e9chauffement.\n<\/p>\n<p>\n\u00a0<\/p>\n<p style=\"margin-left: 11pt\"><span style=\"color:#a62624;font-family:Century Gothic\">La mesure de l&#8217;empreinte carbone : un premier pas n\u00e9cessaire<span style=\"color:black\"><br \/>\n\t\t\t<\/span><\/span><\/p>\n<p>\n\u00a0<\/p>\n<p style=\"text-align: justify\">En septembre 2014, dans le cadre des PRI<span style=\"font-size:5pt\">6<\/span>, une soixantaine d&rsquo;acteurs particuli\u00e8rement motiv\u00e9s par le sujet ont lanc\u00e9 le <span style=\"font-family:Palatino Linotype\"><em>Montreal Pledg<\/em><\/span>e dans lequel ils s&rsquo;engageaient \u00e0 mesurer et publier l&#8217;empreinte carbone de leurs portefeuilles pour la COP21.\n<\/p>\n<p>\n\u00a0<\/p>\n<p style=\"text-align: justify\">La plupart des grandes entreprises cot\u00e9es publient annuellement leurs \u00e9missions de gaz \u00e0 effet de serre, recens\u00e9e par le <span style=\"font-family:Palatino Linotype\"><em>Carbon Disclosure Project <\/em><\/span>(CDP). On distingue les \u00e9missions produites directement par l&rsquo;entreprise (\u00ab <span style=\"font-family:Palatino Linotype\"><em>scope 1 <\/em><\/span>\u00bb), celles li\u00e9es \u00e0 l&rsquo;\u00e9nergie consomm\u00e9e par l&rsquo;entreprise pour produire (\u00ab <span style=\"font-family:Palatino Linotype\"><em>scope 2 <\/em><\/span>\u00bb) et enfin les \u00e9missions indirectes, li\u00e9es en amont \u00e0 l&rsquo;extraction des mati\u00e8res utilis\u00e9es par l&rsquo;entreprise et en aval \u00e0 l&rsquo;utilisation des produits de l&rsquo;entreprises (\u00ab <span style=\"font-family:Palatino Linotype\"><em>scope 3 <\/em><\/span>\u00bb). La recherche n&rsquo;est pas encore totalement convergente sur les m\u00e9thodologies \u00e0 utiliser ; les donn\u00e9es sont encore perfectibles \u2014 mais la mesure de l&#8217;empreinte carbone est un premier pas important.\n<\/p>\n<p>\n\u00a0<\/p>\n<p style=\"text-align: justify\">Les investisseurs signataires du <span style=\"font-family:Palatino Linotype\"><em>Montreal Pledge <\/em><\/span>se sont concentr\u00e9s sur la partie la plus \u00ab facile \u00bb : l&#8217;empreinte de leur portefeuille d&rsquo;actions, et souvent de leur portefeuille d&rsquo;actions g\u00e9r\u00e9es directement ou sous forme de mandats ou de fonds d\u00e9di\u00e9s<span style=\"font-size:5pt\">7<\/span>. L&#8217;empreinte d&rsquo;un portefeuille d&rsquo;obligations d&rsquo;entreprise peut \u00eatre faite sur une m\u00e9thodologie comparable. En revanche, celles d&rsquo;un portefeuille d&rsquo;obligations souveraines, d&rsquo;immobilier ou de soci\u00e9t\u00e9s non cot\u00e9es, sont bien plus difficiles \u00e0 calculer, soit parce que les donn\u00e9es manquent, soit parce que la m\u00e9thodologie reste \u00e0 stabiliser. M\u00eame pour les acteurs les plus avanc\u00e9s, il reste beaucoup de pain sur la planche :\n<\/p>\n<p>\n\u00a0<\/p>\n<ul>\n<li>\n<div style=\"text-align: justify\"><span style=\"color:black\">comment prendre en compte le <span style=\"font-family:Palatino Linotype\"><em>scope 3<\/em><\/span>, les mesures actuelles se limitant aux <span style=\"font-family:Palatino Linotype\"><em>scopes <\/em><\/span>1 et 2 ?<br \/>\n<\/span><\/div>\n<\/li>\n<\/ul>\n<p>\n\u00a0<\/p>\n<ul>\n<li>\n<div style=\"text-align: justify\"><span style=\"color:black\">comment agr\u00e9ger des portefeuilles taux et actions, parfois investis sur les m\u00eames entreprises, en \u00e9vitant les doubles comptes ?<br \/>\n<\/span><\/div>\n<\/li>\n<\/ul>\n<p>\n\u00a0<\/p>\n<ul>\n<li>\n<div style=\"text-align: justify\"><span style=\"color:black\">comment obtenir des donn\u00e9es coh\u00e9rentes avec le reste des actifs sur des PME incapables de mettre en \u0153uvre les moyens de mesure de grands groupes ?<br \/>\n<\/span><\/div>\n<\/li>\n<\/ul>\n<p>\n\u00a0<\/p>\n<ul>\n<li>\n<div style=\"text-align: justify\"><span style=\"color:black\">comment mieux prendre en compte \u00ab l&rsquo;\u00e9vitement \u00bb, c&rsquo;est-\u00e0-dire les \u00e9missions qui auraient d\u00fb avoir lieu mais qui ont \u00e9t\u00e9 \u00e9vit\u00e9es par la production d&rsquo;une entreprise ou la r\u00e9alisation d&rsquo;une infrastructure ?<br \/>\n<\/span><\/div>\n<\/li>\n<\/ul>\n<p>\n\u00a0<\/p>\n<p style=\"text-align: justify\"><span style=\"font-family:Times New Roman\"><span style=\"font-size:12pt\">Au-del\u00e0 de toutes ses faiblesses, la mesure de l&#8217;empreinte carbone est souvent le moyen pour le g\u00e9rant institutionnel de sensibiliser sa gou-<\/span><span style=\"font-size:10pt\">vernance \u00e0 l&rsquo;enjeu climatique, \u00e0 travers un chiffre limit\u00e9, perfectible, incomplet, mais n\u00e9anmoins synth\u00e9tique et compr\u00e9hensible.<br \/>\n<\/span><\/span><\/p>\n<p>\n\u00a0<\/p>\n<p style=\"text-align: justify\"><span style=\"font-family:Times New Roman;font-size:10pt\">Les sp\u00e9cialistes affirment \u00e0 bon droit que la mesure en elle-m\u00eame n&rsquo;est pas porteuse de contribution \u00e0 l&rsquo;objectif 2 \u00b0C et qu&rsquo;il faut aller au moins deux pas plus loin :<br \/>\n<\/span><\/p>\n<p>\n\u00a0<\/p>\n<ul>\n<li>\n<div style=\"text-align: justify\"><span style=\"color:black\"><span style=\"font-size:10pt\">Il faut r\u00e9duire cette empreinte carbone. Les strat\u00e9gies sont diverses : certains g\u00e9rants, en liaison avec des fournisseurs d&rsquo;indices, proposent des fonds \u00ab <span style=\"font-family:Palatino Linotype\"><em>low carbon <\/em><\/span>\u00bb, qui s\u00e9lectionnent les entreprises les moins \u00e9mettrices, en cherchant \u00e0 limiter les biais sectoriels. D&rsquo;autres pr\u00e9f\u00e8rent engager les entreprises dans lesquelles ils sont investis \u00e0 r\u00e9duire leurs \u00e9missions \u2014 d&rsquo;autant que l&#8217;empreinte est limit\u00e9e sur un petit nombre de secteurs<\/span><span style=\"font-size:5pt\">8<\/span><span style=\"font-size:10pt\">, quitte \u00e0 d\u00e9sinvestir si elles font la sourde oreille.<br \/>\n<\/span><\/span><\/div>\n<\/li>\n<\/ul>\n<p>\n\u00a0<\/p>\n<ul>\n<li>\n<div style=\"text-align: justify\"><span style=\"color:black;font-size:10pt\">Il faut d\u00e9velopper des mesures sectorielles plus cibl\u00e9es. C&rsquo;est un terrain encore mal d\u00e9frich\u00e9 mais prometteur : par secteur, on d\u00e9finit les indicateurs les plus pertinents pour l&rsquo;orienter vers une trajectoire 2 \u00b0C et on optimise ou on engage sur ces indicateurs.<br \/>\n<\/span><\/div>\n<\/li>\n<\/ul>\n<p>\n\u00a0<\/p>\n<p><span style=\"color:#a62624;font-family:Century Gothic;font-size:10pt\">l&rsquo;union fait la force, ou le poids d\u00e9cisif des engagements collectifs<span style=\"color:black\"><br \/>\n\t\t\t<\/span><\/span><\/p>\n<p>\n\u00a0<\/p>\n<p style=\"text-align: justify;margin-left: 13pt\"><span style=\"font-family:Times New Roman\"><span style=\"font-size:10pt\">Demander seul \u00e0 une entreprise de devenir plus vertueuse n&rsquo;a parfois qu&rsquo;un impact limit\u00e9. Aussi les investisseurs se groupent-ils pour d\u00e9velopper<\/span><span style=\"font-size:12pt\"><br \/>\n\t\t\t<\/span><span style=\"font-size:10pt\">des coalitions d&rsquo;engagement. Aux c\u00f4t\u00e9s d&rsquo;organisations \u00ab g\u00e9n\u00e9ralistes \u00bb comme les PRI, d&rsquo;autres se sont sp\u00e9cialis\u00e9es sur les sujets de changement climatique, comme l&rsquo;IIGCC : au nom de leurs adh\u00e9rents, elles poussent les r\u00e9gulateurs et les entreprises \u00e0 adopter les meilleures pratiques.<br \/>\n<\/span><\/span><\/p>\n<p>\n\u00a0<\/p>\n<p style=\"text-align: justify\">Les assembl\u00e9es g\u00e9n\u00e9rales sont aussi un endroit o\u00f9 il est possible d&rsquo;engager les entreprises. Des r\u00e9solutions sp\u00e9cifiquement orient\u00e9es sur la strat\u00e9gique \u00ab climatique \u00bb de l&rsquo;entreprise se d\u00e9veloppent et certaines ont obtenu un succ\u00e8s signal\u00e9, comme l&rsquo;initiative lanc\u00e9e par Aiming for A chez plusieurs p\u00e9troliers pour leur demander d&rsquo;\u00e9laborer un plan strat\u00e9gique compatible 2 \u00b0C.\n<\/p>\n<p>\n\u00a0<\/p>\n<p style=\"text-align: justify\"><span style=\"color:#a62624;font-family:Century Gothic\">l&rsquo;exclusion, ou la mesure d\u00e9finitive<span style=\"color:black\"><br \/>\n\t\t\t<\/span><\/span><\/p>\n<p>\n\u00a0<\/p>\n<p style=\"text-align: justify\">La mesure ultime, pour un investisseur institutionnel est de\u2026 d\u00e9sinvestir ! Ce mode d&rsquo;action, plus r\u00e9pandu en Europe du Nord qu&rsquo;en France, consiste \u00e0 sortir de soci\u00e9t\u00e9s trop \u00e9mettrices, ou trop expos\u00e9es sur le charbon. Ce mouvement est pouss\u00e9 par des d\u00e9cisions politiques : par exemple, les fonds de pension publics de Californie devront avoir exclu le charbon au plus tard le 1<span style=\"font-size:5pt\">er <\/span>juillet 2017. L\u00e0 encore, les mesures prises ne sont pas toutes comparables : les seuils maximum de chiffre d&rsquo;affaires li\u00e9 au charbon peuvent varier de 50 % (pour les moins exigeants) \u00e0 10 %, voire 0 %.\n<\/p>\n<p>\n\u00a0<\/p>\n<p style=\"text-align: justify\">L&rsquo;exclusion n&rsquo;est pas sans risque, car elle consiste avant tout \u00e0 c\u00e9der un titre \u00e0 un acteur qui se sent <span style=\"font-family:Palatino Linotype\"><em>a priori <\/em><\/span>moins concern\u00e9 par la probl\u00e9matique du climat, sans forc\u00e9ment que le co\u00fbt de financement de l&rsquo;entreprise soit imm\u00e9diatement affect\u00e9\u2026 Elle peut cependant \u00eatre un signal m\u00e9diatique fort, entachant l&rsquo;image des soci\u00e9t\u00e9s exclues.\n<\/p>\n<p>\n\u00a0<\/p>\n<p><span style=\"color:#a62624;font-family:Calibri;font-size:12pt\"><strong>Conclusion\u00a0: des chiffres, des actions et des mots<\/strong><span style=\"color:black\"><br \/>\n\t\t\t<\/span><\/span><\/p>\n<p>\n\u00a0<\/p>\n<p style=\"text-align: justify\">De nombreux grands investisseurs ont profit\u00e9 de la COP21 pour faire des annonces importantes : qui d\u00e9cide de r\u00e9duire de x % son empreinte carbone, qui sort du charbon en vendant y milliards, qui choisit d&rsquo;investir z centaines de millions dans des actifs verts\u2026 Comme toujours, ces annonces chiffr\u00e9es doivent se traduire par des actions concr\u00e8tes dans les portefeuilles des institutionnels. N\u00e9anmoins, ces annonces restent importantes : elles traduisent une prise de conscience, elles produisent un effet d&rsquo;entra\u00eenement aupr\u00e8s des acteurs plus petits ou pas encore tr\u00e8s impliqu\u00e9s, elles tracent la voie vers de l&rsquo;innovation financi\u00e8re bien orient\u00e9e.\n<\/p>\n<p>\n\u00a0<\/p>\n<p style=\"text-align: justify\"><img decoding=\"async\" align=\"left\" src=\"http:\/\/variances.eu\/wp-content\/uploads\/2016\/03\/032316_2248_Lesinvestis2.png\" alt=\"\" \/>Si la finance au sens large (dont les investisseurs institutionnels) est une partie prenante essentielle pour contribuer \u00e0 orienter l&rsquo;ensemble de l&rsquo;\u00e9conomie vers une trajectoire \u00e9nerg\u00e9tiquement soutenable, elle ne peut pas tout ! Des r\u00e9gulations mieux adapt\u00e9es (nous pensons \u00e0 des modifications bienvenues de Solvabilit\u00e9 II) et des avanc\u00e9es politiques (nous pensons \u00e0 un prix du carbone r\u00e9ellement incitatif ) sont les corollaires indispensables des strat\u00e9gies d&rsquo;investissement climato-sensibles.\n<\/p>\n<p style=\"text-align: justify;margin-left: 13pt\">\n\u00a0<\/p>\n<p style=\"margin-left: 11pt\">\n\u00a0<\/p>\n<p style=\"margin-left: 11pt\">\n\u00a0<\/p>\n<p style=\"margin-left: 11pt\"><img decoding=\"async\" src=\"http:\/\/variances.eu\/wp-content\/uploads\/2016\/03\/032316_2248_Lesinvestis3.png\" alt=\"\" \/>\n\t<\/p>\n<p style=\"margin-left: 11pt\">\u00a0<\/p>\n","protected":false},"excerpt":{"rendered":"<p>Jo\u00ebl Prohin (1988), Responsable du Service Gestion actifs compte propre, Direction des Finances, Caisse des D\u00e9p\u00f4ts \u00a0 Qui, il y a ne serait-ce que deux ans, aurait pens\u00e9 \u00e0 associer \u00ab finance \u00bb et \u00ab climat \u00bb ? Le r\u00e9chauffement climatique \u00e9tait certes un sujet m\u00e9diatis\u00e9, mais souvent cantonn\u00e9 \u00e0 la sph\u00e8re \u00e9cologique, loin des [&hellip;]<\/p>\n","protected":false},"author":6,"featured_media":0,"comment_status":"open","ping_status":"open","sticky":false,"template":"","format":"standard","meta":{"_et_pb_use_builder":"","_et_pb_old_content":"","_et_gb_content_width":"","_exactmetrics_skip_tracking":false,"_exactmetrics_sitenote_active":false,"_exactmetrics_sitenote_note":"","_exactmetrics_sitenote_category":0,"footnotes":""},"categories":[122,9],"tags":[123],"class_list":["post-130","post","type-post","status-publish","format-standard","hentry","category-climat","category-economie","tag-climat","et-doesnt-have-format-content","et_post_format-et-post-format-standard"],"_links":{"self":[{"href":"https:\/\/variances.eu\/index.php?rest_route=\/wp\/v2\/posts\/130","targetHints":{"allow":["GET"]}}],"collection":[{"href":"https:\/\/variances.eu\/index.php?rest_route=\/wp\/v2\/posts"}],"about":[{"href":"https:\/\/variances.eu\/index.php?rest_route=\/wp\/v2\/types\/post"}],"author":[{"embeddable":true,"href":"https:\/\/variances.eu\/index.php?rest_route=\/wp\/v2\/users\/6"}],"replies":[{"embeddable":true,"href":"https:\/\/variances.eu\/index.php?rest_route=%2Fwp%2Fv2%2Fcomments&post=130"}],"version-history":[{"count":0,"href":"https:\/\/variances.eu\/index.php?rest_route=\/wp\/v2\/posts\/130\/revisions"}],"wp:attachment":[{"href":"https:\/\/variances.eu\/index.php?rest_route=%2Fwp%2Fv2%2Fmedia&parent=130"}],"wp:term":[{"taxonomy":"category","embeddable":true,"href":"https:\/\/variances.eu\/index.php?rest_route=%2Fwp%2Fv2%2Fcategories&post=130"},{"taxonomy":"post_tag","embeddable":true,"href":"https:\/\/variances.eu\/index.php?rest_route=%2Fwp%2Fv2%2Ftags&post=130"}],"curies":[{"name":"wp","href":"https:\/\/api.w.org\/{rel}","templated":true}]}}