{"id":1175,"date":"2016-06-01T13:05:36","date_gmt":"2016-06-01T13:05:36","guid":{"rendered":"http:\/\/variances.eu\/?p=1175"},"modified":"2016-09-21T13:06:42","modified_gmt":"2016-09-21T13:06:42","slug":"thomas-saunier-1993-est-nomme-directeur-general-de-malakoff-mederic","status":"publish","type":"post","link":"https:\/\/variances.eu\/?p=1175","title":{"rendered":"Thomas Saunier (1993) est nomm\u00e9 directeur g\u00e9n\u00e9ral de Malakoff M\u00e9d\u00e9ric"},"content":{"rendered":"<p>Dipl\u00f4m\u00e9 de l\u2019\u00c9cole Polytechnique, de l\u2019ENSAE \u00a0(1993) et de l\u2019Institut des Actuaires Fran\u00e7ais, Thomas Saunier, 49 ans, a effectu\u00e9 la plus grande partie de sa carri\u00e8re dans le secteur de l\u2019assurance.<\/p>\n<p>Responsable de l\u2019actuariat, puis du pilotage et du contr\u00f4le de gestion de CNP Assurances de 2000 \u00e0 2003, Thomas Saunier a pass\u00e9 plus de 10 ans chez Generali France dont il a d\u2019abord \u00e9t\u00e9 directeur g\u00e9n\u00e9ral adjoint en charge des produits, des op\u00e9rations, des syst\u00e8mes d\u2019information et des finances. En 2005, il a \u00e9t\u00e9 promu directeur g\u00e9n\u00e9ral en charge du march\u00e9 des particuliers, de l\u2019IT et des services, avant de prendre en 2011, la responsabilit\u00e9 des march\u00e9s des entreprises, des professionnels et des particuliers.<\/p>\n<p>Thomas Saunier a rejoint Malakoff M\u00e9d\u00e9ric le 1er juin 2016 en tant que directeur g\u00e9n\u00e9ral du Groupe.<\/p>\n","protected":false},"excerpt":{"rendered":"<p>Dipl\u00f4m\u00e9 de l\u2019\u00c9cole Polytechnique, de l\u2019ENSAE \u00a0(1993) et de l\u2019Institut des Actuaires Fran\u00e7ais, Thomas Saunier, 49 ans, a effectu\u00e9 la plus grande partie de sa carri\u00e8re dans le secteur de l\u2019assurance. Responsable de l\u2019actuariat, puis du pilotage et du contr\u00f4le de gestion de CNP Assurances de 2000 \u00e0 2003, Thomas Saunier a pass\u00e9 plus de [&hellip;]<\/p>\n","protected":false},"author":11,"featured_media":1176,"comment_status":"closed","ping_status":"open","sticky":false,"template":"","format":"standard","meta":{"_et_pb_use_builder":"","_et_pb_old_content":"","_et_gb_content_width":"","_exactmetrics_skip_tracking":false,"_exactmetrics_sitenote_active":false,"_exactmetrics_sitenote_note":"","_exactmetrics_sitenote_category":0,"footnotes":""},"categories":[13],"tags":[],"class_list":["post-1175","post","type-post","status-publish","format-standard","has-post-thumbnail","hentry","category-mobilites","et-has-post-format-content","et_post_format-et-post-format-standard"],"_links":{"self":[{"href":"https:\/\/variances.eu\/index.php?rest_route=\/wp\/v2\/posts\/1175","targetHints":{"allow":["GET"]}}],"collection":[{"href":"https:\/\/variances.eu\/index.php?rest_route=\/wp\/v2\/posts"}],"about":[{"href":"https:\/\/variances.eu\/index.php?rest_route=\/wp\/v2\/types\/post"}],"author":[{"embeddable":true,"href":"https:\/\/variances.eu\/index.php?rest_route=\/wp\/v2\/users\/11"}],"replies":[{"embeddable":true,"href":"https:\/\/variances.eu\/index.php?rest_route=%2Fwp%2Fv2%2Fcomments&post=1175"}],"version-history":[{"count":0,"href":"https:\/\/variances.eu\/index.php?rest_route=\/wp\/v2\/posts\/1175\/revisions"}],"wp:featuredmedia":[{"embeddable":true,"href":"https:\/\/variances.eu\/index.php?rest_route=\/wp\/v2\/media\/1176"}],"wp:attachment":[{"href":"https:\/\/variances.eu\/index.php?rest_route=%2Fwp%2Fv2%2Fmedia&parent=1175"}],"wp:term":[{"taxonomy":"category","embeddable":true,"href":"https:\/\/variances.eu\/index.php?rest_route=%2Fwp%2Fv2%2Fcategories&post=1175"},{"taxonomy":"post_tag","embeddable":true,"href":"https:\/\/variances.eu\/index.php?rest_route=%2Fwp%2Fv2%2Ftags&post=1175"}],"curies":[{"name":"wp","href":"https:\/\/api.w.org\/{rel}","templated":true}]}}