{"id":106,"date":"2016-03-23T22:26:59","date_gmt":"2016-03-23T20:26:59","guid":{"rendered":"http:\/\/variances.eu\/?p=106"},"modified":"2017-01-23T16:12:52","modified_gmt":"2017-01-23T14:12:52","slug":"comment-agir-sur-le-changement-climatique","status":"publish","type":"post","link":"https:\/\/variances.eu\/?p=106","title":{"rendered":"Comment agir sur le changement climatique ?"},"content":{"rendered":"<p>La COP 21 qui s&rsquo;est tenue \u00e0 Paris en d\u00e9cembre dernier a g\u00e9n\u00e9ralement \u00e9t\u00e9 consid\u00e9r\u00e9e comme un succ\u00e8s, puisqu&rsquo;elle a pour la premi\u00e8re fois abouti \u00e0 un accord unanime entre 195 pays pour reconna\u00eetre l&rsquo;impact du changement climatique \u00e0 l&rsquo;\u0153uvre sur notre plan\u00e8te, et tenter d&rsquo;en limiter l&rsquo;ampleur attendue. Variances ne pouvait ignorer ce sujet, m\u00eame si le dossier que nous vous proposons ne peut \u00e9videmment qu&rsquo;en aborder quelques facettes.\n<\/p>\n<p>\n\u00a0<\/p>\n<p>Ga\u00ebl Giraud (1992) nous pr\u00e9sente d&rsquo;abord les d\u00e9fis de la prise en compte du climat dans les mod\u00e8les \u00e9conomiques. Remarquant que le d\u00e9bat entre \u00e9conomistes s&rsquo;est trop souvent focalis\u00e9 sur le taux d&rsquo;actualisation \u00e0 utiliser pour escompter les d\u00e9penses futures li\u00e9es \u00e0 la transition vers une \u00e9conomie bas-carbone, il regrette plus g\u00e9n\u00e9ralement que l&rsquo;on ram\u00e8ne toute r\u00e9alit\u00e9 sociale et physique \u00e0 des ph\u00e9nom\u00e8nes mon\u00e9taires. Il rel\u00e8ve par ailleurs que les mod\u00e8les traditionnels sous-estiment largement l&rsquo;\u00e9lasticit\u00e9 du PIB \u00e0 la demande d&rsquo;\u00e9nergie primaire et revient sur leur incapacit\u00e9 \u00e0 reproduire les situations paradoxales observ\u00e9es depuis la crise.\n<\/p>\n<p>\n\u00a0<\/p>\n<p>El\u00e9onore Trigano (2009) souligne de son c\u00f4t\u00e9 les contradictions d&rsquo;une soci\u00e9t\u00e9 fran\u00e7aise qui, alors que l&rsquo;importance d&rsquo;agir est plus que jamais d&rsquo;actualit\u00e9, semble mal accepter les politiques environnementales. Pour les m\u00e9nages, consommer de mani\u00e8re plus respectueuse de l&rsquo;environnement passe apr\u00e8s les contraintes budg\u00e9taires. Pour les industriels, le premier enjeu est celui de la comp\u00e9titivit\u00e9 \u2013 m\u00eame si l&rsquo;Allemagne donne l&rsquo;exemple du d\u00e9veloppement de l&rsquo;excellence sur le march\u00e9 prometteur des \u00e9nergies renouvelables \u2013. Reste \u00e0 voir si les campagnes \u00e9lectorales de 2017 permettront de nuancer le constat aujourd&rsquo;hui bien pessimiste de l&rsquo;absence de priorit\u00e9 attach\u00e9e par les politiques \u00e0 ce th\u00e8me.\n<\/p>\n<p>\n\u00a0<\/p>\n<p>La transition \u00e9nerg\u00e9tique, rappelle ensuite Alain Grandjean (1980), impliquera d&rsquo;investir des trillions de dollars chaque ann\u00e9e dans les secteurs de l&rsquo;\u00e9nergie, de l&rsquo;urbanisme et du logement, des transports&#8230; les budgets publics ne pourront seuls y faire face, m\u00eame si se mettent en place des taxes carbone ou sur les transactions financi\u00e8res. Les banques de d\u00e9veloppement devront ainsi accro\u00eetre la part de leurs financements climatiques. Mais les financements priv\u00e9s joueront un r\u00f4le essentiel, et une mutation culturelle majeure est en train de s&rsquo;op\u00e9rer en la mati\u00e8re.\n<\/p>\n<p>\n\u00a0<\/p>\n<p>Jo\u00ebl Prohin (1988) nous montre en effet que les institutionnels commencent \u00e0 prendre en compte le changement climatique dans leurs d\u00e9cisions d&rsquo;investissement. Ils le font suite \u00e0 des changements r\u00e9glementaires, pour des raisons de responsabilit\u00e9 fiduciaire, de risque de poursuites judiciaires ou sous la pression de la soci\u00e9t\u00e9 civile. Ainsi sont mis en \u0153uvre des investissements dans des actifs \u00ab verts \u00bb, ou l&rsquo;exclusion de certains actifs, tandis que la capacit\u00e9 \u00e0 mesurer l&#8217;empreinte carbone des investissements effectu\u00e9s et la mise en place de coalitions d&rsquo;engagements progressent.\n<\/p>\n<p>le changement climatique devrait impacter de nombreuses formes de risques : ceux li\u00e9s aux inondations, aux s\u00e9cheresses, \u00e0 la sinistralit\u00e9 automobile&#8230;, nous disent Arthur charpentier (1999), Anne Eyraud-Loisel, Alexis Hannart (1999)  et Julien tomas. les solutions d&rsquo;assurance contre ces risques conjuguent, dans des proportions variables suivant les pays et dans le temps, interventions publiques et compagnies d&rsquo;assurances. Ces derni\u00e8res d\u00e9veloppent notamment des actions de pr\u00e9vention et r\u00e9fl\u00e9chissent \u00e0 des m\u00e9canismes favorisant les transferts n\u00e9cessaires des pays d\u00e9velopp\u00e9s vers les pays vuln\u00e9rables.\n<\/p>\n<p>Un d\u00e9fi majeur, donc, mais des r\u00e9ponses commencent \u00e0 s&rsquo;esquisser.\n<\/p>\n<p>Eric Taz\u00e9-Bernard (1978)<\/p>\n","protected":false},"excerpt":{"rendered":"<p>La COP 21 qui s&rsquo;est tenue \u00e0 Paris en d\u00e9cembre dernier a g\u00e9n\u00e9ralement \u00e9t\u00e9 consid\u00e9r\u00e9e comme un succ\u00e8s, puisqu&rsquo;elle a pour la premi\u00e8re fois abouti \u00e0 un accord unanime entre 195 pays pour reconna\u00eetre l&rsquo;impact du changement climatique \u00e0 l&rsquo;\u0153uvre sur notre plan\u00e8te, et tenter d&rsquo;en limiter l&rsquo;ampleur attendue. Variances ne pouvait ignorer ce sujet, [&hellip;]<\/p>\n","protected":false},"author":6,"featured_media":0,"comment_status":"open","ping_status":"open","sticky":false,"template":"","format":"standard","meta":{"_et_pb_use_builder":"","_et_pb_old_content":"","_et_gb_content_width":"","_exactmetrics_skip_tracking":false,"_exactmetrics_sitenote_active":false,"_exactmetrics_sitenote_note":"","_exactmetrics_sitenote_category":0,"footnotes":""},"categories":[122,9],"tags":[123],"class_list":["post-106","post","type-post","status-publish","format-standard","hentry","category-climat","category-economie","tag-climat","et-doesnt-have-format-content","et_post_format-et-post-format-standard"],"_links":{"self":[{"href":"https:\/\/variances.eu\/index.php?rest_route=\/wp\/v2\/posts\/106","targetHints":{"allow":["GET"]}}],"collection":[{"href":"https:\/\/variances.eu\/index.php?rest_route=\/wp\/v2\/posts"}],"about":[{"href":"https:\/\/variances.eu\/index.php?rest_route=\/wp\/v2\/types\/post"}],"author":[{"embeddable":true,"href":"https:\/\/variances.eu\/index.php?rest_route=\/wp\/v2\/users\/6"}],"replies":[{"embeddable":true,"href":"https:\/\/variances.eu\/index.php?rest_route=%2Fwp%2Fv2%2Fcomments&post=106"}],"version-history":[{"count":0,"href":"https:\/\/variances.eu\/index.php?rest_route=\/wp\/v2\/posts\/106\/revisions"}],"wp:attachment":[{"href":"https:\/\/variances.eu\/index.php?rest_route=%2Fwp%2Fv2%2Fmedia&parent=106"}],"wp:term":[{"taxonomy":"category","embeddable":true,"href":"https:\/\/variances.eu\/index.php?rest_route=%2Fwp%2Fv2%2Fcategories&post=106"},{"taxonomy":"post_tag","embeddable":true,"href":"https:\/\/variances.eu\/index.php?rest_route=%2Fwp%2Fv2%2Ftags&post=106"}],"curies":[{"name":"wp","href":"https:\/\/api.w.org\/{rel}","templated":true}]}}