{"id":104,"date":"2016-03-23T08:30:05","date_gmt":"2016-03-23T08:30:05","guid":{"rendered":"http:\/\/variances.eu\/?p=104"},"modified":"2018-04-30T07:50:50","modified_gmt":"2018-04-30T05:50:50","slug":"arnaud-laroche1994-associe-ey","status":"publish","type":"post","link":"https:\/\/variances.eu\/?p=104","title":{"rendered":"Arnaud Laroche (1994) \u2013 Associ\u00e9 EY"},"content":{"rendered":"<p>[et_pb_section admin_label=\u00a0\u00bbsection\u00a0\u00bb][et_pb_row admin_label=\u00a0\u00bbrow\u00a0\u00bb][et_pb_column type=\u00a0\u00bb4_4&Prime;][et_pb_text admin_label=\u00a0\u00bbTexte\u00a0\u00bb]<\/p>\n<div>\n<table style=\"border-collapse: collapse;\" border=\"0\">\n<colgroup>\n<col style=\"width: 80%;\" \/><\/colgroup>\n<tbody valign=\"top\">\n<tr>\n<td style=\"padding-left: 7px; padding-right: 7px; border: solid 0.5pt;\">Article initialement publi\u00e9 dans Variances n\u00b054 de mars 2016.<\/p>\n<p>Variances s&rsquo;entretient avec Arnaud Laroche (1994), pour retracer son parcours d&rsquo;entrepreneur.<\/td>\n<\/tr>\n<\/tbody>\n<\/table>\n<\/div>\n<h3>Arnaud Laroche (1994), associ\u00e9 EY<\/h3>\n<p><img decoding=\"async\" src=\"http:\/\/variances.eu\/wp-content\/uploads\/2016\/03\/032316_2234_ArnaudLaroc1.png\" alt=\"\" \/><\/p>\n<p style=\"text-align: justify;\"><span style=\"color: #f15a22;\"><strong>Variances <\/strong><em>Un parcours professionnel prend parfois racine dans l&rsquo;enfance. Comment la tienne t&rsquo;a-t-elle emmen\u00e9 \u00e0 l&rsquo;ENSAE ?<\/em><\/span><\/p>\n<p style=\"text-align: justify; margin-left: 11pt;\"><span style=\"color: #5b9bd5;\"><strong>Arnaud Laroche <\/strong><\/span>Si l&rsquo;ENSAE, ce dont je suis aujourd&rsquo;hui convaincu, est synonyme d&rsquo;apprentissage de l&rsquo;excellence, je dois dire que mon enfance a \u00e9t\u00e9 marqu\u00e9e par une forte tradition de r\u00e9ussite scolaire. Je suis en effet le fils de deux instituteurs pour lesquels le travail et la r\u00e9ussite scolaire \u00e9taient des valeurs essentielles ; des valeurs qu&rsquo;ils ont su me transmettre et qui m&rsquo;ont je crois accompagn\u00e9 tout au long de mes \u00e9tudes.<\/p>\n<p style=\"text-align: justify; margin-left: 11pt;\">Apr\u00e8s un bac scientifique obtenu dans un lyc\u00e9e fran\u00e7ais en Allemagne (o\u00f9 j&rsquo;ai pass\u00e9 mon enfance), j&rsquo;ai \u00e9t\u00e9 projet\u00e9, de mani\u00e8re assez brutale je dois dire, en classe pr\u00e9paratoire au lyc\u00e9e Louis le Grand. Loin de mes racines, j&rsquo;ai trouv\u00e9 \u00e0 l&rsquo;internat un nouveau cocon dans lequel je me suis int\u00e9gr\u00e9, d\u00e9couvrant avec excitation \u00ab le monde \u00bb que le milieu tr\u00e8s ferm\u00e9 de l&rsquo;expatriation en Allemagne ne m&rsquo;avait pas r\u00e9ellement permis de conna\u00eetre&#8230; Tout m&rsquo;int\u00e9ressait, une grande bouff\u00e9e d&rsquo;oxyg\u00e8ne m&rsquo;a vivifi\u00e9 et j&rsquo;ai pass\u00e9 deux ann\u00e9es formidables, m\u00eame si j&rsquo;ai compris qu&rsquo;il \u00e9tait urgent pour moi d&rsquo;apprendre \u00e0 apprendre pour esp\u00e9rer \u00eatre au niveau de mes cong\u00e9n\u00e8res. Apr\u00e8s de premiers \u00e9checs assez s\u00e9v\u00e8res en la mati\u00e8re, et la prise de conscience que je n&rsquo;\u00e9tais pas du tout au niveau auquel je pensais \u00eatre (!), j&rsquo;ai fini par acqu\u00e9rir quelques r\u00e9flexes et par trouver le challenge stimulant\u2026<\/p>\n<p style=\"text-align: justify; margin-left: 11pt;\">Puis ce fut l&rsquo;ENSAE que j&rsquo;ai choisie m\u00eame si ma visite dans les locaux de Malakoff entre l&rsquo;\u00e9crit et l&rsquo;oral du concours avait largement d\u00e9gris\u00e9 mes attentes en termes d&rsquo;esth\u00e9tique architecturale ! -. J&rsquo;y rentrai essentiellement par go\u00fbt des math\u00e9matiques appliqu\u00e9es, et parce que j&rsquo;avais identifi\u00e9 que c&rsquo;\u00e9tait probablement l&rsquo;endroit o\u00f9 je pourrais vraiment m&rsquo;\u00e9panouir dans cette discipline.<\/p>\n<p style=\"text-align: justify;\"><span style=\"color: #f15a22;\"><strong>Variances <\/strong><em>Tes ann\u00e9es d&rsquo;\u00e9cole se sont d\u00e9roul\u00e9es au d\u00e9but des nineties, au c\u0153ur de la vague des math\u00e9matiques financi\u00e8res. Et pourtant\u2026<\/em><\/span><\/p>\n<p style=\"text-align: justify; margin-left: 11pt;\"><span style=\"color: #5b9bd5;\"><strong>Arnaud Laroche <\/strong><\/span>Oui, dipl\u00f4m\u00e9 en 1994, j&rsquo;aurais pu me diriger vers la finance puisque j&rsquo;aimais les math\u00e9matiques. Mais leurs applications \u00e0 ce secteur d&rsquo;activit\u00e9 ne m&rsquo;ont jamais attir\u00e9 et j&rsquo;\u00e9tais beaucoup plus impliqu\u00e9 dans les statistiques et l&rsquo;\u00e9conom\u00e9trie, et par l\u00e0 dans l&rsquo;analyse \u00e9conomique dont les ressorts et l&rsquo;ouverture sur le monde m&rsquo;int\u00e9ressaient davantage.<\/p>\n<p style=\"text-align: justify; margin-left: 11pt;\">Ma vie au cours des trois ann\u00e9es que j&rsquo;ai pass\u00e9es \u00e0 l&rsquo;Ecole reste synonyme de bonheurs multiples. Tout d&rsquo;abord j&rsquo;y ai rencontr\u00e9 Christine Pislor, qui allait devenir ma femme et la m\u00e8re de nos cinq enfants ! J&rsquo;y ai aussi li\u00e9 des amiti\u00e9s tr\u00e8s profondes avec certains \u00e9l\u00e8ves qui font partie, encore aujourd&rsquo;hui, de mes meilleurs amis. Enfin, j&rsquo;y ai d\u00e9couvert le monde de l&rsquo;entreprise en \u00e9tant un membre actif de la Junior Entreprise. C&rsquo;est d&rsquo;ailleurs gr\u00e2ce \u00e0 la JE que j&rsquo;ai r\u00e9alis\u00e9 une \u00e9tude pour la mairie de Saint-Nazaire qui allait se r\u00e9v\u00e9ler, quelques ann\u00e9es plus tard, le tarmac de d\u00e9collage de mon activit\u00e9 professionnelle ind\u00e9pendante.<\/p>\n<p style=\"text-align: justify;\"><span style=\"color: #f15a22;\"><strong>Variances <\/strong><em>A la sortie de l&rsquo;\u00e9cole, c&rsquo;est encore l&rsquo;\u00e9tude qui t&rsquo;attire et tu choisis de faire une th\u00e8se au Crest.<\/em><\/span><\/p>\n<p style=\"text-align: justify; margin-left: 11pt;\"><span style=\"color: #5b9bd5;\"><strong>Arnaud Laroche <\/strong><\/span>Effectivement, c&rsquo;est probablement le plaisir que j&rsquo;ai toujours pris \u00e0 \u00e9tudier qui m&rsquo;a naturellement amen\u00e9 \u00e0 d\u00e9marrer une th\u00e8se sous la direction prestigieuse de Michel Aglietta. Pourtant au bout de deux ans et demi, je d\u00e9cide de quitter le Crest et de me lancer dans la cr\u00e9ation de ce qu&rsquo;on appellerait aujourd&rsquo;hui une startup ! Apr\u00e8s ces ann\u00e9es d&rsquo;\u00e9tudes puis de recherche, peut-\u00eatre avais-je finalement\u00a0envie de me confronter \u00e0 autre chose qu&rsquo;\u00e0 la r\u00e9flexion pure qui m&rsquo;avait s\u00e9duit un temps, et de participer plus activement \u00e0 la production de valeur dans une entreprise.<\/p>\n<p style=\"text-align: justify;\"><span style=\"color: #f15a22;\"><strong>Variances <\/strong><em>Pourquoi ne pas rentrer dans une entreprise int\u00e9ress\u00e9e par les comp\u00e9tences acquises \u00e0 l&rsquo;ENSAE et choisir de lancer ton propre business \u00e0 l&rsquo;\u00e9poque o\u00f9, en 1996, la mode de la cr\u00e9ation de startup n&rsquo;\u00e9tait pas encore vraiment d&rsquo;actualit\u00e9 ?<\/em><\/span><\/p>\n<p style=\"text-align: justify; margin-left: 11pt;\"><span style=\"color: #5b9bd5;\"><strong>Arnaud Laroche <\/strong><\/span>J&rsquo;ai parl\u00e9 de mon go\u00fbt pour les \u00e9tudes, la r\u00e9flexion intellectuelle et l&rsquo;apprentissage de savoirs. Ce n&rsquo;est qu&rsquo;une des facettes qui me caract\u00e9risent. Une autre est la volont\u00e9 farouche d&rsquo;ind\u00e9pendance qui m&rsquo;anime depuis mon plus jeune \u00e2ge, et dont mes parents se souviennent encore !<\/p>\n<p style=\"text-align: justify; margin-left: 11pt;\">Ce trait de caract\u00e8re m&rsquo;a naturellement pouss\u00e9 \u00e0 me lancer dans une activit\u00e9 propre, associ\u00e9 \u00e0 six autres Alumni des promotions 94 et 95. Nous voulions innover, cr\u00e9er quelque chose qui nous appartiendrait, r\u00e9ussir le challenge et y trouver du sens. Un programme ambitieux pour nous qui avions chacun 25 ans au plus. Le 1er avril 1996, Bluestone naissait.<\/p>\n<p style=\"text-align: justify;\"><span style=\"color: #f15a22;\"><strong>Variances <\/strong><em>En quelques lignes, que retiens-tu de cette aventure ?<\/em><\/span><\/p>\n<p style=\"text-align: justify; margin-left: 11pt;\"><span style=\"color: #5b9bd5;\"><strong>Arnaud Laroche <\/strong><\/span>Beaucoup de choses. Tout d&rsquo;abord la passion et l&rsquo;enthousiasme qui nous animaient. Ensuite le plaisir de partager avec cinq autres associ\u00e9s-amis les moments de la naissance. Et puis, tous les enseignements de l&rsquo;enfance et de l&rsquo;adolescence d&rsquo;une activit\u00e9. Car aujourd&rsquo;hui il para\u00eet parfois tr\u00e8s simple de lancer un business ; le mot startup est pour beaucoup synonyme de vitesse et de succ\u00e8s. Mais combien de d\u00e9sillusions, d&rsquo;humilit\u00e9, de remises en question, de r\u00e9ajustements, de foi faut-il aux cr\u00e9ateurs pour tenir, serrer les dents et ne jamais l\u00e2cher m\u00eame quand les vents s&rsquo;acharnent \u00e0 \u00eatre contraires, juste pour tester notre r\u00e9sistance. C&rsquo;est tout cela que Bluestone a travers\u00e9.<\/p>\n<p style=\"text-align: justify; margin-left: 11pt;\">Nous sommes partis \u00e0 six mais tr\u00e8s vite seuls trois (Xavier Boissieu, Nicolas Minelle et moi-m\u00eame) ont continu\u00e9 l&rsquo;aventure. Nous avons<br \/>\nlanc\u00e9 notre business sur la commercialisation du mod\u00e8le que nous avions cr\u00e9\u00e9 \u00e0 la JE pour la mairie de Saint-Nazaire\u2026 mais le march\u00e9 n&rsquo;\u00e9tait pas au rendez-vous et le flop commercial fut total. Tr\u00e8s vite, il a fallu nous r\u00e9inventer et toujours y croire. Il nous est apparu que l&rsquo;ADN que nous partagions et avions consolid\u00e9 durant nos \u00e9tudes \u00e0 l&rsquo;ENSAE \u00e9tait le pouvoir des statistiques pour \u00e9clairer les d\u00e9cisions des entreprises. Et lorsque je lis aujourd&rsquo;hui la signature de la formation ENSAE, \u00ab Mesurer, analyser, mod\u00e9liser les comportements \u00e9conomiques et sociaux pour \u00e9valuer, pr\u00e9voir et d\u00e9cider \u00bb, j&rsquo;y retrouve les m\u00eames motivations que celles qui m&rsquo;ont conduit dans cette Ecole, et le socle pr\u00e9cis sur lequel Bluestone a choisi de b\u00e2tir les offres faites \u00e0 ses clients.<\/p>\n<p style=\"text-align: justify; margin-left: 11pt;\">Nous \u00e9tions en 1997, le datamining \u00e9mergeait mais ne se d\u00e9veloppait pas vraiment. Les entreprises achetaient plus de la <em>business intelligence <\/em> nourrie par les processus de reporting. Nous devions trouver une offre qui nous correspondrait, nous diff\u00e9rencierait de nos concurrents et permettrait \u00e0 nos clients de progresser.<\/p>\n<p style=\"text-align: justify;\"><span style=\"color: #f15a22;\"><strong>Variances <\/strong><em>L&rsquo;aventure fut difficile ?<\/em><\/span><\/p>\n<p style=\"text-align: justify; margin-left: 11pt;\"><span style=\"color: #5b9bd5;\"><strong>Arnaud Laroche <\/strong><\/span>Oui, mais passionnante. En 1997 nous \u00e9tions trois, en 2003 six ! Entre temps nous avions serr\u00e9 les dents et appris. Six ans sans nous d\u00e9courager, en nous obstinant sur nos valeurs et nos convictions. Car, juste sortis de l&rsquo;Ecole nous \u00e9tions d&rsquo;abord et avant tout des scientifiques ; mais pour r\u00e9ussir Bluestone il nous aura fallu compl\u00e9ter notre identit\u00e9 professionnelle par l&rsquo;apprentissage des cultures m\u00e9tiers et le d\u00e9veloppement de notre comp\u00e9tence commerciale. Toutefois, et je pense que c&rsquo;est en cela que l&rsquo;aventure fut exigeante, nous sommes et restons des scientifiques pour lesquels priment avant tout l&rsquo;excellence du service vendu, l&rsquo;honn\u00eatet\u00e9 des r\u00e9ponses fournies \u00e0 nos clients et la transparence dans nos relations commerciales. Pour nous, la r\u00e9ussite ne se con\u00e7oit qu&rsquo;\u00e0 travers la cr\u00e9ation de valeur et la g\u00e9n\u00e9ration de marge, mais sans jamais vendre notre \u00e2me de statisticiens form\u00e9s \u00e0 toujours respecter ce que disent les faits.<\/p>\n<p><span style=\"color: #f15a22;\"><strong>Variances <\/strong><em>En 2003, deux clients vous permettent de passer \u00e0 la vitesse sup\u00e9rieure ?<\/em><\/span><\/p>\n<p style=\"text-align: justify; margin-left: 11pt;\"><span style=\"color: #5b9bd5;\">Arnaud Laroche <\/span>Deux missions r\u00e9alis\u00e9es pour ERDF et EDF ont en effet \u00e9t\u00e9 d\u00e9terminantes et nous ont permis d&rsquo;acc\u00e9l\u00e9rer notre d\u00e9veloppement en recrutant de nouveaux consultants, avec notamment l&rsquo;arriv\u00e9e d&rsquo;un autre Alumni, Benoit Ravel, qui restera avec nous jusqu&rsquo;en 2010, et qui fut un v\u00e9ritable moteur de notre croissance. Nous entrions alors dans une phase de d\u00e9veloppement avec un ciblage commercial sur les directions fonctionnelles des entreprises et des prestations centr\u00e9es sur la gestion de la relation clients, le <em>revenue management<\/em>, la gestion des risques et l&rsquo;optimisation des op\u00e9rations et de leur planification.<\/p>\n<p style=\"text-align: justify;\"><span style=\"color: #f15a22;\"><strong>Variances <\/strong><em>2003 \u2013 2015, d\u00e9veloppement et mont\u00e9e en puissance de Bluestone<\/em><\/span><\/p>\n<p style=\"text-align: justify; margin-left: 11pt;\"><span style=\"color: #5b9bd5;\"><strong>Arnaud Laroche <\/strong><\/span>Effectivement ces ann\u00e9es ont \u00e9t\u00e9 synonymes de d\u00e9veloppement avec la confirmation que notre intuition n&rsquo;\u00e9tait finalement pas si mauvaise : la force pr\u00e9dictive des donn\u00e9es et l&rsquo;exigence scientifique dans les recherches de solutions permettent aujourd&rsquo;hui aux entreprises de b\u00e9n\u00e9ficier des apports de la data science et de donner une nouvelle dimension \u00e0 leur r\u00e9flexion strat\u00e9gique.<\/p>\n<p style=\"text-align: justify;\"><span style=\"color: #f15a22;\"><strong>Variances <\/strong><em>En 2015, vous d\u00e9cidez de vendre Bluestone \u00e0 Ernst and Young. Pourquoi et que signifie une telle d\u00e9cision pour un entrepreneur comme toi ?<\/em><\/span><\/p>\n<p style=\"text-align: justify; margin-left: 11pt;\"><span style=\"color: #5b9bd5;\">Arnaud Laroche <\/span>Effectivement depuis le 1er janvier 2016, la marque Bluestone n&rsquo;existe plus et nous sommes devenus la <em>Service Line Analytics <\/em>du cabinet EY.<\/p>\n<p style=\"text-align: justify; margin-left: 11pt;\">Apr\u00e8s vingt ans d&rsquo;existence, Bluestone \u00e9tait devenue une entreprise de 130 personnes. Dans un contexte de transformation tr\u00e8s rapide de notre march\u00e9 sp\u00e9cifique (la data \u00e9tait devenue \u00e0 la mode !), notre strat\u00e9gie de d\u00e9veloppement pouvait prendre deux formes : soit accro\u00eetre notre puissance par fusion avec un jumeau de taille plus ou moins \u00e9quivalente avec, \u00e0 la clef, l&rsquo;\u00e9mergence d&rsquo;une nouvelle gouvernance issue de deux groupes d&rsquo;associ\u00e9s ayant chacun v\u00e9cu une histoire forte avec leurs marques ; soit s&rsquo;int\u00e9grer dans une structure plus grande \u00e0 laquelle Bluestone apporterait une valeur ajout\u00e9e en comp\u00e9tence et en business. Le choix entre ces deux options, qui peut sembler simplement strat\u00e9gique, r\u00e9sonne fortement avec la personnalit\u00e9 des cr\u00e9ateurs. Dans toute fusion, l&rsquo;\u00e9mergence de la gouvernance de l&rsquo;entit\u00e9 fusionn\u00e9e est toujours une forme d&rsquo;affrontement plus ou moins feutr\u00e9 entre deux \u00e9quipes. Je n&rsquo;avais pas envie de cela. Pour moi le d\u00e9veloppement de Bluestone devait permettre aussi un d\u00e9veloppement de l&rsquo;envergure humaine de ses \u00e9quipes. Aujourd&rsquo;hui, arriv\u00e9 \u00e0 ce stade de mon parcours d&rsquo;entrepreneur, je ne crois pas que l&rsquo;\u00e9largissement humain puisse passer par la seule augmentation du chiffre d&rsquo;affaires et de la marge g\u00e9n\u00e9r\u00e9s.<\/p>\n<p style=\"text-align: justify;\"><span style=\"color: #f15a22;\"><strong>Variances <\/strong><em>Qu&rsquo;entends-tu par \u00e9largissement humain ?<\/em><\/span><\/p>\n<p style=\"text-align: justify; margin-left: 11pt;\"><span style=\"color: #5b9bd5;\"><strong>Arnaud Laroche <\/strong><\/span>Je suis fondamentalement un entrepreneur et la r\u00e9ussite de Bluestone est pour moi un sujet de satisfaction \u00e0 la hauteur des efforts et de l&rsquo;\u00e9nergie que j&rsquo;ai mis au service de ce succ\u00e8s.<\/p>\n<p style=\"text-align: justify; margin-left: 11pt;\">N\u00e9anmoins, je diviserais le chemin r\u00e9ussi d&rsquo;un entrepreneur en deux \u00e9tapes : la premi\u00e8re est celle de la r\u00e9ussite de son business, trouver des clients, les satisfaire, les fid\u00e9liser, grandir avec eux, d\u00e9velopper son intelligence m\u00e9tier gr\u00e2ce \u00e0 la confiance qu&rsquo;ils nous font. Cette \u00e9tape, je crois pouvoir dire que Bluestone l&rsquo;a r\u00e9ussie. Une deuxi\u00e8me phase peut alors s&rsquo;ouvrir : celle de la reconnaissance par une entit\u00e9 plus grande, \u00e0 fort capital d&rsquo;image sur son secteur d&rsquo;activit\u00e9, qui reconna\u00eet votre valeur et vient vous proposer d&rsquo;augmenter la sienne. Pour un cr\u00e9ateur d&rsquo;entreprise, cette phase de reconnaissance me semble plus gratifiante encore que n&rsquo;importe quel d\u00e9veloppement du chiffre d&rsquo;affaires. D&rsquo;autant plus, dans le cas de Bluestone, que nous \u00e9voluons sur un march\u00e9 dans lequel les donn\u00e9es bouleversent le fonctionnement des entreprises et ouvrent le champ strat\u00e9gique de transformations op\u00e9rationnelles et organisationnelles. Ce contexte permet d&rsquo;inscrire notre activit\u00e9 initiale dans un dialogue beaucoup plus large avec les entreprises clientes. Et pour cela, notre mariage avec EY prend tout son sens.<\/p>\n<p style=\"text-align: justify;\"><span style=\"color: #f15a22;\"><strong>Variances <\/strong><em>N&rsquo;as-tu pas l&rsquo;impression d&rsquo;avoir perdu ton b\u00e9b\u00e9 ? <\/em><\/span><\/p>\n<p style=\"text-align: justify; margin-left: 11pt;\"><span style=\"color: #5b9bd5;\"><strong>Arnaud Laroche <\/strong><\/span>Oui et non. Oui, et c&rsquo;est tant mieux car cr\u00e9er son entreprise et la porter comme les associ\u00e9s de Bluestone l&rsquo;ont fait, cela revient effectivement \u00e0 <em>nurser <\/em>un b\u00e9b\u00e9 sans rel\u00e2che. Or, j&rsquo;en ai 5 autres, plus jeunes, \u00e0 la maison ! Il \u00e9tait temps de laisser leur a\u00een\u00e9 prendre un peu d&rsquo;autonomie dans un monde plus large. Bluestone n&rsquo;avait pas vocation \u00e0 devenir un Tanguy pour ses cr\u00e9ateurs !<\/p>\n<p style=\"text-align: justify; margin-left: 11pt;\">Non, car comme je l&rsquo;ai dit, mon r\u00f4le de cr\u00e9ateur entre aussi dans un nouveau temps, par ce r\u00f4le d&rsquo;int\u00e9grateur de tout ce que nous avons cr\u00e9\u00e9 dans un univers plus ambitieux dont le champ d&rsquo;action est significativement plus large.<\/p>\n<p style=\"text-align: justify; margin-left: 11pt;\">Enfin, plus personnellement, je crois que si un patron d&rsquo;entreprise est en relation directe avec ses clients et ses \u00e9quipes, l&rsquo;int\u00e9gration dans une structure plus large apporte une nouvelle dimension humaine \u00e0 son propre fonctionnement de manager : faire partie d&rsquo;une \u00e9quipe dirigeante dont les objectifs professionnels couvrent un champ strat\u00e9gique plus large. C&rsquo;est incontestable que ce nouveau challenge m&rsquo;excite particuli\u00e8rement.<\/p>\n<p style=\"text-align: justify;\"><span style=\"color: #f15a22;\"><strong>Variances <\/strong><em>C&rsquo;est donc une nouvelle naissance professionnelle pour toi ?<\/em><\/span><\/p>\n<p style=\"text-align: justify; margin-left: 11pt;\"><span style=\"color: #5b9bd5;\"><strong>Arnaud Laroche <\/strong><\/span>Les sp\u00e9cialistes des ressources humaines et du d\u00e9veloppement professionnel disent qu&rsquo;\u00e0 chaque d\u00e9cennie on peut choisir de continuer simplement ou de se r\u00e9inventer en puisant dans la richesse de ce que l&rsquo;on a cr\u00e9\u00e9\/appris pr\u00e9c\u00e9demment. J&rsquo;aborde la d\u00e9cennie des quadras (un peu entam\u00e9e !) avec cette envie de monter une nouvelle marche dans mon parcours professionnel, de r\u00e9ussir ce challenge au sein d&rsquo;un grand groupe, cette mue de mon identit\u00e9 professionnelle. Mes enfants, \u00e2g\u00e9s de 2 \u00e0 11 ans grandissent, je les accompagne en grandissant moi aussi, \u00e0 ma mani\u00e8re, notamment dans ma sph\u00e8re professionnelle. Mais il n&rsquo;est pas impossible que les deux d\u00e9marches se parlent !<\/p>\n<p style=\"text-align: justify;\"><span style=\"color: #f15a22;\"><strong>Variances <\/strong><em>En conclusion, quelles r\u00e9flexions t&rsquo;inspire ton parcours auquel tu d\u00e9cides d&rsquo;imprimer une inflexion signifiante qui te lance sur une nouvelle \u00e9tape professionnelle ?<\/em><\/span><\/p>\n<p style=\"text-align: justify; margin-left: 11pt;\"><span style=\"color: #5b9bd5;\"><strong>Arnaud Laroche <\/strong><\/span>Depuis ma sortie de l&rsquo;ENSAE, j&rsquo;ai le sentiment d&rsquo;avoir continu\u00e9 \u00e0 apprendre par l&rsquo;exp\u00e9rience : notre formation nous transmet des savoir-faire que nous consolidons \u00e0 l&rsquo;\u00e9preuve du march\u00e9 ; nous y ajoutons des savoir-\u00eatre trop sous-estim\u00e9s pendant nos \u00e9tudes n\u00e9cessaires dans nos relations avec notre environnement professionnel, nos clients, nos \u00e9quipes\u2026 ; simultan\u00e9ment, nous explorons et apprenons \u00e0 conna\u00eetre des cultures m\u00e9tiers qui nous donnent la capacit\u00e9 de prendre de la hauteur par rapport aux probl\u00e8mes strat\u00e9giques que nous rencontrons dans nos propres activit\u00e9s ou chez nos clients ; enfin et cela me semble important, tout ce chemin nous permet de d\u00e9couvrir et de bien d\u00e9finir notre propre ADN, ce qui nous ressemble, ce qui incarne nos propres valeurs. Il est plus facile de r\u00e9ussir ses challenges et sa vie lorsque l&rsquo;on sait ce que l&rsquo;on est.<\/p>\n<p style=\"text-align: justify; margin-left: 11pt;\">Personnellement, je sais que j&rsquo;ai envie de r\u00e9ussir ce que j&rsquo;entreprends, m\u00eame si je dois m&rsquo;obstiner et y mettre le temps. Trois valeurs, tr\u00e8s importantes \u00e0 mes yeux, me guident sur ce chemin :<\/p>\n<ul>\n<li>\n<div style=\"text-align: justify;\">une forme d&rsquo;int\u00e9grit\u00e9, d&rsquo;humilit\u00e9 face aux difficult\u00e9s : je creuse, j&rsquo;essaie de regarder lucidement les faits comme tout scientifique, j&rsquo;\u00e9taye ma pens\u00e9e et fonde ma conviction que je partage avec d&rsquo;autres, sans pr\u00e9tention, pour construire.<\/div>\n<\/li>\n<li>\n<div style=\"text-align: justify;\">l&rsquo;excellence comme phare, point d&rsquo;horizon, oxyg\u00e8ne de mon enfance, cette recherche ne me quittera jamais ; conscient que je ne l&rsquo;atteindrai jamais, elle n&rsquo;en reste pas moins un vecteur important de mise en tension.<\/div>\n<\/li>\n<li>\n<div style=\"text-align: justify;\">Enfin, l&rsquo;humanit\u00e9 que recouvre une entreprise, car avant de produire du business, une entreprise est d&rsquo;abord un groupe d&rsquo;individus, une soci\u00e9t\u00e9 avec ce que cela signifie de potentiel de cr\u00e9ation et d&rsquo;enrichissement mutuel, \u00e0 condition d&rsquo;\u00e9couter l&rsquo;autre, ce que j&rsquo;essaie de faire le mieux possible.<\/div>\n<\/li>\n<\/ul>\n<p style=\"text-align: justify; margin-left: 11pt;\">Et bien s\u00fbr, oser, se lancer, faire sienne la phrase de Mark Twain \u00ab\u202fIls ne savaient pas que c&rsquo;\u00e9tait impossible, alors ils l&rsquo;ont fait\u202f\u00bb.<\/p>\n<p style=\"text-align: justify; margin-left: 11pt;\">Quand je regarde mon modeste parcours jusqu&rsquo;\u00e0 aujourd&rsquo;hui, mes cinq enfants, Bluestone et Ernst &amp; Young, je me rends compte que je n&rsquo;avais fondamentalement rien planifi\u00e9 de tout cela, mais que j&rsquo;ai juste cherch\u00e9 \u00e0 m&rsquo;amuser, et je ne peux alors m&#8217;emp\u00eacher de croire \u00e0 l&rsquo;influence heureuse de cette phrase\u202f!<\/p>\n<p style=\"text-align: justify; margin-left: 11pt;\"><span style=\"color: #f15a22;\">Propos recueillis par Catherine Grandcoing<\/span><\/p>\n<p>[\/et_pb_text][\/et_pb_column][\/et_pb_row][\/et_pb_section]<\/p>\n","protected":false},"excerpt":{"rendered":"<p>Article initialement publi\u00e9 dans Variances n\u00b054 de mars 2016. Variances s&rsquo;entretient avec Arnaud Laroche (1994), pour retracer son parcours d&rsquo;entrepreneur. Arnaud Laroche (1994), associ\u00e9 EY Variances Un parcours professionnel prend parfois racine dans l&rsquo;enfance. Comment la tienne t&rsquo;a-t-elle emmen\u00e9 \u00e0 l&rsquo;ENSAE ? Arnaud Laroche Si l&rsquo;ENSAE, ce dont je suis aujourd&rsquo;hui convaincu, est synonyme d&rsquo;apprentissage [&hellip;]<\/p>\n","protected":false},"author":6,"featured_media":0,"comment_status":"closed","ping_status":"closed","sticky":false,"template":"","format":"standard","meta":{"_et_pb_use_builder":"on","_et_pb_old_content":"<div><table style=\"border-collapse: collapse;\" border=\"0\"><colgroup> <col style=\"width: 80%;\" \/><\/colgroup><tbody valign=\"top\"><tr><td style=\"padding-left: 7px; padding-right: 7px; border: solid 0.5pt;\"><p>Article initialement publi\u00e9 dans Variances n\u00b054 de mars 2016.<\/p><p>Variances s'entretient avec Arnaud Laroche (1994), pour retracer son parcours d'entrepreneur.<\/p><\/td><\/tr><\/tbody><\/table><\/div><h3>Arnaud Laroche (1994), associ\u00e9 EY<\/h3><p><img src=\"http:\/\/variances.eu\/wp-content\/uploads\/2016\/03\/032316_2234_ArnaudLaroc1.png\" alt=\"\" \/><\/p><p style=\"text-align: justify;\"><span style=\"color: #f15a22;\"><strong>Variances <\/strong><em>Un parcours professionnel prend parfois racine dans l'enfance. Comment la tienne t'a-t-elle emmen\u00e9 \u00e0 l'ENSAE ?<\/em><\/span><\/p><p style=\"text-align: justify; margin-left: 11pt;\"><span style=\"color: #5b9bd5;\"><strong>Arnaud Laroche <\/strong><\/span>Si l'ENSAE, ce dont je suis aujourd'hui convaincu, est synonyme d'apprentissage de l'excellence, je dois dire que mon enfance a \u00e9t\u00e9 marqu\u00e9e par une forte tradition de r\u00e9ussite scolaire. Je suis en effet le fils de deux instituteurs pour lesquels le travail et la r\u00e9ussite scolaire \u00e9taient des valeurs essentielles ; des valeurs qu'ils ont su me transmettre et qui m'ont je crois accompagn\u00e9 tout au long de mes \u00e9tudes.<\/p><p style=\"text-align: justify; margin-left: 11pt;\">Apr\u00e8s un bac scientifique obtenu dans un lyc\u00e9e fran\u00e7ais en Allemagne (o\u00f9 j'ai pass\u00e9 mon enfance), j'ai \u00e9t\u00e9 projet\u00e9, de mani\u00e8re assez brutale je dois dire, en classe pr\u00e9paratoire au lyc\u00e9e Louis le Grand. Loin de mes racines, j'ai trouv\u00e9 \u00e0 l'internat un nouveau cocon dans lequel je me suis int\u00e9gr\u00e9, d\u00e9couvrant avec excitation \u00ab le monde \u00bb que le milieu tr\u00e8s ferm\u00e9 de l'expatriation en Allemagne ne m'avait pas r\u00e9ellement permis de conna\u00eetre... Tout m'int\u00e9ressait, une grande bouff\u00e9e d'oxyg\u00e8ne m'a vivifi\u00e9 et j'ai pass\u00e9 deux ann\u00e9es formidables, m\u00eame si j'ai compris qu'il \u00e9tait urgent pour moi d'apprendre \u00e0 apprendre pour esp\u00e9rer \u00eatre au niveau de mes cong\u00e9n\u00e8res. Apr\u00e8s de premiers \u00e9checs assez s\u00e9v\u00e8res en la mati\u00e8re, et la prise de conscience que je n'\u00e9tais pas du tout au niveau auquel je pensais \u00eatre (!), j'ai fini par acqu\u00e9rir quelques r\u00e9flexes et par trouver le challenge stimulant\u2026<\/p><p style=\"text-align: justify; margin-left: 11pt;\">Puis ce fut l'ENSAE que j'ai choisie m\u00eame si ma visite dans les locaux de Malakoff entre l'\u00e9crit et l'oral du concours avait largement d\u00e9gris\u00e9 mes attentes en termes d'esth\u00e9tique architecturale ! -. J'y rentrai essentiellement par go\u00fbt des math\u00e9matiques appliqu\u00e9es, et parce que j'avais identifi\u00e9 que c'\u00e9tait probablement l'endroit o\u00f9 je pourrais vraiment m'\u00e9panouir dans cette discipline.<\/p><p style=\"text-align: justify;\"><span style=\"color: #f15a22;\"><strong>Variances <\/strong><em>Tes ann\u00e9es d'\u00e9cole se sont d\u00e9roul\u00e9es au d\u00e9but des nineties, au c\u0153ur de la vague des math\u00e9matiques financi\u00e8res. Et pourtant\u2026<\/em><\/span><\/p><p style=\"text-align: justify; margin-left: 11pt;\"><span style=\"color: #5b9bd5;\"><strong>Arnaud Laroche <\/strong><\/span>Oui, dipl\u00f4m\u00e9 en 1994, j'aurais pu me diriger vers la finance puisque j'aimais les math\u00e9matiques. Mais leurs applications \u00e0 ce secteur d'activit\u00e9 ne m'ont jamais attir\u00e9 et j'\u00e9tais beaucoup plus impliqu\u00e9 dans les statistiques et l'\u00e9conom\u00e9trie, et par l\u00e0 dans l'analyse \u00e9conomique dont les ressorts et l'ouverture sur le monde m'int\u00e9ressaient davantage.<\/p><p style=\"text-align: justify; margin-left: 11pt;\">Ma vie au cours des trois ann\u00e9es que j'ai pass\u00e9es \u00e0 l'Ecole reste synonyme de bonheurs multiples. Tout d'abord j'y ai rencontr\u00e9 Christine Pislor, qui allait devenir ma femme et la m\u00e8re de nos cinq enfants ! J'y ai aussi li\u00e9 des amiti\u00e9s tr\u00e8s profondes avec certains \u00e9l\u00e8ves qui font partie, encore aujourd'hui, de mes meilleurs amis. Enfin, j'y ai d\u00e9couvert le monde de l'entreprise en \u00e9tant un membre actif de la Junior Entreprise. C'est d'ailleurs gr\u00e2ce \u00e0 la JE que j'ai r\u00e9alis\u00e9 une \u00e9tude pour la mairie de Saint-Nazaire qui allait se r\u00e9v\u00e9ler, quelques ann\u00e9es plus tard, le tarmac de d\u00e9collage de mon activit\u00e9 professionnelle ind\u00e9pendante.<\/p><p style=\"text-align: justify;\"><span style=\"color: #f15a22;\"><strong>Variances <\/strong><em>A la sortie de l'\u00e9cole, c'est encore l'\u00e9tude qui t'attire et tu choisis de faire une th\u00e8se au Crest.<\/em><\/span><\/p><p style=\"text-align: justify; margin-left: 11pt;\"><span style=\"color: #5b9bd5;\"><strong>Arnaud Laroche <\/strong><\/span>Effectivement, c'est probablement le plaisir que j'ai toujours pris \u00e0 \u00e9tudier qui m'a naturellement amen\u00e9 \u00e0 d\u00e9marrer une th\u00e8se sous la direction prestigieuse de Michel Aglietta. Pourtant au bout de deux ans et demi, je d\u00e9cide de quitter le Crest et de me lancer dans la cr\u00e9ation de ce qu'on appellerait aujourd'hui une startup ! Apr\u00e8s ces ann\u00e9es d'\u00e9tudes puis de recherche, peut-\u00eatre avais-je finalement\u00a0envie de me confronter \u00e0 autre chose qu'\u00e0 la r\u00e9flexion pure qui m'avait s\u00e9duit un temps, et de participer plus activement \u00e0 la production de valeur dans une entreprise.<\/p><p style=\"text-align: justify;\"><span style=\"color: #f15a22;\"><strong>Variances <\/strong><em>Pourquoi ne pas rentrer dans une entreprise int\u00e9ress\u00e9e par les comp\u00e9tences acquises \u00e0 l'ENSAE et choisir de lancer ton propre business \u00e0 l'\u00e9poque o\u00f9, en 1996, la mode de la cr\u00e9ation de startup n'\u00e9tait pas encore vraiment d'actualit\u00e9 ?<\/em><\/span><\/p><p style=\"text-align: justify; margin-left: 11pt;\"><span style=\"color: #5b9bd5;\"><strong>Arnaud Laroche <\/strong><\/span>J'ai parl\u00e9 de mon go\u00fbt pour les \u00e9tudes, la r\u00e9flexion intellectuelle et l'apprentissage de savoirs. Ce n'est qu'une des facettes qui me caract\u00e9risent. Une autre est la volont\u00e9 farouche d'ind\u00e9pendance qui m'anime depuis mon plus jeune \u00e2ge, et dont mes parents se souviennent encore !<\/p><p style=\"text-align: justify; margin-left: 11pt;\">Ce trait de caract\u00e8re m'a naturellement pouss\u00e9 \u00e0 me lancer dans une activit\u00e9 propre, associ\u00e9 \u00e0 six autres Alumni des promotions 94 et 95. Nous voulions innover, cr\u00e9er quelque chose qui nous appartiendrait, r\u00e9ussir le challenge et y trouver du sens. Un programme ambitieux pour nous qui avions chacun 25 ans au plus. Le 1er avril 1996, Bluestone naissait.<\/p><p style=\"text-align: justify;\"><span style=\"color: #f15a22;\"><strong>Variances <\/strong><em>En quelques lignes, que retiens-tu de cette aventure ?<\/em><\/span><\/p><p style=\"text-align: justify; margin-left: 11pt;\"><span style=\"color: #5b9bd5;\"><strong>Arnaud Laroche <\/strong><\/span>Beaucoup de choses. Tout d'abord la passion et l'enthousiasme qui nous animaient. Ensuite le plaisir de partager avec cinq autres associ\u00e9s-amis les moments de la naissance. Et puis, tous les enseignements de l'enfance et de l'adolescence d'une activit\u00e9. Car aujourd'hui il para\u00eet parfois tr\u00e8s simple de lancer un business ; le mot startup est pour beaucoup synonyme de vitesse et de succ\u00e8s. Mais combien de d\u00e9sillusions, d'humilit\u00e9, de remises en question, de r\u00e9ajustements, de foi faut-il aux cr\u00e9ateurs pour tenir, serrer les dents et ne jamais l\u00e2cher m\u00eame quand les vents s'acharnent \u00e0 \u00eatre contraires, juste pour tester notre r\u00e9sistance. C'est tout cela que Bluestone a travers\u00e9.<\/p><p style=\"text-align: justify; margin-left: 11pt;\">Nous sommes partis \u00e0 six mais tr\u00e8s vite seuls trois (Xavier Boissieu, Nicolas Minelle et moi-m\u00eame) ont continu\u00e9 l'aventure. Nous avons<br \/> lanc\u00e9 notre business sur la commercialisation du mod\u00e8le que nous avions cr\u00e9\u00e9 \u00e0 la JE pour la mairie de Saint-Nazaire\u2026 mais le march\u00e9 n'\u00e9tait pas au rendez-vous et le flop commercial fut total. Tr\u00e8s vite, il a fallu nous r\u00e9inventer et toujours y croire. Il nous est apparu que l'ADN que nous partagions et avions consolid\u00e9 durant nos \u00e9tudes \u00e0 l'ENSAE \u00e9tait le pouvoir des statistiques pour \u00e9clairer les d\u00e9cisions des entreprises. Et lorsque je lis aujourd'hui la signature de la formation ENSAE, \u00ab Mesurer, analyser, mod\u00e9liser les comportements \u00e9conomiques et sociaux pour \u00e9valuer, pr\u00e9voir et d\u00e9cider \u00bb, j'y retrouve les m\u00eames motivations que celles qui m'ont conduit dans cette Ecole, et le socle pr\u00e9cis sur lequel Bluestone a choisi de b\u00e2tir les offres faites \u00e0 ses clients.<\/p><p style=\"text-align: justify; margin-left: 11pt;\">Nous \u00e9tions en 1997, le datamining \u00e9mergeait mais ne se d\u00e9veloppait pas vraiment. Les entreprises achetaient plus de la <em>business intelligence <\/em> nourrie par les processus de reporting. Nous devions trouver une offre qui nous correspondrait, nous diff\u00e9rencierait de nos concurrents et permettrait \u00e0 nos clients de progresser.<\/p><p style=\"text-align: justify;\"><span style=\"color: #f15a22;\"><strong>Variances <\/strong><em>L'aventure fut difficile ?<\/em><\/span><\/p><p style=\"text-align: justify; margin-left: 11pt;\"><span style=\"color: #5b9bd5;\"><strong>Arnaud Laroche <\/strong><\/span>Oui, mais passionnante. En 1997 nous \u00e9tions trois, en 2003 six ! Entre temps nous avions serr\u00e9 les dents et appris. Six ans sans nous d\u00e9courager, en nous obstinant sur nos valeurs et nos convictions. Car, juste sortis de l'Ecole nous \u00e9tions d'abord et avant tout des scientifiques ; mais pour r\u00e9ussir Bluestone il nous aura fallu compl\u00e9ter notre identit\u00e9 professionnelle par l'apprentissage des cultures m\u00e9tiers et le d\u00e9veloppement de notre comp\u00e9tence commerciale. Toutefois, et je pense que c'est en cela que l'aventure fut exigeante, nous sommes et restons des scientifiques pour lesquels priment avant tout l'excellence du service vendu, l'honn\u00eatet\u00e9 des r\u00e9ponses fournies \u00e0 nos clients et la transparence dans nos relations commerciales. Pour nous, la r\u00e9ussite ne se con\u00e7oit qu'\u00e0 travers la cr\u00e9ation de valeur et la g\u00e9n\u00e9ration de marge, mais sans jamais vendre notre \u00e2me de statisticiens form\u00e9s \u00e0 toujours respecter ce que disent les faits.<\/p><p><span style=\"color: #f15a22;\"><strong>Variances <\/strong><em>En 2003, deux clients vous permettent de passer \u00e0 la vitesse sup\u00e9rieure ?<\/em><\/span><\/p><p style=\"text-align: justify; margin-left: 11pt;\"><span style=\"color: #5b9bd5;\">Arnaud Laroche <\/span>Deux missions r\u00e9alis\u00e9es pour ERDF et EDF ont en effet \u00e9t\u00e9 d\u00e9terminantes et nous ont permis d'acc\u00e9l\u00e9rer notre d\u00e9veloppement en recrutant de nouveaux consultants, avec notamment l'arriv\u00e9e d'un autre Alumni, Benoit Ravel, qui restera avec nous jusqu'en 2010, et qui fut un v\u00e9ritable moteur de notre croissance. Nous entrions alors dans une phase de d\u00e9veloppement avec un ciblage commercial sur les directions fonctionnelles des entreprises et des prestations centr\u00e9es sur la gestion de la relation clients, le <em>revenue management<\/em>, la gestion des risques et l'optimisation des op\u00e9rations et de leur planification.<\/p><p style=\"text-align: justify;\"><span style=\"color: #f15a22;\"><strong>Variances <\/strong><em>2003 \u2013 2015, d\u00e9veloppement et mont\u00e9e en puissance de Bluestone<\/em><\/span><\/p><p style=\"text-align: justify; margin-left: 11pt;\"><span style=\"color: #5b9bd5;\"><strong>Arnaud Laroche <\/strong><\/span>Effectivement ces ann\u00e9es ont \u00e9t\u00e9 synonymes de d\u00e9veloppement avec la confirmation que notre intuition n'\u00e9tait finalement pas si mauvaise : la force pr\u00e9dictive des donn\u00e9es et l'exigence scientifique dans les recherches de solutions permettent aujourd'hui aux entreprises de b\u00e9n\u00e9ficier des apports de la data science et de donner une nouvelle dimension \u00e0 leur r\u00e9flexion strat\u00e9gique.<\/p><p style=\"text-align: justify;\"><span style=\"color: #f15a22;\"><strong>Variances <\/strong><em>En 2015, vous d\u00e9cidez de vendre Bluestone \u00e0 Ernst and Young. Pourquoi et que signifie une telle d\u00e9cision pour un entrepreneur comme toi ?<\/em><\/span><\/p><p style=\"text-align: justify; margin-left: 11pt;\"><span style=\"color: #5b9bd5;\">Arnaud Laroche <\/span>Effectivement depuis le 1er janvier 2016, la marque Bluestone n'existe plus et nous sommes devenus la <em>Service Line Analytics <\/em>du cabinet EY.<\/p><p style=\"text-align: justify; margin-left: 11pt;\">Apr\u00e8s vingt ans d'existence, Bluestone \u00e9tait devenue une entreprise de 130 personnes. Dans un contexte de transformation tr\u00e8s rapide de notre march\u00e9 sp\u00e9cifique (la data \u00e9tait devenue \u00e0 la mode !), notre strat\u00e9gie de d\u00e9veloppement pouvait prendre deux formes : soit accro\u00eetre notre puissance par fusion avec un jumeau de taille plus ou moins \u00e9quivalente avec, \u00e0 la clef, l'\u00e9mergence d'une nouvelle gouvernance issue de deux groupes d'associ\u00e9s ayant chacun v\u00e9cu une histoire forte avec leurs marques ; soit s'int\u00e9grer dans une structure plus grande \u00e0 laquelle Bluestone apporterait une valeur ajout\u00e9e en comp\u00e9tence et en business. Le choix entre ces deux options, qui peut sembler simplement strat\u00e9gique, r\u00e9sonne fortement avec la personnalit\u00e9 des cr\u00e9ateurs. Dans toute fusion, l'\u00e9mergence de la gouvernance de l'entit\u00e9 fusionn\u00e9e est toujours une forme d'affrontement plus ou moins feutr\u00e9 entre deux \u00e9quipes. Je n'avais pas envie de cela. Pour moi le d\u00e9veloppement de Bluestone devait permettre aussi un d\u00e9veloppement de l'envergure humaine de ses \u00e9quipes. Aujourd'hui, arriv\u00e9 \u00e0 ce stade de mon parcours d'entrepreneur, je ne crois pas que l'\u00e9largissement humain puisse passer par la seule augmentation du chiffre d'affaires et de la marge g\u00e9n\u00e9r\u00e9s.<\/p><p style=\"text-align: justify;\"><span style=\"color: #f15a22;\"><strong>Variances <\/strong><em>Qu'entends-tu par \u00e9largissement humain ?<\/em><\/span><\/p><p style=\"text-align: justify; margin-left: 11pt;\"><span style=\"color: #5b9bd5;\"><strong>Arnaud Laroche <\/strong><\/span>Je suis fondamentalement un entrepreneur et la r\u00e9ussite de Bluestone est pour moi un sujet de satisfaction \u00e0 la hauteur des efforts et de l'\u00e9nergie que j'ai mis au service de ce succ\u00e8s.<\/p><p style=\"text-align: justify; margin-left: 11pt;\">N\u00e9anmoins, je diviserais le chemin r\u00e9ussi d'un entrepreneur en deux \u00e9tapes : la premi\u00e8re est celle de la r\u00e9ussite de son business, trouver des clients, les satisfaire, les fid\u00e9liser, grandir avec eux, d\u00e9velopper son intelligence m\u00e9tier gr\u00e2ce \u00e0 la confiance qu'ils nous font. Cette \u00e9tape, je crois pouvoir dire que Bluestone l'a r\u00e9ussie. Une deuxi\u00e8me phase peut alors s'ouvrir : celle de la reconnaissance par une entit\u00e9 plus grande, \u00e0 fort capital d'image sur son secteur d'activit\u00e9, qui reconna\u00eet votre valeur et vient vous proposer d'augmenter la sienne. Pour un cr\u00e9ateur d'entreprise, cette phase de reconnaissance me semble plus gratifiante encore que n'importe quel d\u00e9veloppement du chiffre d'affaires. D'autant plus, dans le cas de Bluestone, que nous \u00e9voluons sur un march\u00e9 dans lequel les donn\u00e9es bouleversent le fonctionnement des entreprises et ouvrent le champ strat\u00e9gique de transformations op\u00e9rationnelles et organisationnelles. Ce contexte permet d'inscrire notre activit\u00e9 initiale dans un dialogue beaucoup plus large avec les entreprises clientes. Et pour cela, notre mariage avec EY prend tout son sens.<\/p><p style=\"text-align: justify;\"><span style=\"color: #f15a22;\"><strong>Variances <\/strong><em>N'as-tu pas l'impression d'avoir perdu ton b\u00e9b\u00e9 ? <\/em><\/span><\/p><p style=\"text-align: justify; margin-left: 11pt;\"><span style=\"color: #5b9bd5;\"><strong>Arnaud Laroche <\/strong><\/span>Oui et non. Oui, et c'est tant mieux car cr\u00e9er son entreprise et la porter comme les associ\u00e9s de Bluestone l'ont fait, cela revient effectivement \u00e0 <em>nurser <\/em>un b\u00e9b\u00e9 sans rel\u00e2che. Or, j'en ai 5 autres, plus jeunes, \u00e0 la maison ! Il \u00e9tait temps de laisser leur a\u00een\u00e9 prendre un peu d'autonomie dans un monde plus large. Bluestone n'avait pas vocation \u00e0 devenir un Tanguy pour ses cr\u00e9ateurs !<\/p><p style=\"text-align: justify; margin-left: 11pt;\">Non, car comme je l'ai dit, mon r\u00f4le de cr\u00e9ateur entre aussi dans un nouveau temps, par ce r\u00f4le d'int\u00e9grateur de tout ce que nous avons cr\u00e9\u00e9 dans un univers plus ambitieux dont le champ d'action est significativement plus large.<\/p><p style=\"text-align: justify; margin-left: 11pt;\">Enfin, plus personnellement, je crois que si un patron d'entreprise est en relation directe avec ses clients et ses \u00e9quipes, l'int\u00e9gration dans une structure plus large apporte une nouvelle dimension humaine \u00e0 son propre fonctionnement de manager : faire partie d'une \u00e9quipe dirigeante dont les objectifs professionnels couvrent un champ strat\u00e9gique plus large. C'est incontestable que ce nouveau challenge m'excite particuli\u00e8rement.<\/p><p style=\"text-align: justify;\"><span style=\"color: #f15a22;\"><strong>Variances <\/strong><em>C'est donc une nouvelle naissance professionnelle pour toi ?<\/em><\/span><\/p><p style=\"text-align: justify; margin-left: 11pt;\"><span style=\"color: #5b9bd5;\"><strong>Arnaud Laroche <\/strong><\/span>Les sp\u00e9cialistes des ressources humaines et du d\u00e9veloppement professionnel disent qu'\u00e0 chaque d\u00e9cennie on peut choisir de continuer simplement ou de se r\u00e9inventer en puisant dans la richesse de ce que l'on a cr\u00e9\u00e9\/appris pr\u00e9c\u00e9demment. J'aborde la d\u00e9cennie des quadras (un peu entam\u00e9e !) avec cette envie de monter une nouvelle marche dans mon parcours professionnel, de r\u00e9ussir ce challenge au sein d'un grand groupe, cette mue de mon identit\u00e9 professionnelle. Mes enfants, \u00e2g\u00e9s de 2 \u00e0 11 ans grandissent, je les accompagne en grandissant moi aussi, \u00e0 ma mani\u00e8re, notamment dans ma sph\u00e8re professionnelle. Mais il n'est pas impossible que les deux d\u00e9marches se parlent !<\/p><p style=\"text-align: justify;\"><span style=\"color: #f15a22;\"><strong>Variances <\/strong><em>En conclusion, quelles r\u00e9flexions t'inspire ton parcours auquel tu d\u00e9cides d'imprimer une inflexion signifiante qui te lance sur une nouvelle \u00e9tape professionnelle ?<\/em><\/span><\/p><p style=\"text-align: justify; margin-left: 11pt;\"><span style=\"color: #5b9bd5;\"><strong>Arnaud Laroche <\/strong><\/span>Depuis ma sortie de l'ENSAE, j'ai le sentiment d'avoir continu\u00e9 \u00e0 apprendre par l'exp\u00e9rience : notre formation nous transmet des savoir-faire que nous consolidons \u00e0 l'\u00e9preuve du march\u00e9 ; nous y ajoutons des savoir-\u00eatre trop sous-estim\u00e9s pendant nos \u00e9tudes n\u00e9cessaires dans nos relations avec notre environnement professionnel, nos clients, nos \u00e9quipes\u2026 ; simultan\u00e9ment, nous explorons et apprenons \u00e0 conna\u00eetre des cultures m\u00e9tiers qui nous donnent la capacit\u00e9 de prendre de la hauteur par rapport aux probl\u00e8mes strat\u00e9giques que nous rencontrons dans nos propres activit\u00e9s ou chez nos clients ; enfin et cela me semble important, tout ce chemin nous permet de d\u00e9couvrir et de bien d\u00e9finir notre propre ADN, ce qui nous ressemble, ce qui incarne nos propres valeurs. Il est plus facile de r\u00e9ussir ses challenges et sa vie lorsque l'on sait ce que l'on est.<\/p><p style=\"text-align: justify; margin-left: 11pt;\">Personnellement, je sais que j'ai envie de r\u00e9ussir ce que j'entreprends, m\u00eame si je dois m'obstiner et y mettre le temps. Trois valeurs, tr\u00e8s importantes \u00e0 mes yeux, me guident sur ce chemin :<\/p><ul><li><div style=\"text-align: justify;\">une forme d'int\u00e9grit\u00e9, d'humilit\u00e9 face aux difficult\u00e9s : je creuse, j'essaie de regarder lucidement les faits comme tout scientifique, j'\u00e9taye ma pens\u00e9e et fonde ma conviction que je partage avec d'autres, sans pr\u00e9tention, pour construire.<\/div><\/li><li><div style=\"text-align: justify;\">l'excellence comme phare, point d'horizon, oxyg\u00e8ne de mon enfance, cette recherche ne me quittera jamais ; conscient que je ne l'atteindrai jamais, elle n'en reste pas moins un vecteur important de mise en tension.<\/div><\/li><li><div style=\"text-align: justify;\">Enfin, l'humanit\u00e9 que recouvre une entreprise, car avant de produire du business, une entreprise est d'abord un groupe d'individus, une soci\u00e9t\u00e9 avec ce que cela signifie de potentiel de cr\u00e9ation et d'enrichissement mutuel, \u00e0 condition d'\u00e9couter l'autre, ce que j'essaie de faire le mieux possible.<\/div><\/li><\/ul><p style=\"text-align: justify; margin-left: 11pt;\">Et bien s\u00fbr, oser, se lancer, faire sienne la phrase de Mark Twain \u00ab\u202fIls ne savaient pas que c'\u00e9tait impossible, alors ils l'ont fait\u202f\u00bb.<\/p><p style=\"text-align: justify; margin-left: 11pt;\">Quand je regarde mon modeste parcours jusqu'\u00e0 aujourd'hui, mes cinq enfants, Bluestone et Ernst & Young, je me rends compte que je n'avais fondamentalement rien planifi\u00e9 de tout cela, mais que j'ai juste cherch\u00e9 \u00e0 m'amuser, et je ne peux alors m'emp\u00eacher de croire \u00e0 l'influence heureuse de cette phrase\u202f!<\/p><p style=\"text-align: justify; margin-left: 11pt;\"><span style=\"color: #f15a22;\">Propos recueillis par Catherine Grandcoing<\/span><\/p>","_et_gb_content_width":"","_exactmetrics_skip_tracking":false,"_exactmetrics_sitenote_active":false,"_exactmetrics_sitenote_note":"","_exactmetrics_sitenote_category":0,"footnotes":""},"categories":[6,26],"tags":[63,65,64,38],"class_list":["post-104","post","type-post","status-publish","format-standard","hentry","category-entretiens","category-portraits","tag-arnaud-laroche","tag-bluestone","tag-ey","tag-variances-n54","et-doesnt-have-format-content","et_post_format-et-post-format-standard"],"_links":{"self":[{"href":"https:\/\/variances.eu\/index.php?rest_route=\/wp\/v2\/posts\/104","targetHints":{"allow":["GET"]}}],"collection":[{"href":"https:\/\/variances.eu\/index.php?rest_route=\/wp\/v2\/posts"}],"about":[{"href":"https:\/\/variances.eu\/index.php?rest_route=\/wp\/v2\/types\/post"}],"author":[{"embeddable":true,"href":"https:\/\/variances.eu\/index.php?rest_route=\/wp\/v2\/users\/6"}],"replies":[{"embeddable":true,"href":"https:\/\/variances.eu\/index.php?rest_route=%2Fwp%2Fv2%2Fcomments&post=104"}],"version-history":[{"count":0,"href":"https:\/\/variances.eu\/index.php?rest_route=\/wp\/v2\/posts\/104\/revisions"}],"wp:attachment":[{"href":"https:\/\/variances.eu\/index.php?rest_route=%2Fwp%2Fv2%2Fmedia&parent=104"}],"wp:term":[{"taxonomy":"category","embeddable":true,"href":"https:\/\/variances.eu\/index.php?rest_route=%2Fwp%2Fv2%2Fcategories&post=104"},{"taxonomy":"post_tag","embeddable":true,"href":"https:\/\/variances.eu\/index.php?rest_route=%2Fwp%2Fv2%2Ftags&post=104"}],"curies":[{"name":"wp","href":"https:\/\/api.w.org\/{rel}","templated":true}]}}